{"id":5600,"date":"2019-02-20T11:24:10","date_gmt":"2019-02-20T14:24:10","guid":{"rendered":"http:\/\/radio.ufpa.br\/?p=5600"},"modified":"2019-02-20T18:03:48","modified_gmt":"2019-02-20T21:03:48","slug":"ondas-do-passado","status":"publish","type":"post","link":"https:\/\/radio.ufpa.br\/index.php\/espaco-experimental\/ondas-do-passado\/","title":{"rendered":"Ondas do Passado"},"content":{"rendered":"<!--[if lt IE 9]><script>document.createElement('audio');<\/script><![endif]-->\n\t<div class=\"wp-playlist wp-audio-playlist wp-playlist-light\">\n\t\t\t<div class=\"wp-playlist-current-item\"><\/div>\n\t\t<audio controls=\"controls\" preload=\"none\" width=\"1178\"\n\t\t\t><\/audio>\n\t<div class=\"wp-playlist-next\"><\/div>\n\t<div class=\"wp-playlist-prev\"><\/div>\n\t<noscript>\n\t<ol>\n\t\t<li><a href='https:\/\/radio.ufpa.br\/wp-content\/uploads\/2019\/02\/ESPA\u00c7O%20EXPERIMENTAL%20-%20ONDAS%20DO%20PASSADO%20-%2020.02.19.mp3'>Espa\u00e7o Experimental - Ondas do Passado<\/a><\/li>\t<\/ol>\n\t<\/noscript>\n\t<script type=\"application\/json\" class=\"wp-playlist-script\">{\"type\":\"audio\",\"tracklist\":true,\"tracknumbers\":true,\"images\":true,\"artists\":true,\"tracks\":[{\"src\":\"https:\\\/\\\/radio.ufpa.br\\\/wp-content\\\/uploads\\\/2019\\\/02\\\/ESPA\\u00c7O EXPERIMENTAL - ONDAS DO PASSADO - 20.02.19.mp3\",\"type\":\"audio\\\/mpeg\",\"title\":\"Espa\\u00e7o Experimental - Ondas do Passado\",\"caption\":\"\",\"description\":\"\\\"ESPA\\u00c7O EXPERIMENTAL - ONDAS DO PASSADO - 20.02.19\\\". Lan\\u00e7ado: 2019. Genre: Blues.\",\"meta\":{\"artist\":\"R\\u00e1dio Web UFPA\",\"album\":\"Espa\\u00e7o Experimental\",\"genre\":\"Blues\",\"year\":\"2019\",\"length_formatted\":\"55:22\"},\"image\":{\"src\":\"https:\\\/\\\/radio.ufpa.br\\\/wp-includes\\\/images\\\/media\\\/audio.svg\",\"width\":48,\"height\":64},\"thumb\":{\"src\":\"https:\\\/\\\/radio.ufpa.br\\\/wp-includes\\\/images\\\/media\\\/audio.svg\",\"width\":48,\"height\":64}}]}<\/script>\n<\/div>\n\t\n<p>Nesta edi\u00e7\u00e3o do Espa\u00e7o Experimental acompanhe o programa <strong>Ondas do Passado<\/strong>, que traz como tema a hist\u00f3ria de um dos grupos mais populares no Brasil nos anos 90, os Mamonas Assassinas.<\/p>\n<p>Anteriormente chamada Utopia, a banda fez um sucesso mete\u00f3rico entre 1995 e 1996. Misturando o pop rock com diversos g\u00eaneros populares em suas can\u00e7\u00f5es, os Mamonas Assassinas venderam mais de tr\u00eas milh\u00f5es de c\u00f3pias com seu \u00fanico \u00e1lbum gravado em est\u00fadio.<\/p>\n<p>Por\u00e9m, a carreira de Dinho, Bento, J\u00falio, Samuel e S\u00e9rgio chegou ao fim de forma tr\u00e1gica. Ap\u00f3s sete meses de sucesso os integrantes da banda foram v\u00edtimas de um acidente a\u00e9reo fatal sobre a Serra da Cantareira (SP), causando grande como\u00e7\u00e3o nacional.<\/p>\n<p>Os apresentadores Ingrid Souza, C\u00e9sar Filho, Danilo Couto e J\u00falia Ramos contam detalhes sobre a trajet\u00f3ria desses artistas e relembram os grandes sucessos da banda.<\/p>\n<p>O programa <strong>Ondas do Passado<\/strong> \u00e9 resultado das atividades realizadas na disciplina Laborat\u00f3rio de Radiojornalismo, ministrada no segundo semestre de 2018 no curso de Jornalismo da Universidade Federal do Par\u00e1, sob a orienta\u00e7\u00e3o da professora Ana L\u00facia Prado.<\/p>\n<p>O Espa\u00e7o Experimental vai ao ar toda quarta-feira, \u00e0s 13h e 22h.<br \/>\nHor\u00e1rios alternativos: Sexta-feira, \u00e0s 13h; e s\u00e1bado, \u00e0s 09h.<\/p>\n","protected":false},"excerpt":{"rendered":"<p> &#8230; <a title=\"Ondas do Passado\" class=\"read-more\" href=\"https:\/\/radio.ufpa.br\/index.php\/espaco-experimental\/ondas-do-passado\/\" aria-label=\"Read more about Ondas do Passado\">Ler mais<\/a><\/p>\n","protected":false},"author":6,"featured_media":5612,"comment_status":"open","ping_status":"open","sticky":false,"template":"","format":"standard","meta":{"_acf_changed":false,"_exactmetrics_skip_tracking":false,"_exactmetrics_sitenote_active":false,"_exactmetrics_sitenote_note":"","_exactmetrics_sitenote_category":0,"_monsterinsights_skip_tracking":false,"_monsterinsights_sitenote_active":false,"_monsterinsights_sitenote_note":"","_monsterinsights_sitenote_category":0,"_uf_show_specific_survey":0,"_uf_disable_surveys":false,"jetpack_post_was_ever_published":false,"_jetpack_newsletter_access":"","_jetpack_dont_email_post_to_subs":false,"_jetpack_newsletter_tier_id":0,"_jetpack_memberships_contains_paywalled_content":false,"_jetpack_memberships_contains_paid_content":false,"footnotes":"","jetpack_publicize_message":"","jetpack_publicize_feature_enabled":true,"jetpack_social_post_already_shared":true,"jetpack_social_options":{"image_generator_settings":{"template":"highway","enabled":false},"version":2}},"categories":[161],"tags":[],"class_list":["post-5600","post","type-post","status-publish","format-standard","has-post-thumbnail","hentry","category-espaco-experimental"],"acf":[],"yoast_head":"<!-- This site is optimized with the Yoast SEO plugin v25.1 - https:\/\/yoast.com\/wordpress\/plugins\/seo\/ -->\n<title>Ondas do Passado - Radio Web UFPA<\/title>\n<meta name=\"description\" content=\"Neste Espa\u00e7o Experimental, confira o programa Ondas do Passado, que relembra a trajet\u00f3ria e hits da banda Mamonas Assassinas, sucesso dos anos 1990.\" \/>\n<meta name=\"robots\" content=\"index, follow, max-snippet:-1, max-image-preview:large, max-video-preview:-1\" \/>\n<link rel=\"canonical\" href=\"https:\/\/radio.ufpa.br\/index.php\/espaco-experimental\/ondas-do-passado\/\" \/>\n<meta property=\"og:locale\" content=\"pt_BR\" \/>\n<meta property=\"og:type\" content=\"article\" \/>\n<meta property=\"og:title\" content=\"Ondas do Passado - Radio Web UFPA\" \/>\n<meta property=\"og:description\" content=\"Neste Espa\u00e7o Experimental, confira o programa Ondas do Passado, que relembra a trajet\u00f3ria e hits da banda Mamonas Assassinas, sucesso dos anos 1990.\" \/>\n<meta property=\"og:url\" content=\"https:\/\/radio.ufpa.br\/index.php\/espaco-experimental\/ondas-do-passado\/\" \/>\n<meta property=\"og:site_name\" content=\"Radio Web UFPA\" \/>\n<meta property=\"article:publisher\" content=\"https:\/\/www.facebook.com\/radiowebufpa\" \/>\n<meta property=\"article:published_time\" content=\"2019-02-20T14:24:10+00:00\" \/>\n<meta property=\"article:modified_time\" content=\"2019-02-20T21:03:48+00:00\" \/>\n<meta property=\"og:image\" content=\"https:\/\/i0.wp.com\/radio.ufpa.br\/wp-content\/uploads\/2019\/02\/Mamonas%20Assassinas.jpg?fit=1440%2C1080&ssl=1\" \/>\n\t<meta property=\"og:image:width\" content=\"1440\" \/>\n\t<meta property=\"og:image:height\" content=\"1080\" \/>\n\t<meta property=\"og:image:type\" content=\"image\/jpeg\" \/>\n<meta name=\"author\" content=\"Elissandra Batista\" \/>\n<meta name=\"twitter:card\" content=\"summary_large_image\" \/>\n<meta name=\"twitter:creator\" content=\"@radiowebufpa\" \/>\n<meta name=\"twitter:site\" content=\"@radiowebufpa\" \/>\n<meta name=\"twitter:label1\" content=\"Escrito por\" \/>\n\t<meta name=\"twitter:data1\" content=\"Elissandra Batista\" \/>\n\t<meta name=\"twitter:label2\" content=\"Est. tempo de leitura\" \/>\n\t<meta name=\"twitter:data2\" content=\"1 minuto\" \/>\n<script type=\"application\/ld+json\" class=\"yoast-schema-graph\">{\"@context\":\"https:\/\/schema.org\",\"@graph\":[{\"@type\":\"Article\",\"@id\":\"https:\/\/radio.ufpa.br\/index.php\/espaco-experimental\/ondas-do-passado\/#article\",\"isPartOf\":{\"@id\":\"https:\/\/radio.ufpa.br\/index.php\/espaco-experimental\/ondas-do-passado\/\"},\"author\":{\"name\":\"Elissandra Batista\",\"@id\":\"https:\/\/radio.ufpa.br\/#\/schema\/person\/51774ebb30a3903e2bf07acf94e8fea6\"},\"headline\":\"Ondas do Passado\",\"datePublished\":\"2019-02-20T14:24:10+00:00\",\"dateModified\":\"2019-02-20T21:03:48+00:00\",\"mainEntityOfPage\":{\"@id\":\"https:\/\/radio.ufpa.br\/index.php\/espaco-experimental\/ondas-do-passado\/\"},\"wordCount\":225,\"commentCount\":0,\"publisher\":{\"@id\":\"https:\/\/radio.ufpa.br\/#organization\"},\"image\":{\"@id\":\"https:\/\/radio.ufpa.br\/index.php\/espaco-experimental\/ondas-do-passado\/#primaryimage\"},\"thumbnailUrl\":\"https:\/\/i0.wp.com\/radio.ufpa.br\/wp-content\/uploads\/2019\/02\/Mamonas%20Assassinas.jpg?fit=1440%2C1080&ssl=1\",\"articleSection\":[\"Espa\u00e7o Experimental\"],\"inLanguage\":\"pt-BR\",\"potentialAction\":[{\"@type\":\"CommentAction\",\"name\":\"Comment\",\"target\":[\"https:\/\/radio.ufpa.br\/index.php\/espaco-experimental\/ondas-do-passado\/#respond\"]}]},{\"@type\":\"WebPage\",\"@id\":\"https:\/\/radio.ufpa.br\/index.php\/espaco-experimental\/ondas-do-passado\/\",\"url\":\"https:\/\/radio.ufpa.br\/index.php\/espaco-experimental\/ondas-do-passado\/\",\"name\":\"Ondas do Passado - Radio Web UFPA\",\"isPartOf\":{\"@id\":\"https:\/\/radio.ufpa.br\/#website\"},\"primaryImageOfPage\":{\"@id\":\"https:\/\/radio.ufpa.br\/index.php\/espaco-experimental\/ondas-do-passado\/#primaryimage\"},\"image\":{\"@id\":\"https:\/\/radio.ufpa.br\/index.php\/espaco-experimental\/ondas-do-passado\/#primaryimage\"},\"thumbnailUrl\":\"https:\/\/i0.wp.com\/radio.ufpa.br\/wp-content\/uploads\/2019\/02\/Mamonas%20Assassinas.jpg?fit=1440%2C1080&ssl=1\",\"datePublished\":\"2019-02-20T14:24:10+00:00\",\"dateModified\":\"2019-02-20T21:03:48+00:00\",\"description\":\"Neste Espa\u00e7o Experimental, confira o programa Ondas do Passado, que relembra a trajet\u00f3ria e hits da banda Mamonas Assassinas, sucesso dos anos 1990.\",\"breadcrumb\":{\"@id\":\"https:\/\/radio.ufpa.br\/index.php\/espaco-experimental\/ondas-do-passado\/#breadcrumb\"},\"inLanguage\":\"pt-BR\",\"potentialAction\":[{\"@type\":\"ReadAction\",\"target\":[\"https:\/\/radio.ufpa.br\/index.php\/espaco-experimental\/ondas-do-passado\/\"]}]},{\"@type\":\"ImageObject\",\"inLanguage\":\"pt-BR\",\"@id\":\"https:\/\/radio.ufpa.br\/index.php\/espaco-experimental\/ondas-do-passado\/#primaryimage\",\"url\":\"https:\/\/i0.wp.com\/radio.ufpa.br\/wp-content\/uploads\/2019\/02\/Mamonas%20Assassinas.jpg?fit=1440%2C1080&ssl=1\",\"contentUrl\":\"https:\/\/i0.wp.com\/radio.ufpa.br\/wp-content\/uploads\/2019\/02\/Mamonas%20Assassinas.jpg?fit=1440%2C1080&ssl=1\",\"width\":1440,\"height\":1080},{\"@type\":\"BreadcrumbList\",\"@id\":\"https:\/\/radio.ufpa.br\/index.php\/espaco-experimental\/ondas-do-passado\/#breadcrumb\",\"itemListElement\":[{\"@type\":\"ListItem\",\"position\":1,\"name\":\"In\u00edcio\",\"item\":\"https:\/\/radio.ufpa.br\/\"},{\"@type\":\"ListItem\",\"position\":2,\"name\":\"Ondas do Passado\"}]},{\"@type\":\"WebSite\",\"@id\":\"https:\/\/radio.ufpa.br\/#website\",\"url\":\"https:\/\/radio.ufpa.br\/\",\"name\":\"Radio Web UFPA\",\"description\":\"Divulgando o conhecimento\",\"publisher\":{\"@id\":\"https:\/\/radio.ufpa.br\/#organization\"},\"potentialAction\":[{\"@type\":\"SearchAction\",\"target\":{\"@type\":\"EntryPoint\",\"urlTemplate\":\"https:\/\/radio.ufpa.br\/?s={search_term_string}\"},\"query-input\":{\"@type\":\"PropertyValueSpecification\",\"valueRequired\":true,\"valueName\":\"search_term_string\"}}],\"inLanguage\":\"pt-BR\"},{\"@type\":\"Organization\",\"@id\":\"https:\/\/radio.ufpa.br\/#organization\",\"name\":\"UNIVERSIDADE FEDERAL DO PAR\u00c1-R\u00c1DIO WEB UFPA\",\"url\":\"https:\/\/radio.ufpa.br\/\",\"logo\":{\"@type\":\"ImageObject\",\"inLanguage\":\"pt-BR\",\"@id\":\"https:\/\/radio.ufpa.br\/#\/schema\/logo\/image\/\",\"url\":\"https:\/\/i0.wp.com\/radio.ufpa.br\/wp-content\/uploads\/2025\/12\/images-removebg-preview.png?fit=417%2C121&ssl=1\",\"contentUrl\":\"https:\/\/i0.wp.com\/radio.ufpa.br\/wp-content\/uploads\/2025\/12\/images-removebg-preview.png?fit=417%2C121&ssl=1\",\"width\":417,\"height\":121,\"caption\":\"UNIVERSIDADE FEDERAL DO PAR\u00c1-R\u00c1DIO WEB UFPA\"},\"image\":{\"@id\":\"https:\/\/radio.ufpa.br\/#\/schema\/logo\/image\/\"},\"sameAs\":[\"https:\/\/www.facebook.com\/radiowebufpa\",\"https:\/\/x.com\/radiowebufpa\",\"https:\/\/www.instagram.com\/radiowebufpa\/\",\"https:\/\/www.youtube.com\/user\/RadioWebUFP4\"]},{\"@type\":\"Person\",\"@id\":\"https:\/\/radio.ufpa.br\/#\/schema\/person\/51774ebb30a3903e2bf07acf94e8fea6\",\"name\":\"Elissandra Batista\",\"image\":{\"@type\":\"ImageObject\",\"inLanguage\":\"pt-BR\",\"@id\":\"https:\/\/radio.ufpa.br\/#\/schema\/person\/image\/\",\"url\":\"https:\/\/secure.gravatar.com\/avatar\/b779d46516fe39b809059134270ec707?s=96&d=mm&r=g\",\"contentUrl\":\"https:\/\/secure.gravatar.com\/avatar\/b779d46516fe39b809059134270ec707?s=96&d=mm&r=g\",\"caption\":\"Elissandra Batista\"},\"url\":\"https:\/\/radio.ufpa.br\/index.php\/author\/elissandra\/\"}]}<\/script>\n<!-- \/ Yoast SEO plugin. -->","yoast_head_json":{"title":"Ondas do Passado - Radio Web UFPA","description":"Neste Espa\u00e7o Experimental, confira o programa Ondas do Passado, que relembra a trajet\u00f3ria e hits da banda Mamonas Assassinas, sucesso dos anos 1990.","robots":{"index":"index","follow":"follow","max-snippet":"max-snippet:-1","max-image-preview":"max-image-preview:large","max-video-preview":"max-video-preview:-1"},"canonical":"https:\/\/radio.ufpa.br\/index.php\/espaco-experimental\/ondas-do-passado\/","og_locale":"pt_BR","og_type":"article","og_title":"Ondas do Passado - Radio Web UFPA","og_description":"Neste Espa\u00e7o Experimental, confira o programa Ondas do Passado, que relembra a trajet\u00f3ria e hits da banda Mamonas Assassinas, sucesso dos anos 1990.","og_url":"https:\/\/radio.ufpa.br\/index.php\/espaco-experimental\/ondas-do-passado\/","og_site_name":"Radio Web UFPA","article_publisher":"https:\/\/www.facebook.com\/radiowebufpa","article_published_time":"2019-02-20T14:24:10+00:00","article_modified_time":"2019-02-20T21:03:48+00:00","og_image":[{"width":1440,"height":1080,"url":"https:\/\/i0.wp.com\/radio.ufpa.br\/wp-content\/uploads\/2019\/02\/Mamonas Assassinas.jpg?fit=1440%2C1080&ssl=1","type":"image\/jpeg"}],"author":"Elissandra Batista","twitter_card":"summary_large_image","twitter_creator":"@radiowebufpa","twitter_site":"@radiowebufpa","twitter_misc":{"Escrito por":"Elissandra Batista","Est. tempo de leitura":"1 minuto"},"schema":{"@context":"https:\/\/schema.org","@graph":[{"@type":"Article","@id":"https:\/\/radio.ufpa.br\/index.php\/espaco-experimental\/ondas-do-passado\/#article","isPartOf":{"@id":"https:\/\/radio.ufpa.br\/index.php\/espaco-experimental\/ondas-do-passado\/"},"author":{"name":"Elissandra Batista","@id":"https:\/\/radio.ufpa.br\/#\/schema\/person\/51774ebb30a3903e2bf07acf94e8fea6"},"headline":"Ondas do Passado","datePublished":"2019-02-20T14:24:10+00:00","dateModified":"2019-02-20T21:03:48+00:00","mainEntityOfPage":{"@id":"https:\/\/radio.ufpa.br\/index.php\/espaco-experimental\/ondas-do-passado\/"},"wordCount":225,"commentCount":0,"publisher":{"@id":"https:\/\/radio.ufpa.br\/#organization"},"image":{"@id":"https:\/\/radio.ufpa.br\/index.php\/espaco-experimental\/ondas-do-passado\/#primaryimage"},"thumbnailUrl":"https:\/\/i0.wp.com\/radio.ufpa.br\/wp-content\/uploads\/2019\/02\/Mamonas%20Assassinas.jpg?fit=1440%2C1080&ssl=1","articleSection":["Espa\u00e7o Experimental"],"inLanguage":"pt-BR","potentialAction":[{"@type":"CommentAction","name":"Comment","target":["https:\/\/radio.ufpa.br\/index.php\/espaco-experimental\/ondas-do-passado\/#respond"]}]},{"@type":"WebPage","@id":"https:\/\/radio.ufpa.br\/index.php\/espaco-experimental\/ondas-do-passado\/","url":"https:\/\/radio.ufpa.br\/index.php\/espaco-experimental\/ondas-do-passado\/","name":"Ondas do Passado - Radio Web UFPA","isPartOf":{"@id":"https:\/\/radio.ufpa.br\/#website"},"primaryImageOfPage":{"@id":"https:\/\/radio.ufpa.br\/index.php\/espaco-experimental\/ondas-do-passado\/#primaryimage"},"image":{"@id":"https:\/\/radio.ufpa.br\/index.php\/espaco-experimental\/ondas-do-passado\/#primaryimage"},"thumbnailUrl":"https:\/\/i0.wp.com\/radio.ufpa.br\/wp-content\/uploads\/2019\/02\/Mamonas%20Assassinas.jpg?fit=1440%2C1080&ssl=1","datePublished":"2019-02-20T14:24:10+00:00","dateModified":"2019-02-20T21:03:48+00:00","description":"Neste Espa\u00e7o Experimental, confira o programa Ondas do Passado, que relembra a trajet\u00f3ria e hits da banda Mamonas Assassinas, sucesso dos anos 1990.","breadcrumb":{"@id":"https:\/\/radio.ufpa.br\/index.php\/espaco-experimental\/ondas-do-passado\/#breadcrumb"},"inLanguage":"pt-BR","potentialAction":[{"@type":"ReadAction","target":["https:\/\/radio.ufpa.br\/index.php\/espaco-experimental\/ondas-do-passado\/"]}]},{"@type":"ImageObject","inLanguage":"pt-BR","@id":"https:\/\/radio.ufpa.br\/index.php\/espaco-experimental\/ondas-do-passado\/#primaryimage","url":"https:\/\/i0.wp.com\/radio.ufpa.br\/wp-content\/uploads\/2019\/02\/Mamonas%20Assassinas.jpg?fit=1440%2C1080&ssl=1","contentUrl":"https:\/\/i0.wp.com\/radio.ufpa.br\/wp-content\/uploads\/2019\/02\/Mamonas%20Assassinas.jpg?fit=1440%2C1080&ssl=1","width":1440,"height":1080},{"@type":"BreadcrumbList","@id":"https:\/\/radio.ufpa.br\/index.php\/espaco-experimental\/ondas-do-passado\/#breadcrumb","itemListElement":[{"@type":"ListItem","position":1,"name":"In\u00edcio","item":"https:\/\/radio.ufpa.br\/"},{"@type":"ListItem","position":2,"name":"Ondas do Passado"}]},{"@type":"WebSite","@id":"https:\/\/radio.ufpa.br\/#website","url":"https:\/\/radio.ufpa.br\/","name":"Radio Web UFPA","description":"Divulgando o conhecimento","publisher":{"@id":"https:\/\/radio.ufpa.br\/#organization"},"potentialAction":[{"@type":"SearchAction","target":{"@type":"EntryPoint","urlTemplate":"https:\/\/radio.ufpa.br\/?s={search_term_string}"},"query-input":{"@type":"PropertyValueSpecification","valueRequired":true,"valueName":"search_term_string"}}],"inLanguage":"pt-BR"},{"@type":"Organization","@id":"https:\/\/radio.ufpa.br\/#organization","name":"UNIVERSIDADE FEDERAL DO PAR\u00c1-R\u00c1DIO WEB UFPA","url":"https:\/\/radio.ufpa.br\/","logo":{"@type":"ImageObject","inLanguage":"pt-BR","@id":"https:\/\/radio.ufpa.br\/#\/schema\/logo\/image\/","url":"https:\/\/i0.wp.com\/radio.ufpa.br\/wp-content\/uploads\/2025\/12\/images-removebg-preview.png?fit=417%2C121&ssl=1","contentUrl":"https:\/\/i0.wp.com\/radio.ufpa.br\/wp-content\/uploads\/2025\/12\/images-removebg-preview.png?fit=417%2C121&ssl=1","width":417,"height":121,"caption":"UNIVERSIDADE FEDERAL DO PAR\u00c1-R\u00c1DIO WEB UFPA"},"image":{"@id":"https:\/\/radio.ufpa.br\/#\/schema\/logo\/image\/"},"sameAs":["https:\/\/www.facebook.com\/radiowebufpa","https:\/\/x.com\/radiowebufpa","https:\/\/www.instagram.com\/radiowebufpa\/","https:\/\/www.youtube.com\/user\/RadioWebUFP4"]},{"@type":"Person","@id":"https:\/\/radio.ufpa.br\/#\/schema\/person\/51774ebb30a3903e2bf07acf94e8fea6","name":"Elissandra Batista","image":{"@type":"ImageObject","inLanguage":"pt-BR","@id":"https:\/\/radio.ufpa.br\/#\/schema\/person\/image\/","url":"https:\/\/secure.gravatar.com\/avatar\/b779d46516fe39b809059134270ec707?s=96&d=mm&r=g","contentUrl":"https:\/\/secure.gravatar.com\/avatar\/b779d46516fe39b809059134270ec707?s=96&d=mm&r=g","caption":"Elissandra Batista"},"url":"https:\/\/radio.ufpa.br\/index.php\/author\/elissandra\/"}]}},"jetpack_publicize_connections":[],"jetpack_featured_media_url":"https:\/\/i0.wp.com\/radio.ufpa.br\/wp-content\/uploads\/2019\/02\/Mamonas%20Assassinas.jpg?fit=1440%2C1080&ssl=1","jetpack_shortlink":"https:\/\/wp.me\/p8TJeA-1sk","jetpack_likes_enabled":true,"jetpack-related-posts":[],"jetpack_sharing_enabled":true,"_links":{"self":[{"href":"https:\/\/radio.ufpa.br\/index.php\/wp-json\/wp\/v2\/posts\/5600","targetHints":{"allow":["GET"]}}],"collection":[{"href":"https:\/\/radio.ufpa.br\/index.php\/wp-json\/wp\/v2\/posts"}],"about":[{"href":"https:\/\/radio.ufpa.br\/index.php\/wp-json\/wp\/v2\/types\/post"}],"author":[{"embeddable":true,"href":"https:\/\/radio.ufpa.br\/index.php\/wp-json\/wp\/v2\/users\/6"}],"replies":[{"embeddable":true,"href":"https:\/\/radio.ufpa.br\/index.php\/wp-json\/wp\/v2\/comments?post=5600"}],"version-history":[{"count":6,"href":"https:\/\/radio.ufpa.br\/index.php\/wp-json\/wp\/v2\/posts\/5600\/revisions"}],"predecessor-version":[{"id":5614,"href":"https:\/\/radio.ufpa.br\/index.php\/wp-json\/wp\/v2\/posts\/5600\/revisions\/5614"}],"wp:featuredmedia":[{"embeddable":true,"href":"https:\/\/radio.ufpa.br\/index.php\/wp-json\/wp\/v2\/media\/5612"}],"wp:attachment":[{"href":"https:\/\/radio.ufpa.br\/index.php\/wp-json\/wp\/v2\/media?parent=5600"}],"wp:term":[{"taxonomy":"category","embeddable":true,"href":"https:\/\/radio.ufpa.br\/index.php\/wp-json\/wp\/v2\/categories?post=5600"},{"taxonomy":"post_tag","embeddable":true,"href":"https:\/\/radio.ufpa.br\/index.php\/wp-json\/wp\/v2\/tags?post=5600"}],"curies":[{"name":"wp","href":"https:\/\/api.w.org\/{rel}","templated":true}]}}