{"id":5705,"date":"2019-03-15T17:20:15","date_gmt":"2019-03-15T20:20:15","guid":{"rendered":"http:\/\/radio.ufpa.br\/?p=5705"},"modified":"2019-03-18T14:12:54","modified_gmt":"2019-03-18T17:12:54","slug":"rede-emancipa","status":"publish","type":"post","link":"https:\/\/radio.ufpa.br\/index.php\/ufpa-na-madrugada\/rede-emancipa\/","title":{"rendered":"Rede Emancipa"},"content":{"rendered":"<!--[if lt IE 9]><script>document.createElement('audio');<\/script><![endif]-->\n\t<div class=\"wp-playlist wp-audio-playlist wp-playlist-light\">\n\t\t\t<div class=\"wp-playlist-current-item\"><\/div>\n\t\t<audio controls=\"controls\" preload=\"none\" width=\"1178\"\n\t\t\t><\/audio>\n\t<div class=\"wp-playlist-next\"><\/div>\n\t<div class=\"wp-playlist-prev\"><\/div>\n\t<noscript>\n\t<ol>\n\t\t<li><a href='https:\/\/radio.ufpa.br\/wp-content\/uploads\/2019\/02\/UFPA%20NA%20MADRUGADA%20-%20REDE%20EMANCIPA%20-%2015.03.19.mp3'>UFPA na Madrugada - Rede Emancipa<\/a><\/li>\t<\/ol>\n\t<\/noscript>\n\t<script type=\"application\/json\" class=\"wp-playlist-script\">{\"type\":\"audio\",\"tracklist\":true,\"tracknumbers\":true,\"images\":true,\"artists\":true,\"tracks\":[{\"src\":\"https:\\\/\\\/radio.ufpa.br\\\/wp-content\\\/uploads\\\/2019\\\/02\\\/UFPA NA MADRUGADA - REDE EMANCIPA - 15.03.19.mp3\",\"type\":\"audio\\\/mpeg\",\"title\":\"UFPA na Madrugada - Rede Emancipa\",\"caption\":\"\",\"description\":\"\\\"UFPA NA MADRUGADA - REDE EMANCIPA - 15.03.19\\\". Genre: Other.\",\"meta\":{\"artist\":\"R\\u00e1dio Web UFPA\",\"album\":\"UFPA na Madrugada\",\"genre\":\"Other\",\"length_formatted\":\"37:37\"},\"image\":{\"src\":\"https:\\\/\\\/radio.ufpa.br\\\/wp-includes\\\/images\\\/media\\\/audio.svg\",\"width\":48,\"height\":64},\"thumb\":{\"src\":\"https:\\\/\\\/radio.ufpa.br\\\/wp-includes\\\/images\\\/media\\\/audio.svg\",\"width\":48,\"height\":64}}]}<\/script>\n<\/div>\n\t\n<p>O UFPA na Madrugada inicia uma s\u00e9rie especial de programas apresentado iniciativas de cursinhos populares em Bel\u00e9m e regi\u00e3o metropolitana, visando divulgar e refletir sobre a constru\u00e7\u00e3o desses projetos. Nesta edi\u00e7\u00e3o recebemos em nosso est\u00fadio a professora Ma\u00edra Cordeiro, coordenadora na <strong>Rede Emancipa<\/strong>.<\/p>\n<p>A <strong>Rede Emancipa<\/strong> surgiu em 2007 em um cursinho na Escola Polit\u00e9cnica da USP. Hoje est\u00e1 presente em mais de sete estados do pa\u00eds e conta com cerca de quarenta unidades. A partir da articula\u00e7\u00e3o nacional e da proximidade com o Partido Socialismo e Liberdade (PSOL), alguns filiados em Bel\u00e9m apresentaram a proposta de trazer o projeto para a capital. E em 2011 a primeira unidade come\u00e7ou a funcionar em uma escola no bairro da Crema\u00e7\u00e3o.<\/p>\n<p>A proposta do Emancipa \u00e9 ensinar e fazer com que os alunos aprendam os conte\u00fados do Enem e entrem na universidade, mas, acima de tudo, os professores almejam que os jovens consigam ter uma viv\u00eancia dentro do espa\u00e7o acad\u00eamico. Priorizando uma forma\u00e7\u00e3o social, a <strong>Rede Emancipa<\/strong> promove debates, rodas de conversa, entre outras estrat\u00e9gias que estimulam o desenvolvimento do pensamento cr\u00edtico. \u201cA gente tem um lema que \u00e9: Educar para a liberdade\u201d, declara Ma\u00edra.<\/p>\n<p>O Emancipa possui um diferencial, segundo a professora, que \u00e9 tratar a educa\u00e7\u00e3o como uma ferramenta de transforma\u00e7\u00e3o. E que para al\u00e9m de resultados de aprova\u00e7\u00e3o no vestibular, a rede desenvolve a consci\u00eancia pol\u00edtica em quem passa pelo projeto. \u201cA gente sempre encontra, por exemplo, ex-alunos nos atos, manifesta\u00e7\u00f5es, alguns alunos tamb\u00e9m participam de outras organiza\u00e7\u00f5es pol\u00edticas como grupos solid\u00e1rios de ajuda a comunidades carentes, a hospitais, ent\u00e3o eles se engajam\u201d, conta Maira Cordeiro.<\/p>\n<p>Se voc\u00ea quiser saber um pouco mais sobre as iniciativas de cursinhos populares em Bel\u00e9m e sobre a <strong>Rede Emancipa<\/strong>, n\u00e3o deixe de ouvir esta edi\u00e7\u00e3o do programa UFPA na Madrugada.<\/p>\n<p>Apresenta\u00e7\u00e3o: Fabr\u00edcio Queiroz<br \/>\nProdu\u00e7\u00e3o e roteiro: Karen Alc\u00e2ntara<br \/>\nGrava\u00e7\u00e3o e montagem: Lauro Feio<br \/>\nSupervis\u00e3o e edi\u00e7\u00e3o: Elissandra Batista e Fabr\u00edcio Queiroz<\/p>\n<p>O UFPA na Madrugada vai ao ar todo s\u00e1bado \u00e0s 00h.<br \/>\nHor\u00e1rios alternativos: S\u00e1bado \u00e0s 15h, domingo \u00e0s 21h e segunda \u00e0s 19h.<\/p>\n","protected":false},"excerpt":{"rendered":"<p> &#8230; <a title=\"Rede Emancipa\" class=\"read-more\" href=\"https:\/\/radio.ufpa.br\/index.php\/ufpa-na-madrugada\/rede-emancipa\/\" aria-label=\"Read more about Rede Emancipa\">Ler mais<\/a><\/p>\n","protected":false},"author":2,"featured_media":5717,"comment_status":"open","ping_status":"open","sticky":false,"template":"","format":"standard","meta":{"_acf_changed":false,"_exactmetrics_skip_tracking":false,"_exactmetrics_sitenote_active":false,"_exactmetrics_sitenote_note":"","_exactmetrics_sitenote_category":0,"_monsterinsights_skip_tracking":false,"_monsterinsights_sitenote_active":false,"_monsterinsights_sitenote_note":"","_monsterinsights_sitenote_category":0,"_uf_show_specific_survey":0,"_uf_disable_surveys":false,"jetpack_post_was_ever_published":false,"_jetpack_newsletter_access":"","_jetpack_dont_email_post_to_subs":false,"_jetpack_newsletter_tier_id":0,"_jetpack_memberships_contains_paywalled_content":false,"_jetpack_memberships_contains_paid_content":false,"footnotes":"","jetpack_publicize_message":"","jetpack_publicize_feature_enabled":true,"jetpack_social_post_already_shared":true,"jetpack_social_options":{"image_generator_settings":{"template":"highway","enabled":false},"version":2}},"categories":[675],"tags":[],"class_list":["post-5705","post","type-post","status-publish","format-standard","has-post-thumbnail","hentry","category-ufpa-na-madrugada"],"acf":[],"yoast_head":"<!-- This site is optimized with the Yoast SEO plugin v25.1 - https:\/\/yoast.com\/wordpress\/plugins\/seo\/ -->\n<title>Rede Emancipa - Radio Web UFPA<\/title>\n<meta name=\"description\" content=\"A Rede Emancipa tem atua\u00e7\u00e3o em sete estados do Brasil e busca oferecer prepara\u00e7\u00e3o para o vestibular e estimular o senso cr\u00edtico dos alunos.\" \/>\n<meta name=\"robots\" content=\"index, follow, max-snippet:-1, max-image-preview:large, max-video-preview:-1\" \/>\n<link rel=\"canonical\" href=\"https:\/\/radio.ufpa.br\/index.php\/ufpa-na-madrugada\/rede-emancipa\/\" \/>\n<meta property=\"og:locale\" content=\"pt_BR\" \/>\n<meta property=\"og:type\" content=\"article\" \/>\n<meta property=\"og:title\" content=\"Rede Emancipa - Radio Web UFPA\" \/>\n<meta property=\"og:description\" content=\"A Rede Emancipa tem atua\u00e7\u00e3o em sete estados do Brasil e busca oferecer prepara\u00e7\u00e3o para o vestibular e estimular o senso cr\u00edtico dos alunos.\" \/>\n<meta property=\"og:url\" content=\"https:\/\/radio.ufpa.br\/index.php\/ufpa-na-madrugada\/rede-emancipa\/\" \/>\n<meta property=\"og:site_name\" content=\"Radio Web UFPA\" \/>\n<meta property=\"article:publisher\" content=\"https:\/\/www.facebook.com\/radiowebufpa\" \/>\n<meta property=\"article:published_time\" content=\"2019-03-15T20:20:15+00:00\" \/>\n<meta property=\"article:modified_time\" content=\"2019-03-18T17:12:54+00:00\" \/>\n<meta property=\"og:image\" content=\"https:\/\/i0.wp.com\/radio.ufpa.br\/wp-content\/uploads\/2019\/02\/45835139_2296560523736070_862364394347036672_n.jpg?fit=960%2C506&ssl=1\" \/>\n\t<meta property=\"og:image:width\" content=\"960\" \/>\n\t<meta property=\"og:image:height\" content=\"506\" \/>\n\t<meta property=\"og:image:type\" content=\"image\/jpeg\" \/>\n<meta name=\"author\" content=\"Fabr\u00edcio Queiroz\" \/>\n<meta name=\"twitter:card\" content=\"summary_large_image\" \/>\n<meta name=\"twitter:creator\" content=\"@radiowebufpa\" \/>\n<meta name=\"twitter:site\" content=\"@radiowebufpa\" \/>\n<meta name=\"twitter:label1\" content=\"Escrito por\" \/>\n\t<meta name=\"twitter:data1\" content=\"Fabr\u00edcio Queiroz\" \/>\n\t<meta name=\"twitter:label2\" content=\"Est. tempo de leitura\" \/>\n\t<meta name=\"twitter:data2\" content=\"2 minutos\" \/>\n<script type=\"application\/ld+json\" class=\"yoast-schema-graph\">{\"@context\":\"https:\/\/schema.org\",\"@graph\":[{\"@type\":\"Article\",\"@id\":\"https:\/\/radio.ufpa.br\/index.php\/ufpa-na-madrugada\/rede-emancipa\/#article\",\"isPartOf\":{\"@id\":\"https:\/\/radio.ufpa.br\/index.php\/ufpa-na-madrugada\/rede-emancipa\/\"},\"author\":{\"name\":\"Fabr\u00edcio Queiroz\",\"@id\":\"https:\/\/radio.ufpa.br\/#\/schema\/person\/f3f139516982741ca0831359933ac096\"},\"headline\":\"Rede Emancipa\",\"datePublished\":\"2019-03-15T20:20:15+00:00\",\"dateModified\":\"2019-03-18T17:12:54+00:00\",\"mainEntityOfPage\":{\"@id\":\"https:\/\/radio.ufpa.br\/index.php\/ufpa-na-madrugada\/rede-emancipa\/\"},\"wordCount\":388,\"commentCount\":0,\"publisher\":{\"@id\":\"https:\/\/radio.ufpa.br\/#organization\"},\"image\":{\"@id\":\"https:\/\/radio.ufpa.br\/index.php\/ufpa-na-madrugada\/rede-emancipa\/#primaryimage\"},\"thumbnailUrl\":\"https:\/\/i0.wp.com\/radio.ufpa.br\/wp-content\/uploads\/2019\/02\/45835139_2296560523736070_862364394347036672_n.jpg?fit=960%2C506&ssl=1\",\"articleSection\":[\"UFPA na Madrugada\"],\"inLanguage\":\"pt-BR\",\"potentialAction\":[{\"@type\":\"CommentAction\",\"name\":\"Comment\",\"target\":[\"https:\/\/radio.ufpa.br\/index.php\/ufpa-na-madrugada\/rede-emancipa\/#respond\"]}]},{\"@type\":\"WebPage\",\"@id\":\"https:\/\/radio.ufpa.br\/index.php\/ufpa-na-madrugada\/rede-emancipa\/\",\"url\":\"https:\/\/radio.ufpa.br\/index.php\/ufpa-na-madrugada\/rede-emancipa\/\",\"name\":\"Rede Emancipa - Radio Web UFPA\",\"isPartOf\":{\"@id\":\"https:\/\/radio.ufpa.br\/#website\"},\"primaryImageOfPage\":{\"@id\":\"https:\/\/radio.ufpa.br\/index.php\/ufpa-na-madrugada\/rede-emancipa\/#primaryimage\"},\"image\":{\"@id\":\"https:\/\/radio.ufpa.br\/index.php\/ufpa-na-madrugada\/rede-emancipa\/#primaryimage\"},\"thumbnailUrl\":\"https:\/\/i0.wp.com\/radio.ufpa.br\/wp-content\/uploads\/2019\/02\/45835139_2296560523736070_862364394347036672_n.jpg?fit=960%2C506&ssl=1\",\"datePublished\":\"2019-03-15T20:20:15+00:00\",\"dateModified\":\"2019-03-18T17:12:54+00:00\",\"description\":\"A Rede Emancipa tem atua\u00e7\u00e3o em sete estados do Brasil e busca oferecer prepara\u00e7\u00e3o para o vestibular e estimular o senso cr\u00edtico dos alunos.\",\"breadcrumb\":{\"@id\":\"https:\/\/radio.ufpa.br\/index.php\/ufpa-na-madrugada\/rede-emancipa\/#breadcrumb\"},\"inLanguage\":\"pt-BR\",\"potentialAction\":[{\"@type\":\"ReadAction\",\"target\":[\"https:\/\/radio.ufpa.br\/index.php\/ufpa-na-madrugada\/rede-emancipa\/\"]}]},{\"@type\":\"ImageObject\",\"inLanguage\":\"pt-BR\",\"@id\":\"https:\/\/radio.ufpa.br\/index.php\/ufpa-na-madrugada\/rede-emancipa\/#primaryimage\",\"url\":\"https:\/\/i0.wp.com\/radio.ufpa.br\/wp-content\/uploads\/2019\/02\/45835139_2296560523736070_862364394347036672_n.jpg?fit=960%2C506&ssl=1\",\"contentUrl\":\"https:\/\/i0.wp.com\/radio.ufpa.br\/wp-content\/uploads\/2019\/02\/45835139_2296560523736070_862364394347036672_n.jpg?fit=960%2C506&ssl=1\",\"width\":960,\"height\":506},{\"@type\":\"BreadcrumbList\",\"@id\":\"https:\/\/radio.ufpa.br\/index.php\/ufpa-na-madrugada\/rede-emancipa\/#breadcrumb\",\"itemListElement\":[{\"@type\":\"ListItem\",\"position\":1,\"name\":\"In\u00edcio\",\"item\":\"https:\/\/radio.ufpa.br\/\"},{\"@type\":\"ListItem\",\"position\":2,\"name\":\"Rede Emancipa\"}]},{\"@type\":\"WebSite\",\"@id\":\"https:\/\/radio.ufpa.br\/#website\",\"url\":\"https:\/\/radio.ufpa.br\/\",\"name\":\"Radio Web UFPA\",\"description\":\"Divulgando o conhecimento\",\"publisher\":{\"@id\":\"https:\/\/radio.ufpa.br\/#organization\"},\"potentialAction\":[{\"@type\":\"SearchAction\",\"target\":{\"@type\":\"EntryPoint\",\"urlTemplate\":\"https:\/\/radio.ufpa.br\/?s={search_term_string}\"},\"query-input\":{\"@type\":\"PropertyValueSpecification\",\"valueRequired\":true,\"valueName\":\"search_term_string\"}}],\"inLanguage\":\"pt-BR\"},{\"@type\":\"Organization\",\"@id\":\"https:\/\/radio.ufpa.br\/#organization\",\"name\":\"UNIVERSIDADE FEDERAL DO PAR\u00c1-R\u00c1DIO WEB UFPA\",\"url\":\"https:\/\/radio.ufpa.br\/\",\"logo\":{\"@type\":\"ImageObject\",\"inLanguage\":\"pt-BR\",\"@id\":\"https:\/\/radio.ufpa.br\/#\/schema\/logo\/image\/\",\"url\":\"https:\/\/i0.wp.com\/radio.ufpa.br\/wp-content\/uploads\/2025\/12\/images-removebg-preview.png?fit=417%2C121&ssl=1\",\"contentUrl\":\"https:\/\/i0.wp.com\/radio.ufpa.br\/wp-content\/uploads\/2025\/12\/images-removebg-preview.png?fit=417%2C121&ssl=1\",\"width\":417,\"height\":121,\"caption\":\"UNIVERSIDADE FEDERAL DO PAR\u00c1-R\u00c1DIO WEB UFPA\"},\"image\":{\"@id\":\"https:\/\/radio.ufpa.br\/#\/schema\/logo\/image\/\"},\"sameAs\":[\"https:\/\/www.facebook.com\/radiowebufpa\",\"https:\/\/x.com\/radiowebufpa\",\"https:\/\/www.instagram.com\/radiowebufpa\/\",\"https:\/\/www.youtube.com\/user\/RadioWebUFP4\"]},{\"@type\":\"Person\",\"@id\":\"https:\/\/radio.ufpa.br\/#\/schema\/person\/f3f139516982741ca0831359933ac096\",\"name\":\"Fabr\u00edcio Queiroz\",\"image\":{\"@type\":\"ImageObject\",\"inLanguage\":\"pt-BR\",\"@id\":\"https:\/\/radio.ufpa.br\/#\/schema\/person\/image\/\",\"url\":\"https:\/\/secure.gravatar.com\/avatar\/16286edb2cee888d704ce74385081b7f?s=96&d=mm&r=g\",\"contentUrl\":\"https:\/\/secure.gravatar.com\/avatar\/16286edb2cee888d704ce74385081b7f?s=96&d=mm&r=g\",\"caption\":\"Fabr\u00edcio Queiroz\"},\"description\":\"Editor e Jornalista respons\u00e1vel\",\"url\":\"https:\/\/radio.ufpa.br\/index.php\/author\/fabricio\/\"}]}<\/script>\n<!-- \/ Yoast SEO plugin. -->","yoast_head_json":{"title":"Rede Emancipa - Radio Web UFPA","description":"A Rede Emancipa tem atua\u00e7\u00e3o em sete estados do Brasil e busca oferecer prepara\u00e7\u00e3o para o vestibular e estimular o senso cr\u00edtico dos alunos.","robots":{"index":"index","follow":"follow","max-snippet":"max-snippet:-1","max-image-preview":"max-image-preview:large","max-video-preview":"max-video-preview:-1"},"canonical":"https:\/\/radio.ufpa.br\/index.php\/ufpa-na-madrugada\/rede-emancipa\/","og_locale":"pt_BR","og_type":"article","og_title":"Rede Emancipa - Radio Web UFPA","og_description":"A Rede Emancipa tem atua\u00e7\u00e3o em sete estados do Brasil e busca oferecer prepara\u00e7\u00e3o para o vestibular e estimular o senso cr\u00edtico dos alunos.","og_url":"https:\/\/radio.ufpa.br\/index.php\/ufpa-na-madrugada\/rede-emancipa\/","og_site_name":"Radio Web UFPA","article_publisher":"https:\/\/www.facebook.com\/radiowebufpa","article_published_time":"2019-03-15T20:20:15+00:00","article_modified_time":"2019-03-18T17:12:54+00:00","og_image":[{"width":960,"height":506,"url":"https:\/\/i0.wp.com\/radio.ufpa.br\/wp-content\/uploads\/2019\/02\/45835139_2296560523736070_862364394347036672_n.jpg?fit=960%2C506&ssl=1","type":"image\/jpeg"}],"author":"Fabr\u00edcio Queiroz","twitter_card":"summary_large_image","twitter_creator":"@radiowebufpa","twitter_site":"@radiowebufpa","twitter_misc":{"Escrito por":"Fabr\u00edcio Queiroz","Est. tempo de leitura":"2 minutos"},"schema":{"@context":"https:\/\/schema.org","@graph":[{"@type":"Article","@id":"https:\/\/radio.ufpa.br\/index.php\/ufpa-na-madrugada\/rede-emancipa\/#article","isPartOf":{"@id":"https:\/\/radio.ufpa.br\/index.php\/ufpa-na-madrugada\/rede-emancipa\/"},"author":{"name":"Fabr\u00edcio Queiroz","@id":"https:\/\/radio.ufpa.br\/#\/schema\/person\/f3f139516982741ca0831359933ac096"},"headline":"Rede Emancipa","datePublished":"2019-03-15T20:20:15+00:00","dateModified":"2019-03-18T17:12:54+00:00","mainEntityOfPage":{"@id":"https:\/\/radio.ufpa.br\/index.php\/ufpa-na-madrugada\/rede-emancipa\/"},"wordCount":388,"commentCount":0,"publisher":{"@id":"https:\/\/radio.ufpa.br\/#organization"},"image":{"@id":"https:\/\/radio.ufpa.br\/index.php\/ufpa-na-madrugada\/rede-emancipa\/#primaryimage"},"thumbnailUrl":"https:\/\/i0.wp.com\/radio.ufpa.br\/wp-content\/uploads\/2019\/02\/45835139_2296560523736070_862364394347036672_n.jpg?fit=960%2C506&ssl=1","articleSection":["UFPA na Madrugada"],"inLanguage":"pt-BR","potentialAction":[{"@type":"CommentAction","name":"Comment","target":["https:\/\/radio.ufpa.br\/index.php\/ufpa-na-madrugada\/rede-emancipa\/#respond"]}]},{"@type":"WebPage","@id":"https:\/\/radio.ufpa.br\/index.php\/ufpa-na-madrugada\/rede-emancipa\/","url":"https:\/\/radio.ufpa.br\/index.php\/ufpa-na-madrugada\/rede-emancipa\/","name":"Rede Emancipa - Radio Web UFPA","isPartOf":{"@id":"https:\/\/radio.ufpa.br\/#website"},"primaryImageOfPage":{"@id":"https:\/\/radio.ufpa.br\/index.php\/ufpa-na-madrugada\/rede-emancipa\/#primaryimage"},"image":{"@id":"https:\/\/radio.ufpa.br\/index.php\/ufpa-na-madrugada\/rede-emancipa\/#primaryimage"},"thumbnailUrl":"https:\/\/i0.wp.com\/radio.ufpa.br\/wp-content\/uploads\/2019\/02\/45835139_2296560523736070_862364394347036672_n.jpg?fit=960%2C506&ssl=1","datePublished":"2019-03-15T20:20:15+00:00","dateModified":"2019-03-18T17:12:54+00:00","description":"A Rede Emancipa tem atua\u00e7\u00e3o em sete estados do Brasil e busca oferecer prepara\u00e7\u00e3o para o vestibular e estimular o senso cr\u00edtico dos alunos.","breadcrumb":{"@id":"https:\/\/radio.ufpa.br\/index.php\/ufpa-na-madrugada\/rede-emancipa\/#breadcrumb"},"inLanguage":"pt-BR","potentialAction":[{"@type":"ReadAction","target":["https:\/\/radio.ufpa.br\/index.php\/ufpa-na-madrugada\/rede-emancipa\/"]}]},{"@type":"ImageObject","inLanguage":"pt-BR","@id":"https:\/\/radio.ufpa.br\/index.php\/ufpa-na-madrugada\/rede-emancipa\/#primaryimage","url":"https:\/\/i0.wp.com\/radio.ufpa.br\/wp-content\/uploads\/2019\/02\/45835139_2296560523736070_862364394347036672_n.jpg?fit=960%2C506&ssl=1","contentUrl":"https:\/\/i0.wp.com\/radio.ufpa.br\/wp-content\/uploads\/2019\/02\/45835139_2296560523736070_862364394347036672_n.jpg?fit=960%2C506&ssl=1","width":960,"height":506},{"@type":"BreadcrumbList","@id":"https:\/\/radio.ufpa.br\/index.php\/ufpa-na-madrugada\/rede-emancipa\/#breadcrumb","itemListElement":[{"@type":"ListItem","position":1,"name":"In\u00edcio","item":"https:\/\/radio.ufpa.br\/"},{"@type":"ListItem","position":2,"name":"Rede Emancipa"}]},{"@type":"WebSite","@id":"https:\/\/radio.ufpa.br\/#website","url":"https:\/\/radio.ufpa.br\/","name":"Radio Web UFPA","description":"Divulgando o conhecimento","publisher":{"@id":"https:\/\/radio.ufpa.br\/#organization"},"potentialAction":[{"@type":"SearchAction","target":{"@type":"EntryPoint","urlTemplate":"https:\/\/radio.ufpa.br\/?s={search_term_string}"},"query-input":{"@type":"PropertyValueSpecification","valueRequired":true,"valueName":"search_term_string"}}],"inLanguage":"pt-BR"},{"@type":"Organization","@id":"https:\/\/radio.ufpa.br\/#organization","name":"UNIVERSIDADE FEDERAL DO PAR\u00c1-R\u00c1DIO WEB UFPA","url":"https:\/\/radio.ufpa.br\/","logo":{"@type":"ImageObject","inLanguage":"pt-BR","@id":"https:\/\/radio.ufpa.br\/#\/schema\/logo\/image\/","url":"https:\/\/i0.wp.com\/radio.ufpa.br\/wp-content\/uploads\/2025\/12\/images-removebg-preview.png?fit=417%2C121&ssl=1","contentUrl":"https:\/\/i0.wp.com\/radio.ufpa.br\/wp-content\/uploads\/2025\/12\/images-removebg-preview.png?fit=417%2C121&ssl=1","width":417,"height":121,"caption":"UNIVERSIDADE FEDERAL DO PAR\u00c1-R\u00c1DIO WEB UFPA"},"image":{"@id":"https:\/\/radio.ufpa.br\/#\/schema\/logo\/image\/"},"sameAs":["https:\/\/www.facebook.com\/radiowebufpa","https:\/\/x.com\/radiowebufpa","https:\/\/www.instagram.com\/radiowebufpa\/","https:\/\/www.youtube.com\/user\/RadioWebUFP4"]},{"@type":"Person","@id":"https:\/\/radio.ufpa.br\/#\/schema\/person\/f3f139516982741ca0831359933ac096","name":"Fabr\u00edcio Queiroz","image":{"@type":"ImageObject","inLanguage":"pt-BR","@id":"https:\/\/radio.ufpa.br\/#\/schema\/person\/image\/","url":"https:\/\/secure.gravatar.com\/avatar\/16286edb2cee888d704ce74385081b7f?s=96&d=mm&r=g","contentUrl":"https:\/\/secure.gravatar.com\/avatar\/16286edb2cee888d704ce74385081b7f?s=96&d=mm&r=g","caption":"Fabr\u00edcio Queiroz"},"description":"Editor e Jornalista respons\u00e1vel","url":"https:\/\/radio.ufpa.br\/index.php\/author\/fabricio\/"}]}},"jetpack_publicize_connections":[],"jetpack_featured_media_url":"https:\/\/i0.wp.com\/radio.ufpa.br\/wp-content\/uploads\/2019\/02\/45835139_2296560523736070_862364394347036672_n.jpg?fit=960%2C506&ssl=1","jetpack_shortlink":"https:\/\/wp.me\/p8TJeA-1u1","jetpack_likes_enabled":true,"jetpack-related-posts":[],"jetpack_sharing_enabled":true,"_links":{"self":[{"href":"https:\/\/radio.ufpa.br\/index.php\/wp-json\/wp\/v2\/posts\/5705","targetHints":{"allow":["GET"]}}],"collection":[{"href":"https:\/\/radio.ufpa.br\/index.php\/wp-json\/wp\/v2\/posts"}],"about":[{"href":"https:\/\/radio.ufpa.br\/index.php\/wp-json\/wp\/v2\/types\/post"}],"author":[{"embeddable":true,"href":"https:\/\/radio.ufpa.br\/index.php\/wp-json\/wp\/v2\/users\/2"}],"replies":[{"embeddable":true,"href":"https:\/\/radio.ufpa.br\/index.php\/wp-json\/wp\/v2\/comments?post=5705"}],"version-history":[{"count":2,"href":"https:\/\/radio.ufpa.br\/index.php\/wp-json\/wp\/v2\/posts\/5705\/revisions"}],"predecessor-version":[{"id":5709,"href":"https:\/\/radio.ufpa.br\/index.php\/wp-json\/wp\/v2\/posts\/5705\/revisions\/5709"}],"wp:featuredmedia":[{"embeddable":true,"href":"https:\/\/radio.ufpa.br\/index.php\/wp-json\/wp\/v2\/media\/5717"}],"wp:attachment":[{"href":"https:\/\/radio.ufpa.br\/index.php\/wp-json\/wp\/v2\/media?parent=5705"}],"wp:term":[{"taxonomy":"category","embeddable":true,"href":"https:\/\/radio.ufpa.br\/index.php\/wp-json\/wp\/v2\/categories?post=5705"},{"taxonomy":"post_tag","embeddable":true,"href":"https:\/\/radio.ufpa.br\/index.php\/wp-json\/wp\/v2\/tags?post=5705"}],"curies":[{"name":"wp","href":"https:\/\/api.w.org\/{rel}","templated":true}]}}