{"id":5711,"date":"2019-03-18T11:36:42","date_gmt":"2019-03-18T14:36:42","guid":{"rendered":"http:\/\/radio.ufpa.br\/?p=5711"},"modified":"2019-03-18T17:53:41","modified_gmt":"2019-03-18T20:53:41","slug":"patrimonio-genetico-e-conhecimentos-tradicionais","status":"publish","type":"post","link":"https:\/\/radio.ufpa.br\/index.php\/ufpa-debate\/patrimonio-genetico-e-conhecimentos-tradicionais\/","title":{"rendered":"Acesso ao patrim\u00f4nio gen\u00e9tico e aos conhecimentos tradicionais associados"},"content":{"rendered":"<!--[if lt IE 9]><script>document.createElement('audio');<\/script><![endif]-->\n\t<div class=\"wp-playlist wp-audio-playlist wp-playlist-light\">\n\t\t\t<div class=\"wp-playlist-current-item\"><\/div>\n\t\t<audio controls=\"controls\" preload=\"none\" width=\"1178\"\n\t\t\t><\/audio>\n\t<div class=\"wp-playlist-next\"><\/div>\n\t<div class=\"wp-playlist-prev\"><\/div>\n\t<noscript>\n\t<ol>\n\t\t<li><a href='https:\/\/radio.ufpa.br\/wp-content\/uploads\/2019\/02\/UFPA%20DEBATE%20-%20ACESSO%20AO%20PATRIM\u00d4NIO%20GEN\u00c9TICO%20E%20AOS%20CONHECIMENTOS%20TRADICIONAIS%20ASSOCIADOS%20-%2018.03.19.mp3'>UFPA Debate - Acesso ao patrim\u00f4nio gen\u00e9tico e aos conhecimentos tradicionais associados<\/a><\/li>\t<\/ol>\n\t<\/noscript>\n\t<script type=\"application\/json\" class=\"wp-playlist-script\">{\"type\":\"audio\",\"tracklist\":true,\"tracknumbers\":true,\"images\":true,\"artists\":true,\"tracks\":[{\"src\":\"https:\\\/\\\/radio.ufpa.br\\\/wp-content\\\/uploads\\\/2019\\\/02\\\/UFPA DEBATE - ACESSO AO PATRIM\\u00d4NIO GEN\\u00c9TICO E AOS CONHECIMENTOS TRADICIONAIS ASSOCIADOS - 18.03.19.mp3\",\"type\":\"audio\\\/mpeg\",\"title\":\"UFPA Debate - Acesso ao patrim\\u00f4nio gen\\u00e9tico e aos conhecimentos tradicionais associados\",\"caption\":\"\",\"description\":\"\\\"UFPA DEBATE - ACESSO AO PATRIM\\u00d4NIO GEN\\u00c9TICO E AOS CONHECIMENTOS TRADICIONAIS ASSOCIADOS - 18.03.19\\\". Genre: Blues.\",\"meta\":{\"artist\":\"R\\u00e1dio Web UFPA\",\"album\":\"UFPA Debate\",\"genre\":\"Blues\",\"length_formatted\":\"56:45\"},\"image\":{\"src\":\"https:\\\/\\\/radio.ufpa.br\\\/wp-includes\\\/images\\\/media\\\/audio.svg\",\"width\":48,\"height\":64},\"thumb\":{\"src\":\"https:\\\/\\\/radio.ufpa.br\\\/wp-includes\\\/images\\\/media\\\/audio.svg\",\"width\":48,\"height\":64}}]}<\/script>\n<\/div>\n\t\n<p>A lei n\u00ba 13.123, tamb\u00e9m conhecida como Lei da Biodiversidade, foi aprovada em 2015 para regularizar o acesso ao patrim\u00f4nio gen\u00e9tico nacional e aos conhecimentos tradicionais associados. Quatro anos depois, a legisla\u00e7\u00e3o ainda gera pol\u00eamica e muitas cr\u00edticas, ao mesmo tempo que \u00e9 considerada um marco importante na rela\u00e7\u00e3o entre pesquisadores, empresas e os povos e comunidades tradicionais.<\/p>\n<p>Entre v\u00e1rias outras medidas, a legisla\u00e7\u00e3o prev\u00ea a reparti\u00e7\u00e3o dos benef\u00edcios adquiridos na explora\u00e7\u00e3o e uso de recursos naturais e imp\u00f5e a necessidade de acordos entre as institui\u00e7\u00f5es de pesquisa, o setor produtivo e os detentores de conhecimentos tradicionais, que antes eram simplesmente ignorados no processo.<\/p>\n<p>Mas para muitos pesquisadores, o trabalho ficou ainda mais burocr\u00e1tico, com o novo marco legal. Al\u00e9m disso, ainda sobram d\u00favidas sobre a utiliza\u00e7\u00e3o do Sistema Nacional de Gest\u00e3o do Patrim\u00f4nio Gen\u00e9tico e Conhecimento Tradicional Associado (SisGen), uma plataforma online para registros de pesquisas envolvendo os recursos da biodiversidade brasileira.<\/p>\n<p>Com tantas cr\u00edticas, o prazo at\u00e9 novembro de 2018 para que os cientistas se regularizassem foi prorrogado por mais um ano. Depois disso, quem n\u00e3o se cadastrar no SisGen e nem tiver registro em nenhum outro sistema de pesquisa poder\u00e1 ser punido com multas, advert\u00eancias e apreens\u00f5es.<\/p>\n<p>Considerando a import\u00e2ncia do assunto, especialmente, para uma regi\u00e3o como a Amaz\u00f4nia, rica em biodiversidade e vasta em territ\u00f3rios considerados de povos e comunidades tradicionais, o <strong>UFPA Debate <\/strong>discute nesta edi\u00e7\u00e3o o tema <strong>Acesso ao patrim\u00f4nio gen\u00e9tico e aos conhecimentos tradicionais associados.<\/strong><\/p>\n<p>Participam do programa, Cristelle Herman, professora do Instituto de Ci\u00eancias Biol\u00f3gicas da UFPA e integrante do Centro de Valoriza\u00e7\u00e3o de Compostos Bioativos da Amaz\u00f4nia, localizado no PCT-Guam\u00e1. E, tamb\u00e9m, Alexandre Carvalho, advogado e vice-presidente da Comiss\u00e3o de Propriedade Intelectual e Inova\u00e7\u00e3o da OAB-PA.<\/p>\n<p>Para Alexandre, o SisGen, que seria uma ferramenta para desburocratizar o processo de pesquisa e o desenvolvimento de produtos da biodiversidade, acabou tendo o efeito inverso por causa das diversas falhas no sistema de cadastramento, e, ainda, as v\u00e1rias d\u00favidas dos pesquisadores sobre o uso da plataforma eletr\u00f4nica. Al\u00e9m disso, o advogado afirma que o novo marco legal deixa uma grande lacuna, principalmente, na quest\u00e3o da reparti\u00e7\u00e3o dos benef\u00edcios, uma vez que o processo n\u00e3o contempla de fato os povos e as comunidades tradicionais.<\/p>\n<p>J\u00e1 para Cristelle Herman, o SisGen est\u00e1 facilitando a vida de muitos pesquisadores no sentido de agilizar o in\u00edcio dos estudos, mas ainda \u00e9 preciso divulga\u00e7\u00e3o, debates, e, sobretudo, fiscaliza\u00e7\u00e3o e conscientiza\u00e7\u00e3o sobre a lei da biodiversidade, seja por parte dos pesquisadores, das empresas e comunidades tradicionais, quanto por parte dos governos e da sociedade de modo geral.<\/p>\n<p>Para conhecer e entender melhor o novo marco legal de acesso ao patrim\u00f4nio gen\u00e9tico nacional e ao conhecimento tradicional associado, n\u00e3o perca esta edi\u00e7\u00e3o do UFPA Debate.<\/p>\n<p>Apresenta\u00e7\u00e3o: Elissandra Batista<br \/>\nProdu\u00e7\u00e3o e roteiro: Gabriel Souza<br \/>\nGrava\u00e7\u00e3o e montagem: Jo\u00e3o Nilo Ferreira e Karla Guimar\u00e3es<br \/>\nSupervis\u00e3o e edi\u00e7\u00e3o: Elissandra Batista e Fabricio Queiroz<\/p>\n<p>O UFPA Debate vai ao ar segunda-feira, \u00e0s 10h e 21h.<br \/>\nHor\u00e1rios alternativos: Quarta-feira, \u00e0s 19h; e s\u00e1bado, \u00e0s 11h.<\/p>\n","protected":false},"excerpt":{"rendered":"<p> &#8230; <a title=\"Acesso ao patrim\u00f4nio gen\u00e9tico e aos conhecimentos tradicionais associados\" class=\"read-more\" href=\"https:\/\/radio.ufpa.br\/index.php\/ufpa-debate\/patrimonio-genetico-e-conhecimentos-tradicionais\/\" aria-label=\"Read more about Acesso ao patrim\u00f4nio gen\u00e9tico e aos conhecimentos tradicionais associados\">Ler mais<\/a><\/p>\n","protected":false},"author":6,"featured_media":5719,"comment_status":"open","ping_status":"open","sticky":false,"template":"","format":"standard","meta":{"_acf_changed":false,"_exactmetrics_skip_tracking":false,"_exactmetrics_sitenote_active":false,"_exactmetrics_sitenote_note":"","_exactmetrics_sitenote_category":0,"_monsterinsights_skip_tracking":false,"_monsterinsights_sitenote_active":false,"_monsterinsights_sitenote_note":"","_monsterinsights_sitenote_category":0,"_uf_show_specific_survey":0,"_uf_disable_surveys":false,"jetpack_post_was_ever_published":false,"_jetpack_newsletter_access":"","_jetpack_dont_email_post_to_subs":false,"_jetpack_newsletter_tier_id":0,"_jetpack_memberships_contains_paywalled_content":false,"_jetpack_memberships_contains_paid_content":false,"footnotes":"","jetpack_publicize_message":"","jetpack_publicize_feature_enabled":true,"jetpack_social_post_already_shared":true,"jetpack_social_options":{"image_generator_settings":{"template":"highway","enabled":false},"version":2}},"categories":[34],"tags":[],"class_list":["post-5711","post","type-post","status-publish","format-standard","has-post-thumbnail","hentry","category-ufpa-debate"],"acf":[],"yoast_head":"<!-- This site is optimized with the Yoast SEO plugin v25.1 - https:\/\/yoast.com\/wordpress\/plugins\/seo\/ -->\n<title>Acesso ao patrim\u00f4nio gen\u00e9tico e aos conhecimentos tradicionais associados - Radio Web UFPA<\/title>\n<meta name=\"description\" content=\"Saiba mais sobre Lei da Biodiversidade, principalmente as mudan\u00e7as que ela prop\u00f5e para o acesso ao patrim\u00f4nio gen\u00e9tico e aos conhecimentos tradicionais.\" \/>\n<meta name=\"robots\" content=\"index, follow, max-snippet:-1, max-image-preview:large, max-video-preview:-1\" \/>\n<link rel=\"canonical\" href=\"https:\/\/radio.ufpa.br\/index.php\/ufpa-debate\/patrimonio-genetico-e-conhecimentos-tradicionais\/\" \/>\n<meta property=\"og:locale\" content=\"pt_BR\" \/>\n<meta property=\"og:type\" content=\"article\" \/>\n<meta property=\"og:title\" content=\"Acesso ao patrim\u00f4nio gen\u00e9tico e aos conhecimentos tradicionais associados - Radio Web UFPA\" \/>\n<meta property=\"og:description\" content=\"Saiba mais sobre Lei da Biodiversidade, principalmente as mudan\u00e7as que ela prop\u00f5e para o acesso ao patrim\u00f4nio gen\u00e9tico e aos conhecimentos tradicionais.\" \/>\n<meta property=\"og:url\" content=\"https:\/\/radio.ufpa.br\/index.php\/ufpa-debate\/patrimonio-genetico-e-conhecimentos-tradicionais\/\" \/>\n<meta property=\"og:site_name\" content=\"Radio Web UFPA\" \/>\n<meta property=\"article:publisher\" content=\"https:\/\/www.facebook.com\/radiowebufpa\" \/>\n<meta property=\"article:published_time\" content=\"2019-03-18T14:36:42+00:00\" \/>\n<meta property=\"article:modified_time\" content=\"2019-03-18T20:53:41+00:00\" \/>\n<meta property=\"og:image\" content=\"https:\/\/i0.wp.com\/radio.ufpa.br\/wp-content\/uploads\/2019\/02\/lei%20da%20biodiversidade.jpg?fit=533%2C300&ssl=1\" \/>\n\t<meta property=\"og:image:width\" content=\"533\" \/>\n\t<meta property=\"og:image:height\" content=\"300\" \/>\n\t<meta property=\"og:image:type\" content=\"image\/jpeg\" \/>\n<meta name=\"author\" content=\"Elissandra Batista\" \/>\n<meta name=\"twitter:card\" content=\"summary_large_image\" \/>\n<meta name=\"twitter:creator\" content=\"@radiowebufpa\" \/>\n<meta name=\"twitter:site\" content=\"@radiowebufpa\" \/>\n<meta name=\"twitter:label1\" content=\"Escrito por\" \/>\n\t<meta name=\"twitter:data1\" content=\"Elissandra Batista\" \/>\n\t<meta name=\"twitter:label2\" content=\"Est. tempo de leitura\" \/>\n\t<meta name=\"twitter:data2\" content=\"3 minutos\" \/>\n<script type=\"application\/ld+json\" class=\"yoast-schema-graph\">{\"@context\":\"https:\/\/schema.org\",\"@graph\":[{\"@type\":\"Article\",\"@id\":\"https:\/\/radio.ufpa.br\/index.php\/ufpa-debate\/patrimonio-genetico-e-conhecimentos-tradicionais\/#article\",\"isPartOf\":{\"@id\":\"https:\/\/radio.ufpa.br\/index.php\/ufpa-debate\/patrimonio-genetico-e-conhecimentos-tradicionais\/\"},\"author\":{\"name\":\"Elissandra Batista\",\"@id\":\"https:\/\/radio.ufpa.br\/#\/schema\/person\/51774ebb30a3903e2bf07acf94e8fea6\"},\"headline\":\"Acesso ao patrim\u00f4nio gen\u00e9tico e aos conhecimentos tradicionais associados\",\"datePublished\":\"2019-03-18T14:36:42+00:00\",\"dateModified\":\"2019-03-18T20:53:41+00:00\",\"mainEntityOfPage\":{\"@id\":\"https:\/\/radio.ufpa.br\/index.php\/ufpa-debate\/patrimonio-genetico-e-conhecimentos-tradicionais\/\"},\"wordCount\":571,\"commentCount\":0,\"publisher\":{\"@id\":\"https:\/\/radio.ufpa.br\/#organization\"},\"image\":{\"@id\":\"https:\/\/radio.ufpa.br\/index.php\/ufpa-debate\/patrimonio-genetico-e-conhecimentos-tradicionais\/#primaryimage\"},\"thumbnailUrl\":\"https:\/\/i0.wp.com\/radio.ufpa.br\/wp-content\/uploads\/2019\/02\/lei%20da%20biodiversidade.jpg?fit=533%2C300&ssl=1\",\"articleSection\":[\"UFPA Debate\"],\"inLanguage\":\"pt-BR\",\"potentialAction\":[{\"@type\":\"CommentAction\",\"name\":\"Comment\",\"target\":[\"https:\/\/radio.ufpa.br\/index.php\/ufpa-debate\/patrimonio-genetico-e-conhecimentos-tradicionais\/#respond\"]}]},{\"@type\":\"WebPage\",\"@id\":\"https:\/\/radio.ufpa.br\/index.php\/ufpa-debate\/patrimonio-genetico-e-conhecimentos-tradicionais\/\",\"url\":\"https:\/\/radio.ufpa.br\/index.php\/ufpa-debate\/patrimonio-genetico-e-conhecimentos-tradicionais\/\",\"name\":\"Acesso ao patrim\u00f4nio gen\u00e9tico e aos conhecimentos tradicionais associados - Radio Web UFPA\",\"isPartOf\":{\"@id\":\"https:\/\/radio.ufpa.br\/#website\"},\"primaryImageOfPage\":{\"@id\":\"https:\/\/radio.ufpa.br\/index.php\/ufpa-debate\/patrimonio-genetico-e-conhecimentos-tradicionais\/#primaryimage\"},\"image\":{\"@id\":\"https:\/\/radio.ufpa.br\/index.php\/ufpa-debate\/patrimonio-genetico-e-conhecimentos-tradicionais\/#primaryimage\"},\"thumbnailUrl\":\"https:\/\/i0.wp.com\/radio.ufpa.br\/wp-content\/uploads\/2019\/02\/lei%20da%20biodiversidade.jpg?fit=533%2C300&ssl=1\",\"datePublished\":\"2019-03-18T14:36:42+00:00\",\"dateModified\":\"2019-03-18T20:53:41+00:00\",\"description\":\"Saiba mais sobre Lei da Biodiversidade, principalmente as mudan\u00e7as que ela prop\u00f5e para o acesso ao patrim\u00f4nio gen\u00e9tico e aos conhecimentos tradicionais.\",\"breadcrumb\":{\"@id\":\"https:\/\/radio.ufpa.br\/index.php\/ufpa-debate\/patrimonio-genetico-e-conhecimentos-tradicionais\/#breadcrumb\"},\"inLanguage\":\"pt-BR\",\"potentialAction\":[{\"@type\":\"ReadAction\",\"target\":[\"https:\/\/radio.ufpa.br\/index.php\/ufpa-debate\/patrimonio-genetico-e-conhecimentos-tradicionais\/\"]}]},{\"@type\":\"ImageObject\",\"inLanguage\":\"pt-BR\",\"@id\":\"https:\/\/radio.ufpa.br\/index.php\/ufpa-debate\/patrimonio-genetico-e-conhecimentos-tradicionais\/#primaryimage\",\"url\":\"https:\/\/i0.wp.com\/radio.ufpa.br\/wp-content\/uploads\/2019\/02\/lei%20da%20biodiversidade.jpg?fit=533%2C300&ssl=1\",\"contentUrl\":\"https:\/\/i0.wp.com\/radio.ufpa.br\/wp-content\/uploads\/2019\/02\/lei%20da%20biodiversidade.jpg?fit=533%2C300&ssl=1\",\"width\":533,\"height\":300},{\"@type\":\"BreadcrumbList\",\"@id\":\"https:\/\/radio.ufpa.br\/index.php\/ufpa-debate\/patrimonio-genetico-e-conhecimentos-tradicionais\/#breadcrumb\",\"itemListElement\":[{\"@type\":\"ListItem\",\"position\":1,\"name\":\"In\u00edcio\",\"item\":\"https:\/\/radio.ufpa.br\/\"},{\"@type\":\"ListItem\",\"position\":2,\"name\":\"Acesso ao patrim\u00f4nio gen\u00e9tico e aos conhecimentos tradicionais associados\"}]},{\"@type\":\"WebSite\",\"@id\":\"https:\/\/radio.ufpa.br\/#website\",\"url\":\"https:\/\/radio.ufpa.br\/\",\"name\":\"Radio Web UFPA\",\"description\":\"Divulgando o conhecimento\",\"publisher\":{\"@id\":\"https:\/\/radio.ufpa.br\/#organization\"},\"potentialAction\":[{\"@type\":\"SearchAction\",\"target\":{\"@type\":\"EntryPoint\",\"urlTemplate\":\"https:\/\/radio.ufpa.br\/?s={search_term_string}\"},\"query-input\":{\"@type\":\"PropertyValueSpecification\",\"valueRequired\":true,\"valueName\":\"search_term_string\"}}],\"inLanguage\":\"pt-BR\"},{\"@type\":\"Organization\",\"@id\":\"https:\/\/radio.ufpa.br\/#organization\",\"name\":\"UNIVERSIDADE FEDERAL DO PAR\u00c1-R\u00c1DIO WEB UFPA\",\"url\":\"https:\/\/radio.ufpa.br\/\",\"logo\":{\"@type\":\"ImageObject\",\"inLanguage\":\"pt-BR\",\"@id\":\"https:\/\/radio.ufpa.br\/#\/schema\/logo\/image\/\",\"url\":\"https:\/\/i0.wp.com\/radio.ufpa.br\/wp-content\/uploads\/2025\/12\/images-removebg-preview.png?fit=417%2C121&ssl=1\",\"contentUrl\":\"https:\/\/i0.wp.com\/radio.ufpa.br\/wp-content\/uploads\/2025\/12\/images-removebg-preview.png?fit=417%2C121&ssl=1\",\"width\":417,\"height\":121,\"caption\":\"UNIVERSIDADE FEDERAL DO PAR\u00c1-R\u00c1DIO WEB UFPA\"},\"image\":{\"@id\":\"https:\/\/radio.ufpa.br\/#\/schema\/logo\/image\/\"},\"sameAs\":[\"https:\/\/www.facebook.com\/radiowebufpa\",\"https:\/\/x.com\/radiowebufpa\",\"https:\/\/www.instagram.com\/radiowebufpa\/\",\"https:\/\/www.youtube.com\/user\/RadioWebUFP4\"]},{\"@type\":\"Person\",\"@id\":\"https:\/\/radio.ufpa.br\/#\/schema\/person\/51774ebb30a3903e2bf07acf94e8fea6\",\"name\":\"Elissandra Batista\",\"image\":{\"@type\":\"ImageObject\",\"inLanguage\":\"pt-BR\",\"@id\":\"https:\/\/radio.ufpa.br\/#\/schema\/person\/image\/\",\"url\":\"https:\/\/secure.gravatar.com\/avatar\/b779d46516fe39b809059134270ec707?s=96&d=mm&r=g\",\"contentUrl\":\"https:\/\/secure.gravatar.com\/avatar\/b779d46516fe39b809059134270ec707?s=96&d=mm&r=g\",\"caption\":\"Elissandra Batista\"},\"url\":\"https:\/\/radio.ufpa.br\/index.php\/author\/elissandra\/\"}]}<\/script>\n<!-- \/ Yoast SEO plugin. -->","yoast_head_json":{"title":"Acesso ao patrim\u00f4nio gen\u00e9tico e aos conhecimentos tradicionais associados - Radio Web UFPA","description":"Saiba mais sobre Lei da Biodiversidade, principalmente as mudan\u00e7as que ela prop\u00f5e para o acesso ao patrim\u00f4nio gen\u00e9tico e aos conhecimentos tradicionais.","robots":{"index":"index","follow":"follow","max-snippet":"max-snippet:-1","max-image-preview":"max-image-preview:large","max-video-preview":"max-video-preview:-1"},"canonical":"https:\/\/radio.ufpa.br\/index.php\/ufpa-debate\/patrimonio-genetico-e-conhecimentos-tradicionais\/","og_locale":"pt_BR","og_type":"article","og_title":"Acesso ao patrim\u00f4nio gen\u00e9tico e aos conhecimentos tradicionais associados - Radio Web UFPA","og_description":"Saiba mais sobre Lei da Biodiversidade, principalmente as mudan\u00e7as que ela prop\u00f5e para o acesso ao patrim\u00f4nio gen\u00e9tico e aos conhecimentos tradicionais.","og_url":"https:\/\/radio.ufpa.br\/index.php\/ufpa-debate\/patrimonio-genetico-e-conhecimentos-tradicionais\/","og_site_name":"Radio Web UFPA","article_publisher":"https:\/\/www.facebook.com\/radiowebufpa","article_published_time":"2019-03-18T14:36:42+00:00","article_modified_time":"2019-03-18T20:53:41+00:00","og_image":[{"width":533,"height":300,"url":"https:\/\/i0.wp.com\/radio.ufpa.br\/wp-content\/uploads\/2019\/02\/lei da biodiversidade.jpg?fit=533%2C300&ssl=1","type":"image\/jpeg"}],"author":"Elissandra Batista","twitter_card":"summary_large_image","twitter_creator":"@radiowebufpa","twitter_site":"@radiowebufpa","twitter_misc":{"Escrito por":"Elissandra Batista","Est. tempo de leitura":"3 minutos"},"schema":{"@context":"https:\/\/schema.org","@graph":[{"@type":"Article","@id":"https:\/\/radio.ufpa.br\/index.php\/ufpa-debate\/patrimonio-genetico-e-conhecimentos-tradicionais\/#article","isPartOf":{"@id":"https:\/\/radio.ufpa.br\/index.php\/ufpa-debate\/patrimonio-genetico-e-conhecimentos-tradicionais\/"},"author":{"name":"Elissandra Batista","@id":"https:\/\/radio.ufpa.br\/#\/schema\/person\/51774ebb30a3903e2bf07acf94e8fea6"},"headline":"Acesso ao patrim\u00f4nio gen\u00e9tico e aos conhecimentos tradicionais associados","datePublished":"2019-03-18T14:36:42+00:00","dateModified":"2019-03-18T20:53:41+00:00","mainEntityOfPage":{"@id":"https:\/\/radio.ufpa.br\/index.php\/ufpa-debate\/patrimonio-genetico-e-conhecimentos-tradicionais\/"},"wordCount":571,"commentCount":0,"publisher":{"@id":"https:\/\/radio.ufpa.br\/#organization"},"image":{"@id":"https:\/\/radio.ufpa.br\/index.php\/ufpa-debate\/patrimonio-genetico-e-conhecimentos-tradicionais\/#primaryimage"},"thumbnailUrl":"https:\/\/i0.wp.com\/radio.ufpa.br\/wp-content\/uploads\/2019\/02\/lei%20da%20biodiversidade.jpg?fit=533%2C300&ssl=1","articleSection":["UFPA Debate"],"inLanguage":"pt-BR","potentialAction":[{"@type":"CommentAction","name":"Comment","target":["https:\/\/radio.ufpa.br\/index.php\/ufpa-debate\/patrimonio-genetico-e-conhecimentos-tradicionais\/#respond"]}]},{"@type":"WebPage","@id":"https:\/\/radio.ufpa.br\/index.php\/ufpa-debate\/patrimonio-genetico-e-conhecimentos-tradicionais\/","url":"https:\/\/radio.ufpa.br\/index.php\/ufpa-debate\/patrimonio-genetico-e-conhecimentos-tradicionais\/","name":"Acesso ao patrim\u00f4nio gen\u00e9tico e aos conhecimentos tradicionais associados - Radio Web UFPA","isPartOf":{"@id":"https:\/\/radio.ufpa.br\/#website"},"primaryImageOfPage":{"@id":"https:\/\/radio.ufpa.br\/index.php\/ufpa-debate\/patrimonio-genetico-e-conhecimentos-tradicionais\/#primaryimage"},"image":{"@id":"https:\/\/radio.ufpa.br\/index.php\/ufpa-debate\/patrimonio-genetico-e-conhecimentos-tradicionais\/#primaryimage"},"thumbnailUrl":"https:\/\/i0.wp.com\/radio.ufpa.br\/wp-content\/uploads\/2019\/02\/lei%20da%20biodiversidade.jpg?fit=533%2C300&ssl=1","datePublished":"2019-03-18T14:36:42+00:00","dateModified":"2019-03-18T20:53:41+00:00","description":"Saiba mais sobre Lei da Biodiversidade, principalmente as mudan\u00e7as que ela prop\u00f5e para o acesso ao patrim\u00f4nio gen\u00e9tico e aos conhecimentos tradicionais.","breadcrumb":{"@id":"https:\/\/radio.ufpa.br\/index.php\/ufpa-debate\/patrimonio-genetico-e-conhecimentos-tradicionais\/#breadcrumb"},"inLanguage":"pt-BR","potentialAction":[{"@type":"ReadAction","target":["https:\/\/radio.ufpa.br\/index.php\/ufpa-debate\/patrimonio-genetico-e-conhecimentos-tradicionais\/"]}]},{"@type":"ImageObject","inLanguage":"pt-BR","@id":"https:\/\/radio.ufpa.br\/index.php\/ufpa-debate\/patrimonio-genetico-e-conhecimentos-tradicionais\/#primaryimage","url":"https:\/\/i0.wp.com\/radio.ufpa.br\/wp-content\/uploads\/2019\/02\/lei%20da%20biodiversidade.jpg?fit=533%2C300&ssl=1","contentUrl":"https:\/\/i0.wp.com\/radio.ufpa.br\/wp-content\/uploads\/2019\/02\/lei%20da%20biodiversidade.jpg?fit=533%2C300&ssl=1","width":533,"height":300},{"@type":"BreadcrumbList","@id":"https:\/\/radio.ufpa.br\/index.php\/ufpa-debate\/patrimonio-genetico-e-conhecimentos-tradicionais\/#breadcrumb","itemListElement":[{"@type":"ListItem","position":1,"name":"In\u00edcio","item":"https:\/\/radio.ufpa.br\/"},{"@type":"ListItem","position":2,"name":"Acesso ao patrim\u00f4nio gen\u00e9tico e aos conhecimentos tradicionais associados"}]},{"@type":"WebSite","@id":"https:\/\/radio.ufpa.br\/#website","url":"https:\/\/radio.ufpa.br\/","name":"Radio Web UFPA","description":"Divulgando o conhecimento","publisher":{"@id":"https:\/\/radio.ufpa.br\/#organization"},"potentialAction":[{"@type":"SearchAction","target":{"@type":"EntryPoint","urlTemplate":"https:\/\/radio.ufpa.br\/?s={search_term_string}"},"query-input":{"@type":"PropertyValueSpecification","valueRequired":true,"valueName":"search_term_string"}}],"inLanguage":"pt-BR"},{"@type":"Organization","@id":"https:\/\/radio.ufpa.br\/#organization","name":"UNIVERSIDADE FEDERAL DO PAR\u00c1-R\u00c1DIO WEB UFPA","url":"https:\/\/radio.ufpa.br\/","logo":{"@type":"ImageObject","inLanguage":"pt-BR","@id":"https:\/\/radio.ufpa.br\/#\/schema\/logo\/image\/","url":"https:\/\/i0.wp.com\/radio.ufpa.br\/wp-content\/uploads\/2025\/12\/images-removebg-preview.png?fit=417%2C121&ssl=1","contentUrl":"https:\/\/i0.wp.com\/radio.ufpa.br\/wp-content\/uploads\/2025\/12\/images-removebg-preview.png?fit=417%2C121&ssl=1","width":417,"height":121,"caption":"UNIVERSIDADE FEDERAL DO PAR\u00c1-R\u00c1DIO WEB UFPA"},"image":{"@id":"https:\/\/radio.ufpa.br\/#\/schema\/logo\/image\/"},"sameAs":["https:\/\/www.facebook.com\/radiowebufpa","https:\/\/x.com\/radiowebufpa","https:\/\/www.instagram.com\/radiowebufpa\/","https:\/\/www.youtube.com\/user\/RadioWebUFP4"]},{"@type":"Person","@id":"https:\/\/radio.ufpa.br\/#\/schema\/person\/51774ebb30a3903e2bf07acf94e8fea6","name":"Elissandra Batista","image":{"@type":"ImageObject","inLanguage":"pt-BR","@id":"https:\/\/radio.ufpa.br\/#\/schema\/person\/image\/","url":"https:\/\/secure.gravatar.com\/avatar\/b779d46516fe39b809059134270ec707?s=96&d=mm&r=g","contentUrl":"https:\/\/secure.gravatar.com\/avatar\/b779d46516fe39b809059134270ec707?s=96&d=mm&r=g","caption":"Elissandra Batista"},"url":"https:\/\/radio.ufpa.br\/index.php\/author\/elissandra\/"}]}},"jetpack_publicize_connections":[],"jetpack_featured_media_url":"https:\/\/i0.wp.com\/radio.ufpa.br\/wp-content\/uploads\/2019\/02\/lei%20da%20biodiversidade.jpg?fit=533%2C300&ssl=1","jetpack_shortlink":"https:\/\/wp.me\/p8TJeA-1u7","jetpack_likes_enabled":true,"jetpack-related-posts":[],"jetpack_sharing_enabled":true,"_links":{"self":[{"href":"https:\/\/radio.ufpa.br\/index.php\/wp-json\/wp\/v2\/posts\/5711","targetHints":{"allow":["GET"]}}],"collection":[{"href":"https:\/\/radio.ufpa.br\/index.php\/wp-json\/wp\/v2\/posts"}],"about":[{"href":"https:\/\/radio.ufpa.br\/index.php\/wp-json\/wp\/v2\/types\/post"}],"author":[{"embeddable":true,"href":"https:\/\/radio.ufpa.br\/index.php\/wp-json\/wp\/v2\/users\/6"}],"replies":[{"embeddable":true,"href":"https:\/\/radio.ufpa.br\/index.php\/wp-json\/wp\/v2\/comments?post=5711"}],"version-history":[{"count":8,"href":"https:\/\/radio.ufpa.br\/index.php\/wp-json\/wp\/v2\/posts\/5711\/revisions"}],"predecessor-version":[{"id":5725,"href":"https:\/\/radio.ufpa.br\/index.php\/wp-json\/wp\/v2\/posts\/5711\/revisions\/5725"}],"wp:featuredmedia":[{"embeddable":true,"href":"https:\/\/radio.ufpa.br\/index.php\/wp-json\/wp\/v2\/media\/5719"}],"wp:attachment":[{"href":"https:\/\/radio.ufpa.br\/index.php\/wp-json\/wp\/v2\/media?parent=5711"}],"wp:term":[{"taxonomy":"category","embeddable":true,"href":"https:\/\/radio.ufpa.br\/index.php\/wp-json\/wp\/v2\/categories?post=5711"},{"taxonomy":"post_tag","embeddable":true,"href":"https:\/\/radio.ufpa.br\/index.php\/wp-json\/wp\/v2\/tags?post=5711"}],"curies":[{"name":"wp","href":"https:\/\/api.w.org\/{rel}","templated":true}]}}