{"id":578,"date":"2017-02-07T13:18:05","date_gmt":"2017-02-07T15:18:05","guid":{"rendered":"http:\/\/radio.ufpa.br\/?p=578"},"modified":"2017-09-21T15:53:51","modified_gmt":"2017-09-21T18:53:51","slug":"campus-da-ufpa-em-ananindeua","status":"publish","type":"post","link":"https:\/\/radio.ufpa.br\/index.php\/universidade-multicampi\/campus-da-ufpa-em-ananindeua\/","title":{"rendered":"Campus da UFPA em Ananindeua"},"content":{"rendered":"<header class=\"article-header clearfix\"><!--[if lt IE 9]><script>document.createElement('audio');<\/script><![endif]-->\n\t<div class=\"wp-playlist wp-audio-playlist wp-playlist-light\">\n\t\t\t<div class=\"wp-playlist-current-item\"><\/div>\n\t\t<audio controls=\"controls\" preload=\"none\" width=\"1178\"\n\t\t\t><\/audio>\n\t<div class=\"wp-playlist-next\"><\/div>\n\t<div class=\"wp-playlist-prev\"><\/div>\n\t<noscript>\n\t<ol>\n\t\t<li><a href='https:\/\/radio.ufpa.br\/wp-content\/uploads\/2017\/02\/UNIVERSIDADE%20MULTICAMPI%20-%20CAMPUS%20ANANINDEUA%20-%20FRANCIVALDO%20NUNES%20-%2007.01.17.mp3'>Campus da UFPA em Ananindeua<\/a><\/li>\t<\/ol>\n\t<\/noscript>\n\t<script type=\"application\/json\" class=\"wp-playlist-script\">{\"type\":\"audio\",\"tracklist\":true,\"tracknumbers\":true,\"images\":true,\"artists\":true,\"tracks\":[{\"src\":\"https:\\\/\\\/radio.ufpa.br\\\/wp-content\\\/uploads\\\/2017\\\/02\\\/UNIVERSIDADE MULTICAMPI - CAMPUS ANANINDEUA - FRANCIVALDO NUNES - 07.01.17.mp3\",\"type\":\"audio\\\/mpeg\",\"title\":\"Campus da UFPA em Ananindeua\",\"caption\":\"\",\"description\":\"\\\"UNIVERSIDADE MULTICAMPI - CAMPUS ANANINDEUA - FRANCIVALDO NUNES - 07.01.17\\\". Genre: Other.\",\"meta\":{\"artist\":\"R\\u00e1dio Web UFPA\",\"album\":\"Universidade Multicampi\",\"genre\":\"Other\",\"length_formatted\":\"26:08\"},\"image\":{\"src\":\"https:\\\/\\\/i0.wp.com\\\/radio.ufpa.br\\\/wp-content\\\/uploads\\\/2017\\\/06\\\/multicampi.png?fit=300%2C300&ssl=1\",\"width\":300,\"height\":300},\"thumb\":{\"src\":\"https:\\\/\\\/i0.wp.com\\\/radio.ufpa.br\\\/wp-content\\\/uploads\\\/2017\\\/06\\\/multicampi.png?resize=150%2C150&ssl=1\",\"width\":150,\"height\":150}}]}<\/script>\n<\/div>\n\t<\/p>\n<p class=\"article-title\">O campus da UFPA em Ananindeua \u00e9 destaque no Universidade Multicampi desta semana.<\/p>\n<p class=\"article-title\">No programa, voc\u00ea fica por dentro da hist\u00f3ria, infraestrutura, metas e desafios nas \u00e1reas do ensino, pesquisa e extens\u00e3o de um dos campi mais recentes da UFPA.Criado em 12 de agosto de 2013 a institui\u00e7\u00e3o funciona no pr\u00e9dio da Faculdade da Amaz\u00f4nia (FAAM), espa\u00e7o locado pela UFPA, na BR 316.<\/p>\n<\/header>\n<section class=\"article-content clearfix\">Atualmente, o campus possui os cursos de Engenharia de Materiais, Ci\u00eancias e Tecnologia, Tecn\u00f3logo em Geoprocessamento e as licenciaturas de Hist\u00f3ria, Geografia, Qu\u00edmica e F\u00edsica.Criado para atender as demandas de forma\u00e7\u00e3o superior da regi\u00e3o metropolitana, abrange os munic\u00edpios de Ananindeua, Marituba, Santa B\u00e1rbara e Benevides.<\/p>\n<p>Com cerca de 15 projetos aprovados nas mais diversas \u00e1reas, uma das principais metas da atual coordena\u00e7\u00e3o \u00e9 fazer do campus da UFPA em Ananindeua um centro de refer\u00eancia em pesquisa tanto na \u00e1rea tecnol\u00f3gica quanto nas disciplinas de humanas.<\/p>\n<p>Coordenador do campus, o professor Francivaldo Nunes fala ainda sobre a assist\u00eancia oferecida aos estudantes com vulnerabilidade s\u00f3cio econ\u00f4mica, e tamb\u00e9m da participa\u00e7\u00e3o dos alunos em din\u00e2micas culturais proporcionadas pela Universidade.<\/p>\n<\/section>\n","protected":false},"excerpt":{"rendered":"<p> &#8230; <a title=\"Campus da UFPA em Ananindeua\" class=\"read-more\" href=\"https:\/\/radio.ufpa.br\/index.php\/universidade-multicampi\/campus-da-ufpa-em-ananindeua\/\" aria-label=\"Read more about Campus da UFPA em Ananindeua\">Ler mais<\/a><\/p>\n","protected":false},"author":2,"featured_media":2167,"comment_status":"open","ping_status":"open","sticky":false,"template":"","format":"standard","meta":{"_acf_changed":false,"_exactmetrics_skip_tracking":false,"_exactmetrics_sitenote_active":false,"_exactmetrics_sitenote_note":"","_exactmetrics_sitenote_category":0,"_monsterinsights_skip_tracking":false,"_monsterinsights_sitenote_active":false,"_monsterinsights_sitenote_note":"","_monsterinsights_sitenote_category":0,"_uf_show_specific_survey":0,"_uf_disable_surveys":false,"jetpack_post_was_ever_published":false,"_jetpack_newsletter_access":"","_jetpack_dont_email_post_to_subs":false,"_jetpack_newsletter_tier_id":0,"_jetpack_memberships_contains_paywalled_content":false,"_jetpack_memberships_contains_paid_content":false,"footnotes":"","jetpack_publicize_message":"","jetpack_publicize_feature_enabled":true,"jetpack_social_post_already_shared":true,"jetpack_social_options":{"image_generator_settings":{"template":"highway","enabled":false},"version":2}},"categories":[38],"tags":[518,625,616,619,618,617,623,626,621,620,256,622,624],"class_list":["post-578","post","type-post","status-publish","format-standard","has-post-thumbnail","hentry","category-universidade-multicampi","tag-ananindeua","tag-benevides","tag-campus-da-ufpa","tag-ciencias-e-tecnologia","tag-engenharia-de-materiais","tag-faam","tag-fisica","tag-francivaldo-nunes","tag-geografia","tag-historia","tag-marituba","tag-quimica","tag-santa-barbara"],"acf":[],"yoast_head":"<!-- This site is optimized with the Yoast SEO plugin v25.1 - https:\/\/yoast.com\/wordpress\/plugins\/seo\/ -->\n<title>Campus da UFPA em Ananindeua - Radio Web UFPA<\/title>\n<meta name=\"robots\" content=\"index, follow, max-snippet:-1, max-image-preview:large, max-video-preview:-1\" \/>\n<link rel=\"canonical\" href=\"https:\/\/radio.ufpa.br\/index.php\/universidade-multicampi\/campus-da-ufpa-em-ananindeua\/\" \/>\n<meta property=\"og:locale\" content=\"pt_BR\" \/>\n<meta property=\"og:type\" content=\"article\" \/>\n<meta property=\"og:title\" content=\"Campus da UFPA em Ananindeua - Radio Web UFPA\" \/>\n<meta property=\"og:description\" content=\"... Ler mais\" \/>\n<meta property=\"og:url\" content=\"https:\/\/radio.ufpa.br\/index.php\/universidade-multicampi\/campus-da-ufpa-em-ananindeua\/\" \/>\n<meta property=\"og:site_name\" content=\"Radio Web UFPA\" \/>\n<meta property=\"article:publisher\" content=\"https:\/\/www.facebook.com\/radiowebufpa\" \/>\n<meta property=\"article:published_time\" content=\"2017-02-07T15:18:05+00:00\" \/>\n<meta property=\"article:modified_time\" content=\"2017-09-21T18:53:51+00:00\" \/>\n<meta property=\"og:image\" content=\"https:\/\/radio.ufpa.br\/wp-content\/uploads\/2017\/09\/SEDE-PROVIS\u00d3RIA-1024x768.jpg\" \/>\n\t<meta property=\"og:image:width\" content=\"1024\" \/>\n\t<meta property=\"og:image:height\" content=\"768\" \/>\n\t<meta property=\"og:image:type\" content=\"image\/jpeg\" \/>\n<meta name=\"author\" content=\"Fabr\u00edcio Queiroz\" \/>\n<meta name=\"twitter:card\" content=\"summary_large_image\" \/>\n<meta name=\"twitter:creator\" content=\"@radiowebufpa\" \/>\n<meta name=\"twitter:site\" content=\"@radiowebufpa\" \/>\n<meta name=\"twitter:label1\" content=\"Escrito por\" \/>\n\t<meta name=\"twitter:data1\" content=\"Fabr\u00edcio Queiroz\" \/>\n\t<meta name=\"twitter:label2\" content=\"Est. tempo de leitura\" \/>\n\t<meta name=\"twitter:data2\" content=\"1 minuto\" \/>\n<script type=\"application\/ld+json\" class=\"yoast-schema-graph\">{\"@context\":\"https:\/\/schema.org\",\"@graph\":[{\"@type\":\"Article\",\"@id\":\"https:\/\/radio.ufpa.br\/index.php\/universidade-multicampi\/campus-da-ufpa-em-ananindeua\/#article\",\"isPartOf\":{\"@id\":\"https:\/\/radio.ufpa.br\/index.php\/universidade-multicampi\/campus-da-ufpa-em-ananindeua\/\"},\"author\":{\"name\":\"Fabr\u00edcio Queiroz\",\"@id\":\"https:\/\/radio.ufpa.br\/#\/schema\/person\/f3f139516982741ca0831359933ac096\"},\"headline\":\"Campus da UFPA em Ananindeua\",\"datePublished\":\"2017-02-07T15:18:05+00:00\",\"dateModified\":\"2017-09-21T18:53:51+00:00\",\"mainEntityOfPage\":{\"@id\":\"https:\/\/radio.ufpa.br\/index.php\/universidade-multicampi\/campus-da-ufpa-em-ananindeua\/\"},\"wordCount\":206,\"commentCount\":0,\"publisher\":{\"@id\":\"https:\/\/radio.ufpa.br\/#organization\"},\"image\":{\"@id\":\"https:\/\/radio.ufpa.br\/index.php\/universidade-multicampi\/campus-da-ufpa-em-ananindeua\/#primaryimage\"},\"thumbnailUrl\":\"https:\/\/i0.wp.com\/radio.ufpa.br\/wp-content\/uploads\/2017\/09\/SEDE-PROVIS%C3%93RIA.JPG?fit=3264%2C2448&ssl=1\",\"keywords\":[\"Ananindeua\",\"Benevides\",\"Campus da UFPA\",\"Ci\u00eancias e Tecnologia\",\"Engenharia de Materiais\",\"FAAM\",\"F\u00edsica.\",\"Francivaldo Nunes\",\"Geografia\",\"Hist\u00f3ria\",\"Marituba\",\"Qu\u00edmica\",\"Santa B\u00e1rbara\"],\"articleSection\":[\"Universidade Multicampi\"],\"inLanguage\":\"pt-BR\",\"potentialAction\":[{\"@type\":\"CommentAction\",\"name\":\"Comment\",\"target\":[\"https:\/\/radio.ufpa.br\/index.php\/universidade-multicampi\/campus-da-ufpa-em-ananindeua\/#respond\"]}]},{\"@type\":\"WebPage\",\"@id\":\"https:\/\/radio.ufpa.br\/index.php\/universidade-multicampi\/campus-da-ufpa-em-ananindeua\/\",\"url\":\"https:\/\/radio.ufpa.br\/index.php\/universidade-multicampi\/campus-da-ufpa-em-ananindeua\/\",\"name\":\"Campus da UFPA em Ananindeua - Radio Web UFPA\",\"isPartOf\":{\"@id\":\"https:\/\/radio.ufpa.br\/#website\"},\"primaryImageOfPage\":{\"@id\":\"https:\/\/radio.ufpa.br\/index.php\/universidade-multicampi\/campus-da-ufpa-em-ananindeua\/#primaryimage\"},\"image\":{\"@id\":\"https:\/\/radio.ufpa.br\/index.php\/universidade-multicampi\/campus-da-ufpa-em-ananindeua\/#primaryimage\"},\"thumbnailUrl\":\"https:\/\/i0.wp.com\/radio.ufpa.br\/wp-content\/uploads\/2017\/09\/SEDE-PROVIS%C3%93RIA.JPG?fit=3264%2C2448&ssl=1\",\"datePublished\":\"2017-02-07T15:18:05+00:00\",\"dateModified\":\"2017-09-21T18:53:51+00:00\",\"breadcrumb\":{\"@id\":\"https:\/\/radio.ufpa.br\/index.php\/universidade-multicampi\/campus-da-ufpa-em-ananindeua\/#breadcrumb\"},\"inLanguage\":\"pt-BR\",\"potentialAction\":[{\"@type\":\"ReadAction\",\"target\":[\"https:\/\/radio.ufpa.br\/index.php\/universidade-multicampi\/campus-da-ufpa-em-ananindeua\/\"]}]},{\"@type\":\"ImageObject\",\"inLanguage\":\"pt-BR\",\"@id\":\"https:\/\/radio.ufpa.br\/index.php\/universidade-multicampi\/campus-da-ufpa-em-ananindeua\/#primaryimage\",\"url\":\"https:\/\/i0.wp.com\/radio.ufpa.br\/wp-content\/uploads\/2017\/09\/SEDE-PROVIS%C3%93RIA.JPG?fit=3264%2C2448&ssl=1\",\"contentUrl\":\"https:\/\/i0.wp.com\/radio.ufpa.br\/wp-content\/uploads\/2017\/09\/SEDE-PROVIS%C3%93RIA.JPG?fit=3264%2C2448&ssl=1\",\"width\":3264,\"height\":2448},{\"@type\":\"BreadcrumbList\",\"@id\":\"https:\/\/radio.ufpa.br\/index.php\/universidade-multicampi\/campus-da-ufpa-em-ananindeua\/#breadcrumb\",\"itemListElement\":[{\"@type\":\"ListItem\",\"position\":1,\"name\":\"In\u00edcio\",\"item\":\"https:\/\/radio.ufpa.br\/\"},{\"@type\":\"ListItem\",\"position\":2,\"name\":\"Campus da UFPA em Ananindeua\"}]},{\"@type\":\"WebSite\",\"@id\":\"https:\/\/radio.ufpa.br\/#website\",\"url\":\"https:\/\/radio.ufpa.br\/\",\"name\":\"Radio Web UFPA\",\"description\":\"Divulgando o conhecimento\",\"publisher\":{\"@id\":\"https:\/\/radio.ufpa.br\/#organization\"},\"potentialAction\":[{\"@type\":\"SearchAction\",\"target\":{\"@type\":\"EntryPoint\",\"urlTemplate\":\"https:\/\/radio.ufpa.br\/?s={search_term_string}\"},\"query-input\":{\"@type\":\"PropertyValueSpecification\",\"valueRequired\":true,\"valueName\":\"search_term_string\"}}],\"inLanguage\":\"pt-BR\"},{\"@type\":\"Organization\",\"@id\":\"https:\/\/radio.ufpa.br\/#organization\",\"name\":\"UNIVERSIDADE FEDERAL DO PAR\u00c1-R\u00c1DIO WEB UFPA\",\"url\":\"https:\/\/radio.ufpa.br\/\",\"logo\":{\"@type\":\"ImageObject\",\"inLanguage\":\"pt-BR\",\"@id\":\"https:\/\/radio.ufpa.br\/#\/schema\/logo\/image\/\",\"url\":\"https:\/\/i0.wp.com\/radio.ufpa.br\/wp-content\/uploads\/2025\/12\/images-removebg-preview.png?fit=417%2C121&ssl=1\",\"contentUrl\":\"https:\/\/i0.wp.com\/radio.ufpa.br\/wp-content\/uploads\/2025\/12\/images-removebg-preview.png?fit=417%2C121&ssl=1\",\"width\":417,\"height\":121,\"caption\":\"UNIVERSIDADE FEDERAL DO PAR\u00c1-R\u00c1DIO WEB UFPA\"},\"image\":{\"@id\":\"https:\/\/radio.ufpa.br\/#\/schema\/logo\/image\/\"},\"sameAs\":[\"https:\/\/www.facebook.com\/radiowebufpa\",\"https:\/\/x.com\/radiowebufpa\",\"https:\/\/www.instagram.com\/radiowebufpa\/\",\"https:\/\/www.youtube.com\/user\/RadioWebUFP4\"]},{\"@type\":\"Person\",\"@id\":\"https:\/\/radio.ufpa.br\/#\/schema\/person\/f3f139516982741ca0831359933ac096\",\"name\":\"Fabr\u00edcio Queiroz\",\"image\":{\"@type\":\"ImageObject\",\"inLanguage\":\"pt-BR\",\"@id\":\"https:\/\/radio.ufpa.br\/#\/schema\/person\/image\/\",\"url\":\"https:\/\/secure.gravatar.com\/avatar\/16286edb2cee888d704ce74385081b7f?s=96&d=mm&r=g\",\"contentUrl\":\"https:\/\/secure.gravatar.com\/avatar\/16286edb2cee888d704ce74385081b7f?s=96&d=mm&r=g\",\"caption\":\"Fabr\u00edcio Queiroz\"},\"description\":\"Editor e Jornalista respons\u00e1vel\",\"url\":\"https:\/\/radio.ufpa.br\/index.php\/author\/fabricio\/\"}]}<\/script>\n<!-- \/ Yoast SEO plugin. -->","yoast_head_json":{"title":"Campus da UFPA em Ananindeua - Radio Web UFPA","robots":{"index":"index","follow":"follow","max-snippet":"max-snippet:-1","max-image-preview":"max-image-preview:large","max-video-preview":"max-video-preview:-1"},"canonical":"https:\/\/radio.ufpa.br\/index.php\/universidade-multicampi\/campus-da-ufpa-em-ananindeua\/","og_locale":"pt_BR","og_type":"article","og_title":"Campus da UFPA em Ananindeua - Radio Web UFPA","og_description":"... Ler mais","og_url":"https:\/\/radio.ufpa.br\/index.php\/universidade-multicampi\/campus-da-ufpa-em-ananindeua\/","og_site_name":"Radio Web UFPA","article_publisher":"https:\/\/www.facebook.com\/radiowebufpa","article_published_time":"2017-02-07T15:18:05+00:00","article_modified_time":"2017-09-21T18:53:51+00:00","og_image":[{"width":1024,"height":768,"url":"https:\/\/radio.ufpa.br\/wp-content\/uploads\/2017\/09\/SEDE-PROVIS\u00d3RIA-1024x768.jpg","type":"image\/jpeg"}],"author":"Fabr\u00edcio Queiroz","twitter_card":"summary_large_image","twitter_creator":"@radiowebufpa","twitter_site":"@radiowebufpa","twitter_misc":{"Escrito por":"Fabr\u00edcio Queiroz","Est. tempo de leitura":"1 minuto"},"schema":{"@context":"https:\/\/schema.org","@graph":[{"@type":"Article","@id":"https:\/\/radio.ufpa.br\/index.php\/universidade-multicampi\/campus-da-ufpa-em-ananindeua\/#article","isPartOf":{"@id":"https:\/\/radio.ufpa.br\/index.php\/universidade-multicampi\/campus-da-ufpa-em-ananindeua\/"},"author":{"name":"Fabr\u00edcio Queiroz","@id":"https:\/\/radio.ufpa.br\/#\/schema\/person\/f3f139516982741ca0831359933ac096"},"headline":"Campus da UFPA em Ananindeua","datePublished":"2017-02-07T15:18:05+00:00","dateModified":"2017-09-21T18:53:51+00:00","mainEntityOfPage":{"@id":"https:\/\/radio.ufpa.br\/index.php\/universidade-multicampi\/campus-da-ufpa-em-ananindeua\/"},"wordCount":206,"commentCount":0,"publisher":{"@id":"https:\/\/radio.ufpa.br\/#organization"},"image":{"@id":"https:\/\/radio.ufpa.br\/index.php\/universidade-multicampi\/campus-da-ufpa-em-ananindeua\/#primaryimage"},"thumbnailUrl":"https:\/\/i0.wp.com\/radio.ufpa.br\/wp-content\/uploads\/2017\/09\/SEDE-PROVIS%C3%93RIA.JPG?fit=3264%2C2448&ssl=1","keywords":["Ananindeua","Benevides","Campus da UFPA","Ci\u00eancias e Tecnologia","Engenharia de Materiais","FAAM","F\u00edsica.","Francivaldo Nunes","Geografia","Hist\u00f3ria","Marituba","Qu\u00edmica","Santa B\u00e1rbara"],"articleSection":["Universidade Multicampi"],"inLanguage":"pt-BR","potentialAction":[{"@type":"CommentAction","name":"Comment","target":["https:\/\/radio.ufpa.br\/index.php\/universidade-multicampi\/campus-da-ufpa-em-ananindeua\/#respond"]}]},{"@type":"WebPage","@id":"https:\/\/radio.ufpa.br\/index.php\/universidade-multicampi\/campus-da-ufpa-em-ananindeua\/","url":"https:\/\/radio.ufpa.br\/index.php\/universidade-multicampi\/campus-da-ufpa-em-ananindeua\/","name":"Campus da UFPA em Ananindeua - Radio Web UFPA","isPartOf":{"@id":"https:\/\/radio.ufpa.br\/#website"},"primaryImageOfPage":{"@id":"https:\/\/radio.ufpa.br\/index.php\/universidade-multicampi\/campus-da-ufpa-em-ananindeua\/#primaryimage"},"image":{"@id":"https:\/\/radio.ufpa.br\/index.php\/universidade-multicampi\/campus-da-ufpa-em-ananindeua\/#primaryimage"},"thumbnailUrl":"https:\/\/i0.wp.com\/radio.ufpa.br\/wp-content\/uploads\/2017\/09\/SEDE-PROVIS%C3%93RIA.JPG?fit=3264%2C2448&ssl=1","datePublished":"2017-02-07T15:18:05+00:00","dateModified":"2017-09-21T18:53:51+00:00","breadcrumb":{"@id":"https:\/\/radio.ufpa.br\/index.php\/universidade-multicampi\/campus-da-ufpa-em-ananindeua\/#breadcrumb"},"inLanguage":"pt-BR","potentialAction":[{"@type":"ReadAction","target":["https:\/\/radio.ufpa.br\/index.php\/universidade-multicampi\/campus-da-ufpa-em-ananindeua\/"]}]},{"@type":"ImageObject","inLanguage":"pt-BR","@id":"https:\/\/radio.ufpa.br\/index.php\/universidade-multicampi\/campus-da-ufpa-em-ananindeua\/#primaryimage","url":"https:\/\/i0.wp.com\/radio.ufpa.br\/wp-content\/uploads\/2017\/09\/SEDE-PROVIS%C3%93RIA.JPG?fit=3264%2C2448&ssl=1","contentUrl":"https:\/\/i0.wp.com\/radio.ufpa.br\/wp-content\/uploads\/2017\/09\/SEDE-PROVIS%C3%93RIA.JPG?fit=3264%2C2448&ssl=1","width":3264,"height":2448},{"@type":"BreadcrumbList","@id":"https:\/\/radio.ufpa.br\/index.php\/universidade-multicampi\/campus-da-ufpa-em-ananindeua\/#breadcrumb","itemListElement":[{"@type":"ListItem","position":1,"name":"In\u00edcio","item":"https:\/\/radio.ufpa.br\/"},{"@type":"ListItem","position":2,"name":"Campus da UFPA em Ananindeua"}]},{"@type":"WebSite","@id":"https:\/\/radio.ufpa.br\/#website","url":"https:\/\/radio.ufpa.br\/","name":"Radio Web UFPA","description":"Divulgando o conhecimento","publisher":{"@id":"https:\/\/radio.ufpa.br\/#organization"},"potentialAction":[{"@type":"SearchAction","target":{"@type":"EntryPoint","urlTemplate":"https:\/\/radio.ufpa.br\/?s={search_term_string}"},"query-input":{"@type":"PropertyValueSpecification","valueRequired":true,"valueName":"search_term_string"}}],"inLanguage":"pt-BR"},{"@type":"Organization","@id":"https:\/\/radio.ufpa.br\/#organization","name":"UNIVERSIDADE FEDERAL DO PAR\u00c1-R\u00c1DIO WEB UFPA","url":"https:\/\/radio.ufpa.br\/","logo":{"@type":"ImageObject","inLanguage":"pt-BR","@id":"https:\/\/radio.ufpa.br\/#\/schema\/logo\/image\/","url":"https:\/\/i0.wp.com\/radio.ufpa.br\/wp-content\/uploads\/2025\/12\/images-removebg-preview.png?fit=417%2C121&ssl=1","contentUrl":"https:\/\/i0.wp.com\/radio.ufpa.br\/wp-content\/uploads\/2025\/12\/images-removebg-preview.png?fit=417%2C121&ssl=1","width":417,"height":121,"caption":"UNIVERSIDADE FEDERAL DO PAR\u00c1-R\u00c1DIO WEB UFPA"},"image":{"@id":"https:\/\/radio.ufpa.br\/#\/schema\/logo\/image\/"},"sameAs":["https:\/\/www.facebook.com\/radiowebufpa","https:\/\/x.com\/radiowebufpa","https:\/\/www.instagram.com\/radiowebufpa\/","https:\/\/www.youtube.com\/user\/RadioWebUFP4"]},{"@type":"Person","@id":"https:\/\/radio.ufpa.br\/#\/schema\/person\/f3f139516982741ca0831359933ac096","name":"Fabr\u00edcio Queiroz","image":{"@type":"ImageObject","inLanguage":"pt-BR","@id":"https:\/\/radio.ufpa.br\/#\/schema\/person\/image\/","url":"https:\/\/secure.gravatar.com\/avatar\/16286edb2cee888d704ce74385081b7f?s=96&d=mm&r=g","contentUrl":"https:\/\/secure.gravatar.com\/avatar\/16286edb2cee888d704ce74385081b7f?s=96&d=mm&r=g","caption":"Fabr\u00edcio Queiroz"},"description":"Editor e Jornalista respons\u00e1vel","url":"https:\/\/radio.ufpa.br\/index.php\/author\/fabricio\/"}]}},"jetpack_publicize_connections":[],"jetpack_featured_media_url":"https:\/\/i0.wp.com\/radio.ufpa.br\/wp-content\/uploads\/2017\/09\/SEDE-PROVIS%C3%93RIA.JPG?fit=3264%2C2448&ssl=1","jetpack_shortlink":"https:\/\/wp.me\/p8TJeA-9k","jetpack_likes_enabled":true,"jetpack-related-posts":[],"jetpack_sharing_enabled":true,"_links":{"self":[{"href":"https:\/\/radio.ufpa.br\/index.php\/wp-json\/wp\/v2\/posts\/578","targetHints":{"allow":["GET"]}}],"collection":[{"href":"https:\/\/radio.ufpa.br\/index.php\/wp-json\/wp\/v2\/posts"}],"about":[{"href":"https:\/\/radio.ufpa.br\/index.php\/wp-json\/wp\/v2\/types\/post"}],"author":[{"embeddable":true,"href":"https:\/\/radio.ufpa.br\/index.php\/wp-json\/wp\/v2\/users\/2"}],"replies":[{"embeddable":true,"href":"https:\/\/radio.ufpa.br\/index.php\/wp-json\/wp\/v2\/comments?post=578"}],"version-history":[{"count":6,"href":"https:\/\/radio.ufpa.br\/index.php\/wp-json\/wp\/v2\/posts\/578\/revisions"}],"predecessor-version":[{"id":2263,"href":"https:\/\/radio.ufpa.br\/index.php\/wp-json\/wp\/v2\/posts\/578\/revisions\/2263"}],"wp:featuredmedia":[{"embeddable":true,"href":"https:\/\/radio.ufpa.br\/index.php\/wp-json\/wp\/v2\/media\/2167"}],"wp:attachment":[{"href":"https:\/\/radio.ufpa.br\/index.php\/wp-json\/wp\/v2\/media?parent=578"}],"wp:term":[{"taxonomy":"category","embeddable":true,"href":"https:\/\/radio.ufpa.br\/index.php\/wp-json\/wp\/v2\/categories?post=578"},{"taxonomy":"post_tag","embeddable":true,"href":"https:\/\/radio.ufpa.br\/index.php\/wp-json\/wp\/v2\/tags?post=578"}],"curies":[{"name":"wp","href":"https:\/\/api.w.org\/{rel}","templated":true}]}}