{"id":5998,"date":"2019-05-10T17:04:58","date_gmt":"2019-05-10T20:04:58","guid":{"rendered":"http:\/\/radio.ufpa.br\/?p=5998"},"modified":"2019-05-13T12:59:22","modified_gmt":"2019-05-13T15:59:22","slug":"especial-enactus-projeto-costurae","status":"publish","type":"post","link":"https:\/\/radio.ufpa.br\/index.php\/ufpa-comunidade\/especial-enactus-projeto-costurae\/","title":{"rendered":"Especial Enactus: projeto Costura\u00ea"},"content":{"rendered":"<!--[if lt IE 9]><script>document.createElement('audio');<\/script><![endif]-->\n\t<div class=\"wp-playlist wp-audio-playlist wp-playlist-light\">\n\t\t\t<div class=\"wp-playlist-current-item\"><\/div>\n\t\t<audio controls=\"controls\" preload=\"none\" width=\"1178\"\n\t\t\t><\/audio>\n\t<div class=\"wp-playlist-next\"><\/div>\n\t<div class=\"wp-playlist-prev\"><\/div>\n\t<noscript>\n\t<ol>\n\t\t<li><a href='https:\/\/radio.ufpa.br\/wp-content\/uploads\/2019\/02\/UFPA%20COMUNIDADE%20-%20COSTURA\u00ca%20-%2010.05.19.mp3'>UFPA Comunidade - Projeto Costura\u00ea<\/a><\/li>\t<\/ol>\n\t<\/noscript>\n\t<script type=\"application\/json\" class=\"wp-playlist-script\">{\"type\":\"audio\",\"tracklist\":true,\"tracknumbers\":true,\"images\":true,\"artists\":true,\"tracks\":[{\"src\":\"https:\\\/\\\/radio.ufpa.br\\\/wp-content\\\/uploads\\\/2019\\\/02\\\/UFPA COMUNIDADE - COSTURA\\u00ca - 10.05.19.mp3\",\"type\":\"audio\\\/mpeg\",\"title\":\"UFPA Comunidade - Projeto Costura\\u00ea\",\"caption\":\"\",\"description\":\"\\\"UFPA COMUNIDADE - COSTURA\\u00ca - 10.05.19\\\". Genre: Blues.\",\"meta\":{\"artist\":\"R\\u00e1dio Web UFPA\",\"album\":\"UFPA Comunidade\",\"genre\":\"Blues\",\"length_formatted\":\"44:13\"},\"image\":{\"src\":\"https:\\\/\\\/radio.ufpa.br\\\/wp-includes\\\/images\\\/media\\\/audio.svg\",\"width\":48,\"height\":64},\"thumb\":{\"src\":\"https:\\\/\\\/radio.ufpa.br\\\/wp-includes\\\/images\\\/media\\\/audio.svg\",\"width\":48,\"height\":64}}]}<\/script>\n<\/div>\n\t\n<p>Nesta edi\u00e7\u00e3o do UFPA Comunidade voc\u00ea acompanha a segunda parte do Especial Enactus, dessa vez, o programa destaca o projeto Costura\u00ea, uma iniciativa do time Enactus UFPA que busca trazer para mulheres em situa\u00e7\u00e3o de vulnerabilidade socioeconomica uma fonte de renda e empoderamento, dando a elas uma melhor qualidade de vida.<\/p>\n<p>Para falar sobre essa iniciativa contamos com a presen\u00e7a da l\u00edder do projeto, Waleska Oeiras e umas das integrantes da equipe, S\u00e2myla Blois. Contamos tamb\u00e9m com a participa\u00e7\u00e3o de uma das mulheres beneficiadas com o projeto, Maria Jos\u00e9 da Cunha.<\/p>\n<p>Iniciado em 2017, o Costura\u00ea prop\u00f5e a confec\u00e7\u00e3o de materiais em tecido &#8211; camisas e ecobags &#8211; como forma de alcan\u00e7ar esse empoderamento das mulheres beneficiadas. \u201cN\u00f3s, principalmente como mulheres, queremos empoderar outras mulheres a partir do que aprendemos na faculdade ou mesmo na vida, e quer levar essas mulheres a terem oportunidades\u201d afirma Waleska.<\/p>\n<p>Al\u00e9m da gera\u00e7\u00e3o de renda, o Costura\u00ea tamb\u00e9m oferece um ambiente de bem-estar e acolhimento para essas mulheres, como destaca Maria Jos\u00e9, \u201ca gente tem um carinho uma pela outra, conversa e se ajuda, eu acho que ficou como uma fam\u00edlia para mim\u201d declara.<\/p>\n<p>Assim como todos os projetos da Enactus, o Costura\u00ea mant\u00e9m como um dos seus princ\u00edpios a inova\u00e7\u00e3o, buscando ideias e a\u00e7\u00f5es criativas para enfrentar os problemas que surgem durante seu desenvolvimento. \u201cA gente sempre procura estudar metodologias de aplica\u00e7\u00e3o de quest\u00f5es sociais, ambientais, empreendedoras, para levar tanto \u00e0s mulheres quanto \u00e0s pessoas pr\u00f3ximas.<\/p>\n<p>Para conhecer mais sobre o Costura\u00ea e o processo de empoderamento das mulheres participantes, n\u00e3o perca essa edi\u00e7\u00e3o do UFPA Comunidade<\/p>\n<p>Apresenta\u00e7\u00e3o: Fabr\u00edcio Queiroz<br \/>\nProdu\u00e7\u00e3o e roteiro: Thiago Vasconcellos<br \/>\nGrava\u00e7\u00e3o e montagem: Jo\u00e3o Nilo e Karla Guimar\u00e3es<br \/>\nSupervis\u00e3o e edi\u00e7\u00e3o: Elissandra Batista e Fabr\u00edcio Queiroz<\/p>\n<p>O UFPA Comunidade vai ao ar \u00e0s sextas-feiras, \u00e0s 10h e 21h.<br \/>\nHor\u00e1rios alternativos: Domingo, \u00e0s 15h, e ter\u00e7a-feira, \u00e0s 15h.<\/p>\n","protected":false},"excerpt":{"rendered":"<p> &#8230; <a title=\"Especial Enactus: projeto Costura\u00ea\" class=\"read-more\" href=\"https:\/\/radio.ufpa.br\/index.php\/ufpa-comunidade\/especial-enactus-projeto-costurae\/\" aria-label=\"Read more about Especial Enactus: projeto Costura\u00ea\">Ler mais<\/a><\/p>\n","protected":false},"author":6,"featured_media":6009,"comment_status":"open","ping_status":"open","sticky":false,"template":"","format":"standard","meta":{"_acf_changed":false,"_exactmetrics_skip_tracking":false,"_exactmetrics_sitenote_active":false,"_exactmetrics_sitenote_note":"","_exactmetrics_sitenote_category":0,"_monsterinsights_skip_tracking":false,"_monsterinsights_sitenote_active":false,"_monsterinsights_sitenote_note":"","_monsterinsights_sitenote_category":0,"_uf_show_specific_survey":0,"_uf_disable_surveys":false,"jetpack_post_was_ever_published":false,"_jetpack_newsletter_access":"","_jetpack_dont_email_post_to_subs":false,"_jetpack_newsletter_tier_id":0,"_jetpack_memberships_contains_paywalled_content":false,"_jetpack_memberships_contains_paid_content":false,"footnotes":"","jetpack_publicize_message":"","jetpack_publicize_feature_enabled":true,"jetpack_social_post_already_shared":true,"jetpack_social_options":{"image_generator_settings":{"template":"highway","enabled":false},"version":2}},"categories":[43],"tags":[],"class_list":["post-5998","post","type-post","status-publish","format-standard","has-post-thumbnail","hentry","category-ufpa-comunidade"],"acf":[],"yoast_head":"<!-- This site is optimized with the Yoast SEO plugin v25.1 - https:\/\/yoast.com\/wordpress\/plugins\/seo\/ -->\n<title>Especial Enactus: projeto Costura\u00ea - Radio Web UFPA<\/title>\n<meta name=\"description\" content=\"Nesta edi\u00e7\u00e3o do UFPA Comunidade especial Enactus, conhe\u00e7a as a\u00e7\u00f5es do projeto Costura\u00ea, que promove capacita\u00e7\u00e3o de mulheres em corte, costura e gest\u00e3o.\" \/>\n<meta name=\"robots\" content=\"index, follow, max-snippet:-1, max-image-preview:large, max-video-preview:-1\" \/>\n<link rel=\"canonical\" href=\"https:\/\/radio.ufpa.br\/index.php\/ufpa-comunidade\/especial-enactus-projeto-costurae\/\" \/>\n<meta property=\"og:locale\" content=\"pt_BR\" \/>\n<meta property=\"og:type\" content=\"article\" \/>\n<meta property=\"og:title\" content=\"Especial Enactus: projeto Costura\u00ea - Radio Web UFPA\" \/>\n<meta property=\"og:description\" content=\"Nesta edi\u00e7\u00e3o do UFPA Comunidade especial Enactus, conhe\u00e7a as a\u00e7\u00f5es do projeto Costura\u00ea, que promove capacita\u00e7\u00e3o de mulheres em corte, costura e gest\u00e3o.\" \/>\n<meta property=\"og:url\" content=\"https:\/\/radio.ufpa.br\/index.php\/ufpa-comunidade\/especial-enactus-projeto-costurae\/\" \/>\n<meta property=\"og:site_name\" content=\"Radio Web UFPA\" \/>\n<meta property=\"article:publisher\" content=\"https:\/\/www.facebook.com\/radiowebufpa\" \/>\n<meta property=\"article:published_time\" content=\"2019-05-10T20:04:58+00:00\" \/>\n<meta property=\"article:modified_time\" content=\"2019-05-13T15:59:22+00:00\" \/>\n<meta property=\"og:image\" content=\"https:\/\/radio.ufpa.br\/wp-content\/uploads\/2019\/05\/IMG_9713-1024x683.jpg\" \/>\n\t<meta property=\"og:image:width\" content=\"1024\" \/>\n\t<meta property=\"og:image:height\" content=\"683\" \/>\n\t<meta property=\"og:image:type\" content=\"image\/jpeg\" \/>\n<meta name=\"author\" content=\"Elissandra Batista\" \/>\n<meta name=\"twitter:card\" content=\"summary_large_image\" \/>\n<meta name=\"twitter:creator\" content=\"@radiowebufpa\" \/>\n<meta name=\"twitter:site\" content=\"@radiowebufpa\" \/>\n<meta name=\"twitter:label1\" content=\"Escrito por\" \/>\n\t<meta name=\"twitter:data1\" content=\"Elissandra Batista\" \/>\n\t<meta name=\"twitter:label2\" content=\"Est. tempo de leitura\" \/>\n\t<meta name=\"twitter:data2\" content=\"2 minutos\" \/>\n<script type=\"application\/ld+json\" class=\"yoast-schema-graph\">{\"@context\":\"https:\/\/schema.org\",\"@graph\":[{\"@type\":\"Article\",\"@id\":\"https:\/\/radio.ufpa.br\/index.php\/ufpa-comunidade\/especial-enactus-projeto-costurae\/#article\",\"isPartOf\":{\"@id\":\"https:\/\/radio.ufpa.br\/index.php\/ufpa-comunidade\/especial-enactus-projeto-costurae\/\"},\"author\":{\"name\":\"Elissandra Batista\",\"@id\":\"https:\/\/radio.ufpa.br\/#\/schema\/person\/51774ebb30a3903e2bf07acf94e8fea6\"},\"headline\":\"Especial Enactus: projeto Costura\u00ea\",\"datePublished\":\"2019-05-10T20:04:58+00:00\",\"dateModified\":\"2019-05-13T15:59:22+00:00\",\"mainEntityOfPage\":{\"@id\":\"https:\/\/radio.ufpa.br\/index.php\/ufpa-comunidade\/especial-enactus-projeto-costurae\/\"},\"wordCount\":349,\"commentCount\":0,\"publisher\":{\"@id\":\"https:\/\/radio.ufpa.br\/#organization\"},\"image\":{\"@id\":\"https:\/\/radio.ufpa.br\/index.php\/ufpa-comunidade\/especial-enactus-projeto-costurae\/#primaryimage\"},\"thumbnailUrl\":\"https:\/\/i0.wp.com\/radio.ufpa.br\/wp-content\/uploads\/2019\/05\/IMG_9713.jpg?fit=6000%2C4000&ssl=1\",\"articleSection\":[\"UFPA Comunidade\"],\"inLanguage\":\"pt-BR\",\"potentialAction\":[{\"@type\":\"CommentAction\",\"name\":\"Comment\",\"target\":[\"https:\/\/radio.ufpa.br\/index.php\/ufpa-comunidade\/especial-enactus-projeto-costurae\/#respond\"]}]},{\"@type\":\"WebPage\",\"@id\":\"https:\/\/radio.ufpa.br\/index.php\/ufpa-comunidade\/especial-enactus-projeto-costurae\/\",\"url\":\"https:\/\/radio.ufpa.br\/index.php\/ufpa-comunidade\/especial-enactus-projeto-costurae\/\",\"name\":\"Especial Enactus: projeto Costura\u00ea - Radio Web UFPA\",\"isPartOf\":{\"@id\":\"https:\/\/radio.ufpa.br\/#website\"},\"primaryImageOfPage\":{\"@id\":\"https:\/\/radio.ufpa.br\/index.php\/ufpa-comunidade\/especial-enactus-projeto-costurae\/#primaryimage\"},\"image\":{\"@id\":\"https:\/\/radio.ufpa.br\/index.php\/ufpa-comunidade\/especial-enactus-projeto-costurae\/#primaryimage\"},\"thumbnailUrl\":\"https:\/\/i0.wp.com\/radio.ufpa.br\/wp-content\/uploads\/2019\/05\/IMG_9713.jpg?fit=6000%2C4000&ssl=1\",\"datePublished\":\"2019-05-10T20:04:58+00:00\",\"dateModified\":\"2019-05-13T15:59:22+00:00\",\"description\":\"Nesta edi\u00e7\u00e3o do UFPA Comunidade especial Enactus, conhe\u00e7a as a\u00e7\u00f5es do projeto Costura\u00ea, que promove capacita\u00e7\u00e3o de mulheres em corte, costura e gest\u00e3o.\",\"breadcrumb\":{\"@id\":\"https:\/\/radio.ufpa.br\/index.php\/ufpa-comunidade\/especial-enactus-projeto-costurae\/#breadcrumb\"},\"inLanguage\":\"pt-BR\",\"potentialAction\":[{\"@type\":\"ReadAction\",\"target\":[\"https:\/\/radio.ufpa.br\/index.php\/ufpa-comunidade\/especial-enactus-projeto-costurae\/\"]}]},{\"@type\":\"ImageObject\",\"inLanguage\":\"pt-BR\",\"@id\":\"https:\/\/radio.ufpa.br\/index.php\/ufpa-comunidade\/especial-enactus-projeto-costurae\/#primaryimage\",\"url\":\"https:\/\/i0.wp.com\/radio.ufpa.br\/wp-content\/uploads\/2019\/05\/IMG_9713.jpg?fit=6000%2C4000&ssl=1\",\"contentUrl\":\"https:\/\/i0.wp.com\/radio.ufpa.br\/wp-content\/uploads\/2019\/05\/IMG_9713.jpg?fit=6000%2C4000&ssl=1\",\"width\":6000,\"height\":4000,\"caption\":\"Mulheres integrantes do Projeto Costura\u00ea, desenvolvido pelo Time Enactus da UFPA\"},{\"@type\":\"BreadcrumbList\",\"@id\":\"https:\/\/radio.ufpa.br\/index.php\/ufpa-comunidade\/especial-enactus-projeto-costurae\/#breadcrumb\",\"itemListElement\":[{\"@type\":\"ListItem\",\"position\":1,\"name\":\"In\u00edcio\",\"item\":\"https:\/\/radio.ufpa.br\/\"},{\"@type\":\"ListItem\",\"position\":2,\"name\":\"Especial Enactus: projeto Costura\u00ea\"}]},{\"@type\":\"WebSite\",\"@id\":\"https:\/\/radio.ufpa.br\/#website\",\"url\":\"https:\/\/radio.ufpa.br\/\",\"name\":\"Radio Web UFPA\",\"description\":\"Divulgando o conhecimento\",\"publisher\":{\"@id\":\"https:\/\/radio.ufpa.br\/#organization\"},\"potentialAction\":[{\"@type\":\"SearchAction\",\"target\":{\"@type\":\"EntryPoint\",\"urlTemplate\":\"https:\/\/radio.ufpa.br\/?s={search_term_string}\"},\"query-input\":{\"@type\":\"PropertyValueSpecification\",\"valueRequired\":true,\"valueName\":\"search_term_string\"}}],\"inLanguage\":\"pt-BR\"},{\"@type\":\"Organization\",\"@id\":\"https:\/\/radio.ufpa.br\/#organization\",\"name\":\"UNIVERSIDADE FEDERAL DO PAR\u00c1-R\u00c1DIO WEB UFPA\",\"url\":\"https:\/\/radio.ufpa.br\/\",\"logo\":{\"@type\":\"ImageObject\",\"inLanguage\":\"pt-BR\",\"@id\":\"https:\/\/radio.ufpa.br\/#\/schema\/logo\/image\/\",\"url\":\"https:\/\/i0.wp.com\/radio.ufpa.br\/wp-content\/uploads\/2025\/12\/images-removebg-preview.png?fit=417%2C121&ssl=1\",\"contentUrl\":\"https:\/\/i0.wp.com\/radio.ufpa.br\/wp-content\/uploads\/2025\/12\/images-removebg-preview.png?fit=417%2C121&ssl=1\",\"width\":417,\"height\":121,\"caption\":\"UNIVERSIDADE FEDERAL DO PAR\u00c1-R\u00c1DIO WEB UFPA\"},\"image\":{\"@id\":\"https:\/\/radio.ufpa.br\/#\/schema\/logo\/image\/\"},\"sameAs\":[\"https:\/\/www.facebook.com\/radiowebufpa\",\"https:\/\/x.com\/radiowebufpa\",\"https:\/\/www.instagram.com\/radiowebufpa\/\",\"https:\/\/www.youtube.com\/user\/RadioWebUFP4\"]},{\"@type\":\"Person\",\"@id\":\"https:\/\/radio.ufpa.br\/#\/schema\/person\/51774ebb30a3903e2bf07acf94e8fea6\",\"name\":\"Elissandra Batista\",\"image\":{\"@type\":\"ImageObject\",\"inLanguage\":\"pt-BR\",\"@id\":\"https:\/\/radio.ufpa.br\/#\/schema\/person\/image\/\",\"url\":\"https:\/\/secure.gravatar.com\/avatar\/b779d46516fe39b809059134270ec707?s=96&d=mm&r=g\",\"contentUrl\":\"https:\/\/secure.gravatar.com\/avatar\/b779d46516fe39b809059134270ec707?s=96&d=mm&r=g\",\"caption\":\"Elissandra Batista\"},\"url\":\"https:\/\/radio.ufpa.br\/index.php\/author\/elissandra\/\"}]}<\/script>\n<!-- \/ Yoast SEO plugin. -->","yoast_head_json":{"title":"Especial Enactus: projeto Costura\u00ea - Radio Web UFPA","description":"Nesta edi\u00e7\u00e3o do UFPA Comunidade especial Enactus, conhe\u00e7a as a\u00e7\u00f5es do projeto Costura\u00ea, que promove capacita\u00e7\u00e3o de mulheres em corte, costura e gest\u00e3o.","robots":{"index":"index","follow":"follow","max-snippet":"max-snippet:-1","max-image-preview":"max-image-preview:large","max-video-preview":"max-video-preview:-1"},"canonical":"https:\/\/radio.ufpa.br\/index.php\/ufpa-comunidade\/especial-enactus-projeto-costurae\/","og_locale":"pt_BR","og_type":"article","og_title":"Especial Enactus: projeto Costura\u00ea - Radio Web UFPA","og_description":"Nesta edi\u00e7\u00e3o do UFPA Comunidade especial Enactus, conhe\u00e7a as a\u00e7\u00f5es do projeto Costura\u00ea, que promove capacita\u00e7\u00e3o de mulheres em corte, costura e gest\u00e3o.","og_url":"https:\/\/radio.ufpa.br\/index.php\/ufpa-comunidade\/especial-enactus-projeto-costurae\/","og_site_name":"Radio Web UFPA","article_publisher":"https:\/\/www.facebook.com\/radiowebufpa","article_published_time":"2019-05-10T20:04:58+00:00","article_modified_time":"2019-05-13T15:59:22+00:00","og_image":[{"width":1024,"height":683,"url":"https:\/\/radio.ufpa.br\/wp-content\/uploads\/2019\/05\/IMG_9713-1024x683.jpg","type":"image\/jpeg"}],"author":"Elissandra Batista","twitter_card":"summary_large_image","twitter_creator":"@radiowebufpa","twitter_site":"@radiowebufpa","twitter_misc":{"Escrito por":"Elissandra Batista","Est. tempo de leitura":"2 minutos"},"schema":{"@context":"https:\/\/schema.org","@graph":[{"@type":"Article","@id":"https:\/\/radio.ufpa.br\/index.php\/ufpa-comunidade\/especial-enactus-projeto-costurae\/#article","isPartOf":{"@id":"https:\/\/radio.ufpa.br\/index.php\/ufpa-comunidade\/especial-enactus-projeto-costurae\/"},"author":{"name":"Elissandra Batista","@id":"https:\/\/radio.ufpa.br\/#\/schema\/person\/51774ebb30a3903e2bf07acf94e8fea6"},"headline":"Especial Enactus: projeto Costura\u00ea","datePublished":"2019-05-10T20:04:58+00:00","dateModified":"2019-05-13T15:59:22+00:00","mainEntityOfPage":{"@id":"https:\/\/radio.ufpa.br\/index.php\/ufpa-comunidade\/especial-enactus-projeto-costurae\/"},"wordCount":349,"commentCount":0,"publisher":{"@id":"https:\/\/radio.ufpa.br\/#organization"},"image":{"@id":"https:\/\/radio.ufpa.br\/index.php\/ufpa-comunidade\/especial-enactus-projeto-costurae\/#primaryimage"},"thumbnailUrl":"https:\/\/i0.wp.com\/radio.ufpa.br\/wp-content\/uploads\/2019\/05\/IMG_9713.jpg?fit=6000%2C4000&ssl=1","articleSection":["UFPA Comunidade"],"inLanguage":"pt-BR","potentialAction":[{"@type":"CommentAction","name":"Comment","target":["https:\/\/radio.ufpa.br\/index.php\/ufpa-comunidade\/especial-enactus-projeto-costurae\/#respond"]}]},{"@type":"WebPage","@id":"https:\/\/radio.ufpa.br\/index.php\/ufpa-comunidade\/especial-enactus-projeto-costurae\/","url":"https:\/\/radio.ufpa.br\/index.php\/ufpa-comunidade\/especial-enactus-projeto-costurae\/","name":"Especial Enactus: projeto Costura\u00ea - Radio Web UFPA","isPartOf":{"@id":"https:\/\/radio.ufpa.br\/#website"},"primaryImageOfPage":{"@id":"https:\/\/radio.ufpa.br\/index.php\/ufpa-comunidade\/especial-enactus-projeto-costurae\/#primaryimage"},"image":{"@id":"https:\/\/radio.ufpa.br\/index.php\/ufpa-comunidade\/especial-enactus-projeto-costurae\/#primaryimage"},"thumbnailUrl":"https:\/\/i0.wp.com\/radio.ufpa.br\/wp-content\/uploads\/2019\/05\/IMG_9713.jpg?fit=6000%2C4000&ssl=1","datePublished":"2019-05-10T20:04:58+00:00","dateModified":"2019-05-13T15:59:22+00:00","description":"Nesta edi\u00e7\u00e3o do UFPA Comunidade especial Enactus, conhe\u00e7a as a\u00e7\u00f5es do projeto Costura\u00ea, que promove capacita\u00e7\u00e3o de mulheres em corte, costura e gest\u00e3o.","breadcrumb":{"@id":"https:\/\/radio.ufpa.br\/index.php\/ufpa-comunidade\/especial-enactus-projeto-costurae\/#breadcrumb"},"inLanguage":"pt-BR","potentialAction":[{"@type":"ReadAction","target":["https:\/\/radio.ufpa.br\/index.php\/ufpa-comunidade\/especial-enactus-projeto-costurae\/"]}]},{"@type":"ImageObject","inLanguage":"pt-BR","@id":"https:\/\/radio.ufpa.br\/index.php\/ufpa-comunidade\/especial-enactus-projeto-costurae\/#primaryimage","url":"https:\/\/i0.wp.com\/radio.ufpa.br\/wp-content\/uploads\/2019\/05\/IMG_9713.jpg?fit=6000%2C4000&ssl=1","contentUrl":"https:\/\/i0.wp.com\/radio.ufpa.br\/wp-content\/uploads\/2019\/05\/IMG_9713.jpg?fit=6000%2C4000&ssl=1","width":6000,"height":4000,"caption":"Mulheres integrantes do Projeto Costura\u00ea, desenvolvido pelo Time Enactus da UFPA"},{"@type":"BreadcrumbList","@id":"https:\/\/radio.ufpa.br\/index.php\/ufpa-comunidade\/especial-enactus-projeto-costurae\/#breadcrumb","itemListElement":[{"@type":"ListItem","position":1,"name":"In\u00edcio","item":"https:\/\/radio.ufpa.br\/"},{"@type":"ListItem","position":2,"name":"Especial Enactus: projeto Costura\u00ea"}]},{"@type":"WebSite","@id":"https:\/\/radio.ufpa.br\/#website","url":"https:\/\/radio.ufpa.br\/","name":"Radio Web UFPA","description":"Divulgando o conhecimento","publisher":{"@id":"https:\/\/radio.ufpa.br\/#organization"},"potentialAction":[{"@type":"SearchAction","target":{"@type":"EntryPoint","urlTemplate":"https:\/\/radio.ufpa.br\/?s={search_term_string}"},"query-input":{"@type":"PropertyValueSpecification","valueRequired":true,"valueName":"search_term_string"}}],"inLanguage":"pt-BR"},{"@type":"Organization","@id":"https:\/\/radio.ufpa.br\/#organization","name":"UNIVERSIDADE FEDERAL DO PAR\u00c1-R\u00c1DIO WEB UFPA","url":"https:\/\/radio.ufpa.br\/","logo":{"@type":"ImageObject","inLanguage":"pt-BR","@id":"https:\/\/radio.ufpa.br\/#\/schema\/logo\/image\/","url":"https:\/\/i0.wp.com\/radio.ufpa.br\/wp-content\/uploads\/2025\/12\/images-removebg-preview.png?fit=417%2C121&ssl=1","contentUrl":"https:\/\/i0.wp.com\/radio.ufpa.br\/wp-content\/uploads\/2025\/12\/images-removebg-preview.png?fit=417%2C121&ssl=1","width":417,"height":121,"caption":"UNIVERSIDADE FEDERAL DO PAR\u00c1-R\u00c1DIO WEB UFPA"},"image":{"@id":"https:\/\/radio.ufpa.br\/#\/schema\/logo\/image\/"},"sameAs":["https:\/\/www.facebook.com\/radiowebufpa","https:\/\/x.com\/radiowebufpa","https:\/\/www.instagram.com\/radiowebufpa\/","https:\/\/www.youtube.com\/user\/RadioWebUFP4"]},{"@type":"Person","@id":"https:\/\/radio.ufpa.br\/#\/schema\/person\/51774ebb30a3903e2bf07acf94e8fea6","name":"Elissandra Batista","image":{"@type":"ImageObject","inLanguage":"pt-BR","@id":"https:\/\/radio.ufpa.br\/#\/schema\/person\/image\/","url":"https:\/\/secure.gravatar.com\/avatar\/b779d46516fe39b809059134270ec707?s=96&d=mm&r=g","contentUrl":"https:\/\/secure.gravatar.com\/avatar\/b779d46516fe39b809059134270ec707?s=96&d=mm&r=g","caption":"Elissandra Batista"},"url":"https:\/\/radio.ufpa.br\/index.php\/author\/elissandra\/"}]}},"jetpack_publicize_connections":[],"jetpack_featured_media_url":"https:\/\/i0.wp.com\/radio.ufpa.br\/wp-content\/uploads\/2019\/05\/IMG_9713.jpg?fit=6000%2C4000&ssl=1","jetpack_shortlink":"https:\/\/wp.me\/p8TJeA-1yK","jetpack_likes_enabled":true,"jetpack-related-posts":[],"jetpack_sharing_enabled":true,"_links":{"self":[{"href":"https:\/\/radio.ufpa.br\/index.php\/wp-json\/wp\/v2\/posts\/5998","targetHints":{"allow":["GET"]}}],"collection":[{"href":"https:\/\/radio.ufpa.br\/index.php\/wp-json\/wp\/v2\/posts"}],"about":[{"href":"https:\/\/radio.ufpa.br\/index.php\/wp-json\/wp\/v2\/types\/post"}],"author":[{"embeddable":true,"href":"https:\/\/radio.ufpa.br\/index.php\/wp-json\/wp\/v2\/users\/6"}],"replies":[{"embeddable":true,"href":"https:\/\/radio.ufpa.br\/index.php\/wp-json\/wp\/v2\/comments?post=5998"}],"version-history":[{"count":3,"href":"https:\/\/radio.ufpa.br\/index.php\/wp-json\/wp\/v2\/posts\/5998\/revisions"}],"predecessor-version":[{"id":6011,"href":"https:\/\/radio.ufpa.br\/index.php\/wp-json\/wp\/v2\/posts\/5998\/revisions\/6011"}],"wp:featuredmedia":[{"embeddable":true,"href":"https:\/\/radio.ufpa.br\/index.php\/wp-json\/wp\/v2\/media\/6009"}],"wp:attachment":[{"href":"https:\/\/radio.ufpa.br\/index.php\/wp-json\/wp\/v2\/media?parent=5998"}],"wp:term":[{"taxonomy":"category","embeddable":true,"href":"https:\/\/radio.ufpa.br\/index.php\/wp-json\/wp\/v2\/categories?post=5998"},{"taxonomy":"post_tag","embeddable":true,"href":"https:\/\/radio.ufpa.br\/index.php\/wp-json\/wp\/v2\/tags?post=5998"}],"curies":[{"name":"wp","href":"https:\/\/api.w.org\/{rel}","templated":true}]}}