{"id":6058,"date":"2019-05-18T00:00:42","date_gmt":"2019-05-18T03:00:42","guid":{"rendered":"http:\/\/radio.ufpa.br\/?p=6058"},"modified":"2019-05-17T22:24:16","modified_gmt":"2019-05-18T01:24:16","slug":"eletrodinamica","status":"publish","type":"post","link":"https:\/\/radio.ufpa.br\/index.php\/ufpa-na-madrugada\/eletrodinamica\/","title":{"rendered":"O estudo da Eletrodin\u00e2mica e sua aplica\u00e7\u00e3o no Enem"},"content":{"rendered":"<!--[if lt IE 9]><script>document.createElement('audio');<\/script><![endif]-->\n\t<div class=\"wp-playlist wp-audio-playlist wp-playlist-light\">\n\t\t\t<div class=\"wp-playlist-current-item\"><\/div>\n\t\t<audio controls=\"controls\" preload=\"none\" width=\"1178\"\n\t\t\t><\/audio>\n\t<div class=\"wp-playlist-next\"><\/div>\n\t<div class=\"wp-playlist-prev\"><\/div>\n\t<noscript>\n\t<ol>\n\t\t<li><a href='https:\/\/radio.ufpa.br\/wp-content\/uploads\/2019\/02\/UFPA%20NA%20MADRUGADA%20-%20ELETRODINAMICA%20-%2018.05.19.mp3'>UFPA na Madrugada - Eletrodin\u00e2mica<\/a><\/li>\t<\/ol>\n\t<\/noscript>\n\t<script type=\"application\/json\" class=\"wp-playlist-script\">{\"type\":\"audio\",\"tracklist\":true,\"tracknumbers\":true,\"images\":true,\"artists\":true,\"tracks\":[{\"src\":\"https:\\\/\\\/radio.ufpa.br\\\/wp-content\\\/uploads\\\/2019\\\/02\\\/UFPA NA MADRUGADA - ELETRODINAMICA - 18.05.19.mp3\",\"type\":\"audio\\\/mpeg\",\"title\":\"UFPA na Madrugada - Eletrodin\\u00e2mica\",\"caption\":\"\",\"description\":\"\\\"UFPA NA MADRUGADA - ELETRODINAMICA - 18.05.19\\\". Genre: Other.\",\"meta\":{\"artist\":\"R\\u00e1dio Web UFPA\",\"album\":\"UFPA na Madrugada\",\"genre\":\"Other\",\"length_formatted\":\"30:19\"},\"image\":{\"src\":\"https:\\\/\\\/radio.ufpa.br\\\/wp-includes\\\/images\\\/media\\\/audio.svg\",\"width\":48,\"height\":64},\"thumb\":{\"src\":\"https:\\\/\\\/radio.ufpa.br\\\/wp-includes\\\/images\\\/media\\\/audio.svg\",\"width\":48,\"height\":64}}]}<\/script>\n<\/div>\n\t\n<p>Nesta edi\u00e7\u00e3o do programa UFPA na Madrugada vamos conversar sobre <strong>Eletrodin\u00e2mica<\/strong>, tema sempre presentas nas provas do ENEM. E para falar sobre o assunto, convidamos o professor de F\u00edsica Maur\u00edcio Ferreira.<\/p>\n<p>A Eletrodin\u00e2mica estuda a dinamicidade da eletricidade e est\u00e1 presente no nosso dia a dia no funcionamento de todos os equipamentos el\u00e9tricos, por exemplo. Esses equipamentos s\u00e3o constitu\u00eddos por circuitos el\u00e9tricos, que funcionam de acordo com as leis de funcionamento da eletrodin\u00e2mica.<\/p>\n<p>Saiba tamb\u00e9m a sobre conceitos como intensidade, corrente, resist\u00eancia el\u00e9trica, diferen\u00e7a de potencial, as leis de Ohm e as principais f\u00f3rmulas aplicadas nessa \u00e1rea. O professor Maur\u00edcio Ferreira explica tamb\u00e9m sobre a diferen\u00e7a entre corrente cont\u00ednua e alternada, usadas em pilhas e redes el\u00e9tricas, respectivamente, al\u00e9m de trazer exemplos contextualizados que exemplificam a presen\u00e7a da eletrodin\u00e2mica no cotidiano.<\/p>\n<p>No programa, tamb\u00e9m tratamos das quest\u00f5es envolvendo circuitos em s\u00e9rie, paralelos e mistos, a abordagem interdisciplinar para o tema e sua import\u00e2ncia na perspectiva de uma educa\u00e7\u00e3o cidad\u00e3. Para saber mais sobre o assunto, n\u00e3o perca est\u00e1 edi\u00e7\u00e3o do UFPA na Madrugada!<\/p>\n<p>Apresenta\u00e7\u00e3o: Fabr\u00edcio Queiroz<br \/>\nProdu\u00e7\u00e3o e roteiro: Elyne Oliveira e Karen Alc\u00e2ntara<br \/>\nGrava\u00e7\u00e3o e montagem: Lauro Feio<br \/>\nSupervis\u00e3o e edi\u00e7\u00e3o: Elissandra Batista e Fabr\u00edcio Queiroz<\/p>\n<p>O UFPA na Madrugada vai ao ar todo s\u00e1bado \u00e0s 00h.<br \/>\nHor\u00e1rios alternativos: S\u00e1bado \u00e0s 15h, domingo \u00e0s 21h e segunda \u00e0s 19h<\/p>\n","protected":false},"excerpt":{"rendered":"<p> &#8230; <a title=\"O estudo da Eletrodin\u00e2mica e sua aplica\u00e7\u00e3o no Enem\" class=\"read-more\" href=\"https:\/\/radio.ufpa.br\/index.php\/ufpa-na-madrugada\/eletrodinamica\/\" aria-label=\"Read more about O estudo da Eletrodin\u00e2mica e sua aplica\u00e7\u00e3o no Enem\">Ler mais<\/a><\/p>\n","protected":false},"author":2,"featured_media":6056,"comment_status":"open","ping_status":"open","sticky":false,"template":"","format":"standard","meta":{"_acf_changed":false,"_exactmetrics_skip_tracking":false,"_exactmetrics_sitenote_active":false,"_exactmetrics_sitenote_note":"","_exactmetrics_sitenote_category":0,"_monsterinsights_skip_tracking":false,"_monsterinsights_sitenote_active":false,"_monsterinsights_sitenote_note":"","_monsterinsights_sitenote_category":0,"_uf_show_specific_survey":0,"_uf_disable_surveys":false,"jetpack_post_was_ever_published":false,"_jetpack_newsletter_access":"","_jetpack_dont_email_post_to_subs":false,"_jetpack_newsletter_tier_id":0,"_jetpack_memberships_contains_paywalled_content":false,"_jetpack_memberships_contains_paid_content":false,"footnotes":"","jetpack_publicize_message":"","jetpack_publicize_feature_enabled":true,"jetpack_social_post_already_shared":true,"jetpack_social_options":{"image_generator_settings":{"template":"highway","enabled":false},"version":2}},"categories":[675],"tags":[],"class_list":["post-6058","post","type-post","status-publish","format-standard","has-post-thumbnail","hentry","category-ufpa-na-madrugada"],"acf":[],"yoast_head":"<!-- This site is optimized with the Yoast SEO plugin v25.1 - https:\/\/yoast.com\/wordpress\/plugins\/seo\/ -->\n<title>O estudo da Eletrodin\u00e2mica e sua aplica\u00e7\u00e3o no Enem<\/title>\n<meta name=\"description\" content=\"No programa, conhe\u00e7a mais sobre o estudo da Eletrodin\u00e2mica, sua import\u00e2ncia para compreens\u00e3o de casos do cotidiano e aplica\u00e7\u00e3o do tema no vestibular.\" \/>\n<meta name=\"robots\" content=\"index, follow, max-snippet:-1, max-image-preview:large, max-video-preview:-1\" \/>\n<link rel=\"canonical\" href=\"https:\/\/radio.ufpa.br\/index.php\/ufpa-na-madrugada\/eletrodinamica\/\" \/>\n<meta property=\"og:locale\" content=\"pt_BR\" \/>\n<meta property=\"og:type\" content=\"article\" \/>\n<meta property=\"og:title\" content=\"O estudo da Eletrodin\u00e2mica e sua aplica\u00e7\u00e3o no Enem\" \/>\n<meta property=\"og:description\" content=\"No programa, conhe\u00e7a mais sobre o estudo da Eletrodin\u00e2mica, sua import\u00e2ncia para compreens\u00e3o de casos do cotidiano e aplica\u00e7\u00e3o do tema no vestibular.\" \/>\n<meta property=\"og:url\" content=\"https:\/\/radio.ufpa.br\/index.php\/ufpa-na-madrugada\/eletrodinamica\/\" \/>\n<meta property=\"og:site_name\" content=\"Radio Web UFPA\" \/>\n<meta property=\"article:publisher\" content=\"https:\/\/www.facebook.com\/radiowebufpa\" \/>\n<meta property=\"article:published_time\" content=\"2019-05-18T03:00:42+00:00\" \/>\n<meta property=\"og:image\" content=\"https:\/\/radio.ufpa.br\/wp-content\/uploads\/2019\/05\/eletrodin\u00e2mica-1024x683.jpeg\" \/>\n\t<meta property=\"og:image:width\" content=\"1024\" \/>\n\t<meta property=\"og:image:height\" content=\"683\" \/>\n\t<meta property=\"og:image:type\" content=\"image\/jpeg\" \/>\n<meta name=\"author\" content=\"Fabr\u00edcio Queiroz\" \/>\n<meta name=\"twitter:card\" content=\"summary_large_image\" \/>\n<meta name=\"twitter:creator\" content=\"@radiowebufpa\" \/>\n<meta name=\"twitter:site\" content=\"@radiowebufpa\" \/>\n<meta name=\"twitter:label1\" content=\"Escrito por\" \/>\n\t<meta name=\"twitter:data1\" content=\"Fabr\u00edcio Queiroz\" \/>\n\t<meta name=\"twitter:label2\" content=\"Est. tempo de leitura\" \/>\n\t<meta name=\"twitter:data2\" content=\"1 minuto\" \/>\n<script type=\"application\/ld+json\" class=\"yoast-schema-graph\">{\"@context\":\"https:\/\/schema.org\",\"@graph\":[{\"@type\":\"Article\",\"@id\":\"https:\/\/radio.ufpa.br\/index.php\/ufpa-na-madrugada\/eletrodinamica\/#article\",\"isPartOf\":{\"@id\":\"https:\/\/radio.ufpa.br\/index.php\/ufpa-na-madrugada\/eletrodinamica\/\"},\"author\":{\"name\":\"Fabr\u00edcio Queiroz\",\"@id\":\"https:\/\/radio.ufpa.br\/#\/schema\/person\/f3f139516982741ca0831359933ac096\"},\"headline\":\"O estudo da Eletrodin\u00e2mica e sua aplica\u00e7\u00e3o no Enem\",\"datePublished\":\"2019-05-18T03:00:42+00:00\",\"mainEntityOfPage\":{\"@id\":\"https:\/\/radio.ufpa.br\/index.php\/ufpa-na-madrugada\/eletrodinamica\/\"},\"wordCount\":274,\"commentCount\":0,\"publisher\":{\"@id\":\"https:\/\/radio.ufpa.br\/#organization\"},\"image\":{\"@id\":\"https:\/\/radio.ufpa.br\/index.php\/ufpa-na-madrugada\/eletrodinamica\/#primaryimage\"},\"thumbnailUrl\":\"https:\/\/i0.wp.com\/radio.ufpa.br\/wp-content\/uploads\/2019\/05\/eletrodin%C3%A2mica.jpeg?fit=3888%2C2592&ssl=1\",\"articleSection\":[\"UFPA na Madrugada\"],\"inLanguage\":\"pt-BR\",\"potentialAction\":[{\"@type\":\"CommentAction\",\"name\":\"Comment\",\"target\":[\"https:\/\/radio.ufpa.br\/index.php\/ufpa-na-madrugada\/eletrodinamica\/#respond\"]}]},{\"@type\":\"WebPage\",\"@id\":\"https:\/\/radio.ufpa.br\/index.php\/ufpa-na-madrugada\/eletrodinamica\/\",\"url\":\"https:\/\/radio.ufpa.br\/index.php\/ufpa-na-madrugada\/eletrodinamica\/\",\"name\":\"O estudo da Eletrodin\u00e2mica e sua aplica\u00e7\u00e3o no Enem\",\"isPartOf\":{\"@id\":\"https:\/\/radio.ufpa.br\/#website\"},\"primaryImageOfPage\":{\"@id\":\"https:\/\/radio.ufpa.br\/index.php\/ufpa-na-madrugada\/eletrodinamica\/#primaryimage\"},\"image\":{\"@id\":\"https:\/\/radio.ufpa.br\/index.php\/ufpa-na-madrugada\/eletrodinamica\/#primaryimage\"},\"thumbnailUrl\":\"https:\/\/i0.wp.com\/radio.ufpa.br\/wp-content\/uploads\/2019\/05\/eletrodin%C3%A2mica.jpeg?fit=3888%2C2592&ssl=1\",\"datePublished\":\"2019-05-18T03:00:42+00:00\",\"description\":\"No programa, conhe\u00e7a mais sobre o estudo da Eletrodin\u00e2mica, sua import\u00e2ncia para compreens\u00e3o de casos do cotidiano e aplica\u00e7\u00e3o do tema no vestibular.\",\"breadcrumb\":{\"@id\":\"https:\/\/radio.ufpa.br\/index.php\/ufpa-na-madrugada\/eletrodinamica\/#breadcrumb\"},\"inLanguage\":\"pt-BR\",\"potentialAction\":[{\"@type\":\"ReadAction\",\"target\":[\"https:\/\/radio.ufpa.br\/index.php\/ufpa-na-madrugada\/eletrodinamica\/\"]}]},{\"@type\":\"ImageObject\",\"inLanguage\":\"pt-BR\",\"@id\":\"https:\/\/radio.ufpa.br\/index.php\/ufpa-na-madrugada\/eletrodinamica\/#primaryimage\",\"url\":\"https:\/\/i0.wp.com\/radio.ufpa.br\/wp-content\/uploads\/2019\/05\/eletrodin%C3%A2mica.jpeg?fit=3888%2C2592&ssl=1\",\"contentUrl\":\"https:\/\/i0.wp.com\/radio.ufpa.br\/wp-content\/uploads\/2019\/05\/eletrodin%C3%A2mica.jpeg?fit=3888%2C2592&ssl=1\",\"width\":3888,\"height\":2592,\"caption\":\"Eletrodin\u00e2mica no Enem\"},{\"@type\":\"BreadcrumbList\",\"@id\":\"https:\/\/radio.ufpa.br\/index.php\/ufpa-na-madrugada\/eletrodinamica\/#breadcrumb\",\"itemListElement\":[{\"@type\":\"ListItem\",\"position\":1,\"name\":\"In\u00edcio\",\"item\":\"https:\/\/radio.ufpa.br\/\"},{\"@type\":\"ListItem\",\"position\":2,\"name\":\"O estudo da Eletrodin\u00e2mica e sua aplica\u00e7\u00e3o no Enem\"}]},{\"@type\":\"WebSite\",\"@id\":\"https:\/\/radio.ufpa.br\/#website\",\"url\":\"https:\/\/radio.ufpa.br\/\",\"name\":\"Radio Web UFPA\",\"description\":\"Divulgando o conhecimento\",\"publisher\":{\"@id\":\"https:\/\/radio.ufpa.br\/#organization\"},\"potentialAction\":[{\"@type\":\"SearchAction\",\"target\":{\"@type\":\"EntryPoint\",\"urlTemplate\":\"https:\/\/radio.ufpa.br\/?s={search_term_string}\"},\"query-input\":{\"@type\":\"PropertyValueSpecification\",\"valueRequired\":true,\"valueName\":\"search_term_string\"}}],\"inLanguage\":\"pt-BR\"},{\"@type\":\"Organization\",\"@id\":\"https:\/\/radio.ufpa.br\/#organization\",\"name\":\"UNIVERSIDADE FEDERAL DO PAR\u00c1-R\u00c1DIO WEB UFPA\",\"url\":\"https:\/\/radio.ufpa.br\/\",\"logo\":{\"@type\":\"ImageObject\",\"inLanguage\":\"pt-BR\",\"@id\":\"https:\/\/radio.ufpa.br\/#\/schema\/logo\/image\/\",\"url\":\"https:\/\/i0.wp.com\/radio.ufpa.br\/wp-content\/uploads\/2025\/12\/images-removebg-preview.png?fit=417%2C121&ssl=1\",\"contentUrl\":\"https:\/\/i0.wp.com\/radio.ufpa.br\/wp-content\/uploads\/2025\/12\/images-removebg-preview.png?fit=417%2C121&ssl=1\",\"width\":417,\"height\":121,\"caption\":\"UNIVERSIDADE FEDERAL DO PAR\u00c1-R\u00c1DIO WEB UFPA\"},\"image\":{\"@id\":\"https:\/\/radio.ufpa.br\/#\/schema\/logo\/image\/\"},\"sameAs\":[\"https:\/\/www.facebook.com\/radiowebufpa\",\"https:\/\/x.com\/radiowebufpa\",\"https:\/\/www.instagram.com\/radiowebufpa\/\",\"https:\/\/www.youtube.com\/user\/RadioWebUFP4\"]},{\"@type\":\"Person\",\"@id\":\"https:\/\/radio.ufpa.br\/#\/schema\/person\/f3f139516982741ca0831359933ac096\",\"name\":\"Fabr\u00edcio Queiroz\",\"image\":{\"@type\":\"ImageObject\",\"inLanguage\":\"pt-BR\",\"@id\":\"https:\/\/radio.ufpa.br\/#\/schema\/person\/image\/\",\"url\":\"https:\/\/secure.gravatar.com\/avatar\/16286edb2cee888d704ce74385081b7f?s=96&d=mm&r=g\",\"contentUrl\":\"https:\/\/secure.gravatar.com\/avatar\/16286edb2cee888d704ce74385081b7f?s=96&d=mm&r=g\",\"caption\":\"Fabr\u00edcio Queiroz\"},\"description\":\"Editor e Jornalista respons\u00e1vel\",\"url\":\"https:\/\/radio.ufpa.br\/index.php\/author\/fabricio\/\"}]}<\/script>\n<!-- \/ Yoast SEO plugin. -->","yoast_head_json":{"title":"O estudo da Eletrodin\u00e2mica e sua aplica\u00e7\u00e3o no Enem","description":"No programa, conhe\u00e7a mais sobre o estudo da Eletrodin\u00e2mica, sua import\u00e2ncia para compreens\u00e3o de casos do cotidiano e aplica\u00e7\u00e3o do tema no vestibular.","robots":{"index":"index","follow":"follow","max-snippet":"max-snippet:-1","max-image-preview":"max-image-preview:large","max-video-preview":"max-video-preview:-1"},"canonical":"https:\/\/radio.ufpa.br\/index.php\/ufpa-na-madrugada\/eletrodinamica\/","og_locale":"pt_BR","og_type":"article","og_title":"O estudo da Eletrodin\u00e2mica e sua aplica\u00e7\u00e3o no Enem","og_description":"No programa, conhe\u00e7a mais sobre o estudo da Eletrodin\u00e2mica, sua import\u00e2ncia para compreens\u00e3o de casos do cotidiano e aplica\u00e7\u00e3o do tema no vestibular.","og_url":"https:\/\/radio.ufpa.br\/index.php\/ufpa-na-madrugada\/eletrodinamica\/","og_site_name":"Radio Web UFPA","article_publisher":"https:\/\/www.facebook.com\/radiowebufpa","article_published_time":"2019-05-18T03:00:42+00:00","og_image":[{"width":1024,"height":683,"url":"https:\/\/radio.ufpa.br\/wp-content\/uploads\/2019\/05\/eletrodin\u00e2mica-1024x683.jpeg","type":"image\/jpeg"}],"author":"Fabr\u00edcio Queiroz","twitter_card":"summary_large_image","twitter_creator":"@radiowebufpa","twitter_site":"@radiowebufpa","twitter_misc":{"Escrito por":"Fabr\u00edcio Queiroz","Est. tempo de leitura":"1 minuto"},"schema":{"@context":"https:\/\/schema.org","@graph":[{"@type":"Article","@id":"https:\/\/radio.ufpa.br\/index.php\/ufpa-na-madrugada\/eletrodinamica\/#article","isPartOf":{"@id":"https:\/\/radio.ufpa.br\/index.php\/ufpa-na-madrugada\/eletrodinamica\/"},"author":{"name":"Fabr\u00edcio Queiroz","@id":"https:\/\/radio.ufpa.br\/#\/schema\/person\/f3f139516982741ca0831359933ac096"},"headline":"O estudo da Eletrodin\u00e2mica e sua aplica\u00e7\u00e3o no Enem","datePublished":"2019-05-18T03:00:42+00:00","mainEntityOfPage":{"@id":"https:\/\/radio.ufpa.br\/index.php\/ufpa-na-madrugada\/eletrodinamica\/"},"wordCount":274,"commentCount":0,"publisher":{"@id":"https:\/\/radio.ufpa.br\/#organization"},"image":{"@id":"https:\/\/radio.ufpa.br\/index.php\/ufpa-na-madrugada\/eletrodinamica\/#primaryimage"},"thumbnailUrl":"https:\/\/i0.wp.com\/radio.ufpa.br\/wp-content\/uploads\/2019\/05\/eletrodin%C3%A2mica.jpeg?fit=3888%2C2592&ssl=1","articleSection":["UFPA na Madrugada"],"inLanguage":"pt-BR","potentialAction":[{"@type":"CommentAction","name":"Comment","target":["https:\/\/radio.ufpa.br\/index.php\/ufpa-na-madrugada\/eletrodinamica\/#respond"]}]},{"@type":"WebPage","@id":"https:\/\/radio.ufpa.br\/index.php\/ufpa-na-madrugada\/eletrodinamica\/","url":"https:\/\/radio.ufpa.br\/index.php\/ufpa-na-madrugada\/eletrodinamica\/","name":"O estudo da Eletrodin\u00e2mica e sua aplica\u00e7\u00e3o no Enem","isPartOf":{"@id":"https:\/\/radio.ufpa.br\/#website"},"primaryImageOfPage":{"@id":"https:\/\/radio.ufpa.br\/index.php\/ufpa-na-madrugada\/eletrodinamica\/#primaryimage"},"image":{"@id":"https:\/\/radio.ufpa.br\/index.php\/ufpa-na-madrugada\/eletrodinamica\/#primaryimage"},"thumbnailUrl":"https:\/\/i0.wp.com\/radio.ufpa.br\/wp-content\/uploads\/2019\/05\/eletrodin%C3%A2mica.jpeg?fit=3888%2C2592&ssl=1","datePublished":"2019-05-18T03:00:42+00:00","description":"No programa, conhe\u00e7a mais sobre o estudo da Eletrodin\u00e2mica, sua import\u00e2ncia para compreens\u00e3o de casos do cotidiano e aplica\u00e7\u00e3o do tema no vestibular.","breadcrumb":{"@id":"https:\/\/radio.ufpa.br\/index.php\/ufpa-na-madrugada\/eletrodinamica\/#breadcrumb"},"inLanguage":"pt-BR","potentialAction":[{"@type":"ReadAction","target":["https:\/\/radio.ufpa.br\/index.php\/ufpa-na-madrugada\/eletrodinamica\/"]}]},{"@type":"ImageObject","inLanguage":"pt-BR","@id":"https:\/\/radio.ufpa.br\/index.php\/ufpa-na-madrugada\/eletrodinamica\/#primaryimage","url":"https:\/\/i0.wp.com\/radio.ufpa.br\/wp-content\/uploads\/2019\/05\/eletrodin%C3%A2mica.jpeg?fit=3888%2C2592&ssl=1","contentUrl":"https:\/\/i0.wp.com\/radio.ufpa.br\/wp-content\/uploads\/2019\/05\/eletrodin%C3%A2mica.jpeg?fit=3888%2C2592&ssl=1","width":3888,"height":2592,"caption":"Eletrodin\u00e2mica no Enem"},{"@type":"BreadcrumbList","@id":"https:\/\/radio.ufpa.br\/index.php\/ufpa-na-madrugada\/eletrodinamica\/#breadcrumb","itemListElement":[{"@type":"ListItem","position":1,"name":"In\u00edcio","item":"https:\/\/radio.ufpa.br\/"},{"@type":"ListItem","position":2,"name":"O estudo da Eletrodin\u00e2mica e sua aplica\u00e7\u00e3o no Enem"}]},{"@type":"WebSite","@id":"https:\/\/radio.ufpa.br\/#website","url":"https:\/\/radio.ufpa.br\/","name":"Radio Web UFPA","description":"Divulgando o conhecimento","publisher":{"@id":"https:\/\/radio.ufpa.br\/#organization"},"potentialAction":[{"@type":"SearchAction","target":{"@type":"EntryPoint","urlTemplate":"https:\/\/radio.ufpa.br\/?s={search_term_string}"},"query-input":{"@type":"PropertyValueSpecification","valueRequired":true,"valueName":"search_term_string"}}],"inLanguage":"pt-BR"},{"@type":"Organization","@id":"https:\/\/radio.ufpa.br\/#organization","name":"UNIVERSIDADE FEDERAL DO PAR\u00c1-R\u00c1DIO WEB UFPA","url":"https:\/\/radio.ufpa.br\/","logo":{"@type":"ImageObject","inLanguage":"pt-BR","@id":"https:\/\/radio.ufpa.br\/#\/schema\/logo\/image\/","url":"https:\/\/i0.wp.com\/radio.ufpa.br\/wp-content\/uploads\/2025\/12\/images-removebg-preview.png?fit=417%2C121&ssl=1","contentUrl":"https:\/\/i0.wp.com\/radio.ufpa.br\/wp-content\/uploads\/2025\/12\/images-removebg-preview.png?fit=417%2C121&ssl=1","width":417,"height":121,"caption":"UNIVERSIDADE FEDERAL DO PAR\u00c1-R\u00c1DIO WEB UFPA"},"image":{"@id":"https:\/\/radio.ufpa.br\/#\/schema\/logo\/image\/"},"sameAs":["https:\/\/www.facebook.com\/radiowebufpa","https:\/\/x.com\/radiowebufpa","https:\/\/www.instagram.com\/radiowebufpa\/","https:\/\/www.youtube.com\/user\/RadioWebUFP4"]},{"@type":"Person","@id":"https:\/\/radio.ufpa.br\/#\/schema\/person\/f3f139516982741ca0831359933ac096","name":"Fabr\u00edcio Queiroz","image":{"@type":"ImageObject","inLanguage":"pt-BR","@id":"https:\/\/radio.ufpa.br\/#\/schema\/person\/image\/","url":"https:\/\/secure.gravatar.com\/avatar\/16286edb2cee888d704ce74385081b7f?s=96&d=mm&r=g","contentUrl":"https:\/\/secure.gravatar.com\/avatar\/16286edb2cee888d704ce74385081b7f?s=96&d=mm&r=g","caption":"Fabr\u00edcio Queiroz"},"description":"Editor e Jornalista respons\u00e1vel","url":"https:\/\/radio.ufpa.br\/index.php\/author\/fabricio\/"}]}},"jetpack_publicize_connections":[],"jetpack_featured_media_url":"https:\/\/i0.wp.com\/radio.ufpa.br\/wp-content\/uploads\/2019\/05\/eletrodin%C3%A2mica.jpeg?fit=3888%2C2592&ssl=1","jetpack_shortlink":"https:\/\/wp.me\/p8TJeA-1zI","jetpack_likes_enabled":true,"jetpack-related-posts":[],"jetpack_sharing_enabled":true,"_links":{"self":[{"href":"https:\/\/radio.ufpa.br\/index.php\/wp-json\/wp\/v2\/posts\/6058","targetHints":{"allow":["GET"]}}],"collection":[{"href":"https:\/\/radio.ufpa.br\/index.php\/wp-json\/wp\/v2\/posts"}],"about":[{"href":"https:\/\/radio.ufpa.br\/index.php\/wp-json\/wp\/v2\/types\/post"}],"author":[{"embeddable":true,"href":"https:\/\/radio.ufpa.br\/index.php\/wp-json\/wp\/v2\/users\/2"}],"replies":[{"embeddable":true,"href":"https:\/\/radio.ufpa.br\/index.php\/wp-json\/wp\/v2\/comments?post=6058"}],"version-history":[{"count":3,"href":"https:\/\/radio.ufpa.br\/index.php\/wp-json\/wp\/v2\/posts\/6058\/revisions"}],"predecessor-version":[{"id":6061,"href":"https:\/\/radio.ufpa.br\/index.php\/wp-json\/wp\/v2\/posts\/6058\/revisions\/6061"}],"wp:featuredmedia":[{"embeddable":true,"href":"https:\/\/radio.ufpa.br\/index.php\/wp-json\/wp\/v2\/media\/6056"}],"wp:attachment":[{"href":"https:\/\/radio.ufpa.br\/index.php\/wp-json\/wp\/v2\/media?parent=6058"}],"wp:term":[{"taxonomy":"category","embeddable":true,"href":"https:\/\/radio.ufpa.br\/index.php\/wp-json\/wp\/v2\/categories?post=6058"},{"taxonomy":"post_tag","embeddable":true,"href":"https:\/\/radio.ufpa.br\/index.php\/wp-json\/wp\/v2\/tags?post=6058"}],"curies":[{"name":"wp","href":"https:\/\/api.w.org\/{rel}","templated":true}]}}