{"id":6062,"date":"2019-05-21T08:00:53","date_gmt":"2019-05-21T11:00:53","guid":{"rendered":"http:\/\/radio.ufpa.br\/?p=6062"},"modified":"2019-05-21T13:47:06","modified_gmt":"2019-05-21T16:47:06","slug":"impactos-socioambientais-em-barcarena-e-no-marajo","status":"publish","type":"post","link":"https:\/\/radio.ufpa.br\/index.php\/universidade-multicampi\/impactos-socioambientais-em-barcarena-e-no-marajo\/","title":{"rendered":"Impactos Socioambientais em Barcarena e no Maraj\u00f3"},"content":{"rendered":"<!--[if lt IE 9]><script>document.createElement('audio');<\/script><![endif]-->\n\t<div class=\"wp-playlist wp-audio-playlist wp-playlist-light\">\n\t\t\t<div class=\"wp-playlist-current-item\"><\/div>\n\t\t<audio controls=\"controls\" preload=\"none\" width=\"1178\"\n\t\t\t><\/audio>\n\t<div class=\"wp-playlist-next\"><\/div>\n\t<div class=\"wp-playlist-prev\"><\/div>\n\t<noscript>\n\t<ol>\n\t\t<li><a href='https:\/\/radio.ufpa.br\/wp-content\/uploads\/2019\/02\/UNIVERSIDADE%20MULTICAMPI%20-%20IMPACTOS%20SOCIOAMBIENTAIS%20EM%20BARCARENA%20E%20MARAJ\u00d3%20-%2021.05.19.mp3'>Universidade Multicampi - Impactos Socioambientais em Barcarena e Maraj\u00f3\u00d3 - 21.05.19<\/a><\/li>\t<\/ol>\n\t<\/noscript>\n\t<script type=\"application\/json\" class=\"wp-playlist-script\">{\"type\":\"audio\",\"tracklist\":true,\"tracknumbers\":true,\"images\":true,\"artists\":true,\"tracks\":[{\"src\":\"https:\\\/\\\/radio.ufpa.br\\\/wp-content\\\/uploads\\\/2019\\\/02\\\/UNIVERSIDADE MULTICAMPI - IMPACTOS SOCIOAMBIENTAIS EM BARCARENA E MARAJ\\u00d3 - 21.05.19.mp3\",\"type\":\"audio\\\/mpeg\",\"title\":\"Universidade Multicampi - Impactos Socioambientais em Barcarena e Maraj\\u00f3\\u00d3 - 21.05.19\",\"caption\":\"\",\"description\":\"\\\"UNIVERSIDADE MULTICAMPI - IMPACTOS SOCIOAMBIENTAIS EM BARCARENA E MARAJ\\u00d3 - 21.05.19\\\". Genre: Blues.\",\"meta\":{\"artist\":\"R\\u00e1dio Web UFPA\",\"album\":\"Universidade Multicampi\",\"genre\":\"Blues\",\"length_formatted\":\"28:27\"},\"image\":{\"src\":\"https:\\\/\\\/radio.ufpa.br\\\/wp-includes\\\/images\\\/media\\\/audio.svg\",\"width\":48,\"height\":64},\"thumb\":{\"src\":\"https:\\\/\\\/radio.ufpa.br\\\/wp-includes\\\/images\\\/media\\\/audio.svg\",\"width\":48,\"height\":64}}]}<\/script>\n<\/div>\n\t\n<p>Nesta edi\u00e7\u00e3o, o Universidade Multicampi fala sobre\u00a0impactos socioambientais em Barcarena e Maraj\u00f3. No programa, recebemos o professor doutor Eun\u00e1pio Dutra do Carmo, docente da Faculdade de Servi\u00e7o Social, no campus Breves.<\/p>\n<p>O professor define que impacto socioambiental descreve tudo aquilo que interfere na din\u00e2mica social de um territ\u00f3rio. Partindo deste princ\u00edpio, os pesquisadores come\u00e7am a entender os motivos que geram esses impactos. \u201cO que n\u00f3s desenvolvemos enquanto pesquisadores da \u00e1rea, de impactos ambientais, \u00e9 que eles s\u00e3o provocados em fun\u00e7\u00e3o de um modelo de desenvolvimento que \u00e9 pautado pela extra\u00e7\u00e3o, que \u00e9 pautado por gerar <em>commodities<\/em> nesse processo da din\u00e2mica do capitalismo, que v\u00ea na extra\u00e7\u00e3o das reservas naturais e na sua comercializa\u00e7\u00e3o, uma maneira de reprodu\u00e7\u00e3o desse sistema\u201d, declara.<\/p>\n<p>Na Amaz\u00f4nia, o debate sobre esses impactos tem sido acompanhado pelas cr\u00edticas aos projetos desenvolvimentistas respons\u00e1veis pela abertura de rodovias, pelos empreendimentos de minera\u00e7\u00e3o, pela implanta\u00e7\u00e3o de hidrel\u00e9tricas, entre outros. No contexto local, o docente destaca os reflexos da atividade madeireira, a crise desse modelo explorat\u00f3rio e seu impacto sobre a natureza. \u201cQuem sente o impacto sente para a vida toda. Porque a natureza, o meio ambiente e o territ\u00f3rio s\u00e3o sist\u00eamicos. Ent\u00e3o o sistema econ\u00f4mico logo se remodela, mas a natureza tem essa dificuldade por conta do impacto que fica\u201d, fala Eun\u00e1pio do Carmo.<\/p>\n<p>Para o pesquisador, a ci\u00eancia vem questionar a concentra\u00e7\u00e3o de renda gerada pelo modelo capitalista e consequentemente, seu processo de exclus\u00e3o. \u201cA pesquisa quer problematizar a ideia de desenvolvimento com aquela pergunta cl\u00e1ssica: desenvolvimento para qu\u00ea e para quem?\u201d.<\/p>\n<p>Durante o programa, o professor Eun\u00e1pio do Carmo tamb\u00e9m trata de pol\u00edticas p\u00fablicas, do curso de Servi\u00e7o Social do campus de Breves e da rela\u00e7\u00e3o necess\u00e1ria entre a comunidade e a universidade. Para saber mais sobre<strong>\u00a0<\/strong>os impactos socioambientais em Barcarena e Maraj\u00f3, n\u00e3o perca esta edi\u00e7\u00e3o do Universidade Multicampi.<\/p>\n<p>Apresenta\u00e7\u00e3o: Joel Cardoso<br \/>\nProdu\u00e7\u00e3o e roteiro: Helando Fragoso<br \/>\nGrava\u00e7\u00e3o e montagem: Jo\u00e3o Nilo Ferreira<br \/>\nSupervis\u00e3o e edi\u00e7\u00e3o: Elissandra Batista e Fabr\u00edcio Queiroz<\/p>\n<p>O Universidade Multicampi vai ao ar \u00e0s ter\u00e7as-feiras, \u00e0s 10h e 21h.<br \/>\nHor\u00e1rios alternativos: Quinta-feira, \u00e0s 15h; e S\u00e1bado, \u00e0s 19h.<\/p>\n","protected":false},"excerpt":{"rendered":"<p> &#8230; <a title=\"Impactos Socioambientais em Barcarena e no Maraj\u00f3\" class=\"read-more\" href=\"https:\/\/radio.ufpa.br\/index.php\/universidade-multicampi\/impactos-socioambientais-em-barcarena-e-no-marajo\/\" aria-label=\"Read more about Impactos Socioambientais em Barcarena e no Maraj\u00f3\">Ler mais<\/a><\/p>\n","protected":false},"author":2,"featured_media":6064,"comment_status":"open","ping_status":"open","sticky":false,"template":"","format":"standard","meta":{"_acf_changed":false,"_exactmetrics_skip_tracking":false,"_exactmetrics_sitenote_active":false,"_exactmetrics_sitenote_note":"","_exactmetrics_sitenote_category":0,"_monsterinsights_skip_tracking":false,"_monsterinsights_sitenote_active":false,"_monsterinsights_sitenote_note":"","_monsterinsights_sitenote_category":0,"_uf_show_specific_survey":0,"_uf_disable_surveys":false,"jetpack_post_was_ever_published":false,"_jetpack_newsletter_access":"","_jetpack_dont_email_post_to_subs":false,"_jetpack_newsletter_tier_id":0,"_jetpack_memberships_contains_paywalled_content":false,"_jetpack_memberships_contains_paid_content":false,"footnotes":"","jetpack_publicize_message":"","jetpack_publicize_feature_enabled":true,"jetpack_social_post_already_shared":true,"jetpack_social_options":{"image_generator_settings":{"template":"highway","enabled":false},"version":2}},"categories":[38],"tags":[],"class_list":["post-6062","post","type-post","status-publish","format-standard","has-post-thumbnail","hentry","category-universidade-multicampi"],"acf":[],"yoast_head":"<!-- This site is optimized with the Yoast SEO plugin v25.1 - https:\/\/yoast.com\/wordpress\/plugins\/seo\/ -->\n<title>Impactos Socioambientais em Barcarena e no Maraj\u00f3 - Radio Web UFPA<\/title>\n<meta name=\"description\" content=\"No programa, tratamos da discuss\u00e3o sobre os impactos socioambientais decorrentes dos projetos de desenvolvimentistas em Barcarena e no Maraj\u00f3.\" \/>\n<meta name=\"robots\" content=\"index, follow, max-snippet:-1, max-image-preview:large, max-video-preview:-1\" \/>\n<link rel=\"canonical\" href=\"https:\/\/radio.ufpa.br\/index.php\/universidade-multicampi\/impactos-socioambientais-em-barcarena-e-no-marajo\/\" \/>\n<meta property=\"og:locale\" content=\"pt_BR\" \/>\n<meta property=\"og:type\" content=\"article\" \/>\n<meta property=\"og:title\" content=\"Impactos Socioambientais em Barcarena e no Maraj\u00f3 - Radio Web UFPA\" \/>\n<meta property=\"og:description\" content=\"No programa, tratamos da discuss\u00e3o sobre os impactos socioambientais decorrentes dos projetos de desenvolvimentistas em Barcarena e no Maraj\u00f3.\" \/>\n<meta property=\"og:url\" content=\"https:\/\/radio.ufpa.br\/index.php\/universidade-multicampi\/impactos-socioambientais-em-barcarena-e-no-marajo\/\" \/>\n<meta property=\"og:site_name\" content=\"Radio Web UFPA\" \/>\n<meta property=\"article:publisher\" content=\"https:\/\/www.facebook.com\/radiowebufpa\" \/>\n<meta property=\"article:published_time\" content=\"2019-05-21T11:00:53+00:00\" \/>\n<meta property=\"article:modified_time\" content=\"2019-05-21T16:47:06+00:00\" \/>\n<meta property=\"og:image\" content=\"https:\/\/i0.wp.com\/radio.ufpa.br\/wp-content\/uploads\/2019\/05\/Vazamento-de-rejeitos-em-Barcarena.jpg?fit=611%2C393&ssl=1\" \/>\n\t<meta property=\"og:image:width\" content=\"611\" \/>\n\t<meta property=\"og:image:height\" content=\"393\" \/>\n\t<meta property=\"og:image:type\" content=\"image\/jpeg\" \/>\n<meta name=\"author\" content=\"Fabr\u00edcio Queiroz\" \/>\n<meta name=\"twitter:card\" content=\"summary_large_image\" \/>\n<meta name=\"twitter:creator\" content=\"@radiowebufpa\" \/>\n<meta name=\"twitter:site\" content=\"@radiowebufpa\" \/>\n<meta name=\"twitter:label1\" content=\"Escrito por\" \/>\n\t<meta name=\"twitter:data1\" content=\"Fabr\u00edcio Queiroz\" \/>\n\t<meta name=\"twitter:label2\" content=\"Est. tempo de leitura\" \/>\n\t<meta name=\"twitter:data2\" content=\"2 minutos\" \/>\n<script type=\"application\/ld+json\" class=\"yoast-schema-graph\">{\"@context\":\"https:\/\/schema.org\",\"@graph\":[{\"@type\":\"Article\",\"@id\":\"https:\/\/radio.ufpa.br\/index.php\/universidade-multicampi\/impactos-socioambientais-em-barcarena-e-no-marajo\/#article\",\"isPartOf\":{\"@id\":\"https:\/\/radio.ufpa.br\/index.php\/universidade-multicampi\/impactos-socioambientais-em-barcarena-e-no-marajo\/\"},\"author\":{\"name\":\"Fabr\u00edcio Queiroz\",\"@id\":\"https:\/\/radio.ufpa.br\/#\/schema\/person\/f3f139516982741ca0831359933ac096\"},\"headline\":\"Impactos Socioambientais em Barcarena e no Maraj\u00f3\",\"datePublished\":\"2019-05-21T11:00:53+00:00\",\"dateModified\":\"2019-05-21T16:47:06+00:00\",\"mainEntityOfPage\":{\"@id\":\"https:\/\/radio.ufpa.br\/index.php\/universidade-multicampi\/impactos-socioambientais-em-barcarena-e-no-marajo\/\"},\"wordCount\":405,\"commentCount\":0,\"publisher\":{\"@id\":\"https:\/\/radio.ufpa.br\/#organization\"},\"image\":{\"@id\":\"https:\/\/radio.ufpa.br\/index.php\/universidade-multicampi\/impactos-socioambientais-em-barcarena-e-no-marajo\/#primaryimage\"},\"thumbnailUrl\":\"https:\/\/i0.wp.com\/radio.ufpa.br\/wp-content\/uploads\/2019\/05\/Vazamento-de-rejeitos-em-Barcarena.jpg?fit=611%2C393&ssl=1\",\"articleSection\":[\"Universidade Multicampi\"],\"inLanguage\":\"pt-BR\",\"potentialAction\":[{\"@type\":\"CommentAction\",\"name\":\"Comment\",\"target\":[\"https:\/\/radio.ufpa.br\/index.php\/universidade-multicampi\/impactos-socioambientais-em-barcarena-e-no-marajo\/#respond\"]}]},{\"@type\":\"WebPage\",\"@id\":\"https:\/\/radio.ufpa.br\/index.php\/universidade-multicampi\/impactos-socioambientais-em-barcarena-e-no-marajo\/\",\"url\":\"https:\/\/radio.ufpa.br\/index.php\/universidade-multicampi\/impactos-socioambientais-em-barcarena-e-no-marajo\/\",\"name\":\"Impactos Socioambientais em Barcarena e no Maraj\u00f3 - Radio Web UFPA\",\"isPartOf\":{\"@id\":\"https:\/\/radio.ufpa.br\/#website\"},\"primaryImageOfPage\":{\"@id\":\"https:\/\/radio.ufpa.br\/index.php\/universidade-multicampi\/impactos-socioambientais-em-barcarena-e-no-marajo\/#primaryimage\"},\"image\":{\"@id\":\"https:\/\/radio.ufpa.br\/index.php\/universidade-multicampi\/impactos-socioambientais-em-barcarena-e-no-marajo\/#primaryimage\"},\"thumbnailUrl\":\"https:\/\/i0.wp.com\/radio.ufpa.br\/wp-content\/uploads\/2019\/05\/Vazamento-de-rejeitos-em-Barcarena.jpg?fit=611%2C393&ssl=1\",\"datePublished\":\"2019-05-21T11:00:53+00:00\",\"dateModified\":\"2019-05-21T16:47:06+00:00\",\"description\":\"No programa, tratamos da discuss\u00e3o sobre os impactos socioambientais decorrentes dos projetos de desenvolvimentistas em Barcarena e no Maraj\u00f3.\",\"breadcrumb\":{\"@id\":\"https:\/\/radio.ufpa.br\/index.php\/universidade-multicampi\/impactos-socioambientais-em-barcarena-e-no-marajo\/#breadcrumb\"},\"inLanguage\":\"pt-BR\",\"potentialAction\":[{\"@type\":\"ReadAction\",\"target\":[\"https:\/\/radio.ufpa.br\/index.php\/universidade-multicampi\/impactos-socioambientais-em-barcarena-e-no-marajo\/\"]}]},{\"@type\":\"ImageObject\",\"inLanguage\":\"pt-BR\",\"@id\":\"https:\/\/radio.ufpa.br\/index.php\/universidade-multicampi\/impactos-socioambientais-em-barcarena-e-no-marajo\/#primaryimage\",\"url\":\"https:\/\/i0.wp.com\/radio.ufpa.br\/wp-content\/uploads\/2019\/05\/Vazamento-de-rejeitos-em-Barcarena.jpg?fit=611%2C393&ssl=1\",\"contentUrl\":\"https:\/\/i0.wp.com\/radio.ufpa.br\/wp-content\/uploads\/2019\/05\/Vazamento-de-rejeitos-em-Barcarena.jpg?fit=611%2C393&ssl=1\",\"width\":611,\"height\":393,\"caption\":\"Vazamento de rejeitos em Barcarena\"},{\"@type\":\"BreadcrumbList\",\"@id\":\"https:\/\/radio.ufpa.br\/index.php\/universidade-multicampi\/impactos-socioambientais-em-barcarena-e-no-marajo\/#breadcrumb\",\"itemListElement\":[{\"@type\":\"ListItem\",\"position\":1,\"name\":\"In\u00edcio\",\"item\":\"https:\/\/radio.ufpa.br\/\"},{\"@type\":\"ListItem\",\"position\":2,\"name\":\"Impactos Socioambientais em Barcarena e no Maraj\u00f3\"}]},{\"@type\":\"WebSite\",\"@id\":\"https:\/\/radio.ufpa.br\/#website\",\"url\":\"https:\/\/radio.ufpa.br\/\",\"name\":\"Radio Web UFPA\",\"description\":\"Divulgando o conhecimento\",\"publisher\":{\"@id\":\"https:\/\/radio.ufpa.br\/#organization\"},\"potentialAction\":[{\"@type\":\"SearchAction\",\"target\":{\"@type\":\"EntryPoint\",\"urlTemplate\":\"https:\/\/radio.ufpa.br\/?s={search_term_string}\"},\"query-input\":{\"@type\":\"PropertyValueSpecification\",\"valueRequired\":true,\"valueName\":\"search_term_string\"}}],\"inLanguage\":\"pt-BR\"},{\"@type\":\"Organization\",\"@id\":\"https:\/\/radio.ufpa.br\/#organization\",\"name\":\"UNIVERSIDADE FEDERAL DO PAR\u00c1-R\u00c1DIO WEB UFPA\",\"url\":\"https:\/\/radio.ufpa.br\/\",\"logo\":{\"@type\":\"ImageObject\",\"inLanguage\":\"pt-BR\",\"@id\":\"https:\/\/radio.ufpa.br\/#\/schema\/logo\/image\/\",\"url\":\"https:\/\/i0.wp.com\/radio.ufpa.br\/wp-content\/uploads\/2025\/12\/images-removebg-preview.png?fit=417%2C121&ssl=1\",\"contentUrl\":\"https:\/\/i0.wp.com\/radio.ufpa.br\/wp-content\/uploads\/2025\/12\/images-removebg-preview.png?fit=417%2C121&ssl=1\",\"width\":417,\"height\":121,\"caption\":\"UNIVERSIDADE FEDERAL DO PAR\u00c1-R\u00c1DIO WEB UFPA\"},\"image\":{\"@id\":\"https:\/\/radio.ufpa.br\/#\/schema\/logo\/image\/\"},\"sameAs\":[\"https:\/\/www.facebook.com\/radiowebufpa\",\"https:\/\/x.com\/radiowebufpa\",\"https:\/\/www.instagram.com\/radiowebufpa\/\",\"https:\/\/www.youtube.com\/user\/RadioWebUFP4\"]},{\"@type\":\"Person\",\"@id\":\"https:\/\/radio.ufpa.br\/#\/schema\/person\/f3f139516982741ca0831359933ac096\",\"name\":\"Fabr\u00edcio Queiroz\",\"image\":{\"@type\":\"ImageObject\",\"inLanguage\":\"pt-BR\",\"@id\":\"https:\/\/radio.ufpa.br\/#\/schema\/person\/image\/\",\"url\":\"https:\/\/secure.gravatar.com\/avatar\/16286edb2cee888d704ce74385081b7f?s=96&d=mm&r=g\",\"contentUrl\":\"https:\/\/secure.gravatar.com\/avatar\/16286edb2cee888d704ce74385081b7f?s=96&d=mm&r=g\",\"caption\":\"Fabr\u00edcio Queiroz\"},\"description\":\"Editor e Jornalista respons\u00e1vel\",\"url\":\"https:\/\/radio.ufpa.br\/index.php\/author\/fabricio\/\"}]}<\/script>\n<!-- \/ Yoast SEO plugin. -->","yoast_head_json":{"title":"Impactos Socioambientais em Barcarena e no Maraj\u00f3 - Radio Web UFPA","description":"No programa, tratamos da discuss\u00e3o sobre os impactos socioambientais decorrentes dos projetos de desenvolvimentistas em Barcarena e no Maraj\u00f3.","robots":{"index":"index","follow":"follow","max-snippet":"max-snippet:-1","max-image-preview":"max-image-preview:large","max-video-preview":"max-video-preview:-1"},"canonical":"https:\/\/radio.ufpa.br\/index.php\/universidade-multicampi\/impactos-socioambientais-em-barcarena-e-no-marajo\/","og_locale":"pt_BR","og_type":"article","og_title":"Impactos Socioambientais em Barcarena e no Maraj\u00f3 - Radio Web UFPA","og_description":"No programa, tratamos da discuss\u00e3o sobre os impactos socioambientais decorrentes dos projetos de desenvolvimentistas em Barcarena e no Maraj\u00f3.","og_url":"https:\/\/radio.ufpa.br\/index.php\/universidade-multicampi\/impactos-socioambientais-em-barcarena-e-no-marajo\/","og_site_name":"Radio Web UFPA","article_publisher":"https:\/\/www.facebook.com\/radiowebufpa","article_published_time":"2019-05-21T11:00:53+00:00","article_modified_time":"2019-05-21T16:47:06+00:00","og_image":[{"width":611,"height":393,"url":"https:\/\/i0.wp.com\/radio.ufpa.br\/wp-content\/uploads\/2019\/05\/Vazamento-de-rejeitos-em-Barcarena.jpg?fit=611%2C393&ssl=1","type":"image\/jpeg"}],"author":"Fabr\u00edcio Queiroz","twitter_card":"summary_large_image","twitter_creator":"@radiowebufpa","twitter_site":"@radiowebufpa","twitter_misc":{"Escrito por":"Fabr\u00edcio Queiroz","Est. tempo de leitura":"2 minutos"},"schema":{"@context":"https:\/\/schema.org","@graph":[{"@type":"Article","@id":"https:\/\/radio.ufpa.br\/index.php\/universidade-multicampi\/impactos-socioambientais-em-barcarena-e-no-marajo\/#article","isPartOf":{"@id":"https:\/\/radio.ufpa.br\/index.php\/universidade-multicampi\/impactos-socioambientais-em-barcarena-e-no-marajo\/"},"author":{"name":"Fabr\u00edcio Queiroz","@id":"https:\/\/radio.ufpa.br\/#\/schema\/person\/f3f139516982741ca0831359933ac096"},"headline":"Impactos Socioambientais em Barcarena e no Maraj\u00f3","datePublished":"2019-05-21T11:00:53+00:00","dateModified":"2019-05-21T16:47:06+00:00","mainEntityOfPage":{"@id":"https:\/\/radio.ufpa.br\/index.php\/universidade-multicampi\/impactos-socioambientais-em-barcarena-e-no-marajo\/"},"wordCount":405,"commentCount":0,"publisher":{"@id":"https:\/\/radio.ufpa.br\/#organization"},"image":{"@id":"https:\/\/radio.ufpa.br\/index.php\/universidade-multicampi\/impactos-socioambientais-em-barcarena-e-no-marajo\/#primaryimage"},"thumbnailUrl":"https:\/\/i0.wp.com\/radio.ufpa.br\/wp-content\/uploads\/2019\/05\/Vazamento-de-rejeitos-em-Barcarena.jpg?fit=611%2C393&ssl=1","articleSection":["Universidade Multicampi"],"inLanguage":"pt-BR","potentialAction":[{"@type":"CommentAction","name":"Comment","target":["https:\/\/radio.ufpa.br\/index.php\/universidade-multicampi\/impactos-socioambientais-em-barcarena-e-no-marajo\/#respond"]}]},{"@type":"WebPage","@id":"https:\/\/radio.ufpa.br\/index.php\/universidade-multicampi\/impactos-socioambientais-em-barcarena-e-no-marajo\/","url":"https:\/\/radio.ufpa.br\/index.php\/universidade-multicampi\/impactos-socioambientais-em-barcarena-e-no-marajo\/","name":"Impactos Socioambientais em Barcarena e no Maraj\u00f3 - Radio Web UFPA","isPartOf":{"@id":"https:\/\/radio.ufpa.br\/#website"},"primaryImageOfPage":{"@id":"https:\/\/radio.ufpa.br\/index.php\/universidade-multicampi\/impactos-socioambientais-em-barcarena-e-no-marajo\/#primaryimage"},"image":{"@id":"https:\/\/radio.ufpa.br\/index.php\/universidade-multicampi\/impactos-socioambientais-em-barcarena-e-no-marajo\/#primaryimage"},"thumbnailUrl":"https:\/\/i0.wp.com\/radio.ufpa.br\/wp-content\/uploads\/2019\/05\/Vazamento-de-rejeitos-em-Barcarena.jpg?fit=611%2C393&ssl=1","datePublished":"2019-05-21T11:00:53+00:00","dateModified":"2019-05-21T16:47:06+00:00","description":"No programa, tratamos da discuss\u00e3o sobre os impactos socioambientais decorrentes dos projetos de desenvolvimentistas em Barcarena e no Maraj\u00f3.","breadcrumb":{"@id":"https:\/\/radio.ufpa.br\/index.php\/universidade-multicampi\/impactos-socioambientais-em-barcarena-e-no-marajo\/#breadcrumb"},"inLanguage":"pt-BR","potentialAction":[{"@type":"ReadAction","target":["https:\/\/radio.ufpa.br\/index.php\/universidade-multicampi\/impactos-socioambientais-em-barcarena-e-no-marajo\/"]}]},{"@type":"ImageObject","inLanguage":"pt-BR","@id":"https:\/\/radio.ufpa.br\/index.php\/universidade-multicampi\/impactos-socioambientais-em-barcarena-e-no-marajo\/#primaryimage","url":"https:\/\/i0.wp.com\/radio.ufpa.br\/wp-content\/uploads\/2019\/05\/Vazamento-de-rejeitos-em-Barcarena.jpg?fit=611%2C393&ssl=1","contentUrl":"https:\/\/i0.wp.com\/radio.ufpa.br\/wp-content\/uploads\/2019\/05\/Vazamento-de-rejeitos-em-Barcarena.jpg?fit=611%2C393&ssl=1","width":611,"height":393,"caption":"Vazamento de rejeitos em Barcarena"},{"@type":"BreadcrumbList","@id":"https:\/\/radio.ufpa.br\/index.php\/universidade-multicampi\/impactos-socioambientais-em-barcarena-e-no-marajo\/#breadcrumb","itemListElement":[{"@type":"ListItem","position":1,"name":"In\u00edcio","item":"https:\/\/radio.ufpa.br\/"},{"@type":"ListItem","position":2,"name":"Impactos Socioambientais em Barcarena e no Maraj\u00f3"}]},{"@type":"WebSite","@id":"https:\/\/radio.ufpa.br\/#website","url":"https:\/\/radio.ufpa.br\/","name":"Radio Web UFPA","description":"Divulgando o conhecimento","publisher":{"@id":"https:\/\/radio.ufpa.br\/#organization"},"potentialAction":[{"@type":"SearchAction","target":{"@type":"EntryPoint","urlTemplate":"https:\/\/radio.ufpa.br\/?s={search_term_string}"},"query-input":{"@type":"PropertyValueSpecification","valueRequired":true,"valueName":"search_term_string"}}],"inLanguage":"pt-BR"},{"@type":"Organization","@id":"https:\/\/radio.ufpa.br\/#organization","name":"UNIVERSIDADE FEDERAL DO PAR\u00c1-R\u00c1DIO WEB UFPA","url":"https:\/\/radio.ufpa.br\/","logo":{"@type":"ImageObject","inLanguage":"pt-BR","@id":"https:\/\/radio.ufpa.br\/#\/schema\/logo\/image\/","url":"https:\/\/i0.wp.com\/radio.ufpa.br\/wp-content\/uploads\/2025\/12\/images-removebg-preview.png?fit=417%2C121&ssl=1","contentUrl":"https:\/\/i0.wp.com\/radio.ufpa.br\/wp-content\/uploads\/2025\/12\/images-removebg-preview.png?fit=417%2C121&ssl=1","width":417,"height":121,"caption":"UNIVERSIDADE FEDERAL DO PAR\u00c1-R\u00c1DIO WEB UFPA"},"image":{"@id":"https:\/\/radio.ufpa.br\/#\/schema\/logo\/image\/"},"sameAs":["https:\/\/www.facebook.com\/radiowebufpa","https:\/\/x.com\/radiowebufpa","https:\/\/www.instagram.com\/radiowebufpa\/","https:\/\/www.youtube.com\/user\/RadioWebUFP4"]},{"@type":"Person","@id":"https:\/\/radio.ufpa.br\/#\/schema\/person\/f3f139516982741ca0831359933ac096","name":"Fabr\u00edcio Queiroz","image":{"@type":"ImageObject","inLanguage":"pt-BR","@id":"https:\/\/radio.ufpa.br\/#\/schema\/person\/image\/","url":"https:\/\/secure.gravatar.com\/avatar\/16286edb2cee888d704ce74385081b7f?s=96&d=mm&r=g","contentUrl":"https:\/\/secure.gravatar.com\/avatar\/16286edb2cee888d704ce74385081b7f?s=96&d=mm&r=g","caption":"Fabr\u00edcio Queiroz"},"description":"Editor e Jornalista respons\u00e1vel","url":"https:\/\/radio.ufpa.br\/index.php\/author\/fabricio\/"}]}},"jetpack_publicize_connections":[],"jetpack_featured_media_url":"https:\/\/i0.wp.com\/radio.ufpa.br\/wp-content\/uploads\/2019\/05\/Vazamento-de-rejeitos-em-Barcarena.jpg?fit=611%2C393&ssl=1","jetpack_shortlink":"https:\/\/wp.me\/p8TJeA-1zM","jetpack_likes_enabled":true,"jetpack-related-posts":[],"jetpack_sharing_enabled":true,"_links":{"self":[{"href":"https:\/\/radio.ufpa.br\/index.php\/wp-json\/wp\/v2\/posts\/6062","targetHints":{"allow":["GET"]}}],"collection":[{"href":"https:\/\/radio.ufpa.br\/index.php\/wp-json\/wp\/v2\/posts"}],"about":[{"href":"https:\/\/radio.ufpa.br\/index.php\/wp-json\/wp\/v2\/types\/post"}],"author":[{"embeddable":true,"href":"https:\/\/radio.ufpa.br\/index.php\/wp-json\/wp\/v2\/users\/2"}],"replies":[{"embeddable":true,"href":"https:\/\/radio.ufpa.br\/index.php\/wp-json\/wp\/v2\/comments?post=6062"}],"version-history":[{"count":3,"href":"https:\/\/radio.ufpa.br\/index.php\/wp-json\/wp\/v2\/posts\/6062\/revisions"}],"predecessor-version":[{"id":6069,"href":"https:\/\/radio.ufpa.br\/index.php\/wp-json\/wp\/v2\/posts\/6062\/revisions\/6069"}],"wp:featuredmedia":[{"embeddable":true,"href":"https:\/\/radio.ufpa.br\/index.php\/wp-json\/wp\/v2\/media\/6064"}],"wp:attachment":[{"href":"https:\/\/radio.ufpa.br\/index.php\/wp-json\/wp\/v2\/media?parent=6062"}],"wp:term":[{"taxonomy":"category","embeddable":true,"href":"https:\/\/radio.ufpa.br\/index.php\/wp-json\/wp\/v2\/categories?post=6062"},{"taxonomy":"post_tag","embeddable":true,"href":"https:\/\/radio.ufpa.br\/index.php\/wp-json\/wp\/v2\/tags?post=6062"}],"curies":[{"name":"wp","href":"https:\/\/api.w.org\/{rel}","templated":true}]}}