{"id":6150,"date":"2019-06-07T10:40:20","date_gmt":"2019-06-07T13:40:20","guid":{"rendered":"http:\/\/radio.ufpa.br\/?p=6150"},"modified":"2019-06-07T17:53:37","modified_gmt":"2019-06-07T20:53:37","slug":"especial-enactus-fieiro","status":"publish","type":"post","link":"https:\/\/radio.ufpa.br\/index.php\/ufpa-comunidade\/especial-enactus-fieiro\/","title":{"rendered":"Especial Enactus: Fiero"},"content":{"rendered":"<!--[if lt IE 9]><script>document.createElement('audio');<\/script><![endif]-->\n\t<div class=\"wp-playlist wp-audio-playlist wp-playlist-light\">\n\t\t\t<div class=\"wp-playlist-current-item\"><\/div>\n\t\t<audio controls=\"controls\" preload=\"none\" width=\"1178\"\n\t\t\t><\/audio>\n\t<div class=\"wp-playlist-next\"><\/div>\n\t<div class=\"wp-playlist-prev\"><\/div>\n\t<noscript>\n\t<ol>\n\t\t<li><a href='https:\/\/radio.ufpa.br\/wp-content\/uploads\/2019\/02\/UFPA%20COMUNIDADE%20-%20ESPECIAL%20ENACTUS%20-%20FIERO%20-%2007.06.19.mp3'>UFPA Comunidade - Especial Enactus - Fiero<\/a><\/li>\t<\/ol>\n\t<\/noscript>\n\t<script type=\"application\/json\" class=\"wp-playlist-script\">{\"type\":\"audio\",\"tracklist\":true,\"tracknumbers\":true,\"images\":true,\"artists\":true,\"tracks\":[{\"src\":\"https:\\\/\\\/radio.ufpa.br\\\/wp-content\\\/uploads\\\/2019\\\/02\\\/UFPA COMUNIDADE - ESPECIAL ENACTUS - FIERO - 07.06.19.mp3\",\"type\":\"audio\\\/mpeg\",\"title\":\"UFPA Comunidade - Especial Enactus - Fiero\",\"caption\":\"\",\"description\":\"\\\"UFPA COMUNIDADE - ESPECIAL ENACTUS - FIERO - 07.06.19\\\". \",\"meta\":{\"artist\":\"Radio Web UFPA\",\"album\":\"UFPA Comunidade\",\"genre\":\"Blues\",\"length_formatted\":\"35:02\"},\"image\":{\"src\":\"https:\\\/\\\/radio.ufpa.br\\\/wp-includes\\\/images\\\/media\\\/audio.svg\",\"width\":48,\"height\":64},\"thumb\":{\"src\":\"https:\\\/\\\/radio.ufpa.br\\\/wp-includes\\\/images\\\/media\\\/audio.svg\",\"width\":48,\"height\":64}}]}<\/script>\n<\/div>\n\t\n<p>Nesta edi\u00e7\u00e3o do UFPA Comunidade voc\u00ea acompanha o terceiro programa do Especial Enactus. Dessa vez, o destaque \u00e9 o projeto Fiero, uma iniciativa que busca melhorar a qualidade de vida dos feirantes de S\u00e3o Br\u00e1s, atrav\u00e9s da gera\u00e7\u00e3o de renda e capacita\u00e7\u00e3o profissional.<\/p>\n<p>Iniciado em 2016, o Fiero prop\u00f5e o aproveitamento de alimentos que seriam descartados &#8211; meramente por quest\u00f5es est\u00e9ticas &#8211; na produ\u00e7\u00e3o de geleias, evitando o desperd\u00edcio desnecess\u00e1rio de alimentos em bom estado e gerando lucro para os feirantes que participam da iniciativa, al\u00e9m de aumentar a movimenta\u00e7\u00e3o no mercado.<\/p>\n<p>Para falar da iniciativa, participam do UFPA Comunidade, o presidente da Enactus UFPA, Noel Orlet e umas das integrantes da equipe Fiero, Daniela Siqueira. Contamos ainda com Eucenir Xavier, uma das pessoas beneficiadas com o projeto.<\/p>\n<p>Entre os objetivos do Fiero tamb\u00e9m est\u00e1 a valoriza\u00e7\u00e3o do mercado de S\u00e3o Br\u00e1s como patrim\u00f4nio regional e o reconhecimento da cultura local, principalmente em eventos que recebem turistas. \u201cQuando eles ficam sabendo que \u00e9 uma geleia de pimenta, pimenta de cheiro principalmente, eles querem saber como nasceu a ideia, quem faz aquilo, querem conhecer as pessoas de S\u00e3o Br\u00e1s e visitar esse mercado enorme que j\u00e1 foi o segundo maior do estado\u201d, conta Daniela.<\/p>\n<p>Para Noel Orlet, a a\u00e7\u00e3o est\u00e1 entre as mais inovadoras do time Enactus UFPA. \u201cO projeto Fiero \u00e9 o nosso \u00fanico projeto que traz esse trabalho mais forte com o lado de alimentos, transformando o descarte, o desperd\u00edcio, em uma solu\u00e7\u00e3o\u201d, afirma.<\/p>\n<p>Para melhorar a gera\u00e7\u00e3o de renda, o projeto tamb\u00e9m oferece capacita\u00e7\u00f5es para os feirantes sobre o atendimento e a qualidade dos produtos ofertados. \u201cN\u00f3s damos capacita\u00e7\u00f5es para eles de como manipular alimentos, como tratar melhor os clientes, assim n\u00f3s damos meios para que eles possam vender mais e ter mais clientela\u201d, pontua Daniela.<\/p>\n<p>Para conhecer mais sobre o Fiero e esse trabalho em parceria com os feirantes de S\u00e3o Br\u00e1s, n\u00e3o perca essa edi\u00e7\u00e3o do UFPA Comunidade<\/p>\n<p>Apresenta\u00e7\u00e3o: Erlane Santos<br \/>\nProdu\u00e7\u00e3o e roteiro: Thiago Vasconcellos<br \/>\nGrava\u00e7\u00e3o e montagem: Jo\u00e3o Nilo e Karla Guimar\u00e3es<br \/>\nSupervis\u00e3o e edi\u00e7\u00e3o: Elissandra Batista e Fabr\u00edcio Queiroz<br \/>\nFoto: Daniela Siqueira<\/p>\n<p>O UFPA Comunidade vai ao ar \u00e0s sextas-feiras, \u00e0s 10h e 21h.<br \/>\nHor\u00e1rios alternativos: Domingo, \u00e0s 15h, e ter\u00e7a-feira, \u00e0s 15h.<\/p>\n","protected":false},"excerpt":{"rendered":"<p> &#8230; <a title=\"Especial Enactus: Fiero\" class=\"read-more\" href=\"https:\/\/radio.ufpa.br\/index.php\/ufpa-comunidade\/especial-enactus-fieiro\/\" aria-label=\"Read more about Especial Enactus: Fiero\">Ler mais<\/a><\/p>\n","protected":false},"author":6,"featured_media":6156,"comment_status":"open","ping_status":"open","sticky":false,"template":"","format":"standard","meta":{"_acf_changed":false,"_exactmetrics_skip_tracking":false,"_monsterinsights_skip_tracking":false,"_uf_show_specific_survey":0,"_uf_disable_surveys":false,"jetpack_post_was_ever_published":false,"_jetpack_newsletter_access":"","_jetpack_dont_email_post_to_subs":false,"_jetpack_newsletter_tier_id":0,"_jetpack_memberships_contains_paywalled_content":false,"_jetpack_memberships_contains_paid_content":false,"footnotes":"","jetpack_publicize_message":"","jetpack_publicize_feature_enabled":true,"jetpack_social_post_already_shared":true,"jetpack_social_options":{"image_generator_settings":{"template":"highway","enabled":false},"version":2}},"categories":[43],"tags":[],"class_list":["post-6150","post","type-post","status-publish","format-standard","has-post-thumbnail","hentry","category-ufpa-comunidade"],"acf":[],"yoast_head":"<!-- This site is optimized with the Yoast SEO plugin v25.1 - https:\/\/yoast.com\/wordpress\/plugins\/seo\/ -->\n<title>Especial Enactus: Fiero - Radio Web UFPA<\/title>\n<meta name=\"description\" content=\"O Fiero \u00e9 um projeto que elabora geleias com alimentos que seriam desperdi\u00e7ados e, assim, gera uma nova fonte de renda para feirantes de S\u00e3o Br\u00e1s.\" \/>\n<meta name=\"robots\" content=\"index, follow, max-snippet:-1, max-image-preview:large, max-video-preview:-1\" \/>\n<link rel=\"canonical\" href=\"https:\/\/radio.ufpa.br\/index.php\/ufpa-comunidade\/especial-enactus-fieiro\/\" \/>\n<meta property=\"og:locale\" content=\"pt_BR\" \/>\n<meta property=\"og:type\" content=\"article\" \/>\n<meta property=\"og:title\" content=\"Especial Enactus: Fiero - Radio Web UFPA\" \/>\n<meta property=\"og:description\" content=\"O Fiero \u00e9 um projeto que elabora geleias com alimentos que seriam desperdi\u00e7ados e, assim, gera uma nova fonte de renda para feirantes de S\u00e3o Br\u00e1s.\" \/>\n<meta property=\"og:url\" content=\"https:\/\/radio.ufpa.br\/index.php\/ufpa-comunidade\/especial-enactus-fieiro\/\" \/>\n<meta property=\"og:site_name\" content=\"Radio Web UFPA\" \/>\n<meta property=\"article:publisher\" content=\"https:\/\/www.facebook.com\/radiowebufpa\" \/>\n<meta property=\"article:published_time\" content=\"2019-06-07T13:40:20+00:00\" \/>\n<meta property=\"article:modified_time\" content=\"2019-06-07T20:53:37+00:00\" \/>\n<meta property=\"og:image\" content=\"https:\/\/i0.wp.com\/radio.ufpa.br\/wp-content\/uploads\/2019\/06\/geleias-projeto-ufpa.png?fit=777%2C479&ssl=1\" \/>\n\t<meta property=\"og:image:width\" content=\"777\" \/>\n\t<meta property=\"og:image:height\" content=\"479\" \/>\n\t<meta property=\"og:image:type\" content=\"image\/png\" \/>\n<meta name=\"author\" content=\"Elissandra Batista\" \/>\n<meta name=\"twitter:card\" content=\"summary_large_image\" \/>\n<meta name=\"twitter:creator\" content=\"@radiowebufpa\" \/>\n<meta name=\"twitter:site\" content=\"@radiowebufpa\" \/>\n<meta name=\"twitter:label1\" content=\"Escrito por\" \/>\n\t<meta name=\"twitter:data1\" content=\"Elissandra Batista\" \/>\n\t<meta name=\"twitter:label2\" content=\"Est. tempo de leitura\" \/>\n\t<meta name=\"twitter:data2\" content=\"2 minutos\" \/>\n<script type=\"application\/ld+json\" class=\"yoast-schema-graph\">{\"@context\":\"https:\/\/schema.org\",\"@graph\":[{\"@type\":\"Article\",\"@id\":\"https:\/\/radio.ufpa.br\/index.php\/ufpa-comunidade\/especial-enactus-fieiro\/#article\",\"isPartOf\":{\"@id\":\"https:\/\/radio.ufpa.br\/index.php\/ufpa-comunidade\/especial-enactus-fieiro\/\"},\"author\":{\"name\":\"Elissandra Batista\",\"@id\":\"https:\/\/radio.ufpa.br\/#\/schema\/person\/51774ebb30a3903e2bf07acf94e8fea6\"},\"headline\":\"Especial Enactus: Fiero\",\"datePublished\":\"2019-06-07T13:40:20+00:00\",\"dateModified\":\"2019-06-07T20:53:37+00:00\",\"mainEntityOfPage\":{\"@id\":\"https:\/\/radio.ufpa.br\/index.php\/ufpa-comunidade\/especial-enactus-fieiro\/\"},\"wordCount\":415,\"commentCount\":0,\"publisher\":{\"@id\":\"https:\/\/radio.ufpa.br\/#organization\"},\"image\":{\"@id\":\"https:\/\/radio.ufpa.br\/index.php\/ufpa-comunidade\/especial-enactus-fieiro\/#primaryimage\"},\"thumbnailUrl\":\"https:\/\/i0.wp.com\/radio.ufpa.br\/wp-content\/uploads\/2019\/06\/geleias-projeto-ufpa.png?fit=777%2C479&ssl=1\",\"articleSection\":[\"UFPA Comunidade\"],\"inLanguage\":\"pt-BR\",\"potentialAction\":[{\"@type\":\"CommentAction\",\"name\":\"Comment\",\"target\":[\"https:\/\/radio.ufpa.br\/index.php\/ufpa-comunidade\/especial-enactus-fieiro\/#respond\"]}]},{\"@type\":\"WebPage\",\"@id\":\"https:\/\/radio.ufpa.br\/index.php\/ufpa-comunidade\/especial-enactus-fieiro\/\",\"url\":\"https:\/\/radio.ufpa.br\/index.php\/ufpa-comunidade\/especial-enactus-fieiro\/\",\"name\":\"Especial Enactus: Fiero - Radio Web UFPA\",\"isPartOf\":{\"@id\":\"https:\/\/radio.ufpa.br\/#website\"},\"primaryImageOfPage\":{\"@id\":\"https:\/\/radio.ufpa.br\/index.php\/ufpa-comunidade\/especial-enactus-fieiro\/#primaryimage\"},\"image\":{\"@id\":\"https:\/\/radio.ufpa.br\/index.php\/ufpa-comunidade\/especial-enactus-fieiro\/#primaryimage\"},\"thumbnailUrl\":\"https:\/\/i0.wp.com\/radio.ufpa.br\/wp-content\/uploads\/2019\/06\/geleias-projeto-ufpa.png?fit=777%2C479&ssl=1\",\"datePublished\":\"2019-06-07T13:40:20+00:00\",\"dateModified\":\"2019-06-07T20:53:37+00:00\",\"description\":\"O Fiero \u00e9 um projeto que elabora geleias com alimentos que seriam desperdi\u00e7ados e, assim, gera uma nova fonte de renda para feirantes de S\u00e3o Br\u00e1s.\",\"breadcrumb\":{\"@id\":\"https:\/\/radio.ufpa.br\/index.php\/ufpa-comunidade\/especial-enactus-fieiro\/#breadcrumb\"},\"inLanguage\":\"pt-BR\",\"potentialAction\":[{\"@type\":\"ReadAction\",\"target\":[\"https:\/\/radio.ufpa.br\/index.php\/ufpa-comunidade\/especial-enactus-fieiro\/\"]}]},{\"@type\":\"ImageObject\",\"inLanguage\":\"pt-BR\",\"@id\":\"https:\/\/radio.ufpa.br\/index.php\/ufpa-comunidade\/especial-enactus-fieiro\/#primaryimage\",\"url\":\"https:\/\/i0.wp.com\/radio.ufpa.br\/wp-content\/uploads\/2019\/06\/geleias-projeto-ufpa.png?fit=777%2C479&ssl=1\",\"contentUrl\":\"https:\/\/i0.wp.com\/radio.ufpa.br\/wp-content\/uploads\/2019\/06\/geleias-projeto-ufpa.png?fit=777%2C479&ssl=1\",\"width\":777,\"height\":479,\"caption\":\"Fieiro\"},{\"@type\":\"BreadcrumbList\",\"@id\":\"https:\/\/radio.ufpa.br\/index.php\/ufpa-comunidade\/especial-enactus-fieiro\/#breadcrumb\",\"itemListElement\":[{\"@type\":\"ListItem\",\"position\":1,\"name\":\"In\u00edcio\",\"item\":\"https:\/\/radio.ufpa.br\/\"},{\"@type\":\"ListItem\",\"position\":2,\"name\":\"Especial Enactus: Fiero\"}]},{\"@type\":\"WebSite\",\"@id\":\"https:\/\/radio.ufpa.br\/#website\",\"url\":\"https:\/\/radio.ufpa.br\/\",\"name\":\"Radio Web UFPA\",\"description\":\"Divulgando o conhecimento\",\"publisher\":{\"@id\":\"https:\/\/radio.ufpa.br\/#organization\"},\"potentialAction\":[{\"@type\":\"SearchAction\",\"target\":{\"@type\":\"EntryPoint\",\"urlTemplate\":\"https:\/\/radio.ufpa.br\/?s={search_term_string}\"},\"query-input\":{\"@type\":\"PropertyValueSpecification\",\"valueRequired\":true,\"valueName\":\"search_term_string\"}}],\"inLanguage\":\"pt-BR\"},{\"@type\":\"Organization\",\"@id\":\"https:\/\/radio.ufpa.br\/#organization\",\"name\":\"UNIVERSIDADE FEDERAL DO PAR\u00c1-R\u00c1DIO WEB UFPA\",\"url\":\"https:\/\/radio.ufpa.br\/\",\"logo\":{\"@type\":\"ImageObject\",\"inLanguage\":\"pt-BR\",\"@id\":\"https:\/\/radio.ufpa.br\/#\/schema\/logo\/image\/\",\"url\":\"https:\/\/i0.wp.com\/radio.ufpa.br\/wp-content\/uploads\/2025\/12\/cropped-images-removebg-preview-1.png?fit=417%2C121&ssl=1\",\"contentUrl\":\"https:\/\/i0.wp.com\/radio.ufpa.br\/wp-content\/uploads\/2025\/12\/cropped-images-removebg-preview-1.png?fit=417%2C121&ssl=1\",\"width\":417,\"height\":121,\"caption\":\"UNIVERSIDADE FEDERAL DO PAR\u00c1-R\u00c1DIO WEB UFPA\"},\"image\":{\"@id\":\"https:\/\/radio.ufpa.br\/#\/schema\/logo\/image\/\"},\"sameAs\":[\"https:\/\/www.facebook.com\/radiowebufpa\",\"https:\/\/x.com\/radiowebufpa\",\"https:\/\/www.instagram.com\/radiowebufpa\/\",\"https:\/\/www.youtube.com\/user\/RadioWebUFP4\"]},{\"@type\":\"Person\",\"@id\":\"https:\/\/radio.ufpa.br\/#\/schema\/person\/51774ebb30a3903e2bf07acf94e8fea6\",\"name\":\"Elissandra Batista\",\"image\":{\"@type\":\"ImageObject\",\"inLanguage\":\"pt-BR\",\"@id\":\"https:\/\/radio.ufpa.br\/#\/schema\/person\/image\/\",\"url\":\"https:\/\/secure.gravatar.com\/avatar\/b779d46516fe39b809059134270ec707?s=96&d=mm&r=g\",\"contentUrl\":\"https:\/\/secure.gravatar.com\/avatar\/b779d46516fe39b809059134270ec707?s=96&d=mm&r=g\",\"caption\":\"Elissandra Batista\"},\"url\":\"https:\/\/radio.ufpa.br\/index.php\/author\/elissandra\/\"}]}<\/script>\n<!-- \/ Yoast SEO plugin. -->","yoast_head_json":{"title":"Especial Enactus: Fiero - Radio Web UFPA","description":"O Fiero \u00e9 um projeto que elabora geleias com alimentos que seriam desperdi\u00e7ados e, assim, gera uma nova fonte de renda para feirantes de S\u00e3o Br\u00e1s.","robots":{"index":"index","follow":"follow","max-snippet":"max-snippet:-1","max-image-preview":"max-image-preview:large","max-video-preview":"max-video-preview:-1"},"canonical":"https:\/\/radio.ufpa.br\/index.php\/ufpa-comunidade\/especial-enactus-fieiro\/","og_locale":"pt_BR","og_type":"article","og_title":"Especial Enactus: Fiero - Radio Web UFPA","og_description":"O Fiero \u00e9 um projeto que elabora geleias com alimentos que seriam desperdi\u00e7ados e, assim, gera uma nova fonte de renda para feirantes de S\u00e3o Br\u00e1s.","og_url":"https:\/\/radio.ufpa.br\/index.php\/ufpa-comunidade\/especial-enactus-fieiro\/","og_site_name":"Radio Web UFPA","article_publisher":"https:\/\/www.facebook.com\/radiowebufpa","article_published_time":"2019-06-07T13:40:20+00:00","article_modified_time":"2019-06-07T20:53:37+00:00","og_image":[{"width":777,"height":479,"url":"https:\/\/i0.wp.com\/radio.ufpa.br\/wp-content\/uploads\/2019\/06\/geleias-projeto-ufpa.png?fit=777%2C479&ssl=1","type":"image\/png"}],"author":"Elissandra Batista","twitter_card":"summary_large_image","twitter_creator":"@radiowebufpa","twitter_site":"@radiowebufpa","twitter_misc":{"Escrito por":"Elissandra Batista","Est. tempo de leitura":"2 minutos"},"schema":{"@context":"https:\/\/schema.org","@graph":[{"@type":"Article","@id":"https:\/\/radio.ufpa.br\/index.php\/ufpa-comunidade\/especial-enactus-fieiro\/#article","isPartOf":{"@id":"https:\/\/radio.ufpa.br\/index.php\/ufpa-comunidade\/especial-enactus-fieiro\/"},"author":{"name":"Elissandra Batista","@id":"https:\/\/radio.ufpa.br\/#\/schema\/person\/51774ebb30a3903e2bf07acf94e8fea6"},"headline":"Especial Enactus: Fiero","datePublished":"2019-06-07T13:40:20+00:00","dateModified":"2019-06-07T20:53:37+00:00","mainEntityOfPage":{"@id":"https:\/\/radio.ufpa.br\/index.php\/ufpa-comunidade\/especial-enactus-fieiro\/"},"wordCount":415,"commentCount":0,"publisher":{"@id":"https:\/\/radio.ufpa.br\/#organization"},"image":{"@id":"https:\/\/radio.ufpa.br\/index.php\/ufpa-comunidade\/especial-enactus-fieiro\/#primaryimage"},"thumbnailUrl":"https:\/\/i0.wp.com\/radio.ufpa.br\/wp-content\/uploads\/2019\/06\/geleias-projeto-ufpa.png?fit=777%2C479&ssl=1","articleSection":["UFPA Comunidade"],"inLanguage":"pt-BR","potentialAction":[{"@type":"CommentAction","name":"Comment","target":["https:\/\/radio.ufpa.br\/index.php\/ufpa-comunidade\/especial-enactus-fieiro\/#respond"]}]},{"@type":"WebPage","@id":"https:\/\/radio.ufpa.br\/index.php\/ufpa-comunidade\/especial-enactus-fieiro\/","url":"https:\/\/radio.ufpa.br\/index.php\/ufpa-comunidade\/especial-enactus-fieiro\/","name":"Especial Enactus: Fiero - Radio Web UFPA","isPartOf":{"@id":"https:\/\/radio.ufpa.br\/#website"},"primaryImageOfPage":{"@id":"https:\/\/radio.ufpa.br\/index.php\/ufpa-comunidade\/especial-enactus-fieiro\/#primaryimage"},"image":{"@id":"https:\/\/radio.ufpa.br\/index.php\/ufpa-comunidade\/especial-enactus-fieiro\/#primaryimage"},"thumbnailUrl":"https:\/\/i0.wp.com\/radio.ufpa.br\/wp-content\/uploads\/2019\/06\/geleias-projeto-ufpa.png?fit=777%2C479&ssl=1","datePublished":"2019-06-07T13:40:20+00:00","dateModified":"2019-06-07T20:53:37+00:00","description":"O Fiero \u00e9 um projeto que elabora geleias com alimentos que seriam desperdi\u00e7ados e, assim, gera uma nova fonte de renda para feirantes de S\u00e3o Br\u00e1s.","breadcrumb":{"@id":"https:\/\/radio.ufpa.br\/index.php\/ufpa-comunidade\/especial-enactus-fieiro\/#breadcrumb"},"inLanguage":"pt-BR","potentialAction":[{"@type":"ReadAction","target":["https:\/\/radio.ufpa.br\/index.php\/ufpa-comunidade\/especial-enactus-fieiro\/"]}]},{"@type":"ImageObject","inLanguage":"pt-BR","@id":"https:\/\/radio.ufpa.br\/index.php\/ufpa-comunidade\/especial-enactus-fieiro\/#primaryimage","url":"https:\/\/i0.wp.com\/radio.ufpa.br\/wp-content\/uploads\/2019\/06\/geleias-projeto-ufpa.png?fit=777%2C479&ssl=1","contentUrl":"https:\/\/i0.wp.com\/radio.ufpa.br\/wp-content\/uploads\/2019\/06\/geleias-projeto-ufpa.png?fit=777%2C479&ssl=1","width":777,"height":479,"caption":"Fieiro"},{"@type":"BreadcrumbList","@id":"https:\/\/radio.ufpa.br\/index.php\/ufpa-comunidade\/especial-enactus-fieiro\/#breadcrumb","itemListElement":[{"@type":"ListItem","position":1,"name":"In\u00edcio","item":"https:\/\/radio.ufpa.br\/"},{"@type":"ListItem","position":2,"name":"Especial Enactus: Fiero"}]},{"@type":"WebSite","@id":"https:\/\/radio.ufpa.br\/#website","url":"https:\/\/radio.ufpa.br\/","name":"Radio Web UFPA","description":"Divulgando o conhecimento","publisher":{"@id":"https:\/\/radio.ufpa.br\/#organization"},"potentialAction":[{"@type":"SearchAction","target":{"@type":"EntryPoint","urlTemplate":"https:\/\/radio.ufpa.br\/?s={search_term_string}"},"query-input":{"@type":"PropertyValueSpecification","valueRequired":true,"valueName":"search_term_string"}}],"inLanguage":"pt-BR"},{"@type":"Organization","@id":"https:\/\/radio.ufpa.br\/#organization","name":"UNIVERSIDADE FEDERAL DO PAR\u00c1-R\u00c1DIO WEB UFPA","url":"https:\/\/radio.ufpa.br\/","logo":{"@type":"ImageObject","inLanguage":"pt-BR","@id":"https:\/\/radio.ufpa.br\/#\/schema\/logo\/image\/","url":"https:\/\/i0.wp.com\/radio.ufpa.br\/wp-content\/uploads\/2025\/12\/cropped-images-removebg-preview-1.png?fit=417%2C121&ssl=1","contentUrl":"https:\/\/i0.wp.com\/radio.ufpa.br\/wp-content\/uploads\/2025\/12\/cropped-images-removebg-preview-1.png?fit=417%2C121&ssl=1","width":417,"height":121,"caption":"UNIVERSIDADE FEDERAL DO PAR\u00c1-R\u00c1DIO WEB UFPA"},"image":{"@id":"https:\/\/radio.ufpa.br\/#\/schema\/logo\/image\/"},"sameAs":["https:\/\/www.facebook.com\/radiowebufpa","https:\/\/x.com\/radiowebufpa","https:\/\/www.instagram.com\/radiowebufpa\/","https:\/\/www.youtube.com\/user\/RadioWebUFP4"]},{"@type":"Person","@id":"https:\/\/radio.ufpa.br\/#\/schema\/person\/51774ebb30a3903e2bf07acf94e8fea6","name":"Elissandra Batista","image":{"@type":"ImageObject","inLanguage":"pt-BR","@id":"https:\/\/radio.ufpa.br\/#\/schema\/person\/image\/","url":"https:\/\/secure.gravatar.com\/avatar\/b779d46516fe39b809059134270ec707?s=96&d=mm&r=g","contentUrl":"https:\/\/secure.gravatar.com\/avatar\/b779d46516fe39b809059134270ec707?s=96&d=mm&r=g","caption":"Elissandra Batista"},"url":"https:\/\/radio.ufpa.br\/index.php\/author\/elissandra\/"}]}},"jetpack_publicize_connections":[],"jetpack_featured_media_url":"https:\/\/i0.wp.com\/radio.ufpa.br\/wp-content\/uploads\/2019\/06\/geleias-projeto-ufpa.png?fit=777%2C479&ssl=1","jetpack_shortlink":"https:\/\/wp.me\/p8TJeA-1Bc","jetpack_likes_enabled":true,"jetpack-related-posts":[],"jetpack_sharing_enabled":true,"_links":{"self":[{"href":"https:\/\/radio.ufpa.br\/index.php\/wp-json\/wp\/v2\/posts\/6150","targetHints":{"allow":["GET"]}}],"collection":[{"href":"https:\/\/radio.ufpa.br\/index.php\/wp-json\/wp\/v2\/posts"}],"about":[{"href":"https:\/\/radio.ufpa.br\/index.php\/wp-json\/wp\/v2\/types\/post"}],"author":[{"embeddable":true,"href":"https:\/\/radio.ufpa.br\/index.php\/wp-json\/wp\/v2\/users\/6"}],"replies":[{"embeddable":true,"href":"https:\/\/radio.ufpa.br\/index.php\/wp-json\/wp\/v2\/comments?post=6150"}],"version-history":[{"count":8,"href":"https:\/\/radio.ufpa.br\/index.php\/wp-json\/wp\/v2\/posts\/6150\/revisions"}],"predecessor-version":[{"id":6171,"href":"https:\/\/radio.ufpa.br\/index.php\/wp-json\/wp\/v2\/posts\/6150\/revisions\/6171"}],"wp:featuredmedia":[{"embeddable":true,"href":"https:\/\/radio.ufpa.br\/index.php\/wp-json\/wp\/v2\/media\/6156"}],"wp:attachment":[{"href":"https:\/\/radio.ufpa.br\/index.php\/wp-json\/wp\/v2\/media?parent=6150"}],"wp:term":[{"taxonomy":"category","embeddable":true,"href":"https:\/\/radio.ufpa.br\/index.php\/wp-json\/wp\/v2\/categories?post=6150"},{"taxonomy":"post_tag","embeddable":true,"href":"https:\/\/radio.ufpa.br\/index.php\/wp-json\/wp\/v2\/tags?post=6150"}],"curies":[{"name":"wp","href":"https:\/\/api.w.org\/{rel}","templated":true}]}}