{"id":6207,"date":"2019-06-13T08:00:34","date_gmt":"2019-06-13T11:00:34","guid":{"rendered":"http:\/\/radio.ufpa.br\/?p=6207"},"modified":"2019-06-13T09:07:07","modified_gmt":"2019-06-13T12:07:07","slug":"grupo-de-pesquisa-comunicacao-politica-e-amazonia-compoa","status":"publish","type":"post","link":"https:\/\/radio.ufpa.br\/index.php\/ufpa-pesquisa\/grupo-de-pesquisa-comunicacao-politica-e-amazonia-compoa\/","title":{"rendered":"Grupo de Pesquisa Comunica\u00e7\u00e3o, Politica e Amaz\u00f4nia (Compoa)"},"content":{"rendered":"<!--[if lt IE 9]><script>document.createElement('audio');<\/script><![endif]-->\n\t<div class=\"wp-playlist wp-audio-playlist wp-playlist-light\">\n\t\t\t<div class=\"wp-playlist-current-item\"><\/div>\n\t\t<audio controls=\"controls\" preload=\"none\" width=\"1178\"\n\t\t\t><\/audio>\n\t<div class=\"wp-playlist-next\"><\/div>\n\t<div class=\"wp-playlist-prev\"><\/div>\n\t<noscript>\n\t<ol>\n\t\t<li><a href='https:\/\/radio.ufpa.br\/wp-content\/uploads\/2019\/02\/UFPA%20PESQUISA%20-%20COMPOA%20-%2013.06.19.mp3'>UFPA Pesquisa - Grupo de Pesquisa Comunica\u00e7\u00e3o, Pol\u00edtica e Amaz\u00f4nia (Compoa)<\/a><\/li>\t<\/ol>\n\t<\/noscript>\n\t<script type=\"application\/json\" class=\"wp-playlist-script\">{\"type\":\"audio\",\"tracklist\":true,\"tracknumbers\":true,\"images\":true,\"artists\":true,\"tracks\":[{\"src\":\"https:\\\/\\\/radio.ufpa.br\\\/wp-content\\\/uploads\\\/2019\\\/02\\\/UFPA PESQUISA - COMPOA - 13.06.19.mp3\",\"type\":\"audio\\\/mpeg\",\"title\":\"UFPA Pesquisa - Grupo de Pesquisa Comunica\\u00e7\\u00e3o, Pol\\u00edtica e Amaz\\u00f4nia (Compoa)\",\"caption\":\"\",\"description\":\"\\\"UFPA PESQUISA - COMPOA - 13.06.19\\\". Genre: Other.\",\"meta\":{\"artist\":\"R\\u00e1dio Web UFPA\",\"album\":\"UFPA Pesquisa\",\"genre\":\"Other\",\"length_formatted\":\"55:58\"},\"image\":{\"src\":\"https:\\\/\\\/radio.ufpa.br\\\/wp-includes\\\/images\\\/media\\\/audio.svg\",\"width\":48,\"height\":64},\"thumb\":{\"src\":\"https:\\\/\\\/radio.ufpa.br\\\/wp-includes\\\/images\\\/media\\\/audio.svg\",\"width\":48,\"height\":64}}]}<\/script>\n<\/div>\n\t\n<p>Um tema t\u00e3o atual e universal como a pol\u00edtica, e t\u00e3o social como a comunica\u00e7\u00e3o, partindo do olhar de dentro da Amaz\u00f4nia, n\u00e3o geograficamente restrita, mas em sua pluralidade. \u00c9 em torno dessas perspectivas que se desenvolve o trabalho do <strong>Grupo de Pesquisa Comunica\u00e7\u00e3o, Pol\u00edtica e Amaz\u00f4nia (Compoa)<\/strong>, tema desta edi\u00e7\u00e3o do UFPA Pesquisa.<\/p>\n<p>O programa reuniu as professoras Danila Cal e Rosaly Brito, ambas l\u00edderes do grupo e docentes da Faculdade de Comunica\u00e7\u00e3o e do Programa de P\u00f3s-Gradua\u00e7\u00e3o Comunica\u00e7\u00e3o, Cultura e Amaz\u00f4nia (PPGCom); e, ainda, Elias Ser\u00eajo, mestre em Comunica\u00e7\u00e3o, Linguagens e Cultura e doutorando do PPGCom.<\/p>\n<p>O <strong>Compoa<\/strong> surgiu para estudar os fen\u00f4menos sociais a partir das intera\u00e7\u00f5es entre comunica\u00e7\u00e3o e pol\u00edtica. De acordo com Rosaly Brito, este campo de investiga\u00e7\u00e3o tem se fortalecido, sobretudo desde a d\u00e9cada de 1960 e do processo de redemocratiza\u00e7\u00e3o nos anos 1980. \u201cA elei\u00e7\u00e3o para presidente da rep\u00fablica depois do golpe de 1964 foi um marco muito grande assinalando um momento de interse\u00e7\u00e3o que ali come\u00e7ava a se delinear de forma mais concreta entre a comunica\u00e7\u00e3o e a pol\u00edtica\u201d, conta a professora, que destaca as contribui\u00e7\u00f5es que esse campo tem dado para a compreens\u00e3o de diversas quest\u00f5es.<\/p>\n<p>Quanto \u00e0 Amaz\u00f4nia, os pesquisadores explicam que a pesquisa n\u00e3o se refere somente \u00e0 floresta, mas tamb\u00e9m \u00e0 Amaz\u00f4nia urbana e perif\u00e9rica, que convergem para uma regi\u00e3o diversa, entendida inclusive no plural como \u201cAmaz\u00f4nias\u201d. \u201cQuando falamos em Amaz\u00f4nia, a nossa ideia n\u00e3o \u00e9 de uma restri\u00e7\u00e3o geogr\u00e1fica, \u00e9 de um entendimento das <em>Amaz\u00f4nias<\/em> de forma muito mais complexa. Tamb\u00e9m entendemos que a nossa pesquisa parte da Amaz\u00f4nia, isso n\u00e3o quer dizer que os nossos objetos de pesquisa estejam restritos geograficamente apenas ao espa\u00e7o territorial\u201d, diz a professora Danila Cal.<\/p>\n<p>Privilegiar os desprivilegiados tamb\u00e9m \u00e9 um dos objetivos das a\u00e7\u00f5es do <strong>Compoa<\/strong>, que tem se voltado a discutir problem\u00e1ticas em torno de sujeitos geralmente estigmatizados, como as mulheres e a comunidade LGBTI, cujas reinvindica\u00e7\u00f5es tensionam o campo pol\u00edtico e comunicacional em busca de reconhecimento. \u201cA partir do momento que a gente pensa dentro do campo da comunica\u00e7\u00e3o, atuando tamb\u00e9m no campo da pol\u00edtica, que existem sujeitos que est\u00e3o a\u00ed lutando por emancipa\u00e7\u00e3o, por reconhecimento, olhamos pra esse sujeito e dizemos \u2018precisamos pensar como, no campo da comunica\u00e7\u00e3o, se coloca essas demandas, que reinvindica\u00e7\u00f5es s\u00e3o essas e como elas s\u00e3o apresentadas\u2019\u201d, explica Elias Ser\u00eajo.<\/p>\n<p>Durante o programa, os convidados tamb\u00e9m tratam da experi\u00eancia do projeto de pesquisa \u201cCompartilha\u201d, realizado em parceria entre pesquisadores da UFMG, UFPA, Universidade de Bern (Su\u00ed\u00e7a) e Universidade da Carolina do Norte (EUA). Trata-se de uma proposta de interven\u00e7\u00e3o social com adolescentes em escolas p\u00fablicas de Ensino M\u00e9dio e que busca discutir e aprender na pr\u00e1tica se \u00e9 poss\u00edvel promover capacidades deliberativas, como o respeito no processo de discuss\u00e3o, a igualdade, a reciprocidade, e o saber ouvir e contra argumentar. Para conhecer mais sobre esse e outros projetos do Compoa, n\u00e3o deixe de ouvir esta edi\u00e7\u00e3o do UFPA Pesquisa.<\/p>\n<p>Apresenta\u00e7\u00e3o: Fabr\u00edcio Queiroz<br \/>\nProdu\u00e7\u00e3o e roteiro: Jamille Le\u00e3o<br \/>\nGrava\u00e7\u00e3o e montagem: Jo\u00e3o Nilo Ferreira<br \/>\nSupervis\u00e3o e edi\u00e7\u00e3o: Elissandra Batista e Fabr\u00edcio Queiroz<\/p>\n<p>O UFPA Pesquisa vai ao ar todas as quintas-feiras, \u00e0s 10h e 21h.<br \/>\nHor\u00e1rios alternativos de exibi\u00e7\u00e3o: sexta-feira, \u00e0s 15h \/ domingo: \u00e0s 10h<\/p>\n","protected":false},"excerpt":{"rendered":"<p> &#8230; <a title=\"Grupo de Pesquisa Comunica\u00e7\u00e3o, Politica e Amaz\u00f4nia (Compoa)\" class=\"read-more\" href=\"https:\/\/radio.ufpa.br\/index.php\/ufpa-pesquisa\/grupo-de-pesquisa-comunicacao-politica-e-amazonia-compoa\/\" aria-label=\"Read more about Grupo de Pesquisa Comunica\u00e7\u00e3o, Politica e Amaz\u00f4nia (Compoa)\">Ler mais<\/a><\/p>\n","protected":false},"author":2,"featured_media":6209,"comment_status":"open","ping_status":"open","sticky":false,"template":"","format":"standard","meta":{"_acf_changed":false,"_exactmetrics_skip_tracking":false,"_exactmetrics_sitenote_active":false,"_exactmetrics_sitenote_note":"","_exactmetrics_sitenote_category":0,"_monsterinsights_skip_tracking":false,"_monsterinsights_sitenote_active":false,"_monsterinsights_sitenote_note":"","_monsterinsights_sitenote_category":0,"_uf_show_specific_survey":0,"_uf_disable_surveys":false,"jetpack_post_was_ever_published":false,"_jetpack_newsletter_access":"","_jetpack_dont_email_post_to_subs":false,"_jetpack_newsletter_tier_id":0,"_jetpack_memberships_contains_paywalled_content":false,"_jetpack_memberships_contains_paid_content":false,"footnotes":"","jetpack_publicize_message":"","jetpack_publicize_feature_enabled":true,"jetpack_social_post_already_shared":true,"jetpack_social_options":{"image_generator_settings":{"template":"highway","enabled":false},"version":2}},"categories":[329],"tags":[],"class_list":["post-6207","post","type-post","status-publish","format-standard","has-post-thumbnail","hentry","category-ufpa-pesquisa"],"acf":[],"yoast_head":"<!-- This site is optimized with the Yoast SEO plugin v25.1 - https:\/\/yoast.com\/wordpress\/plugins\/seo\/ -->\n<title>Grupo de Pesquisa Comunica\u00e7\u00e3o, Politica e Amaz\u00f4nia (Compoa)<\/title>\n<meta name=\"description\" content=\"O Grupo de Pesquisa Comunica\u00e7\u00e3o, Pol\u00edtica e Amaz\u00f4nia (Compoa) se dedica a estudos de quest\u00f5es que envolvem sujeitos jovens, mulheres e LGBTI.\" \/>\n<meta name=\"robots\" content=\"index, follow, max-snippet:-1, max-image-preview:large, max-video-preview:-1\" \/>\n<link rel=\"canonical\" href=\"https:\/\/radio.ufpa.br\/index.php\/ufpa-pesquisa\/grupo-de-pesquisa-comunicacao-politica-e-amazonia-compoa\/\" \/>\n<meta property=\"og:locale\" content=\"pt_BR\" \/>\n<meta property=\"og:type\" content=\"article\" \/>\n<meta property=\"og:title\" content=\"Grupo de Pesquisa Comunica\u00e7\u00e3o, Politica e Amaz\u00f4nia (Compoa)\" \/>\n<meta property=\"og:description\" content=\"O Grupo de Pesquisa Comunica\u00e7\u00e3o, Pol\u00edtica e Amaz\u00f4nia (Compoa) se dedica a estudos de quest\u00f5es que envolvem sujeitos jovens, mulheres e LGBTI.\" \/>\n<meta property=\"og:url\" content=\"https:\/\/radio.ufpa.br\/index.php\/ufpa-pesquisa\/grupo-de-pesquisa-comunicacao-politica-e-amazonia-compoa\/\" \/>\n<meta property=\"og:site_name\" content=\"Radio Web UFPA\" \/>\n<meta property=\"article:publisher\" content=\"https:\/\/www.facebook.com\/radiowebufpa\" \/>\n<meta property=\"article:published_time\" content=\"2019-06-13T11:00:34+00:00\" \/>\n<meta property=\"article:modified_time\" content=\"2019-06-13T12:07:07+00:00\" \/>\n<meta property=\"og:image\" content=\"https:\/\/i0.wp.com\/radio.ufpa.br\/wp-content\/uploads\/2019\/06\/compoa.png?fit=820%2C310&ssl=1\" \/>\n\t<meta property=\"og:image:width\" content=\"820\" \/>\n\t<meta property=\"og:image:height\" content=\"310\" \/>\n\t<meta property=\"og:image:type\" content=\"image\/png\" \/>\n<meta name=\"author\" content=\"Fabr\u00edcio Queiroz\" \/>\n<meta name=\"twitter:card\" content=\"summary_large_image\" \/>\n<meta name=\"twitter:creator\" content=\"@radiowebufpa\" \/>\n<meta name=\"twitter:site\" content=\"@radiowebufpa\" \/>\n<meta name=\"twitter:label1\" content=\"Escrito por\" \/>\n\t<meta name=\"twitter:data1\" content=\"Fabr\u00edcio Queiroz\" \/>\n\t<meta name=\"twitter:label2\" content=\"Est. tempo de leitura\" \/>\n\t<meta name=\"twitter:data2\" content=\"3 minutos\" \/>\n<script type=\"application\/ld+json\" class=\"yoast-schema-graph\">{\"@context\":\"https:\/\/schema.org\",\"@graph\":[{\"@type\":\"Article\",\"@id\":\"https:\/\/radio.ufpa.br\/index.php\/ufpa-pesquisa\/grupo-de-pesquisa-comunicacao-politica-e-amazonia-compoa\/#article\",\"isPartOf\":{\"@id\":\"https:\/\/radio.ufpa.br\/index.php\/ufpa-pesquisa\/grupo-de-pesquisa-comunicacao-politica-e-amazonia-compoa\/\"},\"author\":{\"name\":\"Fabr\u00edcio Queiroz\",\"@id\":\"https:\/\/radio.ufpa.br\/#\/schema\/person\/f3f139516982741ca0831359933ac096\"},\"headline\":\"Grupo de Pesquisa Comunica\u00e7\u00e3o, Politica e Amaz\u00f4nia (Compoa)\",\"datePublished\":\"2019-06-13T11:00:34+00:00\",\"dateModified\":\"2019-06-13T12:07:07+00:00\",\"mainEntityOfPage\":{\"@id\":\"https:\/\/radio.ufpa.br\/index.php\/ufpa-pesquisa\/grupo-de-pesquisa-comunicacao-politica-e-amazonia-compoa\/\"},\"wordCount\":619,\"commentCount\":0,\"publisher\":{\"@id\":\"https:\/\/radio.ufpa.br\/#organization\"},\"image\":{\"@id\":\"https:\/\/radio.ufpa.br\/index.php\/ufpa-pesquisa\/grupo-de-pesquisa-comunicacao-politica-e-amazonia-compoa\/#primaryimage\"},\"thumbnailUrl\":\"https:\/\/i0.wp.com\/radio.ufpa.br\/wp-content\/uploads\/2019\/06\/compoa.png?fit=820%2C310&ssl=1\",\"articleSection\":[\"UFPA Pesquisa\"],\"inLanguage\":\"pt-BR\",\"potentialAction\":[{\"@type\":\"CommentAction\",\"name\":\"Comment\",\"target\":[\"https:\/\/radio.ufpa.br\/index.php\/ufpa-pesquisa\/grupo-de-pesquisa-comunicacao-politica-e-amazonia-compoa\/#respond\"]}]},{\"@type\":\"WebPage\",\"@id\":\"https:\/\/radio.ufpa.br\/index.php\/ufpa-pesquisa\/grupo-de-pesquisa-comunicacao-politica-e-amazonia-compoa\/\",\"url\":\"https:\/\/radio.ufpa.br\/index.php\/ufpa-pesquisa\/grupo-de-pesquisa-comunicacao-politica-e-amazonia-compoa\/\",\"name\":\"Grupo de Pesquisa Comunica\u00e7\u00e3o, Politica e Amaz\u00f4nia (Compoa)\",\"isPartOf\":{\"@id\":\"https:\/\/radio.ufpa.br\/#website\"},\"primaryImageOfPage\":{\"@id\":\"https:\/\/radio.ufpa.br\/index.php\/ufpa-pesquisa\/grupo-de-pesquisa-comunicacao-politica-e-amazonia-compoa\/#primaryimage\"},\"image\":{\"@id\":\"https:\/\/radio.ufpa.br\/index.php\/ufpa-pesquisa\/grupo-de-pesquisa-comunicacao-politica-e-amazonia-compoa\/#primaryimage\"},\"thumbnailUrl\":\"https:\/\/i0.wp.com\/radio.ufpa.br\/wp-content\/uploads\/2019\/06\/compoa.png?fit=820%2C310&ssl=1\",\"datePublished\":\"2019-06-13T11:00:34+00:00\",\"dateModified\":\"2019-06-13T12:07:07+00:00\",\"description\":\"O Grupo de Pesquisa Comunica\u00e7\u00e3o, Pol\u00edtica e Amaz\u00f4nia (Compoa) se dedica a estudos de quest\u00f5es que envolvem sujeitos jovens, mulheres e LGBTI.\",\"breadcrumb\":{\"@id\":\"https:\/\/radio.ufpa.br\/index.php\/ufpa-pesquisa\/grupo-de-pesquisa-comunicacao-politica-e-amazonia-compoa\/#breadcrumb\"},\"inLanguage\":\"pt-BR\",\"potentialAction\":[{\"@type\":\"ReadAction\",\"target\":[\"https:\/\/radio.ufpa.br\/index.php\/ufpa-pesquisa\/grupo-de-pesquisa-comunicacao-politica-e-amazonia-compoa\/\"]}]},{\"@type\":\"ImageObject\",\"inLanguage\":\"pt-BR\",\"@id\":\"https:\/\/radio.ufpa.br\/index.php\/ufpa-pesquisa\/grupo-de-pesquisa-comunicacao-politica-e-amazonia-compoa\/#primaryimage\",\"url\":\"https:\/\/i0.wp.com\/radio.ufpa.br\/wp-content\/uploads\/2019\/06\/compoa.png?fit=820%2C310&ssl=1\",\"contentUrl\":\"https:\/\/i0.wp.com\/radio.ufpa.br\/wp-content\/uploads\/2019\/06\/compoa.png?fit=820%2C310&ssl=1\",\"width\":820,\"height\":310,\"caption\":\"Compoa - Comunica\u00e7\u00e3o, Pol\u00edtica e Amaz\u00f4nia\"},{\"@type\":\"BreadcrumbList\",\"@id\":\"https:\/\/radio.ufpa.br\/index.php\/ufpa-pesquisa\/grupo-de-pesquisa-comunicacao-politica-e-amazonia-compoa\/#breadcrumb\",\"itemListElement\":[{\"@type\":\"ListItem\",\"position\":1,\"name\":\"In\u00edcio\",\"item\":\"https:\/\/radio.ufpa.br\/\"},{\"@type\":\"ListItem\",\"position\":2,\"name\":\"Grupo de Pesquisa Comunica\u00e7\u00e3o, Politica e Amaz\u00f4nia (Compoa)\"}]},{\"@type\":\"WebSite\",\"@id\":\"https:\/\/radio.ufpa.br\/#website\",\"url\":\"https:\/\/radio.ufpa.br\/\",\"name\":\"Radio Web UFPA\",\"description\":\"Divulgando o conhecimento\",\"publisher\":{\"@id\":\"https:\/\/radio.ufpa.br\/#organization\"},\"potentialAction\":[{\"@type\":\"SearchAction\",\"target\":{\"@type\":\"EntryPoint\",\"urlTemplate\":\"https:\/\/radio.ufpa.br\/?s={search_term_string}\"},\"query-input\":{\"@type\":\"PropertyValueSpecification\",\"valueRequired\":true,\"valueName\":\"search_term_string\"}}],\"inLanguage\":\"pt-BR\"},{\"@type\":\"Organization\",\"@id\":\"https:\/\/radio.ufpa.br\/#organization\",\"name\":\"UNIVERSIDADE FEDERAL DO PAR\u00c1-R\u00c1DIO WEB UFPA\",\"url\":\"https:\/\/radio.ufpa.br\/\",\"logo\":{\"@type\":\"ImageObject\",\"inLanguage\":\"pt-BR\",\"@id\":\"https:\/\/radio.ufpa.br\/#\/schema\/logo\/image\/\",\"url\":\"https:\/\/i0.wp.com\/radio.ufpa.br\/wp-content\/uploads\/2025\/12\/images-removebg-preview.png?fit=417%2C121&ssl=1\",\"contentUrl\":\"https:\/\/i0.wp.com\/radio.ufpa.br\/wp-content\/uploads\/2025\/12\/images-removebg-preview.png?fit=417%2C121&ssl=1\",\"width\":417,\"height\":121,\"caption\":\"UNIVERSIDADE FEDERAL DO PAR\u00c1-R\u00c1DIO WEB UFPA\"},\"image\":{\"@id\":\"https:\/\/radio.ufpa.br\/#\/schema\/logo\/image\/\"},\"sameAs\":[\"https:\/\/www.facebook.com\/radiowebufpa\",\"https:\/\/x.com\/radiowebufpa\",\"https:\/\/www.instagram.com\/radiowebufpa\/\",\"https:\/\/www.youtube.com\/user\/RadioWebUFP4\"]},{\"@type\":\"Person\",\"@id\":\"https:\/\/radio.ufpa.br\/#\/schema\/person\/f3f139516982741ca0831359933ac096\",\"name\":\"Fabr\u00edcio Queiroz\",\"image\":{\"@type\":\"ImageObject\",\"inLanguage\":\"pt-BR\",\"@id\":\"https:\/\/radio.ufpa.br\/#\/schema\/person\/image\/\",\"url\":\"https:\/\/secure.gravatar.com\/avatar\/16286edb2cee888d704ce74385081b7f?s=96&d=mm&r=g\",\"contentUrl\":\"https:\/\/secure.gravatar.com\/avatar\/16286edb2cee888d704ce74385081b7f?s=96&d=mm&r=g\",\"caption\":\"Fabr\u00edcio Queiroz\"},\"description\":\"Editor e Jornalista respons\u00e1vel\",\"url\":\"https:\/\/radio.ufpa.br\/index.php\/author\/fabricio\/\"}]}<\/script>\n<!-- \/ Yoast SEO plugin. -->","yoast_head_json":{"title":"Grupo de Pesquisa Comunica\u00e7\u00e3o, Politica e Amaz\u00f4nia (Compoa)","description":"O Grupo de Pesquisa Comunica\u00e7\u00e3o, Pol\u00edtica e Amaz\u00f4nia (Compoa) se dedica a estudos de quest\u00f5es que envolvem sujeitos jovens, mulheres e LGBTI.","robots":{"index":"index","follow":"follow","max-snippet":"max-snippet:-1","max-image-preview":"max-image-preview:large","max-video-preview":"max-video-preview:-1"},"canonical":"https:\/\/radio.ufpa.br\/index.php\/ufpa-pesquisa\/grupo-de-pesquisa-comunicacao-politica-e-amazonia-compoa\/","og_locale":"pt_BR","og_type":"article","og_title":"Grupo de Pesquisa Comunica\u00e7\u00e3o, Politica e Amaz\u00f4nia (Compoa)","og_description":"O Grupo de Pesquisa Comunica\u00e7\u00e3o, Pol\u00edtica e Amaz\u00f4nia (Compoa) se dedica a estudos de quest\u00f5es que envolvem sujeitos jovens, mulheres e LGBTI.","og_url":"https:\/\/radio.ufpa.br\/index.php\/ufpa-pesquisa\/grupo-de-pesquisa-comunicacao-politica-e-amazonia-compoa\/","og_site_name":"Radio Web UFPA","article_publisher":"https:\/\/www.facebook.com\/radiowebufpa","article_published_time":"2019-06-13T11:00:34+00:00","article_modified_time":"2019-06-13T12:07:07+00:00","og_image":[{"width":820,"height":310,"url":"https:\/\/i0.wp.com\/radio.ufpa.br\/wp-content\/uploads\/2019\/06\/compoa.png?fit=820%2C310&ssl=1","type":"image\/png"}],"author":"Fabr\u00edcio Queiroz","twitter_card":"summary_large_image","twitter_creator":"@radiowebufpa","twitter_site":"@radiowebufpa","twitter_misc":{"Escrito por":"Fabr\u00edcio Queiroz","Est. tempo de leitura":"3 minutos"},"schema":{"@context":"https:\/\/schema.org","@graph":[{"@type":"Article","@id":"https:\/\/radio.ufpa.br\/index.php\/ufpa-pesquisa\/grupo-de-pesquisa-comunicacao-politica-e-amazonia-compoa\/#article","isPartOf":{"@id":"https:\/\/radio.ufpa.br\/index.php\/ufpa-pesquisa\/grupo-de-pesquisa-comunicacao-politica-e-amazonia-compoa\/"},"author":{"name":"Fabr\u00edcio Queiroz","@id":"https:\/\/radio.ufpa.br\/#\/schema\/person\/f3f139516982741ca0831359933ac096"},"headline":"Grupo de Pesquisa Comunica\u00e7\u00e3o, Politica e Amaz\u00f4nia (Compoa)","datePublished":"2019-06-13T11:00:34+00:00","dateModified":"2019-06-13T12:07:07+00:00","mainEntityOfPage":{"@id":"https:\/\/radio.ufpa.br\/index.php\/ufpa-pesquisa\/grupo-de-pesquisa-comunicacao-politica-e-amazonia-compoa\/"},"wordCount":619,"commentCount":0,"publisher":{"@id":"https:\/\/radio.ufpa.br\/#organization"},"image":{"@id":"https:\/\/radio.ufpa.br\/index.php\/ufpa-pesquisa\/grupo-de-pesquisa-comunicacao-politica-e-amazonia-compoa\/#primaryimage"},"thumbnailUrl":"https:\/\/i0.wp.com\/radio.ufpa.br\/wp-content\/uploads\/2019\/06\/compoa.png?fit=820%2C310&ssl=1","articleSection":["UFPA Pesquisa"],"inLanguage":"pt-BR","potentialAction":[{"@type":"CommentAction","name":"Comment","target":["https:\/\/radio.ufpa.br\/index.php\/ufpa-pesquisa\/grupo-de-pesquisa-comunicacao-politica-e-amazonia-compoa\/#respond"]}]},{"@type":"WebPage","@id":"https:\/\/radio.ufpa.br\/index.php\/ufpa-pesquisa\/grupo-de-pesquisa-comunicacao-politica-e-amazonia-compoa\/","url":"https:\/\/radio.ufpa.br\/index.php\/ufpa-pesquisa\/grupo-de-pesquisa-comunicacao-politica-e-amazonia-compoa\/","name":"Grupo de Pesquisa Comunica\u00e7\u00e3o, Politica e Amaz\u00f4nia (Compoa)","isPartOf":{"@id":"https:\/\/radio.ufpa.br\/#website"},"primaryImageOfPage":{"@id":"https:\/\/radio.ufpa.br\/index.php\/ufpa-pesquisa\/grupo-de-pesquisa-comunicacao-politica-e-amazonia-compoa\/#primaryimage"},"image":{"@id":"https:\/\/radio.ufpa.br\/index.php\/ufpa-pesquisa\/grupo-de-pesquisa-comunicacao-politica-e-amazonia-compoa\/#primaryimage"},"thumbnailUrl":"https:\/\/i0.wp.com\/radio.ufpa.br\/wp-content\/uploads\/2019\/06\/compoa.png?fit=820%2C310&ssl=1","datePublished":"2019-06-13T11:00:34+00:00","dateModified":"2019-06-13T12:07:07+00:00","description":"O Grupo de Pesquisa Comunica\u00e7\u00e3o, Pol\u00edtica e Amaz\u00f4nia (Compoa) se dedica a estudos de quest\u00f5es que envolvem sujeitos jovens, mulheres e LGBTI.","breadcrumb":{"@id":"https:\/\/radio.ufpa.br\/index.php\/ufpa-pesquisa\/grupo-de-pesquisa-comunicacao-politica-e-amazonia-compoa\/#breadcrumb"},"inLanguage":"pt-BR","potentialAction":[{"@type":"ReadAction","target":["https:\/\/radio.ufpa.br\/index.php\/ufpa-pesquisa\/grupo-de-pesquisa-comunicacao-politica-e-amazonia-compoa\/"]}]},{"@type":"ImageObject","inLanguage":"pt-BR","@id":"https:\/\/radio.ufpa.br\/index.php\/ufpa-pesquisa\/grupo-de-pesquisa-comunicacao-politica-e-amazonia-compoa\/#primaryimage","url":"https:\/\/i0.wp.com\/radio.ufpa.br\/wp-content\/uploads\/2019\/06\/compoa.png?fit=820%2C310&ssl=1","contentUrl":"https:\/\/i0.wp.com\/radio.ufpa.br\/wp-content\/uploads\/2019\/06\/compoa.png?fit=820%2C310&ssl=1","width":820,"height":310,"caption":"Compoa - Comunica\u00e7\u00e3o, Pol\u00edtica e Amaz\u00f4nia"},{"@type":"BreadcrumbList","@id":"https:\/\/radio.ufpa.br\/index.php\/ufpa-pesquisa\/grupo-de-pesquisa-comunicacao-politica-e-amazonia-compoa\/#breadcrumb","itemListElement":[{"@type":"ListItem","position":1,"name":"In\u00edcio","item":"https:\/\/radio.ufpa.br\/"},{"@type":"ListItem","position":2,"name":"Grupo de Pesquisa Comunica\u00e7\u00e3o, Politica e Amaz\u00f4nia (Compoa)"}]},{"@type":"WebSite","@id":"https:\/\/radio.ufpa.br\/#website","url":"https:\/\/radio.ufpa.br\/","name":"Radio Web UFPA","description":"Divulgando o conhecimento","publisher":{"@id":"https:\/\/radio.ufpa.br\/#organization"},"potentialAction":[{"@type":"SearchAction","target":{"@type":"EntryPoint","urlTemplate":"https:\/\/radio.ufpa.br\/?s={search_term_string}"},"query-input":{"@type":"PropertyValueSpecification","valueRequired":true,"valueName":"search_term_string"}}],"inLanguage":"pt-BR"},{"@type":"Organization","@id":"https:\/\/radio.ufpa.br\/#organization","name":"UNIVERSIDADE FEDERAL DO PAR\u00c1-R\u00c1DIO WEB UFPA","url":"https:\/\/radio.ufpa.br\/","logo":{"@type":"ImageObject","inLanguage":"pt-BR","@id":"https:\/\/radio.ufpa.br\/#\/schema\/logo\/image\/","url":"https:\/\/i0.wp.com\/radio.ufpa.br\/wp-content\/uploads\/2025\/12\/images-removebg-preview.png?fit=417%2C121&ssl=1","contentUrl":"https:\/\/i0.wp.com\/radio.ufpa.br\/wp-content\/uploads\/2025\/12\/images-removebg-preview.png?fit=417%2C121&ssl=1","width":417,"height":121,"caption":"UNIVERSIDADE FEDERAL DO PAR\u00c1-R\u00c1DIO WEB UFPA"},"image":{"@id":"https:\/\/radio.ufpa.br\/#\/schema\/logo\/image\/"},"sameAs":["https:\/\/www.facebook.com\/radiowebufpa","https:\/\/x.com\/radiowebufpa","https:\/\/www.instagram.com\/radiowebufpa\/","https:\/\/www.youtube.com\/user\/RadioWebUFP4"]},{"@type":"Person","@id":"https:\/\/radio.ufpa.br\/#\/schema\/person\/f3f139516982741ca0831359933ac096","name":"Fabr\u00edcio Queiroz","image":{"@type":"ImageObject","inLanguage":"pt-BR","@id":"https:\/\/radio.ufpa.br\/#\/schema\/person\/image\/","url":"https:\/\/secure.gravatar.com\/avatar\/16286edb2cee888d704ce74385081b7f?s=96&d=mm&r=g","contentUrl":"https:\/\/secure.gravatar.com\/avatar\/16286edb2cee888d704ce74385081b7f?s=96&d=mm&r=g","caption":"Fabr\u00edcio Queiroz"},"description":"Editor e Jornalista respons\u00e1vel","url":"https:\/\/radio.ufpa.br\/index.php\/author\/fabricio\/"}]}},"jetpack_publicize_connections":[],"jetpack_featured_media_url":"https:\/\/i0.wp.com\/radio.ufpa.br\/wp-content\/uploads\/2019\/06\/compoa.png?fit=820%2C310&ssl=1","jetpack_shortlink":"https:\/\/wp.me\/p8TJeA-1C7","jetpack_likes_enabled":true,"jetpack-related-posts":[],"jetpack_sharing_enabled":true,"_links":{"self":[{"href":"https:\/\/radio.ufpa.br\/index.php\/wp-json\/wp\/v2\/posts\/6207","targetHints":{"allow":["GET"]}}],"collection":[{"href":"https:\/\/radio.ufpa.br\/index.php\/wp-json\/wp\/v2\/posts"}],"about":[{"href":"https:\/\/radio.ufpa.br\/index.php\/wp-json\/wp\/v2\/types\/post"}],"author":[{"embeddable":true,"href":"https:\/\/radio.ufpa.br\/index.php\/wp-json\/wp\/v2\/users\/2"}],"replies":[{"embeddable":true,"href":"https:\/\/radio.ufpa.br\/index.php\/wp-json\/wp\/v2\/comments?post=6207"}],"version-history":[{"count":4,"href":"https:\/\/radio.ufpa.br\/index.php\/wp-json\/wp\/v2\/posts\/6207\/revisions"}],"predecessor-version":[{"id":6215,"href":"https:\/\/radio.ufpa.br\/index.php\/wp-json\/wp\/v2\/posts\/6207\/revisions\/6215"}],"wp:featuredmedia":[{"embeddable":true,"href":"https:\/\/radio.ufpa.br\/index.php\/wp-json\/wp\/v2\/media\/6209"}],"wp:attachment":[{"href":"https:\/\/radio.ufpa.br\/index.php\/wp-json\/wp\/v2\/media?parent=6207"}],"wp:term":[{"taxonomy":"category","embeddable":true,"href":"https:\/\/radio.ufpa.br\/index.php\/wp-json\/wp\/v2\/categories?post=6207"},{"taxonomy":"post_tag","embeddable":true,"href":"https:\/\/radio.ufpa.br\/index.php\/wp-json\/wp\/v2\/tags?post=6207"}],"curies":[{"name":"wp","href":"https:\/\/api.w.org\/{rel}","templated":true}]}}