{"id":6938,"date":"2019-11-06T10:41:00","date_gmt":"2019-11-06T12:41:00","guid":{"rendered":"http:\/\/radio.ufpa.br\/?p=6938"},"modified":"2019-11-06T18:13:12","modified_gmt":"2019-11-06T20:13:12","slug":"ano-internacional-das-linguas-indigenas","status":"publish","type":"post","link":"https:\/\/radio.ufpa.br\/index.php\/ufpa-ensino\/ano-internacional-das-linguas-indigenas\/","title":{"rendered":"Ano Internacional das L\u00ednguas Ind\u00edgenas"},"content":{"rendered":"<!--[if lt IE 9]><script>document.createElement('audio');<\/script><![endif]-->\n\t<div class=\"wp-playlist wp-audio-playlist wp-playlist-light\">\n\t\t\t<div class=\"wp-playlist-current-item\"><\/div>\n\t\t<audio controls=\"controls\" preload=\"none\" width=\"1178\"\n\t\t\t><\/audio>\n\t<div class=\"wp-playlist-next\"><\/div>\n\t<div class=\"wp-playlist-prev\"><\/div>\n\t<noscript>\n\t<ol>\n\t\t<li><a href='https:\/\/radio.ufpa.br\/wp-content\/uploads\/2019\/03\/UFPA%20ENSINO%20-%20ANO%20INTERNACIONAL%20DAS%20L\u00cdNGUAS%20IND\u00cdGENAS%20-%2006.11.19.mp3'>UFPA Ensino - Ano Internacional das L\u00ednguas Ind\u00edgenas<\/a><\/li>\t<\/ol>\n\t<\/noscript>\n\t<script type=\"application\/json\" class=\"wp-playlist-script\">{\"type\":\"audio\",\"tracklist\":true,\"tracknumbers\":true,\"images\":true,\"artists\":true,\"tracks\":[{\"src\":\"https:\\\/\\\/radio.ufpa.br\\\/wp-content\\\/uploads\\\/2019\\\/03\\\/UFPA ENSINO - ANO INTERNACIONAL DAS L\\u00cdNGUAS IND\\u00cdGENAS - 06.11.19.mp3\",\"type\":\"audio\\\/mpeg\",\"title\":\"UFPA Ensino - Ano Internacional das L\\u00ednguas Ind\\u00edgenas\",\"caption\":\"\",\"description\":\"\\\"UFPA ENSINO - ANO INTERNACIONAL DAS L\\u00cdNGUAS IND\\u00cdGENAS - 06.11.19\\\". Genre: Other.\",\"meta\":{\"artist\":\"UFPA Ensino\",\"album\":\"R\\u00e1dio Web UFPA\",\"genre\":\"Other\",\"length_formatted\":\"53:44\"},\"image\":{\"src\":\"https:\\\/\\\/radio.ufpa.br\\\/wp-includes\\\/images\\\/media\\\/audio.svg\",\"width\":48,\"height\":64},\"thumb\":{\"src\":\"https:\\\/\\\/radio.ufpa.br\\\/wp-includes\\\/images\\\/media\\\/audio.svg\",\"width\":48,\"height\":64}}]}<\/script>\n<\/div>\n\t\n<p>Ano Internacional das L\u00ednguas Ind\u00edgenas em debate nesta edi\u00e7\u00e3o do UFPA Ensino. Dados da Organiza\u00e7\u00e3o das Na\u00e7\u00f5es Unidas para a Educa\u00e7\u00e3o, a Ci\u00eancia e a Cultura (Unesco) apontam que 96% das l\u00ednguas existentes no mundo s\u00e3o faladas por apenas 3% da popula\u00e7\u00e3o, realidade alarmante, principalmente, em rela\u00e7\u00e3o as l\u00ednguas ind\u00edgenas.<\/p>\n<p>Diante desse quadro, no qual somente no Brasil 190 l\u00ednguas ind\u00edgenas encontram-se sob o risco de extin\u00e7\u00e3o, a UNESCO declarou o ano de 2019 como o Ano Internacional das L\u00ednguas Ind\u00edgenas. A finalidade \u00e9 salvaguardar as l\u00ednguas e o conhecimento produzido pelos falantes, por meio do desenvolvimento de a\u00e7\u00f5es em v\u00e1rias frentes, reunindo ind\u00edgenas e n\u00e3o-ind\u00edgenas no prop\u00f3sito de preservar, revitalizar e promover as l\u00ednguas ind\u00edgenas no Brasil e no mundo.<\/p>\n<p>Para destacar a import\u00e2ncia do tema e o papel da educa\u00e7\u00e3o nesse processo, nesta edi\u00e7\u00e3o do programa UFPA Ensino, recebemos o pesquisador Sidney Facundes, professor da Universidade Federal do Par\u00e1 e l\u00edder do Grupo de Estudos sobre L\u00ednguas e Culturas Ind\u00edgenas da Amaz\u00f4nia (Gelcia), que relata a experi\u00eancia com os ind\u00edgenas Apurin\u00e3, comunidade para a qual desenvolveu uma ortografia pr\u00f3pria. Participa tamb\u00e9m Jeanne Barros de Barros, pedagoga e mestre em Estudos Lingu\u00edsticos pelo Programa de P\u00f3s-Gradua\u00e7\u00e3o em Letras da UFPA, que desenvolveu pesquisa sobre pol\u00edticas lingu\u00edsticas ind\u00edgena. E, ainda, a professora Mar\u00edlia Ferreira, pesquisadora da \u00e1rea de descri\u00e7\u00e3o de l\u00ednguas ind\u00edgenas.<\/p>\n<p>Al\u00e9m disso, o programa tem o depoimento de Eliene Sacuena, da etnia Bar\u00e9, doutoranda em Antropologia na concentra\u00e7\u00e3o Bioantropologia, no Programa de P\u00f3s-Gradua\u00e7\u00e3o em Antropologia da UFPA, e primeira aluna ind\u00edgena formada em Biomedicina pela UFPA. No bate-papo, os convidados apresentam a relev\u00e2ncia dos estudos sobre as l\u00ednguas ind\u00edgenas para a preserva\u00e7\u00e3o, revitaliza\u00e7\u00e3o e promo\u00e7\u00e3o dos idiomas e, junto com eles, dos saberes acumulados h\u00e1 v\u00e1rias gera\u00e7\u00f5es em cada comunidade.<\/p>\n<p>O professor Sidney Facundes assinala o fato da Amaz\u00f4nia possuir uma diversidade muito grande n\u00e3o s\u00f3 em n\u00fameros, mas na hist\u00f3ria dos grupos ind\u00edgenas e suas origens e ratifica que o desaparecimento das l\u00ednguas ind\u00edgenas n\u00e3o geram preju\u00edzos apenas lingu\u00edsticos. \u201cDiante dessa grande diversidade, o risco ele \u00e9 muito grande porque na maior parte das comunidades ind\u00edgenas, em geral, poucos falam a l\u00edngua. Desses, a maior parte s\u00e3o as pessoas mais idosas. E na maior parte dos casos a l\u00edngua n\u00e3o est\u00e1 sendo transmitida para os mais jovens. Isso quer dizer o seguinte: quando essas pessoas mais idosas desaparecerem, n\u00e3o haver\u00e1 falantes. E com a l\u00edngua se vai uma hist\u00f3ria, se vai uma diversidade intelectual, maneiras de ver o mundo, conhecimentos de gera\u00e7\u00f5es que foram acumulados. N\u00f3s herdamos alguns desses conhecimentos na nossa cultura brasileira, mas h\u00e1 muitos outros que n\u00f3s desconhecemos e que podem desaparecer com essas l\u00ednguas\u201d, analisa o professor.<\/p>\n<p>A professora Mar\u00edlia Ferreira levanta a quest\u00e3o do desuso das l\u00ednguas ind\u00edgenas, por exemplo, na escolariza\u00e7\u00e3o como fator que contribui para a situa\u00e7\u00e3o de estresse lingu\u00edstico em que essas l\u00ednguas se encontram. \u201cS\u00e3o l\u00ednguas que n\u00e3o t\u00eam um lugar de destaque, por exemplo, na escolariza\u00e7\u00e3o. S\u00e3o l\u00ednguas que t\u00eam um papel social e pol\u00edtico muito pequeno. E isso faz com que elas n\u00e3o sejam elementos, instrumentos de que esse indiv\u00edduo ind\u00edgena que fala essa l\u00edngua, ele tenha alguma ascens\u00e3o social. Ent\u00e3o isso d\u00e1 um car\u00e1ter \u201cmenor\u201d nesse sentido, de que j\u00e1 que ele n\u00e3o vai usar, ele se pergunta mesmo \u201cpra qu\u00ea que eu vou continuar falando?\u201d, exp\u00f5e a linguista que tamb\u00e9m revela a exist\u00eancia de um movimento de resist\u00eancia por parte dos ind\u00edgenas, por meio do qual a educa\u00e7\u00e3o dos ind\u00edgenas vem se reconfigurando, ainda que lentamente.<\/p>\n<p>No campo das pol\u00edticas lingu\u00edsticas, Jeanne Barros aponta que a valoriza\u00e7\u00e3o das l\u00ednguas ind\u00edgenas \u00e9 recente e que seus avan\u00e7os s\u00e3o fruto da luta dos pr\u00f3prios ind\u00edgenas, de sua organiza\u00e7\u00e3o e do surgimento de organiza\u00e7\u00f5es n\u00e3o governamentais que lutam em favor das causas ind\u00edgenas. \u201cSe observamos na hist\u00f3ria, n\u00f3s temos muitos e muitos anos de enfraquecimento das l\u00ednguas e culturas ind\u00edgenas, em rela\u00e7\u00e3o a poucos anos de valoriza\u00e7\u00e3o das culturas ind\u00edgenas. A luta ainda \u00e9 muito recente e tem muito a se fazer em rela\u00e7\u00e3o a atua\u00e7\u00e3o ao protagonismo desses povos na condu\u00e7\u00e3o dos seus processos escolares. A escola para os povos ind\u00edgenas \u00e9 lugar de sobreviv\u00eancia. E ao longo da hist\u00f3ria ela tomou diversos significados. Existem casos de escola em que j\u00e1 est\u00e3o em um movimento avan\u00e7ado no processo de constru\u00e7\u00e3o de uma educa\u00e7\u00e3o bil\u00edngue, no entanto, existem muitas escolas que ainda obedecem curr\u00edculos e pol\u00edticas que n\u00e3o observam, n\u00e3o d\u00e3o import\u00e2ncia \u00e0 cultura ind\u00edgena\u201d, ressalta a pedagoga.<\/p>\n<p>Em depoimento para programa, a ind\u00edgena Eliene Putira Sacuena relata as dificuldades enfrentadas pelos discentes ind\u00edgenas, no que diz respeito ao uso das l\u00ednguas origin\u00e1rias no ambiente acad\u00eamico.<br \/>\n\u201cA l\u00edngua \u00e9 vista como algo de muita import\u00e2ncia para a nossa identidade como ind\u00edgenas. Preservar essas l\u00ednguas \u00e9 uma forma de resist\u00eancia. No contexto acad\u00eamico, s\u00f3 a n\u00edvel de pesquisa h\u00e1 projetos, por meio de linguistas que fazem projetos, por\u00e9m para n\u00f3s, enquanto povos ind\u00edgenas, temos apenas esse ano uma pr\u00e1tica, devida \u00e0 comemora\u00e7\u00e3o do ano internacional das l\u00ednguas ind\u00edgenas, onde todo m\u00eas h\u00e1 palestras sobre alguma l\u00edngua. N\u00f3s somos 34 povos ind\u00edgenas dentro da UFPA, s\u00f3 a\u00ed j\u00e1 existe uma diversidade de l\u00ednguas. As dificuldades s\u00e3o imensas. Enquanto ind\u00edgenas, a gente vem discutindo construir um di\u00e1logo para que pudesse defender os trabalhos acad\u00eamicos na l\u00edngua. A Unifesspa j\u00e1 teve defesa na l\u00edngua, a Ufopa. E \u00e9 algo que a gente vem buscando, principalmente nesse ano internacional das l\u00ednguas ind\u00edgenas\u201d, relata a pesquisadora.<\/p>\n<p>O UFPA Ensino tamb\u00e9m destaca a programa\u00e7\u00e3o do Semin\u00e1rio Bienal do Grupo de Estudos sobre L\u00ednguas e Culturas Ind\u00edgenas da Amaz\u00f4nia (GELCIA), que este ano ocorre com o Simp\u00f3sio de Pesquisa em L\u00ednguas Ind\u00edgenas &#8211; Regi\u00e3o Norte (SIPLI &#8211; NORTE). O evento, que tem como tema \u201cAno Internacional das L\u00ednguas Ind\u00edgenas: descri\u00e7\u00e3o, documenta\u00e7\u00e3o, educa\u00e7\u00e3o escolar e pol\u00edticas lingu\u00edsticas\u201d, ser\u00e1 realizado no per\u00edodo de 18 a 23 de novembro, no campus Bel\u00e9m da Universidade Federal do Par\u00e1.<\/p>\n<p>Para saber mais n\u00e3o perca esta edi\u00e7\u00e3o do UFPA Ensino sobre o Ano Internacional das L\u00ednguas Ind\u00edgenas.<\/p>\n<p>Apresenta\u00e7\u00e3o: Fabr\u00edcio Queiroz<br \/>\nProdu\u00e7\u00e3o e roteiro: Susan Santiago<br \/>\nGrava\u00e7\u00e3o e montagem: Jo\u00e3o Nilo Ferreira<br \/>\nSupervis\u00e3o e edi\u00e7\u00e3o: Elissandra Batista e Fabr\u00edcio Queiroz<\/p>\n<p>O UFPA Ensino vai ao ar \u00e0s quartas-feiras, \u00e0s 10h e 21h.<br \/>\nHor\u00e1rios alternativos: Sexta-feira, \u00e0s 19h, e s\u00e1bado, \u00e0s 21h.<\/p>\n","protected":false},"excerpt":{"rendered":"<p> &#8230; <a title=\"Ano Internacional das L\u00ednguas Ind\u00edgenas\" class=\"read-more\" href=\"https:\/\/radio.ufpa.br\/index.php\/ufpa-ensino\/ano-internacional-das-linguas-indigenas\/\" aria-label=\"Read more about Ano Internacional das L\u00ednguas Ind\u00edgenas\">Ler mais<\/a><\/p>\n","protected":false},"author":6,"featured_media":6952,"comment_status":"open","ping_status":"open","sticky":false,"template":"","format":"standard","meta":{"_acf_changed":false,"_exactmetrics_skip_tracking":false,"_exactmetrics_sitenote_active":false,"_exactmetrics_sitenote_note":"","_exactmetrics_sitenote_category":0,"_monsterinsights_skip_tracking":false,"_monsterinsights_sitenote_active":false,"_monsterinsights_sitenote_note":"","_monsterinsights_sitenote_category":0,"_uf_show_specific_survey":0,"_uf_disable_surveys":false,"jetpack_post_was_ever_published":false,"_jetpack_newsletter_access":"","_jetpack_dont_email_post_to_subs":false,"_jetpack_newsletter_tier_id":0,"_jetpack_memberships_contains_paywalled_content":false,"_jetpack_memberships_contains_paid_content":false,"footnotes":"","jetpack_publicize_message":"","jetpack_publicize_feature_enabled":true,"jetpack_social_post_already_shared":true,"jetpack_social_options":{"image_generator_settings":{"template":"highway","enabled":false},"version":2}},"categories":[41],"tags":[],"class_list":["post-6938","post","type-post","status-publish","format-standard","has-post-thumbnail","hentry","category-ufpa-ensino"],"acf":[],"yoast_head":"<!-- This site is optimized with the Yoast SEO plugin v25.1 - https:\/\/yoast.com\/wordpress\/plugins\/seo\/ -->\n<title>Ano Internacional das L\u00ednguas Ind\u00edgenas em debate no UFPA Ensino<\/title>\n<meta name=\"description\" content=\"Ano Internacional das L\u00ednguas Ind\u00edgenas em debate nesta edi\u00e7\u00e3o do UFPA Ensino. 96% das l\u00ednguas existentes no mundo s\u00e3o faladas por apenas 3% da popula\u00e7\u00e3o.\" \/>\n<meta name=\"robots\" content=\"index, follow, max-snippet:-1, max-image-preview:large, max-video-preview:-1\" \/>\n<link rel=\"canonical\" href=\"https:\/\/radio.ufpa.br\/index.php\/ufpa-ensino\/ano-internacional-das-linguas-indigenas\/\" \/>\n<meta property=\"og:locale\" content=\"pt_BR\" \/>\n<meta property=\"og:type\" content=\"article\" \/>\n<meta property=\"og:title\" content=\"Ano Internacional das L\u00ednguas Ind\u00edgenas em debate no UFPA Ensino\" \/>\n<meta property=\"og:description\" content=\"Ano Internacional das L\u00ednguas Ind\u00edgenas em debate nesta edi\u00e7\u00e3o do UFPA Ensino. 96% das l\u00ednguas existentes no mundo s\u00e3o faladas por apenas 3% da popula\u00e7\u00e3o.\" \/>\n<meta property=\"og:url\" content=\"https:\/\/radio.ufpa.br\/index.php\/ufpa-ensino\/ano-internacional-das-linguas-indigenas\/\" \/>\n<meta property=\"og:site_name\" content=\"Radio Web UFPA\" \/>\n<meta property=\"article:publisher\" content=\"https:\/\/www.facebook.com\/radiowebufpa\" \/>\n<meta property=\"article:published_time\" content=\"2019-11-06T12:41:00+00:00\" \/>\n<meta property=\"article:modified_time\" content=\"2019-11-06T20:13:12+00:00\" \/>\n<meta property=\"og:image\" content=\"https:\/\/i0.wp.com\/radio.ufpa.br\/wp-content\/uploads\/2019\/11\/ENSINO-IYIL-Capa-Site.png?fit=1441%2C811&ssl=1\" \/>\n\t<meta property=\"og:image:width\" content=\"1441\" \/>\n\t<meta property=\"og:image:height\" content=\"811\" \/>\n\t<meta property=\"og:image:type\" content=\"image\/png\" \/>\n<meta name=\"author\" content=\"Elissandra Batista\" \/>\n<meta name=\"twitter:card\" content=\"summary_large_image\" \/>\n<meta name=\"twitter:creator\" content=\"@radiowebufpa\" \/>\n<meta name=\"twitter:site\" content=\"@radiowebufpa\" \/>\n<meta name=\"twitter:label1\" content=\"Escrito por\" \/>\n\t<meta name=\"twitter:data1\" content=\"Elissandra Batista\" \/>\n\t<meta name=\"twitter:label2\" content=\"Est. tempo de leitura\" \/>\n\t<meta name=\"twitter:data2\" content=\"6 minutos\" \/>\n<script type=\"application\/ld+json\" class=\"yoast-schema-graph\">{\"@context\":\"https:\/\/schema.org\",\"@graph\":[{\"@type\":\"Article\",\"@id\":\"https:\/\/radio.ufpa.br\/index.php\/ufpa-ensino\/ano-internacional-das-linguas-indigenas\/#article\",\"isPartOf\":{\"@id\":\"https:\/\/radio.ufpa.br\/index.php\/ufpa-ensino\/ano-internacional-das-linguas-indigenas\/\"},\"author\":{\"name\":\"Elissandra Batista\",\"@id\":\"https:\/\/radio.ufpa.br\/#\/schema\/person\/51774ebb30a3903e2bf07acf94e8fea6\"},\"headline\":\"Ano Internacional das L\u00ednguas Ind\u00edgenas\",\"datePublished\":\"2019-11-06T12:41:00+00:00\",\"dateModified\":\"2019-11-06T20:13:12+00:00\",\"mainEntityOfPage\":{\"@id\":\"https:\/\/radio.ufpa.br\/index.php\/ufpa-ensino\/ano-internacional-das-linguas-indigenas\/\"},\"wordCount\":1249,\"commentCount\":0,\"publisher\":{\"@id\":\"https:\/\/radio.ufpa.br\/#organization\"},\"image\":{\"@id\":\"https:\/\/radio.ufpa.br\/index.php\/ufpa-ensino\/ano-internacional-das-linguas-indigenas\/#primaryimage\"},\"thumbnailUrl\":\"https:\/\/i0.wp.com\/radio.ufpa.br\/wp-content\/uploads\/2019\/11\/ENSINO-IYIL-Capa-Site.png?fit=1441%2C811&ssl=1\",\"articleSection\":[\"UFPA Ensino\"],\"inLanguage\":\"pt-BR\",\"potentialAction\":[{\"@type\":\"CommentAction\",\"name\":\"Comment\",\"target\":[\"https:\/\/radio.ufpa.br\/index.php\/ufpa-ensino\/ano-internacional-das-linguas-indigenas\/#respond\"]}]},{\"@type\":\"WebPage\",\"@id\":\"https:\/\/radio.ufpa.br\/index.php\/ufpa-ensino\/ano-internacional-das-linguas-indigenas\/\",\"url\":\"https:\/\/radio.ufpa.br\/index.php\/ufpa-ensino\/ano-internacional-das-linguas-indigenas\/\",\"name\":\"Ano Internacional das L\u00ednguas Ind\u00edgenas em debate no UFPA Ensino\",\"isPartOf\":{\"@id\":\"https:\/\/radio.ufpa.br\/#website\"},\"primaryImageOfPage\":{\"@id\":\"https:\/\/radio.ufpa.br\/index.php\/ufpa-ensino\/ano-internacional-das-linguas-indigenas\/#primaryimage\"},\"image\":{\"@id\":\"https:\/\/radio.ufpa.br\/index.php\/ufpa-ensino\/ano-internacional-das-linguas-indigenas\/#primaryimage\"},\"thumbnailUrl\":\"https:\/\/i0.wp.com\/radio.ufpa.br\/wp-content\/uploads\/2019\/11\/ENSINO-IYIL-Capa-Site.png?fit=1441%2C811&ssl=1\",\"datePublished\":\"2019-11-06T12:41:00+00:00\",\"dateModified\":\"2019-11-06T20:13:12+00:00\",\"description\":\"Ano Internacional das L\u00ednguas Ind\u00edgenas em debate nesta edi\u00e7\u00e3o do UFPA Ensino. 96% das l\u00ednguas existentes no mundo s\u00e3o faladas por apenas 3% da popula\u00e7\u00e3o.\",\"breadcrumb\":{\"@id\":\"https:\/\/radio.ufpa.br\/index.php\/ufpa-ensino\/ano-internacional-das-linguas-indigenas\/#breadcrumb\"},\"inLanguage\":\"pt-BR\",\"potentialAction\":[{\"@type\":\"ReadAction\",\"target\":[\"https:\/\/radio.ufpa.br\/index.php\/ufpa-ensino\/ano-internacional-das-linguas-indigenas\/\"]}]},{\"@type\":\"ImageObject\",\"inLanguage\":\"pt-BR\",\"@id\":\"https:\/\/radio.ufpa.br\/index.php\/ufpa-ensino\/ano-internacional-das-linguas-indigenas\/#primaryimage\",\"url\":\"https:\/\/i0.wp.com\/radio.ufpa.br\/wp-content\/uploads\/2019\/11\/ENSINO-IYIL-Capa-Site.png?fit=1441%2C811&ssl=1\",\"contentUrl\":\"https:\/\/i0.wp.com\/radio.ufpa.br\/wp-content\/uploads\/2019\/11\/ENSINO-IYIL-Capa-Site.png?fit=1441%2C811&ssl=1\",\"width\":1441,\"height\":811},{\"@type\":\"BreadcrumbList\",\"@id\":\"https:\/\/radio.ufpa.br\/index.php\/ufpa-ensino\/ano-internacional-das-linguas-indigenas\/#breadcrumb\",\"itemListElement\":[{\"@type\":\"ListItem\",\"position\":1,\"name\":\"In\u00edcio\",\"item\":\"https:\/\/radio.ufpa.br\/\"},{\"@type\":\"ListItem\",\"position\":2,\"name\":\"Ano Internacional das L\u00ednguas Ind\u00edgenas\"}]},{\"@type\":\"WebSite\",\"@id\":\"https:\/\/radio.ufpa.br\/#website\",\"url\":\"https:\/\/radio.ufpa.br\/\",\"name\":\"Radio Web UFPA\",\"description\":\"Divulgando o conhecimento\",\"publisher\":{\"@id\":\"https:\/\/radio.ufpa.br\/#organization\"},\"potentialAction\":[{\"@type\":\"SearchAction\",\"target\":{\"@type\":\"EntryPoint\",\"urlTemplate\":\"https:\/\/radio.ufpa.br\/?s={search_term_string}\"},\"query-input\":{\"@type\":\"PropertyValueSpecification\",\"valueRequired\":true,\"valueName\":\"search_term_string\"}}],\"inLanguage\":\"pt-BR\"},{\"@type\":\"Organization\",\"@id\":\"https:\/\/radio.ufpa.br\/#organization\",\"name\":\"UNIVERSIDADE FEDERAL DO PAR\u00c1-R\u00c1DIO WEB UFPA\",\"url\":\"https:\/\/radio.ufpa.br\/\",\"logo\":{\"@type\":\"ImageObject\",\"inLanguage\":\"pt-BR\",\"@id\":\"https:\/\/radio.ufpa.br\/#\/schema\/logo\/image\/\",\"url\":\"https:\/\/i0.wp.com\/radio.ufpa.br\/wp-content\/uploads\/2025\/12\/images-removebg-preview.png?fit=417%2C121&ssl=1\",\"contentUrl\":\"https:\/\/i0.wp.com\/radio.ufpa.br\/wp-content\/uploads\/2025\/12\/images-removebg-preview.png?fit=417%2C121&ssl=1\",\"width\":417,\"height\":121,\"caption\":\"UNIVERSIDADE FEDERAL DO PAR\u00c1-R\u00c1DIO WEB UFPA\"},\"image\":{\"@id\":\"https:\/\/radio.ufpa.br\/#\/schema\/logo\/image\/\"},\"sameAs\":[\"https:\/\/www.facebook.com\/radiowebufpa\",\"https:\/\/x.com\/radiowebufpa\",\"https:\/\/www.instagram.com\/radiowebufpa\/\",\"https:\/\/www.youtube.com\/user\/RadioWebUFP4\"]},{\"@type\":\"Person\",\"@id\":\"https:\/\/radio.ufpa.br\/#\/schema\/person\/51774ebb30a3903e2bf07acf94e8fea6\",\"name\":\"Elissandra Batista\",\"image\":{\"@type\":\"ImageObject\",\"inLanguage\":\"pt-BR\",\"@id\":\"https:\/\/radio.ufpa.br\/#\/schema\/person\/image\/\",\"url\":\"https:\/\/secure.gravatar.com\/avatar\/b779d46516fe39b809059134270ec707?s=96&d=mm&r=g\",\"contentUrl\":\"https:\/\/secure.gravatar.com\/avatar\/b779d46516fe39b809059134270ec707?s=96&d=mm&r=g\",\"caption\":\"Elissandra Batista\"},\"url\":\"https:\/\/radio.ufpa.br\/index.php\/author\/elissandra\/\"}]}<\/script>\n<!-- \/ Yoast SEO plugin. -->","yoast_head_json":{"title":"Ano Internacional das L\u00ednguas Ind\u00edgenas em debate no UFPA Ensino","description":"Ano Internacional das L\u00ednguas Ind\u00edgenas em debate nesta edi\u00e7\u00e3o do UFPA Ensino. 96% das l\u00ednguas existentes no mundo s\u00e3o faladas por apenas 3% da popula\u00e7\u00e3o.","robots":{"index":"index","follow":"follow","max-snippet":"max-snippet:-1","max-image-preview":"max-image-preview:large","max-video-preview":"max-video-preview:-1"},"canonical":"https:\/\/radio.ufpa.br\/index.php\/ufpa-ensino\/ano-internacional-das-linguas-indigenas\/","og_locale":"pt_BR","og_type":"article","og_title":"Ano Internacional das L\u00ednguas Ind\u00edgenas em debate no UFPA Ensino","og_description":"Ano Internacional das L\u00ednguas Ind\u00edgenas em debate nesta edi\u00e7\u00e3o do UFPA Ensino. 96% das l\u00ednguas existentes no mundo s\u00e3o faladas por apenas 3% da popula\u00e7\u00e3o.","og_url":"https:\/\/radio.ufpa.br\/index.php\/ufpa-ensino\/ano-internacional-das-linguas-indigenas\/","og_site_name":"Radio Web UFPA","article_publisher":"https:\/\/www.facebook.com\/radiowebufpa","article_published_time":"2019-11-06T12:41:00+00:00","article_modified_time":"2019-11-06T20:13:12+00:00","og_image":[{"width":1441,"height":811,"url":"https:\/\/i0.wp.com\/radio.ufpa.br\/wp-content\/uploads\/2019\/11\/ENSINO-IYIL-Capa-Site.png?fit=1441%2C811&ssl=1","type":"image\/png"}],"author":"Elissandra Batista","twitter_card":"summary_large_image","twitter_creator":"@radiowebufpa","twitter_site":"@radiowebufpa","twitter_misc":{"Escrito por":"Elissandra Batista","Est. tempo de leitura":"6 minutos"},"schema":{"@context":"https:\/\/schema.org","@graph":[{"@type":"Article","@id":"https:\/\/radio.ufpa.br\/index.php\/ufpa-ensino\/ano-internacional-das-linguas-indigenas\/#article","isPartOf":{"@id":"https:\/\/radio.ufpa.br\/index.php\/ufpa-ensino\/ano-internacional-das-linguas-indigenas\/"},"author":{"name":"Elissandra Batista","@id":"https:\/\/radio.ufpa.br\/#\/schema\/person\/51774ebb30a3903e2bf07acf94e8fea6"},"headline":"Ano Internacional das L\u00ednguas Ind\u00edgenas","datePublished":"2019-11-06T12:41:00+00:00","dateModified":"2019-11-06T20:13:12+00:00","mainEntityOfPage":{"@id":"https:\/\/radio.ufpa.br\/index.php\/ufpa-ensino\/ano-internacional-das-linguas-indigenas\/"},"wordCount":1249,"commentCount":0,"publisher":{"@id":"https:\/\/radio.ufpa.br\/#organization"},"image":{"@id":"https:\/\/radio.ufpa.br\/index.php\/ufpa-ensino\/ano-internacional-das-linguas-indigenas\/#primaryimage"},"thumbnailUrl":"https:\/\/i0.wp.com\/radio.ufpa.br\/wp-content\/uploads\/2019\/11\/ENSINO-IYIL-Capa-Site.png?fit=1441%2C811&ssl=1","articleSection":["UFPA Ensino"],"inLanguage":"pt-BR","potentialAction":[{"@type":"CommentAction","name":"Comment","target":["https:\/\/radio.ufpa.br\/index.php\/ufpa-ensino\/ano-internacional-das-linguas-indigenas\/#respond"]}]},{"@type":"WebPage","@id":"https:\/\/radio.ufpa.br\/index.php\/ufpa-ensino\/ano-internacional-das-linguas-indigenas\/","url":"https:\/\/radio.ufpa.br\/index.php\/ufpa-ensino\/ano-internacional-das-linguas-indigenas\/","name":"Ano Internacional das L\u00ednguas Ind\u00edgenas em debate no UFPA Ensino","isPartOf":{"@id":"https:\/\/radio.ufpa.br\/#website"},"primaryImageOfPage":{"@id":"https:\/\/radio.ufpa.br\/index.php\/ufpa-ensino\/ano-internacional-das-linguas-indigenas\/#primaryimage"},"image":{"@id":"https:\/\/radio.ufpa.br\/index.php\/ufpa-ensino\/ano-internacional-das-linguas-indigenas\/#primaryimage"},"thumbnailUrl":"https:\/\/i0.wp.com\/radio.ufpa.br\/wp-content\/uploads\/2019\/11\/ENSINO-IYIL-Capa-Site.png?fit=1441%2C811&ssl=1","datePublished":"2019-11-06T12:41:00+00:00","dateModified":"2019-11-06T20:13:12+00:00","description":"Ano Internacional das L\u00ednguas Ind\u00edgenas em debate nesta edi\u00e7\u00e3o do UFPA Ensino. 96% das l\u00ednguas existentes no mundo s\u00e3o faladas por apenas 3% da popula\u00e7\u00e3o.","breadcrumb":{"@id":"https:\/\/radio.ufpa.br\/index.php\/ufpa-ensino\/ano-internacional-das-linguas-indigenas\/#breadcrumb"},"inLanguage":"pt-BR","potentialAction":[{"@type":"ReadAction","target":["https:\/\/radio.ufpa.br\/index.php\/ufpa-ensino\/ano-internacional-das-linguas-indigenas\/"]}]},{"@type":"ImageObject","inLanguage":"pt-BR","@id":"https:\/\/radio.ufpa.br\/index.php\/ufpa-ensino\/ano-internacional-das-linguas-indigenas\/#primaryimage","url":"https:\/\/i0.wp.com\/radio.ufpa.br\/wp-content\/uploads\/2019\/11\/ENSINO-IYIL-Capa-Site.png?fit=1441%2C811&ssl=1","contentUrl":"https:\/\/i0.wp.com\/radio.ufpa.br\/wp-content\/uploads\/2019\/11\/ENSINO-IYIL-Capa-Site.png?fit=1441%2C811&ssl=1","width":1441,"height":811},{"@type":"BreadcrumbList","@id":"https:\/\/radio.ufpa.br\/index.php\/ufpa-ensino\/ano-internacional-das-linguas-indigenas\/#breadcrumb","itemListElement":[{"@type":"ListItem","position":1,"name":"In\u00edcio","item":"https:\/\/radio.ufpa.br\/"},{"@type":"ListItem","position":2,"name":"Ano Internacional das L\u00ednguas Ind\u00edgenas"}]},{"@type":"WebSite","@id":"https:\/\/radio.ufpa.br\/#website","url":"https:\/\/radio.ufpa.br\/","name":"Radio Web UFPA","description":"Divulgando o conhecimento","publisher":{"@id":"https:\/\/radio.ufpa.br\/#organization"},"potentialAction":[{"@type":"SearchAction","target":{"@type":"EntryPoint","urlTemplate":"https:\/\/radio.ufpa.br\/?s={search_term_string}"},"query-input":{"@type":"PropertyValueSpecification","valueRequired":true,"valueName":"search_term_string"}}],"inLanguage":"pt-BR"},{"@type":"Organization","@id":"https:\/\/radio.ufpa.br\/#organization","name":"UNIVERSIDADE FEDERAL DO PAR\u00c1-R\u00c1DIO WEB UFPA","url":"https:\/\/radio.ufpa.br\/","logo":{"@type":"ImageObject","inLanguage":"pt-BR","@id":"https:\/\/radio.ufpa.br\/#\/schema\/logo\/image\/","url":"https:\/\/i0.wp.com\/radio.ufpa.br\/wp-content\/uploads\/2025\/12\/images-removebg-preview.png?fit=417%2C121&ssl=1","contentUrl":"https:\/\/i0.wp.com\/radio.ufpa.br\/wp-content\/uploads\/2025\/12\/images-removebg-preview.png?fit=417%2C121&ssl=1","width":417,"height":121,"caption":"UNIVERSIDADE FEDERAL DO PAR\u00c1-R\u00c1DIO WEB UFPA"},"image":{"@id":"https:\/\/radio.ufpa.br\/#\/schema\/logo\/image\/"},"sameAs":["https:\/\/www.facebook.com\/radiowebufpa","https:\/\/x.com\/radiowebufpa","https:\/\/www.instagram.com\/radiowebufpa\/","https:\/\/www.youtube.com\/user\/RadioWebUFP4"]},{"@type":"Person","@id":"https:\/\/radio.ufpa.br\/#\/schema\/person\/51774ebb30a3903e2bf07acf94e8fea6","name":"Elissandra Batista","image":{"@type":"ImageObject","inLanguage":"pt-BR","@id":"https:\/\/radio.ufpa.br\/#\/schema\/person\/image\/","url":"https:\/\/secure.gravatar.com\/avatar\/b779d46516fe39b809059134270ec707?s=96&d=mm&r=g","contentUrl":"https:\/\/secure.gravatar.com\/avatar\/b779d46516fe39b809059134270ec707?s=96&d=mm&r=g","caption":"Elissandra Batista"},"url":"https:\/\/radio.ufpa.br\/index.php\/author\/elissandra\/"}]}},"jetpack_publicize_connections":[],"jetpack_featured_media_url":"https:\/\/i0.wp.com\/radio.ufpa.br\/wp-content\/uploads\/2019\/11\/ENSINO-IYIL-Capa-Site.png?fit=1441%2C811&ssl=1","jetpack_shortlink":"https:\/\/wp.me\/p8TJeA-1NU","jetpack_likes_enabled":true,"jetpack-related-posts":[],"jetpack_sharing_enabled":true,"_links":{"self":[{"href":"https:\/\/radio.ufpa.br\/index.php\/wp-json\/wp\/v2\/posts\/6938","targetHints":{"allow":["GET"]}}],"collection":[{"href":"https:\/\/radio.ufpa.br\/index.php\/wp-json\/wp\/v2\/posts"}],"about":[{"href":"https:\/\/radio.ufpa.br\/index.php\/wp-json\/wp\/v2\/types\/post"}],"author":[{"embeddable":true,"href":"https:\/\/radio.ufpa.br\/index.php\/wp-json\/wp\/v2\/users\/6"}],"replies":[{"embeddable":true,"href":"https:\/\/radio.ufpa.br\/index.php\/wp-json\/wp\/v2\/comments?post=6938"}],"version-history":[{"count":10,"href":"https:\/\/radio.ufpa.br\/index.php\/wp-json\/wp\/v2\/posts\/6938\/revisions"}],"predecessor-version":[{"id":6953,"href":"https:\/\/radio.ufpa.br\/index.php\/wp-json\/wp\/v2\/posts\/6938\/revisions\/6953"}],"wp:featuredmedia":[{"embeddable":true,"href":"https:\/\/radio.ufpa.br\/index.php\/wp-json\/wp\/v2\/media\/6952"}],"wp:attachment":[{"href":"https:\/\/radio.ufpa.br\/index.php\/wp-json\/wp\/v2\/media?parent=6938"}],"wp:term":[{"taxonomy":"category","embeddable":true,"href":"https:\/\/radio.ufpa.br\/index.php\/wp-json\/wp\/v2\/categories?post=6938"},{"taxonomy":"post_tag","embeddable":true,"href":"https:\/\/radio.ufpa.br\/index.php\/wp-json\/wp\/v2\/tags?post=6938"}],"curies":[{"name":"wp","href":"https:\/\/api.w.org\/{rel}","templated":true}]}}