{"id":7239,"date":"2019-12-25T08:00:06","date_gmt":"2019-12-25T10:00:06","guid":{"rendered":"http:\/\/radio.ufpa.br\/?p=7239"},"modified":"2019-12-20T17:07:11","modified_gmt":"2019-12-20T19:07:11","slug":"40-anos-do-clube-de-ciencias-da-ufpa","status":"publish","type":"post","link":"https:\/\/radio.ufpa.br\/index.php\/ufpa-ensino\/40-anos-do-clube-de-ciencias-da-ufpa\/","title":{"rendered":"40 anos do Clube de Ci\u00eancias da UFPA"},"content":{"rendered":"<!--[if lt IE 9]><script>document.createElement('audio');<\/script><![endif]-->\n\t<div class=\"wp-playlist wp-audio-playlist wp-playlist-light\">\n\t\t\t<div class=\"wp-playlist-current-item\"><\/div>\n\t\t<audio controls=\"controls\" preload=\"none\" width=\"1178\"\n\t\t\t><\/audio>\n\t<div class=\"wp-playlist-next\"><\/div>\n\t<div class=\"wp-playlist-prev\"><\/div>\n\t<noscript>\n\t<ol>\n\t\t<li><a href='https:\/\/radio.ufpa.br\/wp-content\/uploads\/2019\/03\/UFPA%20ENSINO%20-%2040%20ANOS%20DO%20CLUBE%20DE%20CI\u00caNCIAS%20DA%20UFPA%20-%2025.12.19.mp3'>UFPA Ensino - 40 anos do Clube de Ci\u00eancias da UFPA<\/a><\/li>\t<\/ol>\n\t<\/noscript>\n\t<script type=\"application\/json\" class=\"wp-playlist-script\">{\"type\":\"audio\",\"tracklist\":true,\"tracknumbers\":true,\"images\":true,\"artists\":true,\"tracks\":[{\"src\":\"https:\\\/\\\/radio.ufpa.br\\\/wp-content\\\/uploads\\\/2019\\\/03\\\/UFPA ENSINO - 40 ANOS DO CLUBE DE CI\\u00caNCIAS DA UFPA - 25.12.19.mp3\",\"type\":\"audio\\\/mpeg\",\"title\":\"UFPA Ensino - 40 anos do Clube de Ci\\u00eancias da UFPA\",\"caption\":\"\",\"description\":\"\\\"UFPA ENSINO - 40 ANOS DO CLUBE DE CI\\u00caNCIAS DA UFPA - 25.12.19\\\". Genre: Other.\",\"meta\":{\"artist\":\"R\\u00e1dio Web UFPA\",\"album\":\"UFPA Ensino\",\"genre\":\"Other\",\"length_formatted\":\"57:42\"},\"image\":{\"src\":\"https:\\\/\\\/radio.ufpa.br\\\/wp-includes\\\/images\\\/media\\\/audio.svg\",\"width\":48,\"height\":64},\"thumb\":{\"src\":\"https:\\\/\\\/radio.ufpa.br\\\/wp-includes\\\/images\\\/media\\\/audio.svg\",\"width\":48,\"height\":64}}]}<\/script>\n<\/div>\n\t\n<p>O UFPA Ensino desta semana tem como tema os 40 anos do Clube de Ci\u00eancias da UFPA. \u00a0Desde de 1979, o projeto de ensino, pesquisa e extens\u00e3o conjuga a promo\u00e7\u00e3o da inicia\u00e7\u00e3o e letramento cient\u00edfico de alunos dos ensinos fundamental e m\u00e9dio com a antecipa\u00e7\u00e3o da experi\u00eancia docente dos alunos de gradua\u00e7\u00e3o, por meio da abordagem do ensino de ci\u00eancias por investiga\u00e7\u00e3o.<\/p>\n<p>Para falar sobre essas quatro d\u00e9cadas de atividade do Clube de Ci\u00eancias da UFPA, recebemos a doutora em Educa\u00e7\u00e3o e idealizadora do clube, professora Teresinha Valim; e o atual coordenador do Clube de Ci\u00eancias e doutor em Educa\u00e7\u00e3o em Ci\u00eancias, professor J\u00f4natas Barros e Barros. Contamos, ainda, com a participa\u00e7\u00e3o da atual diretora do Instituto de Educa\u00e7\u00e3o Matem\u00e1tica e Cient\u00edfica (IEMCI\/UFPA), professora Isabel Lucena, doutora em Educa\u00e7\u00e3o, que foi s\u00f3cia mirim do clube; e da graduanda de Licenciatura em Biologia Ingrid Alves, atualmente bolsista do clube, que falam sobre a experi\u00eancia nesse espa\u00e7o educativo de populariza\u00e7\u00e3o da ci\u00eancia.<\/p>\n<p>Os convidados fazem um apanhado sobre as atividades do clube, que atende alunos da 1\u00ba ano do ensino fundamental \u00e0 3\u00aa s\u00e9rie do ensino m\u00e9dio, principalmente moradores do entorno da Universidade Federal do Par\u00e1. Os participantes assinalam que, ao longo desses 40 anos, muitos dos seus s\u00f3cios mirins e professores estagi\u00e1rios trilharam o caminho da doc\u00eancia e da pesquisa, estimulados pelas a\u00e7\u00f5es l\u00fadico-educativas do clube.<\/p>\n<p>Para saber mais sobre os 40 anos do Clube de Ci\u00eancias da UFPA, acompanhe esta edi\u00e7\u00e3o do UFPA Ensino e curta a p\u00e1gina do projeto no <a href=\"http:\/\/www.facebook.com\/CCIUFPA\">Facebook<\/a>.<\/p>\n<p>Apresenta\u00e7\u00e3o: Fabr\u00edcio Queiroz<br \/>\nProdu\u00e7\u00e3o e roteiro: Susan Santiago<br \/>\nGrava\u00e7\u00e3o e montagem: Jo\u00e3o Nilo Ferreira<br \/>\nSupervis\u00e3o e edi\u00e7\u00e3o: Elissandra Batista e Fabr\u00edcio Queiroz<\/p>\n<p>O UFPA Ensino vai ao ar \u00e0s quartas-feiras, \u00e0s 10h e 21h.<br \/>\nHor\u00e1rios alternativos: Sexta-feira, \u00e0s 19h, e s\u00e1bado, \u00e0s 21h.<\/p>\n","protected":false},"excerpt":{"rendered":"<p> &#8230; <a title=\"40 anos do Clube de Ci\u00eancias da UFPA\" class=\"read-more\" href=\"https:\/\/radio.ufpa.br\/index.php\/ufpa-ensino\/40-anos-do-clube-de-ciencias-da-ufpa\/\" aria-label=\"Read more about 40 anos do Clube de Ci\u00eancias da UFPA\">Ler mais<\/a><\/p>\n","protected":false},"author":2,"featured_media":7247,"comment_status":"open","ping_status":"open","sticky":false,"template":"","format":"standard","meta":{"_acf_changed":false,"_exactmetrics_skip_tracking":false,"_exactmetrics_sitenote_active":false,"_exactmetrics_sitenote_note":"","_exactmetrics_sitenote_category":0,"_monsterinsights_skip_tracking":false,"_monsterinsights_sitenote_active":false,"_monsterinsights_sitenote_note":"","_monsterinsights_sitenote_category":0,"_uf_show_specific_survey":0,"_uf_disable_surveys":false,"jetpack_post_was_ever_published":false,"_jetpack_newsletter_access":"","_jetpack_dont_email_post_to_subs":false,"_jetpack_newsletter_tier_id":0,"_jetpack_memberships_contains_paywalled_content":false,"_jetpack_memberships_contains_paid_content":false,"footnotes":"","jetpack_publicize_message":"","jetpack_publicize_feature_enabled":true,"jetpack_social_post_already_shared":true,"jetpack_social_options":{"image_generator_settings":{"template":"highway","enabled":false},"version":2}},"categories":[41],"tags":[],"class_list":["post-7239","post","type-post","status-publish","format-standard","has-post-thumbnail","hentry","category-ufpa-ensino"],"acf":[],"yoast_head":"<!-- This site is optimized with the Yoast SEO plugin v25.1 - https:\/\/yoast.com\/wordpress\/plugins\/seo\/ -->\n<title>40 anos do Clube de Ci\u00eancias da UFPA - Radio Web UFPA<\/title>\n<meta name=\"description\" content=\"Neste programa, conhe\u00e7a mais sobre a trajet\u00f3ria de 40 anos do Clube de CI\u00eancias da UFPA, que promove a\u00e7\u00f5es de pr\u00e1tica docente e inicia\u00e7\u00e3o cient\u00edfica.\" \/>\n<meta name=\"robots\" content=\"index, follow, max-snippet:-1, max-image-preview:large, max-video-preview:-1\" \/>\n<link rel=\"canonical\" href=\"https:\/\/radio.ufpa.br\/index.php\/ufpa-ensino\/40-anos-do-clube-de-ciencias-da-ufpa\/\" \/>\n<meta property=\"og:locale\" content=\"pt_BR\" \/>\n<meta property=\"og:type\" content=\"article\" \/>\n<meta property=\"og:title\" content=\"40 anos do Clube de Ci\u00eancias da UFPA - Radio Web UFPA\" \/>\n<meta property=\"og:description\" content=\"Neste programa, conhe\u00e7a mais sobre a trajet\u00f3ria de 40 anos do Clube de CI\u00eancias da UFPA, que promove a\u00e7\u00f5es de pr\u00e1tica docente e inicia\u00e7\u00e3o cient\u00edfica.\" \/>\n<meta property=\"og:url\" content=\"https:\/\/radio.ufpa.br\/index.php\/ufpa-ensino\/40-anos-do-clube-de-ciencias-da-ufpa\/\" \/>\n<meta property=\"og:site_name\" content=\"Radio Web UFPA\" \/>\n<meta property=\"article:publisher\" content=\"https:\/\/www.facebook.com\/radiowebufpa\" \/>\n<meta property=\"article:published_time\" content=\"2019-12-25T10:00:06+00:00\" \/>\n<meta property=\"og:image\" content=\"https:\/\/i0.wp.com\/radio.ufpa.br\/wp-content\/uploads\/2019\/12\/Clube-de-Ci\u00eancias-da-UFPA.jpg?fit=720%2C960&ssl=1\" \/>\n\t<meta property=\"og:image:width\" content=\"720\" \/>\n\t<meta property=\"og:image:height\" content=\"960\" \/>\n\t<meta property=\"og:image:type\" content=\"image\/jpeg\" \/>\n<meta name=\"author\" content=\"Fabr\u00edcio Queiroz\" \/>\n<meta name=\"twitter:card\" content=\"summary_large_image\" \/>\n<meta name=\"twitter:creator\" content=\"@radiowebufpa\" \/>\n<meta name=\"twitter:site\" content=\"@radiowebufpa\" \/>\n<meta name=\"twitter:label1\" content=\"Escrito por\" \/>\n\t<meta name=\"twitter:data1\" content=\"Fabr\u00edcio Queiroz\" \/>\n\t<meta name=\"twitter:label2\" content=\"Est. tempo de leitura\" \/>\n\t<meta name=\"twitter:data2\" content=\"2 minutos\" \/>\n<script type=\"application\/ld+json\" class=\"yoast-schema-graph\">{\"@context\":\"https:\/\/schema.org\",\"@graph\":[{\"@type\":\"Article\",\"@id\":\"https:\/\/radio.ufpa.br\/index.php\/ufpa-ensino\/40-anos-do-clube-de-ciencias-da-ufpa\/#article\",\"isPartOf\":{\"@id\":\"https:\/\/radio.ufpa.br\/index.php\/ufpa-ensino\/40-anos-do-clube-de-ciencias-da-ufpa\/\"},\"author\":{\"name\":\"Fabr\u00edcio Queiroz\",\"@id\":\"https:\/\/radio.ufpa.br\/#\/schema\/person\/f3f139516982741ca0831359933ac096\"},\"headline\":\"40 anos do Clube de Ci\u00eancias da UFPA\",\"datePublished\":\"2019-12-25T10:00:06+00:00\",\"mainEntityOfPage\":{\"@id\":\"https:\/\/radio.ufpa.br\/index.php\/ufpa-ensino\/40-anos-do-clube-de-ciencias-da-ufpa\/\"},\"wordCount\":347,\"commentCount\":0,\"publisher\":{\"@id\":\"https:\/\/radio.ufpa.br\/#organization\"},\"image\":{\"@id\":\"https:\/\/radio.ufpa.br\/index.php\/ufpa-ensino\/40-anos-do-clube-de-ciencias-da-ufpa\/#primaryimage\"},\"thumbnailUrl\":\"https:\/\/i0.wp.com\/radio.ufpa.br\/wp-content\/uploads\/2019\/12\/Clube-de-Ci%C3%AAncias-da-UFPA.jpg?fit=720%2C960&ssl=1\",\"articleSection\":[\"UFPA Ensino\"],\"inLanguage\":\"pt-BR\",\"potentialAction\":[{\"@type\":\"CommentAction\",\"name\":\"Comment\",\"target\":[\"https:\/\/radio.ufpa.br\/index.php\/ufpa-ensino\/40-anos-do-clube-de-ciencias-da-ufpa\/#respond\"]}]},{\"@type\":\"WebPage\",\"@id\":\"https:\/\/radio.ufpa.br\/index.php\/ufpa-ensino\/40-anos-do-clube-de-ciencias-da-ufpa\/\",\"url\":\"https:\/\/radio.ufpa.br\/index.php\/ufpa-ensino\/40-anos-do-clube-de-ciencias-da-ufpa\/\",\"name\":\"40 anos do Clube de Ci\u00eancias da UFPA - Radio Web UFPA\",\"isPartOf\":{\"@id\":\"https:\/\/radio.ufpa.br\/#website\"},\"primaryImageOfPage\":{\"@id\":\"https:\/\/radio.ufpa.br\/index.php\/ufpa-ensino\/40-anos-do-clube-de-ciencias-da-ufpa\/#primaryimage\"},\"image\":{\"@id\":\"https:\/\/radio.ufpa.br\/index.php\/ufpa-ensino\/40-anos-do-clube-de-ciencias-da-ufpa\/#primaryimage\"},\"thumbnailUrl\":\"https:\/\/i0.wp.com\/radio.ufpa.br\/wp-content\/uploads\/2019\/12\/Clube-de-Ci%C3%AAncias-da-UFPA.jpg?fit=720%2C960&ssl=1\",\"datePublished\":\"2019-12-25T10:00:06+00:00\",\"description\":\"Neste programa, conhe\u00e7a mais sobre a trajet\u00f3ria de 40 anos do Clube de CI\u00eancias da UFPA, que promove a\u00e7\u00f5es de pr\u00e1tica docente e inicia\u00e7\u00e3o cient\u00edfica.\",\"breadcrumb\":{\"@id\":\"https:\/\/radio.ufpa.br\/index.php\/ufpa-ensino\/40-anos-do-clube-de-ciencias-da-ufpa\/#breadcrumb\"},\"inLanguage\":\"pt-BR\",\"potentialAction\":[{\"@type\":\"ReadAction\",\"target\":[\"https:\/\/radio.ufpa.br\/index.php\/ufpa-ensino\/40-anos-do-clube-de-ciencias-da-ufpa\/\"]}]},{\"@type\":\"ImageObject\",\"inLanguage\":\"pt-BR\",\"@id\":\"https:\/\/radio.ufpa.br\/index.php\/ufpa-ensino\/40-anos-do-clube-de-ciencias-da-ufpa\/#primaryimage\",\"url\":\"https:\/\/i0.wp.com\/radio.ufpa.br\/wp-content\/uploads\/2019\/12\/Clube-de-Ci%C3%AAncias-da-UFPA.jpg?fit=720%2C960&ssl=1\",\"contentUrl\":\"https:\/\/i0.wp.com\/radio.ufpa.br\/wp-content\/uploads\/2019\/12\/Clube-de-Ci%C3%AAncias-da-UFPA.jpg?fit=720%2C960&ssl=1\",\"width\":720,\"height\":960},{\"@type\":\"BreadcrumbList\",\"@id\":\"https:\/\/radio.ufpa.br\/index.php\/ufpa-ensino\/40-anos-do-clube-de-ciencias-da-ufpa\/#breadcrumb\",\"itemListElement\":[{\"@type\":\"ListItem\",\"position\":1,\"name\":\"In\u00edcio\",\"item\":\"https:\/\/radio.ufpa.br\/\"},{\"@type\":\"ListItem\",\"position\":2,\"name\":\"40 anos do Clube de Ci\u00eancias da UFPA\"}]},{\"@type\":\"WebSite\",\"@id\":\"https:\/\/radio.ufpa.br\/#website\",\"url\":\"https:\/\/radio.ufpa.br\/\",\"name\":\"Radio Web UFPA\",\"description\":\"Divulgando o conhecimento\",\"publisher\":{\"@id\":\"https:\/\/radio.ufpa.br\/#organization\"},\"potentialAction\":[{\"@type\":\"SearchAction\",\"target\":{\"@type\":\"EntryPoint\",\"urlTemplate\":\"https:\/\/radio.ufpa.br\/?s={search_term_string}\"},\"query-input\":{\"@type\":\"PropertyValueSpecification\",\"valueRequired\":true,\"valueName\":\"search_term_string\"}}],\"inLanguage\":\"pt-BR\"},{\"@type\":\"Organization\",\"@id\":\"https:\/\/radio.ufpa.br\/#organization\",\"name\":\"UNIVERSIDADE FEDERAL DO PAR\u00c1-R\u00c1DIO WEB UFPA\",\"url\":\"https:\/\/radio.ufpa.br\/\",\"logo\":{\"@type\":\"ImageObject\",\"inLanguage\":\"pt-BR\",\"@id\":\"https:\/\/radio.ufpa.br\/#\/schema\/logo\/image\/\",\"url\":\"https:\/\/i0.wp.com\/radio.ufpa.br\/wp-content\/uploads\/2025\/12\/images-removebg-preview.png?fit=417%2C121&ssl=1\",\"contentUrl\":\"https:\/\/i0.wp.com\/radio.ufpa.br\/wp-content\/uploads\/2025\/12\/images-removebg-preview.png?fit=417%2C121&ssl=1\",\"width\":417,\"height\":121,\"caption\":\"UNIVERSIDADE FEDERAL DO PAR\u00c1-R\u00c1DIO WEB UFPA\"},\"image\":{\"@id\":\"https:\/\/radio.ufpa.br\/#\/schema\/logo\/image\/\"},\"sameAs\":[\"https:\/\/www.facebook.com\/radiowebufpa\",\"https:\/\/x.com\/radiowebufpa\",\"https:\/\/www.instagram.com\/radiowebufpa\/\",\"https:\/\/www.youtube.com\/user\/RadioWebUFP4\"]},{\"@type\":\"Person\",\"@id\":\"https:\/\/radio.ufpa.br\/#\/schema\/person\/f3f139516982741ca0831359933ac096\",\"name\":\"Fabr\u00edcio Queiroz\",\"image\":{\"@type\":\"ImageObject\",\"inLanguage\":\"pt-BR\",\"@id\":\"https:\/\/radio.ufpa.br\/#\/schema\/person\/image\/\",\"url\":\"https:\/\/secure.gravatar.com\/avatar\/16286edb2cee888d704ce74385081b7f?s=96&d=mm&r=g\",\"contentUrl\":\"https:\/\/secure.gravatar.com\/avatar\/16286edb2cee888d704ce74385081b7f?s=96&d=mm&r=g\",\"caption\":\"Fabr\u00edcio Queiroz\"},\"description\":\"Editor e Jornalista respons\u00e1vel\",\"url\":\"https:\/\/radio.ufpa.br\/index.php\/author\/fabricio\/\"}]}<\/script>\n<!-- \/ Yoast SEO plugin. -->","yoast_head_json":{"title":"40 anos do Clube de Ci\u00eancias da UFPA - Radio Web UFPA","description":"Neste programa, conhe\u00e7a mais sobre a trajet\u00f3ria de 40 anos do Clube de CI\u00eancias da UFPA, que promove a\u00e7\u00f5es de pr\u00e1tica docente e inicia\u00e7\u00e3o cient\u00edfica.","robots":{"index":"index","follow":"follow","max-snippet":"max-snippet:-1","max-image-preview":"max-image-preview:large","max-video-preview":"max-video-preview:-1"},"canonical":"https:\/\/radio.ufpa.br\/index.php\/ufpa-ensino\/40-anos-do-clube-de-ciencias-da-ufpa\/","og_locale":"pt_BR","og_type":"article","og_title":"40 anos do Clube de Ci\u00eancias da UFPA - Radio Web UFPA","og_description":"Neste programa, conhe\u00e7a mais sobre a trajet\u00f3ria de 40 anos do Clube de CI\u00eancias da UFPA, que promove a\u00e7\u00f5es de pr\u00e1tica docente e inicia\u00e7\u00e3o cient\u00edfica.","og_url":"https:\/\/radio.ufpa.br\/index.php\/ufpa-ensino\/40-anos-do-clube-de-ciencias-da-ufpa\/","og_site_name":"Radio Web UFPA","article_publisher":"https:\/\/www.facebook.com\/radiowebufpa","article_published_time":"2019-12-25T10:00:06+00:00","og_image":[{"width":720,"height":960,"url":"https:\/\/i0.wp.com\/radio.ufpa.br\/wp-content\/uploads\/2019\/12\/Clube-de-Ci\u00eancias-da-UFPA.jpg?fit=720%2C960&ssl=1","type":"image\/jpeg"}],"author":"Fabr\u00edcio Queiroz","twitter_card":"summary_large_image","twitter_creator":"@radiowebufpa","twitter_site":"@radiowebufpa","twitter_misc":{"Escrito por":"Fabr\u00edcio Queiroz","Est. tempo de leitura":"2 minutos"},"schema":{"@context":"https:\/\/schema.org","@graph":[{"@type":"Article","@id":"https:\/\/radio.ufpa.br\/index.php\/ufpa-ensino\/40-anos-do-clube-de-ciencias-da-ufpa\/#article","isPartOf":{"@id":"https:\/\/radio.ufpa.br\/index.php\/ufpa-ensino\/40-anos-do-clube-de-ciencias-da-ufpa\/"},"author":{"name":"Fabr\u00edcio Queiroz","@id":"https:\/\/radio.ufpa.br\/#\/schema\/person\/f3f139516982741ca0831359933ac096"},"headline":"40 anos do Clube de Ci\u00eancias da UFPA","datePublished":"2019-12-25T10:00:06+00:00","mainEntityOfPage":{"@id":"https:\/\/radio.ufpa.br\/index.php\/ufpa-ensino\/40-anos-do-clube-de-ciencias-da-ufpa\/"},"wordCount":347,"commentCount":0,"publisher":{"@id":"https:\/\/radio.ufpa.br\/#organization"},"image":{"@id":"https:\/\/radio.ufpa.br\/index.php\/ufpa-ensino\/40-anos-do-clube-de-ciencias-da-ufpa\/#primaryimage"},"thumbnailUrl":"https:\/\/i0.wp.com\/radio.ufpa.br\/wp-content\/uploads\/2019\/12\/Clube-de-Ci%C3%AAncias-da-UFPA.jpg?fit=720%2C960&ssl=1","articleSection":["UFPA Ensino"],"inLanguage":"pt-BR","potentialAction":[{"@type":"CommentAction","name":"Comment","target":["https:\/\/radio.ufpa.br\/index.php\/ufpa-ensino\/40-anos-do-clube-de-ciencias-da-ufpa\/#respond"]}]},{"@type":"WebPage","@id":"https:\/\/radio.ufpa.br\/index.php\/ufpa-ensino\/40-anos-do-clube-de-ciencias-da-ufpa\/","url":"https:\/\/radio.ufpa.br\/index.php\/ufpa-ensino\/40-anos-do-clube-de-ciencias-da-ufpa\/","name":"40 anos do Clube de Ci\u00eancias da UFPA - Radio Web UFPA","isPartOf":{"@id":"https:\/\/radio.ufpa.br\/#website"},"primaryImageOfPage":{"@id":"https:\/\/radio.ufpa.br\/index.php\/ufpa-ensino\/40-anos-do-clube-de-ciencias-da-ufpa\/#primaryimage"},"image":{"@id":"https:\/\/radio.ufpa.br\/index.php\/ufpa-ensino\/40-anos-do-clube-de-ciencias-da-ufpa\/#primaryimage"},"thumbnailUrl":"https:\/\/i0.wp.com\/radio.ufpa.br\/wp-content\/uploads\/2019\/12\/Clube-de-Ci%C3%AAncias-da-UFPA.jpg?fit=720%2C960&ssl=1","datePublished":"2019-12-25T10:00:06+00:00","description":"Neste programa, conhe\u00e7a mais sobre a trajet\u00f3ria de 40 anos do Clube de CI\u00eancias da UFPA, que promove a\u00e7\u00f5es de pr\u00e1tica docente e inicia\u00e7\u00e3o cient\u00edfica.","breadcrumb":{"@id":"https:\/\/radio.ufpa.br\/index.php\/ufpa-ensino\/40-anos-do-clube-de-ciencias-da-ufpa\/#breadcrumb"},"inLanguage":"pt-BR","potentialAction":[{"@type":"ReadAction","target":["https:\/\/radio.ufpa.br\/index.php\/ufpa-ensino\/40-anos-do-clube-de-ciencias-da-ufpa\/"]}]},{"@type":"ImageObject","inLanguage":"pt-BR","@id":"https:\/\/radio.ufpa.br\/index.php\/ufpa-ensino\/40-anos-do-clube-de-ciencias-da-ufpa\/#primaryimage","url":"https:\/\/i0.wp.com\/radio.ufpa.br\/wp-content\/uploads\/2019\/12\/Clube-de-Ci%C3%AAncias-da-UFPA.jpg?fit=720%2C960&ssl=1","contentUrl":"https:\/\/i0.wp.com\/radio.ufpa.br\/wp-content\/uploads\/2019\/12\/Clube-de-Ci%C3%AAncias-da-UFPA.jpg?fit=720%2C960&ssl=1","width":720,"height":960},{"@type":"BreadcrumbList","@id":"https:\/\/radio.ufpa.br\/index.php\/ufpa-ensino\/40-anos-do-clube-de-ciencias-da-ufpa\/#breadcrumb","itemListElement":[{"@type":"ListItem","position":1,"name":"In\u00edcio","item":"https:\/\/radio.ufpa.br\/"},{"@type":"ListItem","position":2,"name":"40 anos do Clube de Ci\u00eancias da UFPA"}]},{"@type":"WebSite","@id":"https:\/\/radio.ufpa.br\/#website","url":"https:\/\/radio.ufpa.br\/","name":"Radio Web UFPA","description":"Divulgando o conhecimento","publisher":{"@id":"https:\/\/radio.ufpa.br\/#organization"},"potentialAction":[{"@type":"SearchAction","target":{"@type":"EntryPoint","urlTemplate":"https:\/\/radio.ufpa.br\/?s={search_term_string}"},"query-input":{"@type":"PropertyValueSpecification","valueRequired":true,"valueName":"search_term_string"}}],"inLanguage":"pt-BR"},{"@type":"Organization","@id":"https:\/\/radio.ufpa.br\/#organization","name":"UNIVERSIDADE FEDERAL DO PAR\u00c1-R\u00c1DIO WEB UFPA","url":"https:\/\/radio.ufpa.br\/","logo":{"@type":"ImageObject","inLanguage":"pt-BR","@id":"https:\/\/radio.ufpa.br\/#\/schema\/logo\/image\/","url":"https:\/\/i0.wp.com\/radio.ufpa.br\/wp-content\/uploads\/2025\/12\/images-removebg-preview.png?fit=417%2C121&ssl=1","contentUrl":"https:\/\/i0.wp.com\/radio.ufpa.br\/wp-content\/uploads\/2025\/12\/images-removebg-preview.png?fit=417%2C121&ssl=1","width":417,"height":121,"caption":"UNIVERSIDADE FEDERAL DO PAR\u00c1-R\u00c1DIO WEB UFPA"},"image":{"@id":"https:\/\/radio.ufpa.br\/#\/schema\/logo\/image\/"},"sameAs":["https:\/\/www.facebook.com\/radiowebufpa","https:\/\/x.com\/radiowebufpa","https:\/\/www.instagram.com\/radiowebufpa\/","https:\/\/www.youtube.com\/user\/RadioWebUFP4"]},{"@type":"Person","@id":"https:\/\/radio.ufpa.br\/#\/schema\/person\/f3f139516982741ca0831359933ac096","name":"Fabr\u00edcio Queiroz","image":{"@type":"ImageObject","inLanguage":"pt-BR","@id":"https:\/\/radio.ufpa.br\/#\/schema\/person\/image\/","url":"https:\/\/secure.gravatar.com\/avatar\/16286edb2cee888d704ce74385081b7f?s=96&d=mm&r=g","contentUrl":"https:\/\/secure.gravatar.com\/avatar\/16286edb2cee888d704ce74385081b7f?s=96&d=mm&r=g","caption":"Fabr\u00edcio Queiroz"},"description":"Editor e Jornalista respons\u00e1vel","url":"https:\/\/radio.ufpa.br\/index.php\/author\/fabricio\/"}]}},"jetpack_publicize_connections":[],"jetpack_featured_media_url":"https:\/\/i0.wp.com\/radio.ufpa.br\/wp-content\/uploads\/2019\/12\/Clube-de-Ci%C3%AAncias-da-UFPA.jpg?fit=720%2C960&ssl=1","jetpack_shortlink":"https:\/\/wp.me\/p8TJeA-1SL","jetpack_likes_enabled":true,"jetpack-related-posts":[],"jetpack_sharing_enabled":true,"_links":{"self":[{"href":"https:\/\/radio.ufpa.br\/index.php\/wp-json\/wp\/v2\/posts\/7239","targetHints":{"allow":["GET"]}}],"collection":[{"href":"https:\/\/radio.ufpa.br\/index.php\/wp-json\/wp\/v2\/posts"}],"about":[{"href":"https:\/\/radio.ufpa.br\/index.php\/wp-json\/wp\/v2\/types\/post"}],"author":[{"embeddable":true,"href":"https:\/\/radio.ufpa.br\/index.php\/wp-json\/wp\/v2\/users\/2"}],"replies":[{"embeddable":true,"href":"https:\/\/radio.ufpa.br\/index.php\/wp-json\/wp\/v2\/comments?post=7239"}],"version-history":[{"count":2,"href":"https:\/\/radio.ufpa.br\/index.php\/wp-json\/wp\/v2\/posts\/7239\/revisions"}],"predecessor-version":[{"id":7252,"href":"https:\/\/radio.ufpa.br\/index.php\/wp-json\/wp\/v2\/posts\/7239\/revisions\/7252"}],"wp:featuredmedia":[{"embeddable":true,"href":"https:\/\/radio.ufpa.br\/index.php\/wp-json\/wp\/v2\/media\/7247"}],"wp:attachment":[{"href":"https:\/\/radio.ufpa.br\/index.php\/wp-json\/wp\/v2\/media?parent=7239"}],"wp:term":[{"taxonomy":"category","embeddable":true,"href":"https:\/\/radio.ufpa.br\/index.php\/wp-json\/wp\/v2\/categories?post=7239"},{"taxonomy":"post_tag","embeddable":true,"href":"https:\/\/radio.ufpa.br\/index.php\/wp-json\/wp\/v2\/tags?post=7239"}],"curies":[{"name":"wp","href":"https:\/\/api.w.org\/{rel}","templated":true}]}}