{"id":7360,"date":"2020-03-02T10:54:47","date_gmt":"2020-03-02T13:54:47","guid":{"rendered":"http:\/\/radio.ufpa.br\/?p=7360"},"modified":"2020-04-09T16:14:54","modified_gmt":"2020-04-09T19:14:54","slug":"feminicidio-crimes-que-matam-mulheres","status":"publish","type":"post","link":"https:\/\/radio.ufpa.br\/index.php\/ufpa-debate\/feminicidio-crimes-que-matam-mulheres\/","title":{"rendered":"Combate ao feminic\u00eddio"},"content":{"rendered":"<!--[if lt IE 9]><script>document.createElement('audio');<\/script><![endif]-->\n\t<div class=\"wp-playlist wp-audio-playlist wp-playlist-light\">\n\t\t\t<div class=\"wp-playlist-current-item\"><\/div>\n\t\t<audio controls=\"controls\" preload=\"none\" width=\"1178\"\n\t\t\t><\/audio>\n\t<div class=\"wp-playlist-next\"><\/div>\n\t<div class=\"wp-playlist-prev\"><\/div>\n\t<noscript>\n\t<ol>\n\t\t<li><a href='https:\/\/radio.ufpa.br\/wp-content\/uploads\/2020-2\/UFPA%20DEBATE%20-%20FEMINICIDIO%20-%2002.03.20.mp3'>UFPA Debate - Feminic\u00eddio - 02.03.20<\/a><\/li>\t<\/ol>\n\t<\/noscript>\n\t<script type=\"application\/json\" class=\"wp-playlist-script\">{\"type\":\"audio\",\"tracklist\":true,\"tracknumbers\":true,\"images\":true,\"artists\":true,\"tracks\":[{\"src\":\"https:\\\/\\\/radio.ufpa.br\\\/wp-content\\\/uploads\\\/2020-2\\\/UFPA DEBATE - FEMINICIDIO - 02.03.20.mp3\",\"type\":\"audio\\\/mpeg\",\"title\":\"UFPA Debate - Feminic\\u00eddio - 02.03.20\",\"caption\":\"\",\"description\":\"\\\"UFPA DEBATE - FEMINICIDIO - 02.03.20\\\". Genre: Other.\",\"meta\":{\"artist\":\"R\\u00e1dio Web UFPA\",\"album\":\"UFPA Debate\",\"genre\":\"Other\",\"length_formatted\":\"56:23\"},\"image\":{\"src\":\"https:\\\/\\\/radio.ufpa.br\\\/wp-includes\\\/images\\\/media\\\/audio.svg\",\"width\":48,\"height\":64},\"thumb\":{\"src\":\"https:\\\/\\\/radio.ufpa.br\\\/wp-includes\\\/images\\\/media\\\/audio.svg\",\"width\":48,\"height\":64}}]}<\/script>\n<\/div>\n\t\n<p>Feminic\u00eddio: crimes que matam mulheres pela viol\u00eancia familiar e dom\u00e9stica ou por menosprezo e pela discrimina\u00e7\u00e3o \u00e0 condi\u00e7\u00e3o de g\u00eanero \u00e9 o tema em discuss\u00e3o nesta edi\u00e7\u00e3o do UFPA Debate. No Brasil, a Lei n\u00ba 13.104 foi sancionada em 09 de mar\u00e7o de 2015 e modificou o C\u00f3digo Penal para enquadrar essa forma de viol\u00eancia como crime hediondo.<\/p>\n<p>Os n\u00fameros de casos de feminic\u00eddio crescem a cada dia, de acordo com o Mapa da viol\u00eancia, a cada 45 minutos, uma mulher morre de forma violenta no pa\u00eds. E esses dados pioram na esfera estadual. Segundo a Secretaria de Seguran\u00e7a P\u00fablica, nos \u00faltimos dois anos, os assassinatos de mulheres aumentaram cerca de 80% no Par\u00e1. E para discutir sobre Feminic\u00eddio: crimes que matam mulheres, o UFPA Debate convidou:<\/p>\n<p><strong>Vivi Reis,<\/strong> Fisioterapeuta, integrante do movimento nacional de Juventude Juntos, do coletivo feminista Juntas e da Rede de Emancipa\u00e7\u00e3o Popular. <strong>Nath\u00e1lia Kahwage,<\/strong> Mestra em Ci\u00eancias da Comunica\u00e7\u00e3o pela Universidade Federal do Par\u00e1. \u00c9 jornalista, rep\u00f3rter especial e apresentadora na TV Liberal, com experi\u00eancia na cobertura jornal\u00edstica e pesquisa acad\u00eamica de tem\u00e1ticas relacionadas as quest\u00f5es de g\u00eanero. <strong>Franklin Lobato Prado<\/strong>, titular do cargo de 3\u00ba Promotor de Justi\u00e7a de Viol\u00eancia Dom\u00e9stica e Familiar contra a Mulher e Coordenador do N\u00facleo de Enfrentamento \u00e0 Viol\u00eancia contra a Mulher (N\u00facleo Mulher). E <strong>Amayna Cunha<\/strong>, \u00e9 concluinte do curso de Direito pela UFPA, faz parte da Cl\u00ednica de aten\u00e7\u00e3o \u00e0 viol\u00eancia (projeto que atende pessoas em situa\u00e7\u00e3o de viol\u00eancia, em especial grupos vulner\u00e1veis como mulheres, LGBTs, idosos) e tamb\u00e9m participa do grupo de estudo e pesquisa de Direito Penal e Democracia, que \u00e9 coordenado pela Prof\u00aa Dra. Luanna Tomaz.<\/p>\n<p>De acordo com o promotor Franklin Lobato Prado, para combater os casos de feminic\u00eddio: crimes que matam mulheres \u00e9 necess\u00e1rio trabalhar em dois pilares. O primeiro pilar \u00e9 o homem, para que ele possa parar com essa cultura machista de pensar que ele tem propriedade sobre o corpo da mulher. O segundo, \u00e9 trabalhar a qualifica\u00e7\u00e3o profissional da mulher, para que ela alcance sua independ\u00eancia e tenha condi\u00e7\u00f5es financeiras de sair de uma rela\u00e7\u00e3o abusiva. A viol\u00eancia dom\u00e9stica inicia de forma gradual. \u201cPrimeiro o cara fala alto, depois ele d\u00e1 um tapa, depois ele d\u00e1 um empurr\u00e3o, depois um soco, depois uma facada e d\u00e1 um tiro. \u00c9 preciso combater esse ciclo da viol\u00eancia\u201d, aponta o promotor.<\/p>\n<p>Vivi Reis, ativista pelo movimento feminista, os fatores que amplificam o cen\u00e1rio de viol\u00eancia contra a mulher est\u00e3o relacionados a quest\u00e3o cultural pautada em uma l\u00f3gica patriarcal. Essa l\u00f3gica refor\u00e7a todas as desigualdades que j\u00e1 est\u00e3o postas na sociedade em um sistema opressor. Por isso, \u00e9 fundamental propagar as reflex\u00f5es sobre os pap\u00e9is de g\u00eaneros na sociedade.<\/p>\n<p>Para jornalista e pesquisadora, Nath\u00e1lia Kahwage, o corpo da mulher \u00e9 objetificado pelo homem para exercer sua masculinidade. \u201cO estupro ou o feminic\u00eddio acaba sendo um exerc\u00edcio, uma operacionaliza\u00e7\u00e3o desse poder, dessa supremacia masculina que ela \u00e9 operacionalizada dessa forma, exatamente, devido a esses estere\u00f3tipos, a esse padr\u00e3o em que os meninos s\u00e3o criados, de que t\u00eam que utilizar a for\u00e7a, de que t\u00eam de ser agressivos e violentos\u201d.<\/p>\n<p>Os altos \u00edndices de viol\u00eancia contra mulheres revelam que toda mulher \u00e9 uma v\u00edtima em potencial. E que a viol\u00eancia contra elas n\u00e3o escolhe classe social, ra\u00e7a ou grau de escolaridade. O feminic\u00eddio \u00e9 a forma mais brutal de viol\u00eancia, porque culmina com a morte da mulher. Para denunciar viol\u00eancias, fazer reclama\u00e7\u00f5es sobre os servi\u00e7os da rede de atendimento \u00e0 mulher ou para busca orienta\u00e7\u00e3o sobre os direitos das mulheres, ligue para a Central de Atendimento \u00e0 Mulher em Situa\u00e7\u00e3o de Viol\u00eancia no n\u00famero 180. O servi\u00e7o \u00e9 gratuito, confidencial e funciona 24 horas por dia, todos os dias da semana.<\/p>\n<p>Para saber mais sobre Feminic\u00eddio: crimes que matam mulheres, ou\u00e7a na integra a esta edi\u00e7\u00e3o do UFPA Debate.<\/p>\n<p>Apresenta\u00e7\u00e3o: Fabr\u00edcio Queiroz<br \/>\nProdu\u00e7\u00e3o e roteiro: Glenda Duarte<br \/>\nGrava\u00e7\u00e3o e montagem: Jo\u00e3o Nilo e Felipe Rocha<br \/>\nSupervis\u00e3o e edi\u00e7\u00e3o: Elissandra Batista e Fabr\u00edcio Queiroz<\/p>\n<p>O UFPA Debate vai ao ar segunda-feira, \u00e0s 10h e 21h.<br \/>\nHor\u00e1rios alternativos: Quarta-feira, \u00e0s 19h; e s\u00e1bado, \u00e0s 11h.<\/p>\n","protected":false},"excerpt":{"rendered":"<p> &#8230; <a title=\"Combate ao feminic\u00eddio\" class=\"read-more\" href=\"https:\/\/radio.ufpa.br\/index.php\/ufpa-debate\/feminicidio-crimes-que-matam-mulheres\/\" aria-label=\"Read more about Combate ao feminic\u00eddio\">Ler mais<\/a><\/p>\n","protected":false},"author":6,"featured_media":7514,"comment_status":"open","ping_status":"open","sticky":false,"template":"","format":"standard","meta":{"_acf_changed":false,"_exactmetrics_skip_tracking":false,"_exactmetrics_sitenote_active":false,"_exactmetrics_sitenote_note":"","_exactmetrics_sitenote_category":0,"_monsterinsights_skip_tracking":false,"_monsterinsights_sitenote_active":false,"_monsterinsights_sitenote_note":"","_monsterinsights_sitenote_category":0,"_uf_show_specific_survey":0,"_uf_disable_surveys":false,"jetpack_post_was_ever_published":false,"_jetpack_newsletter_access":"","_jetpack_dont_email_post_to_subs":false,"_jetpack_newsletter_tier_id":0,"_jetpack_memberships_contains_paywalled_content":false,"_jetpack_memberships_contains_paid_content":false,"footnotes":"","jetpack_publicize_message":"","jetpack_publicize_feature_enabled":true,"jetpack_social_post_already_shared":true,"jetpack_social_options":{"image_generator_settings":{"template":"highway","enabled":false},"version":2}},"categories":[34],"tags":[],"class_list":["post-7360","post","type-post","status-publish","format-standard","has-post-thumbnail","hentry","category-ufpa-debate"],"acf":[],"yoast_head":"<!-- This site is optimized with the Yoast SEO plugin v25.1 - https:\/\/yoast.com\/wordpress\/plugins\/seo\/ -->\n<title>Feminic\u00eddio: crimes que matam mulheres pela condi\u00e7\u00e3o de g\u00eanero.<\/title>\n<meta name=\"description\" content=\"Feminic\u00eddio: crimes que matam mulheres \u00e9 o assassinato de mulheres por viol\u00eancia familiar e dom\u00e9stica ou por menosprezo \u00e0 condi\u00e7\u00e3o de g\u00eanero.\" \/>\n<meta name=\"robots\" content=\"index, follow, max-snippet:-1, max-image-preview:large, max-video-preview:-1\" \/>\n<link rel=\"canonical\" href=\"https:\/\/radio.ufpa.br\/index.php\/ufpa-debate\/feminicidio-crimes-que-matam-mulheres\/\" \/>\n<meta property=\"og:locale\" content=\"pt_BR\" \/>\n<meta property=\"og:type\" content=\"article\" \/>\n<meta property=\"og:title\" content=\"Feminic\u00eddio: crimes que matam mulheres pela condi\u00e7\u00e3o de g\u00eanero.\" \/>\n<meta property=\"og:description\" content=\"Feminic\u00eddio: crimes que matam mulheres \u00e9 o assassinato de mulheres por viol\u00eancia familiar e dom\u00e9stica ou por menosprezo \u00e0 condi\u00e7\u00e3o de g\u00eanero.\" \/>\n<meta property=\"og:url\" content=\"https:\/\/radio.ufpa.br\/index.php\/ufpa-debate\/feminicidio-crimes-que-matam-mulheres\/\" \/>\n<meta property=\"og:site_name\" content=\"Radio Web UFPA\" \/>\n<meta property=\"article:publisher\" content=\"https:\/\/www.facebook.com\/radiowebufpa\" \/>\n<meta property=\"article:published_time\" content=\"2020-03-02T13:54:47+00:00\" \/>\n<meta property=\"article:modified_time\" content=\"2020-04-09T19:14:54+00:00\" \/>\n<meta property=\"og:image\" content=\"https:\/\/i0.wp.com\/radio.ufpa.br\/wp-content\/uploads\/2020\/03\/CAPA-SITE-Feminicidio-1.jpg?fit=1760%2C990&ssl=1\" \/>\n\t<meta property=\"og:image:width\" content=\"1760\" \/>\n\t<meta property=\"og:image:height\" content=\"990\" \/>\n\t<meta property=\"og:image:type\" content=\"image\/jpeg\" \/>\n<meta name=\"author\" content=\"Elissandra Batista\" \/>\n<meta name=\"twitter:card\" content=\"summary_large_image\" \/>\n<meta name=\"twitter:creator\" content=\"@radiowebufpa\" \/>\n<meta name=\"twitter:site\" content=\"@radiowebufpa\" \/>\n<meta name=\"twitter:label1\" content=\"Escrito por\" \/>\n\t<meta name=\"twitter:data1\" content=\"Elissandra Batista\" \/>\n\t<meta name=\"twitter:label2\" content=\"Est. tempo de leitura\" \/>\n\t<meta name=\"twitter:data2\" content=\"4 minutos\" \/>\n<script type=\"application\/ld+json\" class=\"yoast-schema-graph\">{\"@context\":\"https:\/\/schema.org\",\"@graph\":[{\"@type\":\"Article\",\"@id\":\"https:\/\/radio.ufpa.br\/index.php\/ufpa-debate\/feminicidio-crimes-que-matam-mulheres\/#article\",\"isPartOf\":{\"@id\":\"https:\/\/radio.ufpa.br\/index.php\/ufpa-debate\/feminicidio-crimes-que-matam-mulheres\/\"},\"author\":{\"name\":\"Elissandra Batista\",\"@id\":\"https:\/\/radio.ufpa.br\/#\/schema\/person\/51774ebb30a3903e2bf07acf94e8fea6\"},\"headline\":\"Combate ao feminic\u00eddio\",\"datePublished\":\"2020-03-02T13:54:47+00:00\",\"dateModified\":\"2020-04-09T19:14:54+00:00\",\"mainEntityOfPage\":{\"@id\":\"https:\/\/radio.ufpa.br\/index.php\/ufpa-debate\/feminicidio-crimes-que-matam-mulheres\/\"},\"wordCount\":758,\"commentCount\":0,\"publisher\":{\"@id\":\"https:\/\/radio.ufpa.br\/#organization\"},\"image\":{\"@id\":\"https:\/\/radio.ufpa.br\/index.php\/ufpa-debate\/feminicidio-crimes-que-matam-mulheres\/#primaryimage\"},\"thumbnailUrl\":\"https:\/\/i0.wp.com\/radio.ufpa.br\/wp-content\/uploads\/2020\/03\/CAPA-SITE-Feminicidio-1.jpg?fit=1760%2C990&ssl=1\",\"articleSection\":[\"UFPA Debate\"],\"inLanguage\":\"pt-BR\",\"potentialAction\":[{\"@type\":\"CommentAction\",\"name\":\"Comment\",\"target\":[\"https:\/\/radio.ufpa.br\/index.php\/ufpa-debate\/feminicidio-crimes-que-matam-mulheres\/#respond\"]}]},{\"@type\":\"WebPage\",\"@id\":\"https:\/\/radio.ufpa.br\/index.php\/ufpa-debate\/feminicidio-crimes-que-matam-mulheres\/\",\"url\":\"https:\/\/radio.ufpa.br\/index.php\/ufpa-debate\/feminicidio-crimes-que-matam-mulheres\/\",\"name\":\"Feminic\u00eddio: crimes que matam mulheres pela condi\u00e7\u00e3o de g\u00eanero.\",\"isPartOf\":{\"@id\":\"https:\/\/radio.ufpa.br\/#website\"},\"primaryImageOfPage\":{\"@id\":\"https:\/\/radio.ufpa.br\/index.php\/ufpa-debate\/feminicidio-crimes-que-matam-mulheres\/#primaryimage\"},\"image\":{\"@id\":\"https:\/\/radio.ufpa.br\/index.php\/ufpa-debate\/feminicidio-crimes-que-matam-mulheres\/#primaryimage\"},\"thumbnailUrl\":\"https:\/\/i0.wp.com\/radio.ufpa.br\/wp-content\/uploads\/2020\/03\/CAPA-SITE-Feminicidio-1.jpg?fit=1760%2C990&ssl=1\",\"datePublished\":\"2020-03-02T13:54:47+00:00\",\"dateModified\":\"2020-04-09T19:14:54+00:00\",\"description\":\"Feminic\u00eddio: crimes que matam mulheres \u00e9 o assassinato de mulheres por viol\u00eancia familiar e dom\u00e9stica ou por menosprezo \u00e0 condi\u00e7\u00e3o de g\u00eanero.\",\"breadcrumb\":{\"@id\":\"https:\/\/radio.ufpa.br\/index.php\/ufpa-debate\/feminicidio-crimes-que-matam-mulheres\/#breadcrumb\"},\"inLanguage\":\"pt-BR\",\"potentialAction\":[{\"@type\":\"ReadAction\",\"target\":[\"https:\/\/radio.ufpa.br\/index.php\/ufpa-debate\/feminicidio-crimes-que-matam-mulheres\/\"]}]},{\"@type\":\"ImageObject\",\"inLanguage\":\"pt-BR\",\"@id\":\"https:\/\/radio.ufpa.br\/index.php\/ufpa-debate\/feminicidio-crimes-que-matam-mulheres\/#primaryimage\",\"url\":\"https:\/\/i0.wp.com\/radio.ufpa.br\/wp-content\/uploads\/2020\/03\/CAPA-SITE-Feminicidio-1.jpg?fit=1760%2C990&ssl=1\",\"contentUrl\":\"https:\/\/i0.wp.com\/radio.ufpa.br\/wp-content\/uploads\/2020\/03\/CAPA-SITE-Feminicidio-1.jpg?fit=1760%2C990&ssl=1\",\"width\":1760,\"height\":990},{\"@type\":\"BreadcrumbList\",\"@id\":\"https:\/\/radio.ufpa.br\/index.php\/ufpa-debate\/feminicidio-crimes-que-matam-mulheres\/#breadcrumb\",\"itemListElement\":[{\"@type\":\"ListItem\",\"position\":1,\"name\":\"In\u00edcio\",\"item\":\"https:\/\/radio.ufpa.br\/\"},{\"@type\":\"ListItem\",\"position\":2,\"name\":\"Combate ao feminic\u00eddio\"}]},{\"@type\":\"WebSite\",\"@id\":\"https:\/\/radio.ufpa.br\/#website\",\"url\":\"https:\/\/radio.ufpa.br\/\",\"name\":\"Radio Web UFPA\",\"description\":\"Divulgando o conhecimento\",\"publisher\":{\"@id\":\"https:\/\/radio.ufpa.br\/#organization\"},\"potentialAction\":[{\"@type\":\"SearchAction\",\"target\":{\"@type\":\"EntryPoint\",\"urlTemplate\":\"https:\/\/radio.ufpa.br\/?s={search_term_string}\"},\"query-input\":{\"@type\":\"PropertyValueSpecification\",\"valueRequired\":true,\"valueName\":\"search_term_string\"}}],\"inLanguage\":\"pt-BR\"},{\"@type\":\"Organization\",\"@id\":\"https:\/\/radio.ufpa.br\/#organization\",\"name\":\"UNIVERSIDADE FEDERAL DO PAR\u00c1-R\u00c1DIO WEB UFPA\",\"url\":\"https:\/\/radio.ufpa.br\/\",\"logo\":{\"@type\":\"ImageObject\",\"inLanguage\":\"pt-BR\",\"@id\":\"https:\/\/radio.ufpa.br\/#\/schema\/logo\/image\/\",\"url\":\"https:\/\/i0.wp.com\/radio.ufpa.br\/wp-content\/uploads\/2025\/12\/images-removebg-preview.png?fit=417%2C121&ssl=1\",\"contentUrl\":\"https:\/\/i0.wp.com\/radio.ufpa.br\/wp-content\/uploads\/2025\/12\/images-removebg-preview.png?fit=417%2C121&ssl=1\",\"width\":417,\"height\":121,\"caption\":\"UNIVERSIDADE FEDERAL DO PAR\u00c1-R\u00c1DIO WEB UFPA\"},\"image\":{\"@id\":\"https:\/\/radio.ufpa.br\/#\/schema\/logo\/image\/\"},\"sameAs\":[\"https:\/\/www.facebook.com\/radiowebufpa\",\"https:\/\/x.com\/radiowebufpa\",\"https:\/\/www.instagram.com\/radiowebufpa\/\",\"https:\/\/www.youtube.com\/user\/RadioWebUFP4\"]},{\"@type\":\"Person\",\"@id\":\"https:\/\/radio.ufpa.br\/#\/schema\/person\/51774ebb30a3903e2bf07acf94e8fea6\",\"name\":\"Elissandra Batista\",\"image\":{\"@type\":\"ImageObject\",\"inLanguage\":\"pt-BR\",\"@id\":\"https:\/\/radio.ufpa.br\/#\/schema\/person\/image\/\",\"url\":\"https:\/\/secure.gravatar.com\/avatar\/b779d46516fe39b809059134270ec707?s=96&d=mm&r=g\",\"contentUrl\":\"https:\/\/secure.gravatar.com\/avatar\/b779d46516fe39b809059134270ec707?s=96&d=mm&r=g\",\"caption\":\"Elissandra Batista\"},\"url\":\"https:\/\/radio.ufpa.br\/index.php\/author\/elissandra\/\"}]}<\/script>\n<!-- \/ Yoast SEO plugin. -->","yoast_head_json":{"title":"Feminic\u00eddio: crimes que matam mulheres pela condi\u00e7\u00e3o de g\u00eanero.","description":"Feminic\u00eddio: crimes que matam mulheres \u00e9 o assassinato de mulheres por viol\u00eancia familiar e dom\u00e9stica ou por menosprezo \u00e0 condi\u00e7\u00e3o de g\u00eanero.","robots":{"index":"index","follow":"follow","max-snippet":"max-snippet:-1","max-image-preview":"max-image-preview:large","max-video-preview":"max-video-preview:-1"},"canonical":"https:\/\/radio.ufpa.br\/index.php\/ufpa-debate\/feminicidio-crimes-que-matam-mulheres\/","og_locale":"pt_BR","og_type":"article","og_title":"Feminic\u00eddio: crimes que matam mulheres pela condi\u00e7\u00e3o de g\u00eanero.","og_description":"Feminic\u00eddio: crimes que matam mulheres \u00e9 o assassinato de mulheres por viol\u00eancia familiar e dom\u00e9stica ou por menosprezo \u00e0 condi\u00e7\u00e3o de g\u00eanero.","og_url":"https:\/\/radio.ufpa.br\/index.php\/ufpa-debate\/feminicidio-crimes-que-matam-mulheres\/","og_site_name":"Radio Web UFPA","article_publisher":"https:\/\/www.facebook.com\/radiowebufpa","article_published_time":"2020-03-02T13:54:47+00:00","article_modified_time":"2020-04-09T19:14:54+00:00","og_image":[{"width":1760,"height":990,"url":"https:\/\/i0.wp.com\/radio.ufpa.br\/wp-content\/uploads\/2020\/03\/CAPA-SITE-Feminicidio-1.jpg?fit=1760%2C990&ssl=1","type":"image\/jpeg"}],"author":"Elissandra Batista","twitter_card":"summary_large_image","twitter_creator":"@radiowebufpa","twitter_site":"@radiowebufpa","twitter_misc":{"Escrito por":"Elissandra Batista","Est. tempo de leitura":"4 minutos"},"schema":{"@context":"https:\/\/schema.org","@graph":[{"@type":"Article","@id":"https:\/\/radio.ufpa.br\/index.php\/ufpa-debate\/feminicidio-crimes-que-matam-mulheres\/#article","isPartOf":{"@id":"https:\/\/radio.ufpa.br\/index.php\/ufpa-debate\/feminicidio-crimes-que-matam-mulheres\/"},"author":{"name":"Elissandra Batista","@id":"https:\/\/radio.ufpa.br\/#\/schema\/person\/51774ebb30a3903e2bf07acf94e8fea6"},"headline":"Combate ao feminic\u00eddio","datePublished":"2020-03-02T13:54:47+00:00","dateModified":"2020-04-09T19:14:54+00:00","mainEntityOfPage":{"@id":"https:\/\/radio.ufpa.br\/index.php\/ufpa-debate\/feminicidio-crimes-que-matam-mulheres\/"},"wordCount":758,"commentCount":0,"publisher":{"@id":"https:\/\/radio.ufpa.br\/#organization"},"image":{"@id":"https:\/\/radio.ufpa.br\/index.php\/ufpa-debate\/feminicidio-crimes-que-matam-mulheres\/#primaryimage"},"thumbnailUrl":"https:\/\/i0.wp.com\/radio.ufpa.br\/wp-content\/uploads\/2020\/03\/CAPA-SITE-Feminicidio-1.jpg?fit=1760%2C990&ssl=1","articleSection":["UFPA Debate"],"inLanguage":"pt-BR","potentialAction":[{"@type":"CommentAction","name":"Comment","target":["https:\/\/radio.ufpa.br\/index.php\/ufpa-debate\/feminicidio-crimes-que-matam-mulheres\/#respond"]}]},{"@type":"WebPage","@id":"https:\/\/radio.ufpa.br\/index.php\/ufpa-debate\/feminicidio-crimes-que-matam-mulheres\/","url":"https:\/\/radio.ufpa.br\/index.php\/ufpa-debate\/feminicidio-crimes-que-matam-mulheres\/","name":"Feminic\u00eddio: crimes que matam mulheres pela condi\u00e7\u00e3o de g\u00eanero.","isPartOf":{"@id":"https:\/\/radio.ufpa.br\/#website"},"primaryImageOfPage":{"@id":"https:\/\/radio.ufpa.br\/index.php\/ufpa-debate\/feminicidio-crimes-que-matam-mulheres\/#primaryimage"},"image":{"@id":"https:\/\/radio.ufpa.br\/index.php\/ufpa-debate\/feminicidio-crimes-que-matam-mulheres\/#primaryimage"},"thumbnailUrl":"https:\/\/i0.wp.com\/radio.ufpa.br\/wp-content\/uploads\/2020\/03\/CAPA-SITE-Feminicidio-1.jpg?fit=1760%2C990&ssl=1","datePublished":"2020-03-02T13:54:47+00:00","dateModified":"2020-04-09T19:14:54+00:00","description":"Feminic\u00eddio: crimes que matam mulheres \u00e9 o assassinato de mulheres por viol\u00eancia familiar e dom\u00e9stica ou por menosprezo \u00e0 condi\u00e7\u00e3o de g\u00eanero.","breadcrumb":{"@id":"https:\/\/radio.ufpa.br\/index.php\/ufpa-debate\/feminicidio-crimes-que-matam-mulheres\/#breadcrumb"},"inLanguage":"pt-BR","potentialAction":[{"@type":"ReadAction","target":["https:\/\/radio.ufpa.br\/index.php\/ufpa-debate\/feminicidio-crimes-que-matam-mulheres\/"]}]},{"@type":"ImageObject","inLanguage":"pt-BR","@id":"https:\/\/radio.ufpa.br\/index.php\/ufpa-debate\/feminicidio-crimes-que-matam-mulheres\/#primaryimage","url":"https:\/\/i0.wp.com\/radio.ufpa.br\/wp-content\/uploads\/2020\/03\/CAPA-SITE-Feminicidio-1.jpg?fit=1760%2C990&ssl=1","contentUrl":"https:\/\/i0.wp.com\/radio.ufpa.br\/wp-content\/uploads\/2020\/03\/CAPA-SITE-Feminicidio-1.jpg?fit=1760%2C990&ssl=1","width":1760,"height":990},{"@type":"BreadcrumbList","@id":"https:\/\/radio.ufpa.br\/index.php\/ufpa-debate\/feminicidio-crimes-que-matam-mulheres\/#breadcrumb","itemListElement":[{"@type":"ListItem","position":1,"name":"In\u00edcio","item":"https:\/\/radio.ufpa.br\/"},{"@type":"ListItem","position":2,"name":"Combate ao feminic\u00eddio"}]},{"@type":"WebSite","@id":"https:\/\/radio.ufpa.br\/#website","url":"https:\/\/radio.ufpa.br\/","name":"Radio Web UFPA","description":"Divulgando o conhecimento","publisher":{"@id":"https:\/\/radio.ufpa.br\/#organization"},"potentialAction":[{"@type":"SearchAction","target":{"@type":"EntryPoint","urlTemplate":"https:\/\/radio.ufpa.br\/?s={search_term_string}"},"query-input":{"@type":"PropertyValueSpecification","valueRequired":true,"valueName":"search_term_string"}}],"inLanguage":"pt-BR"},{"@type":"Organization","@id":"https:\/\/radio.ufpa.br\/#organization","name":"UNIVERSIDADE FEDERAL DO PAR\u00c1-R\u00c1DIO WEB UFPA","url":"https:\/\/radio.ufpa.br\/","logo":{"@type":"ImageObject","inLanguage":"pt-BR","@id":"https:\/\/radio.ufpa.br\/#\/schema\/logo\/image\/","url":"https:\/\/i0.wp.com\/radio.ufpa.br\/wp-content\/uploads\/2025\/12\/images-removebg-preview.png?fit=417%2C121&ssl=1","contentUrl":"https:\/\/i0.wp.com\/radio.ufpa.br\/wp-content\/uploads\/2025\/12\/images-removebg-preview.png?fit=417%2C121&ssl=1","width":417,"height":121,"caption":"UNIVERSIDADE FEDERAL DO PAR\u00c1-R\u00c1DIO WEB UFPA"},"image":{"@id":"https:\/\/radio.ufpa.br\/#\/schema\/logo\/image\/"},"sameAs":["https:\/\/www.facebook.com\/radiowebufpa","https:\/\/x.com\/radiowebufpa","https:\/\/www.instagram.com\/radiowebufpa\/","https:\/\/www.youtube.com\/user\/RadioWebUFP4"]},{"@type":"Person","@id":"https:\/\/radio.ufpa.br\/#\/schema\/person\/51774ebb30a3903e2bf07acf94e8fea6","name":"Elissandra Batista","image":{"@type":"ImageObject","inLanguage":"pt-BR","@id":"https:\/\/radio.ufpa.br\/#\/schema\/person\/image\/","url":"https:\/\/secure.gravatar.com\/avatar\/b779d46516fe39b809059134270ec707?s=96&d=mm&r=g","contentUrl":"https:\/\/secure.gravatar.com\/avatar\/b779d46516fe39b809059134270ec707?s=96&d=mm&r=g","caption":"Elissandra Batista"},"url":"https:\/\/radio.ufpa.br\/index.php\/author\/elissandra\/"}]}},"jetpack_publicize_connections":[],"jetpack_featured_media_url":"https:\/\/i0.wp.com\/radio.ufpa.br\/wp-content\/uploads\/2020\/03\/CAPA-SITE-Feminicidio-1.jpg?fit=1760%2C990&ssl=1","jetpack_shortlink":"https:\/\/wp.me\/p8TJeA-1UI","jetpack_likes_enabled":true,"jetpack-related-posts":[],"jetpack_sharing_enabled":true,"_links":{"self":[{"href":"https:\/\/radio.ufpa.br\/index.php\/wp-json\/wp\/v2\/posts\/7360","targetHints":{"allow":["GET"]}}],"collection":[{"href":"https:\/\/radio.ufpa.br\/index.php\/wp-json\/wp\/v2\/posts"}],"about":[{"href":"https:\/\/radio.ufpa.br\/index.php\/wp-json\/wp\/v2\/types\/post"}],"author":[{"embeddable":true,"href":"https:\/\/radio.ufpa.br\/index.php\/wp-json\/wp\/v2\/users\/6"}],"replies":[{"embeddable":true,"href":"https:\/\/radio.ufpa.br\/index.php\/wp-json\/wp\/v2\/comments?post=7360"}],"version-history":[{"count":13,"href":"https:\/\/radio.ufpa.br\/index.php\/wp-json\/wp\/v2\/posts\/7360\/revisions"}],"predecessor-version":[{"id":7515,"href":"https:\/\/radio.ufpa.br\/index.php\/wp-json\/wp\/v2\/posts\/7360\/revisions\/7515"}],"wp:featuredmedia":[{"embeddable":true,"href":"https:\/\/radio.ufpa.br\/index.php\/wp-json\/wp\/v2\/media\/7514"}],"wp:attachment":[{"href":"https:\/\/radio.ufpa.br\/index.php\/wp-json\/wp\/v2\/media?parent=7360"}],"wp:term":[{"taxonomy":"category","embeddable":true,"href":"https:\/\/radio.ufpa.br\/index.php\/wp-json\/wp\/v2\/categories?post=7360"},{"taxonomy":"post_tag","embeddable":true,"href":"https:\/\/radio.ufpa.br\/index.php\/wp-json\/wp\/v2\/tags?post=7360"}],"curies":[{"name":"wp","href":"https:\/\/api.w.org\/{rel}","templated":true}]}}