{"id":7441,"date":"2020-03-12T08:00:58","date_gmt":"2020-03-12T11:00:58","guid":{"rendered":"http:\/\/radio.ufpa.br\/?p=7441"},"modified":"2020-03-11T17:56:11","modified_gmt":"2020-03-11T20:56:11","slug":"mudancas-climaticas","status":"publish","type":"post","link":"https:\/\/radio.ufpa.br\/index.php\/ufpa-pesquisa\/mudancas-climaticas\/","title":{"rendered":"Mudan\u00e7as clim\u00e1ticas"},"content":{"rendered":"<!--[if lt IE 9]><script>document.createElement('audio');<\/script><![endif]-->\n\t<div class=\"wp-playlist wp-audio-playlist wp-playlist-light\">\n\t\t\t<div class=\"wp-playlist-current-item\"><\/div>\n\t\t<audio controls=\"controls\" preload=\"none\" width=\"1178\"\n\t\t\t><\/audio>\n\t<div class=\"wp-playlist-next\"><\/div>\n\t<div class=\"wp-playlist-prev\"><\/div>\n\t<noscript>\n\t<ol>\n\t\t<li><a href='https:\/\/radio.ufpa.br\/wp-content\/uploads\/2020-2\/UFPA%20PESQUISA%20-%20MUDAN\u00c7AS%20CLIM\u00c1TICAS%20-%2012.03.20.mp3'>UFPA Pesquisa - Mudan\u00e7as clim\u00e1ticas<\/a><\/li>\t<\/ol>\n\t<\/noscript>\n\t<script type=\"application\/json\" class=\"wp-playlist-script\">{\"type\":\"audio\",\"tracklist\":true,\"tracknumbers\":true,\"images\":true,\"artists\":true,\"tracks\":[{\"src\":\"https:\\\/\\\/radio.ufpa.br\\\/wp-content\\\/uploads\\\/2020-2\\\/UFPA PESQUISA - MUDAN\\u00c7AS CLIM\\u00c1TICAS - 12.03.20.mp3\",\"type\":\"audio\\\/mpeg\",\"title\":\"UFPA Pesquisa - Mudan\\u00e7as clim\\u00e1ticas\",\"caption\":\"\",\"description\":\"\\\"UFPA PESQUISA - MUDAN\\u00c7AS CLIM\\u00c1TICAS - 12.03.20\\\". Genre: Other.\",\"meta\":{\"artist\":\"R\\u00e1dio web UFPA\",\"album\":\"UFPA Pesquisa\",\"genre\":\"Other\",\"length_formatted\":\"49:53\"},\"image\":{\"src\":\"https:\\\/\\\/radio.ufpa.br\\\/wp-includes\\\/images\\\/media\\\/audio.svg\",\"width\":48,\"height\":64},\"thumb\":{\"src\":\"https:\\\/\\\/radio.ufpa.br\\\/wp-includes\\\/images\\\/media\\\/audio.svg\",\"width\":48,\"height\":64}}]}<\/script>\n<\/div>\n\t\n<p>Nesta edi\u00e7\u00e3o do UFPA Pesquisa falamos sobre o tema Mudan\u00e7as Clim\u00e1ticas. Uma das maiores adversidades do mundo atual, antropog\u00eanicas ou desencadeada do resultado natural dessas a\u00e7\u00f5es humanas, essas mudan\u00e7as podem interferir em muitas das bases de sobreviv\u00eancia da humanidade, como o clima, o n\u00edvel do mar, o ar que respiramos, a produ\u00e7\u00e3o de alimento, e por esse motivo vem abalando as sociedades de uma maneira crescente e muito r\u00e1pida.<\/p>\n<p>Para isso, o programa recebeu Alberto Teixeira, doutor em ci\u00eancias sociais, professor titular aposentado do Instituto de Filosofia e Ci\u00eancias Humanas da UFPA e coordenador do grupo de pesquisa Geopol\u00edtica das Mudan\u00e7as Clim\u00e1ticas e Pol\u00edticas P\u00fablicas Subnacionais: Atua\u00e7\u00e3o dos Governos Estaduais na Amaz\u00f4nia. Entre seus interesses de pesquisas est\u00e3o temas como: Amaz\u00f4nia, sustentabilidade, governan\u00e7a, rela\u00e7\u00f5es internacionais, pol\u00edticas p\u00fablicas, geopol\u00edtica e desenvolvimento, e sociedade sustent\u00e1vel. E convidamos, ainda, o mestre em Comunica\u00e7\u00e3o, Cultura e Amaz\u00f4nia pela UFPA, Andr\u00e9 Palmeira, que atua como volunt\u00e1rio do Preserv-a\u00e7\u00e3o: Grupo de pesquisa em Comunica\u00e7\u00e3o, ci\u00eancia e meio ambiente.<\/p>\n<p>\u201cA quest\u00e3o da rela\u00e7\u00e3o aquecimento global e mudan\u00e7as clim\u00e1ticas faz parte de uma problem\u00e1tica global, problemas ambientais, sist\u00eamicos globais, que est\u00e3o hoje dimensionados do ponto de vista da import\u00e2ncia que tem em rela\u00e7\u00e3o aos impactos trazidos para a sociedade\u201d, alerta o pesquisador Alberto Teixeira, que destacou a import\u00e2ncia de um envolvimento transdisciplinar nesse debate.<\/p>\n<p>O Acordo de Paris prev\u00ea um compromisso global para que o aumento da temperatura m\u00e9dia do planeta n\u00e3o ultrapasse 1,5\u00b0 Celsius at\u00e9 2050, por\u00e9m o professor Alberto Teixeira afirma que os \u00faltimos tr\u00eas anos foram os mais quentes da hist\u00f3ria, o que indica a necessidade de atitudes emergenciais para conter os riscos desse processo.<\/p>\n<p>Para Andr\u00e9 Palmeira, a responsabilidade sobre a quest\u00e3o n\u00e3o \u00e9 somente da sociedade, mas tamb\u00e9m dos governos e do setor privado. \u201c\u00c9 algo emergente e s\u00e9rio, e as pessoas t\u00eam que ver a dimens\u00e3o disso. N\u00e3o se trata apenas de escolhas individuais nossas, mas tamb\u00e9m das grandes empresas\u201d, diz.<\/p>\n<p>Ao longo do programa tratamos tamb\u00e9m da contribui\u00e7\u00e3o que a ci\u00eancia e as universidades podem dar, dos impactos que a propaga\u00e7\u00e3o de discursos negacionistas tem sobre a quest\u00e3o e da forma modelo de desenvolvimento capitalista implica no agravamento das mudan\u00e7as clim\u00e1ticas. Para saber mais sobre o assunto, n\u00e3o deixe de ouvir esta edi\u00e7\u00e3o do UFPA Pesquisa, afinal, como finalizam os pesquisadores: \u201cN\u00e3o estamos mais no campo dos discursos, precisamos agir\u201d.<\/p>\n<p>Apresenta\u00e7\u00e3o: Elissandra Batista<br \/>\nProdu\u00e7\u00e3o e roteiro: Jamille Le\u00e3o<br \/>\nGrava\u00e7\u00e3o e montagem: Jo\u00e3o Nilo Ferreira<br \/>\nSupervis\u00e3o e edi\u00e7\u00e3o: Elissandra Batista e Fabr\u00edcio Queiroz<br \/>\nImagem: Reprod\u00e7\u00e3o internet \/ Reuters<\/p>\n<p>O UFPA Pesquisa vai ao ar todas as quintas-feiras, \u00e0s 10h e 21h.<br \/>\nHor\u00e1rios alternativos de exibi\u00e7\u00e3o: sexta-feira, \u00e0s 15h \/ domingo: \u00e0s 10h<\/p>\n","protected":false},"excerpt":{"rendered":"<p> &#8230; <a title=\"Mudan\u00e7as clim\u00e1ticas\" class=\"read-more\" href=\"https:\/\/radio.ufpa.br\/index.php\/ufpa-pesquisa\/mudancas-climaticas\/\" aria-label=\"Read more about Mudan\u00e7as clim\u00e1ticas\">Ler mais<\/a><\/p>\n","protected":false},"author":2,"featured_media":7445,"comment_status":"open","ping_status":"open","sticky":false,"template":"","format":"standard","meta":{"_acf_changed":false,"_exactmetrics_skip_tracking":false,"_exactmetrics_sitenote_active":false,"_exactmetrics_sitenote_note":"","_exactmetrics_sitenote_category":0,"_monsterinsights_skip_tracking":false,"_monsterinsights_sitenote_active":false,"_monsterinsights_sitenote_note":"","_monsterinsights_sitenote_category":0,"_uf_show_specific_survey":0,"_uf_disable_surveys":false,"jetpack_post_was_ever_published":false,"_jetpack_newsletter_access":"","_jetpack_dont_email_post_to_subs":false,"_jetpack_newsletter_tier_id":0,"_jetpack_memberships_contains_paywalled_content":false,"_jetpack_memberships_contains_paid_content":false,"footnotes":"","jetpack_publicize_message":"","jetpack_publicize_feature_enabled":true,"jetpack_social_post_already_shared":true,"jetpack_social_options":{"image_generator_settings":{"template":"highway","enabled":false},"version":2}},"categories":[329],"tags":[],"class_list":["post-7441","post","type-post","status-publish","format-standard","has-post-thumbnail","hentry","category-ufpa-pesquisa"],"acf":[],"yoast_head":"<!-- This site is optimized with the Yoast SEO plugin v25.1 - https:\/\/yoast.com\/wordpress\/plugins\/seo\/ -->\n<title>Mudan\u00e7as clim\u00e1ticas - Radio Web UFPA<\/title>\n<meta name=\"description\" content=\"O programa trata dos impactos sist\u00eamicos da crise do clima, do combate ao negacionismo e como as mudan\u00e7as clim\u00e1ticas desafiam os governos e a sociedade.\" \/>\n<meta name=\"robots\" content=\"index, follow, max-snippet:-1, max-image-preview:large, max-video-preview:-1\" \/>\n<link rel=\"canonical\" href=\"https:\/\/radio.ufpa.br\/index.php\/ufpa-pesquisa\/mudancas-climaticas\/\" \/>\n<meta property=\"og:locale\" content=\"pt_BR\" \/>\n<meta property=\"og:type\" content=\"article\" \/>\n<meta property=\"og:title\" content=\"Mudan\u00e7as clim\u00e1ticas - Radio Web UFPA\" \/>\n<meta property=\"og:description\" content=\"O programa trata dos impactos sist\u00eamicos da crise do clima, do combate ao negacionismo e como as mudan\u00e7as clim\u00e1ticas desafiam os governos e a sociedade.\" \/>\n<meta property=\"og:url\" content=\"https:\/\/radio.ufpa.br\/index.php\/ufpa-pesquisa\/mudancas-climaticas\/\" \/>\n<meta property=\"og:site_name\" content=\"Radio Web UFPA\" \/>\n<meta property=\"article:publisher\" content=\"https:\/\/www.facebook.com\/radiowebufpa\" \/>\n<meta property=\"article:published_time\" content=\"2020-03-12T11:00:58+00:00\" \/>\n<meta property=\"og:image\" content=\"https:\/\/i0.wp.com\/radio.ufpa.br\/wp-content\/uploads\/2020\/03\/RTX74UO8-e1570785697567.jpg?fit=1600%2C899&ssl=1\" \/>\n\t<meta property=\"og:image:width\" content=\"1600\" \/>\n\t<meta property=\"og:image:height\" content=\"899\" \/>\n\t<meta property=\"og:image:type\" content=\"image\/jpeg\" \/>\n<meta name=\"author\" content=\"Fabr\u00edcio Queiroz\" \/>\n<meta name=\"twitter:card\" content=\"summary_large_image\" \/>\n<meta name=\"twitter:creator\" content=\"@radiowebufpa\" \/>\n<meta name=\"twitter:site\" content=\"@radiowebufpa\" \/>\n<meta name=\"twitter:label1\" content=\"Escrito por\" \/>\n\t<meta name=\"twitter:data1\" content=\"Fabr\u00edcio Queiroz\" \/>\n\t<meta name=\"twitter:label2\" content=\"Est. tempo de leitura\" \/>\n\t<meta name=\"twitter:data2\" content=\"3 minutos\" \/>\n<script type=\"application\/ld+json\" class=\"yoast-schema-graph\">{\"@context\":\"https:\/\/schema.org\",\"@graph\":[{\"@type\":\"Article\",\"@id\":\"https:\/\/radio.ufpa.br\/index.php\/ufpa-pesquisa\/mudancas-climaticas\/#article\",\"isPartOf\":{\"@id\":\"https:\/\/radio.ufpa.br\/index.php\/ufpa-pesquisa\/mudancas-climaticas\/\"},\"author\":{\"name\":\"Fabr\u00edcio Queiroz\",\"@id\":\"https:\/\/radio.ufpa.br\/#\/schema\/person\/f3f139516982741ca0831359933ac096\"},\"headline\":\"Mudan\u00e7as clim\u00e1ticas\",\"datePublished\":\"2020-03-12T11:00:58+00:00\",\"mainEntityOfPage\":{\"@id\":\"https:\/\/radio.ufpa.br\/index.php\/ufpa-pesquisa\/mudancas-climaticas\/\"},\"wordCount\":517,\"commentCount\":0,\"publisher\":{\"@id\":\"https:\/\/radio.ufpa.br\/#organization\"},\"image\":{\"@id\":\"https:\/\/radio.ufpa.br\/index.php\/ufpa-pesquisa\/mudancas-climaticas\/#primaryimage\"},\"thumbnailUrl\":\"https:\/\/i0.wp.com\/radio.ufpa.br\/wp-content\/uploads\/2020\/03\/RTX74UO8-e1570785697567.jpg?fit=1600%2C899&ssl=1\",\"articleSection\":[\"UFPA Pesquisa\"],\"inLanguage\":\"pt-BR\",\"potentialAction\":[{\"@type\":\"CommentAction\",\"name\":\"Comment\",\"target\":[\"https:\/\/radio.ufpa.br\/index.php\/ufpa-pesquisa\/mudancas-climaticas\/#respond\"]}]},{\"@type\":\"WebPage\",\"@id\":\"https:\/\/radio.ufpa.br\/index.php\/ufpa-pesquisa\/mudancas-climaticas\/\",\"url\":\"https:\/\/radio.ufpa.br\/index.php\/ufpa-pesquisa\/mudancas-climaticas\/\",\"name\":\"Mudan\u00e7as clim\u00e1ticas - Radio Web UFPA\",\"isPartOf\":{\"@id\":\"https:\/\/radio.ufpa.br\/#website\"},\"primaryImageOfPage\":{\"@id\":\"https:\/\/radio.ufpa.br\/index.php\/ufpa-pesquisa\/mudancas-climaticas\/#primaryimage\"},\"image\":{\"@id\":\"https:\/\/radio.ufpa.br\/index.php\/ufpa-pesquisa\/mudancas-climaticas\/#primaryimage\"},\"thumbnailUrl\":\"https:\/\/i0.wp.com\/radio.ufpa.br\/wp-content\/uploads\/2020\/03\/RTX74UO8-e1570785697567.jpg?fit=1600%2C899&ssl=1\",\"datePublished\":\"2020-03-12T11:00:58+00:00\",\"description\":\"O programa trata dos impactos sist\u00eamicos da crise do clima, do combate ao negacionismo e como as mudan\u00e7as clim\u00e1ticas desafiam os governos e a sociedade.\",\"breadcrumb\":{\"@id\":\"https:\/\/radio.ufpa.br\/index.php\/ufpa-pesquisa\/mudancas-climaticas\/#breadcrumb\"},\"inLanguage\":\"pt-BR\",\"potentialAction\":[{\"@type\":\"ReadAction\",\"target\":[\"https:\/\/radio.ufpa.br\/index.php\/ufpa-pesquisa\/mudancas-climaticas\/\"]}]},{\"@type\":\"ImageObject\",\"inLanguage\":\"pt-BR\",\"@id\":\"https:\/\/radio.ufpa.br\/index.php\/ufpa-pesquisa\/mudancas-climaticas\/#primaryimage\",\"url\":\"https:\/\/i0.wp.com\/radio.ufpa.br\/wp-content\/uploads\/2020\/03\/RTX74UO8-e1570785697567.jpg?fit=1600%2C899&ssl=1\",\"contentUrl\":\"https:\/\/i0.wp.com\/radio.ufpa.br\/wp-content\/uploads\/2020\/03\/RTX74UO8-e1570785697567.jpg?fit=1600%2C899&ssl=1\",\"width\":1600,\"height\":899},{\"@type\":\"BreadcrumbList\",\"@id\":\"https:\/\/radio.ufpa.br\/index.php\/ufpa-pesquisa\/mudancas-climaticas\/#breadcrumb\",\"itemListElement\":[{\"@type\":\"ListItem\",\"position\":1,\"name\":\"In\u00edcio\",\"item\":\"https:\/\/radio.ufpa.br\/\"},{\"@type\":\"ListItem\",\"position\":2,\"name\":\"Mudan\u00e7as clim\u00e1ticas\"}]},{\"@type\":\"WebSite\",\"@id\":\"https:\/\/radio.ufpa.br\/#website\",\"url\":\"https:\/\/radio.ufpa.br\/\",\"name\":\"Radio Web UFPA\",\"description\":\"Divulgando o conhecimento\",\"publisher\":{\"@id\":\"https:\/\/radio.ufpa.br\/#organization\"},\"potentialAction\":[{\"@type\":\"SearchAction\",\"target\":{\"@type\":\"EntryPoint\",\"urlTemplate\":\"https:\/\/radio.ufpa.br\/?s={search_term_string}\"},\"query-input\":{\"@type\":\"PropertyValueSpecification\",\"valueRequired\":true,\"valueName\":\"search_term_string\"}}],\"inLanguage\":\"pt-BR\"},{\"@type\":\"Organization\",\"@id\":\"https:\/\/radio.ufpa.br\/#organization\",\"name\":\"UNIVERSIDADE FEDERAL DO PAR\u00c1-R\u00c1DIO WEB UFPA\",\"url\":\"https:\/\/radio.ufpa.br\/\",\"logo\":{\"@type\":\"ImageObject\",\"inLanguage\":\"pt-BR\",\"@id\":\"https:\/\/radio.ufpa.br\/#\/schema\/logo\/image\/\",\"url\":\"https:\/\/i0.wp.com\/radio.ufpa.br\/wp-content\/uploads\/2025\/12\/images-removebg-preview.png?fit=417%2C121&ssl=1\",\"contentUrl\":\"https:\/\/i0.wp.com\/radio.ufpa.br\/wp-content\/uploads\/2025\/12\/images-removebg-preview.png?fit=417%2C121&ssl=1\",\"width\":417,\"height\":121,\"caption\":\"UNIVERSIDADE FEDERAL DO PAR\u00c1-R\u00c1DIO WEB UFPA\"},\"image\":{\"@id\":\"https:\/\/radio.ufpa.br\/#\/schema\/logo\/image\/\"},\"sameAs\":[\"https:\/\/www.facebook.com\/radiowebufpa\",\"https:\/\/x.com\/radiowebufpa\",\"https:\/\/www.instagram.com\/radiowebufpa\/\",\"https:\/\/www.youtube.com\/user\/RadioWebUFP4\"]},{\"@type\":\"Person\",\"@id\":\"https:\/\/radio.ufpa.br\/#\/schema\/person\/f3f139516982741ca0831359933ac096\",\"name\":\"Fabr\u00edcio Queiroz\",\"image\":{\"@type\":\"ImageObject\",\"inLanguage\":\"pt-BR\",\"@id\":\"https:\/\/radio.ufpa.br\/#\/schema\/person\/image\/\",\"url\":\"https:\/\/secure.gravatar.com\/avatar\/16286edb2cee888d704ce74385081b7f?s=96&d=mm&r=g\",\"contentUrl\":\"https:\/\/secure.gravatar.com\/avatar\/16286edb2cee888d704ce74385081b7f?s=96&d=mm&r=g\",\"caption\":\"Fabr\u00edcio Queiroz\"},\"description\":\"Editor e Jornalista respons\u00e1vel\",\"url\":\"https:\/\/radio.ufpa.br\/index.php\/author\/fabricio\/\"}]}<\/script>\n<!-- \/ Yoast SEO plugin. -->","yoast_head_json":{"title":"Mudan\u00e7as clim\u00e1ticas - Radio Web UFPA","description":"O programa trata dos impactos sist\u00eamicos da crise do clima, do combate ao negacionismo e como as mudan\u00e7as clim\u00e1ticas desafiam os governos e a sociedade.","robots":{"index":"index","follow":"follow","max-snippet":"max-snippet:-1","max-image-preview":"max-image-preview:large","max-video-preview":"max-video-preview:-1"},"canonical":"https:\/\/radio.ufpa.br\/index.php\/ufpa-pesquisa\/mudancas-climaticas\/","og_locale":"pt_BR","og_type":"article","og_title":"Mudan\u00e7as clim\u00e1ticas - Radio Web UFPA","og_description":"O programa trata dos impactos sist\u00eamicos da crise do clima, do combate ao negacionismo e como as mudan\u00e7as clim\u00e1ticas desafiam os governos e a sociedade.","og_url":"https:\/\/radio.ufpa.br\/index.php\/ufpa-pesquisa\/mudancas-climaticas\/","og_site_name":"Radio Web UFPA","article_publisher":"https:\/\/www.facebook.com\/radiowebufpa","article_published_time":"2020-03-12T11:00:58+00:00","og_image":[{"width":1600,"height":899,"url":"https:\/\/i0.wp.com\/radio.ufpa.br\/wp-content\/uploads\/2020\/03\/RTX74UO8-e1570785697567.jpg?fit=1600%2C899&ssl=1","type":"image\/jpeg"}],"author":"Fabr\u00edcio Queiroz","twitter_card":"summary_large_image","twitter_creator":"@radiowebufpa","twitter_site":"@radiowebufpa","twitter_misc":{"Escrito por":"Fabr\u00edcio Queiroz","Est. tempo de leitura":"3 minutos"},"schema":{"@context":"https:\/\/schema.org","@graph":[{"@type":"Article","@id":"https:\/\/radio.ufpa.br\/index.php\/ufpa-pesquisa\/mudancas-climaticas\/#article","isPartOf":{"@id":"https:\/\/radio.ufpa.br\/index.php\/ufpa-pesquisa\/mudancas-climaticas\/"},"author":{"name":"Fabr\u00edcio Queiroz","@id":"https:\/\/radio.ufpa.br\/#\/schema\/person\/f3f139516982741ca0831359933ac096"},"headline":"Mudan\u00e7as clim\u00e1ticas","datePublished":"2020-03-12T11:00:58+00:00","mainEntityOfPage":{"@id":"https:\/\/radio.ufpa.br\/index.php\/ufpa-pesquisa\/mudancas-climaticas\/"},"wordCount":517,"commentCount":0,"publisher":{"@id":"https:\/\/radio.ufpa.br\/#organization"},"image":{"@id":"https:\/\/radio.ufpa.br\/index.php\/ufpa-pesquisa\/mudancas-climaticas\/#primaryimage"},"thumbnailUrl":"https:\/\/i0.wp.com\/radio.ufpa.br\/wp-content\/uploads\/2020\/03\/RTX74UO8-e1570785697567.jpg?fit=1600%2C899&ssl=1","articleSection":["UFPA Pesquisa"],"inLanguage":"pt-BR","potentialAction":[{"@type":"CommentAction","name":"Comment","target":["https:\/\/radio.ufpa.br\/index.php\/ufpa-pesquisa\/mudancas-climaticas\/#respond"]}]},{"@type":"WebPage","@id":"https:\/\/radio.ufpa.br\/index.php\/ufpa-pesquisa\/mudancas-climaticas\/","url":"https:\/\/radio.ufpa.br\/index.php\/ufpa-pesquisa\/mudancas-climaticas\/","name":"Mudan\u00e7as clim\u00e1ticas - Radio Web UFPA","isPartOf":{"@id":"https:\/\/radio.ufpa.br\/#website"},"primaryImageOfPage":{"@id":"https:\/\/radio.ufpa.br\/index.php\/ufpa-pesquisa\/mudancas-climaticas\/#primaryimage"},"image":{"@id":"https:\/\/radio.ufpa.br\/index.php\/ufpa-pesquisa\/mudancas-climaticas\/#primaryimage"},"thumbnailUrl":"https:\/\/i0.wp.com\/radio.ufpa.br\/wp-content\/uploads\/2020\/03\/RTX74UO8-e1570785697567.jpg?fit=1600%2C899&ssl=1","datePublished":"2020-03-12T11:00:58+00:00","description":"O programa trata dos impactos sist\u00eamicos da crise do clima, do combate ao negacionismo e como as mudan\u00e7as clim\u00e1ticas desafiam os governos e a sociedade.","breadcrumb":{"@id":"https:\/\/radio.ufpa.br\/index.php\/ufpa-pesquisa\/mudancas-climaticas\/#breadcrumb"},"inLanguage":"pt-BR","potentialAction":[{"@type":"ReadAction","target":["https:\/\/radio.ufpa.br\/index.php\/ufpa-pesquisa\/mudancas-climaticas\/"]}]},{"@type":"ImageObject","inLanguage":"pt-BR","@id":"https:\/\/radio.ufpa.br\/index.php\/ufpa-pesquisa\/mudancas-climaticas\/#primaryimage","url":"https:\/\/i0.wp.com\/radio.ufpa.br\/wp-content\/uploads\/2020\/03\/RTX74UO8-e1570785697567.jpg?fit=1600%2C899&ssl=1","contentUrl":"https:\/\/i0.wp.com\/radio.ufpa.br\/wp-content\/uploads\/2020\/03\/RTX74UO8-e1570785697567.jpg?fit=1600%2C899&ssl=1","width":1600,"height":899},{"@type":"BreadcrumbList","@id":"https:\/\/radio.ufpa.br\/index.php\/ufpa-pesquisa\/mudancas-climaticas\/#breadcrumb","itemListElement":[{"@type":"ListItem","position":1,"name":"In\u00edcio","item":"https:\/\/radio.ufpa.br\/"},{"@type":"ListItem","position":2,"name":"Mudan\u00e7as clim\u00e1ticas"}]},{"@type":"WebSite","@id":"https:\/\/radio.ufpa.br\/#website","url":"https:\/\/radio.ufpa.br\/","name":"Radio Web UFPA","description":"Divulgando o conhecimento","publisher":{"@id":"https:\/\/radio.ufpa.br\/#organization"},"potentialAction":[{"@type":"SearchAction","target":{"@type":"EntryPoint","urlTemplate":"https:\/\/radio.ufpa.br\/?s={search_term_string}"},"query-input":{"@type":"PropertyValueSpecification","valueRequired":true,"valueName":"search_term_string"}}],"inLanguage":"pt-BR"},{"@type":"Organization","@id":"https:\/\/radio.ufpa.br\/#organization","name":"UNIVERSIDADE FEDERAL DO PAR\u00c1-R\u00c1DIO WEB UFPA","url":"https:\/\/radio.ufpa.br\/","logo":{"@type":"ImageObject","inLanguage":"pt-BR","@id":"https:\/\/radio.ufpa.br\/#\/schema\/logo\/image\/","url":"https:\/\/i0.wp.com\/radio.ufpa.br\/wp-content\/uploads\/2025\/12\/images-removebg-preview.png?fit=417%2C121&ssl=1","contentUrl":"https:\/\/i0.wp.com\/radio.ufpa.br\/wp-content\/uploads\/2025\/12\/images-removebg-preview.png?fit=417%2C121&ssl=1","width":417,"height":121,"caption":"UNIVERSIDADE FEDERAL DO PAR\u00c1-R\u00c1DIO WEB UFPA"},"image":{"@id":"https:\/\/radio.ufpa.br\/#\/schema\/logo\/image\/"},"sameAs":["https:\/\/www.facebook.com\/radiowebufpa","https:\/\/x.com\/radiowebufpa","https:\/\/www.instagram.com\/radiowebufpa\/","https:\/\/www.youtube.com\/user\/RadioWebUFP4"]},{"@type":"Person","@id":"https:\/\/radio.ufpa.br\/#\/schema\/person\/f3f139516982741ca0831359933ac096","name":"Fabr\u00edcio Queiroz","image":{"@type":"ImageObject","inLanguage":"pt-BR","@id":"https:\/\/radio.ufpa.br\/#\/schema\/person\/image\/","url":"https:\/\/secure.gravatar.com\/avatar\/16286edb2cee888d704ce74385081b7f?s=96&d=mm&r=g","contentUrl":"https:\/\/secure.gravatar.com\/avatar\/16286edb2cee888d704ce74385081b7f?s=96&d=mm&r=g","caption":"Fabr\u00edcio Queiroz"},"description":"Editor e Jornalista respons\u00e1vel","url":"https:\/\/radio.ufpa.br\/index.php\/author\/fabricio\/"}]}},"jetpack_publicize_connections":[],"jetpack_featured_media_url":"https:\/\/i0.wp.com\/radio.ufpa.br\/wp-content\/uploads\/2020\/03\/RTX74UO8-e1570785697567.jpg?fit=1600%2C899&ssl=1","jetpack_shortlink":"https:\/\/wp.me\/p8TJeA-1W1","jetpack_likes_enabled":true,"jetpack-related-posts":[],"jetpack_sharing_enabled":true,"_links":{"self":[{"href":"https:\/\/radio.ufpa.br\/index.php\/wp-json\/wp\/v2\/posts\/7441","targetHints":{"allow":["GET"]}}],"collection":[{"href":"https:\/\/radio.ufpa.br\/index.php\/wp-json\/wp\/v2\/posts"}],"about":[{"href":"https:\/\/radio.ufpa.br\/index.php\/wp-json\/wp\/v2\/types\/post"}],"author":[{"embeddable":true,"href":"https:\/\/radio.ufpa.br\/index.php\/wp-json\/wp\/v2\/users\/2"}],"replies":[{"embeddable":true,"href":"https:\/\/radio.ufpa.br\/index.php\/wp-json\/wp\/v2\/comments?post=7441"}],"version-history":[{"count":4,"href":"https:\/\/radio.ufpa.br\/index.php\/wp-json\/wp\/v2\/posts\/7441\/revisions"}],"predecessor-version":[{"id":7447,"href":"https:\/\/radio.ufpa.br\/index.php\/wp-json\/wp\/v2\/posts\/7441\/revisions\/7447"}],"wp:featuredmedia":[{"embeddable":true,"href":"https:\/\/radio.ufpa.br\/index.php\/wp-json\/wp\/v2\/media\/7445"}],"wp:attachment":[{"href":"https:\/\/radio.ufpa.br\/index.php\/wp-json\/wp\/v2\/media?parent=7441"}],"wp:term":[{"taxonomy":"category","embeddable":true,"href":"https:\/\/radio.ufpa.br\/index.php\/wp-json\/wp\/v2\/categories?post=7441"},{"taxonomy":"post_tag","embeddable":true,"href":"https:\/\/radio.ufpa.br\/index.php\/wp-json\/wp\/v2\/tags?post=7441"}],"curies":[{"name":"wp","href":"https:\/\/api.w.org\/{rel}","templated":true}]}}