{"id":953,"date":"2015-05-26T12:05:28","date_gmt":"2015-05-26T15:05:28","guid":{"rendered":"http:\/\/radio.ufpa.br\/?p=953"},"modified":"2017-07-26T12:06:25","modified_gmt":"2017-07-26T15:06:25","slug":"prostituicao-trabalho-e-saude","status":"publish","type":"post","link":"https:\/\/radio.ufpa.br\/index.php\/universidade-multicampi\/prostituicao-trabalho-e-saude\/","title":{"rendered":"Prostitui\u00e7\u00e3o trabalho e sa\u00fade"},"content":{"rendered":"<!--[if lt IE 9]><script>document.createElement('audio');<\/script><![endif]-->\n\t<div class=\"wp-playlist wp-audio-playlist wp-playlist-light\">\n\t\t\t<div class=\"wp-playlist-current-item\"><\/div>\n\t\t<audio controls=\"controls\" preload=\"none\" width=\"1178\"\n\t\t\t><\/audio>\n\t<div class=\"wp-playlist-next\"><\/div>\n\t<div class=\"wp-playlist-prev\"><\/div>\n\t<noscript>\n\t<ol>\n\t\t<li><a href='https:\/\/radio.ufpa.br\/wp-content\/uploads\/2015\/01\/UNIVERSIDADE%20MULTICAMPI%20-%20PROSTITUI\u00c7\u00c3O,%20TRABALHO%20E%20SA\u00daDE.mp3'>Prostitui\u00e7\u00e3o trabalho e sa\u00fade<\/a><\/li>\t<\/ol>\n\t<\/noscript>\n\t<script type=\"application\/json\" class=\"wp-playlist-script\">{\"type\":\"audio\",\"tracklist\":true,\"tracknumbers\":true,\"images\":true,\"artists\":true,\"tracks\":[{\"src\":\"https:\\\/\\\/radio.ufpa.br\\\/wp-content\\\/uploads\\\/2015\\\/01\\\/UNIVERSIDADE MULTICAMPI - PROSTITUI\\u00c7\\u00c3O, TRABALHO E SA\\u00daDE.mp3\",\"type\":\"audio\\\/mpeg\",\"title\":\"Prostitui\\u00e7\\u00e3o trabalho e sa\\u00fade\",\"caption\":\"\",\"description\":\"\\\"UNIVERSIDADE MULTICAMPI - PROSTITUI\\u00c7\\u00c3O, TRABALHO E SA\\u00daDE\\\" from Universidade Multicampi by R\\u00e1dio Web UFPA. Lan\\u00e7ado: 2015.\",\"meta\":{\"artist\":\"R\\u00e1dio Web UFPA\",\"album\":\"Universidade Multicampi\",\"year\":\"2015\",\"length_formatted\":\"28:47\"},\"image\":{\"src\":\"https:\\\/\\\/i0.wp.com\\\/radio.ufpa.br\\\/wp-content\\\/uploads\\\/2017\\\/06\\\/multicampi.png?fit=300%2C300&ssl=1\",\"width\":300,\"height\":300},\"thumb\":{\"src\":\"https:\\\/\\\/i0.wp.com\\\/radio.ufpa.br\\\/wp-content\\\/uploads\\\/2017\\\/06\\\/multicampi.png?resize=150%2C150&ssl=1\",\"width\":150,\"height\":150}}]}<\/script>\n<\/div>\n\t\n","protected":false},"excerpt":{"rendered":"","protected":false},"author":2,"featured_media":0,"comment_status":"open","ping_status":"open","sticky":false,"template":"","format":"standard","meta":{"_acf_changed":false,"_exactmetrics_skip_tracking":false,"_exactmetrics_sitenote_active":false,"_exactmetrics_sitenote_note":"","_exactmetrics_sitenote_category":0,"_monsterinsights_skip_tracking":false,"_monsterinsights_sitenote_active":false,"_monsterinsights_sitenote_note":"","_monsterinsights_sitenote_category":0,"_uf_show_specific_survey":0,"_uf_disable_surveys":false,"jetpack_post_was_ever_published":false,"_jetpack_newsletter_access":"","_jetpack_dont_email_post_to_subs":false,"_jetpack_newsletter_tier_id":0,"_jetpack_memberships_contains_paywalled_content":false,"_jetpack_memberships_contains_paid_content":false,"footnotes":"","jetpack_publicize_message":"","jetpack_publicize_feature_enabled":true,"jetpack_social_post_already_shared":true,"jetpack_social_options":{"image_generator_settings":{"template":"highway","enabled":false},"version":2}},"categories":[38],"tags":[],"class_list":["post-953","post","type-post","status-publish","format-standard","hentry","category-universidade-multicampi"],"acf":[],"yoast_head":"<!-- This site is optimized with the Yoast SEO plugin v25.1 - https:\/\/yoast.com\/wordpress\/plugins\/seo\/ -->\n<title>Prostitui\u00e7\u00e3o trabalho e sa\u00fade - Radio Web UFPA<\/title>\n<meta name=\"robots\" content=\"index, follow, max-snippet:-1, max-image-preview:large, max-video-preview:-1\" \/>\n<link rel=\"canonical\" href=\"https:\/\/radio.ufpa.br\/index.php\/universidade-multicampi\/prostituicao-trabalho-e-saude\/\" \/>\n<meta property=\"og:locale\" content=\"pt_BR\" \/>\n<meta property=\"og:type\" content=\"article\" \/>\n<meta property=\"og:title\" content=\"Prostitui\u00e7\u00e3o trabalho e sa\u00fade - Radio Web UFPA\" \/>\n<meta property=\"og:url\" content=\"https:\/\/radio.ufpa.br\/index.php\/universidade-multicampi\/prostituicao-trabalho-e-saude\/\" \/>\n<meta property=\"og:site_name\" content=\"Radio Web UFPA\" \/>\n<meta property=\"article:publisher\" content=\"https:\/\/www.facebook.com\/radiowebufpa\" \/>\n<meta property=\"article:published_time\" content=\"2015-05-26T15:05:28+00:00\" \/>\n<meta property=\"article:modified_time\" content=\"2017-07-26T15:06:25+00:00\" \/>\n<meta property=\"og:image\" content=\"http:\/\/radio.ufpa.br\/wp-content\/uploads\/2020\/04\/radiowebufpa.jpg\" \/>\n<meta name=\"author\" content=\"Fabr\u00edcio Queiroz\" \/>\n<meta name=\"twitter:card\" content=\"summary_large_image\" \/>\n<meta name=\"twitter:creator\" content=\"@radiowebufpa\" \/>\n<meta name=\"twitter:site\" content=\"@radiowebufpa\" \/>\n<meta name=\"twitter:label1\" content=\"Escrito por\" \/>\n\t<meta name=\"twitter:data1\" content=\"Fabr\u00edcio Queiroz\" \/>\n<script type=\"application\/ld+json\" class=\"yoast-schema-graph\">{\"@context\":\"https:\/\/schema.org\",\"@graph\":[{\"@type\":\"Article\",\"@id\":\"https:\/\/radio.ufpa.br\/index.php\/universidade-multicampi\/prostituicao-trabalho-e-saude\/#article\",\"isPartOf\":{\"@id\":\"https:\/\/radio.ufpa.br\/index.php\/universidade-multicampi\/prostituicao-trabalho-e-saude\/\"},\"author\":{\"name\":\"Fabr\u00edcio Queiroz\",\"@id\":\"https:\/\/radio.ufpa.br\/#\/schema\/person\/f3f139516982741ca0831359933ac096\"},\"headline\":\"Prostitui\u00e7\u00e3o trabalho e sa\u00fade\",\"datePublished\":\"2015-05-26T15:05:28+00:00\",\"dateModified\":\"2017-07-26T15:06:25+00:00\",\"mainEntityOfPage\":{\"@id\":\"https:\/\/radio.ufpa.br\/index.php\/universidade-multicampi\/prostituicao-trabalho-e-saude\/\"},\"wordCount\":8,\"commentCount\":0,\"publisher\":{\"@id\":\"https:\/\/radio.ufpa.br\/#organization\"},\"articleSection\":[\"Universidade Multicampi\"],\"inLanguage\":\"pt-BR\",\"potentialAction\":[{\"@type\":\"CommentAction\",\"name\":\"Comment\",\"target\":[\"https:\/\/radio.ufpa.br\/index.php\/universidade-multicampi\/prostituicao-trabalho-e-saude\/#respond\"]}]},{\"@type\":\"WebPage\",\"@id\":\"https:\/\/radio.ufpa.br\/index.php\/universidade-multicampi\/prostituicao-trabalho-e-saude\/\",\"url\":\"https:\/\/radio.ufpa.br\/index.php\/universidade-multicampi\/prostituicao-trabalho-e-saude\/\",\"name\":\"Prostitui\u00e7\u00e3o trabalho e sa\u00fade - Radio Web UFPA\",\"isPartOf\":{\"@id\":\"https:\/\/radio.ufpa.br\/#website\"},\"datePublished\":\"2015-05-26T15:05:28+00:00\",\"dateModified\":\"2017-07-26T15:06:25+00:00\",\"breadcrumb\":{\"@id\":\"https:\/\/radio.ufpa.br\/index.php\/universidade-multicampi\/prostituicao-trabalho-e-saude\/#breadcrumb\"},\"inLanguage\":\"pt-BR\",\"potentialAction\":[{\"@type\":\"ReadAction\",\"target\":[\"https:\/\/radio.ufpa.br\/index.php\/universidade-multicampi\/prostituicao-trabalho-e-saude\/\"]}]},{\"@type\":\"BreadcrumbList\",\"@id\":\"https:\/\/radio.ufpa.br\/index.php\/universidade-multicampi\/prostituicao-trabalho-e-saude\/#breadcrumb\",\"itemListElement\":[{\"@type\":\"ListItem\",\"position\":1,\"name\":\"In\u00edcio\",\"item\":\"https:\/\/radio.ufpa.br\/\"},{\"@type\":\"ListItem\",\"position\":2,\"name\":\"Prostitui\u00e7\u00e3o trabalho e sa\u00fade\"}]},{\"@type\":\"WebSite\",\"@id\":\"https:\/\/radio.ufpa.br\/#website\",\"url\":\"https:\/\/radio.ufpa.br\/\",\"name\":\"Radio Web UFPA\",\"description\":\"Divulgando o conhecimento\",\"publisher\":{\"@id\":\"https:\/\/radio.ufpa.br\/#organization\"},\"potentialAction\":[{\"@type\":\"SearchAction\",\"target\":{\"@type\":\"EntryPoint\",\"urlTemplate\":\"https:\/\/radio.ufpa.br\/?s={search_term_string}\"},\"query-input\":{\"@type\":\"PropertyValueSpecification\",\"valueRequired\":true,\"valueName\":\"search_term_string\"}}],\"inLanguage\":\"pt-BR\"},{\"@type\":\"Organization\",\"@id\":\"https:\/\/radio.ufpa.br\/#organization\",\"name\":\"UNIVERSIDADE FEDERAL DO PAR\u00c1-R\u00c1DIO WEB UFPA\",\"url\":\"https:\/\/radio.ufpa.br\/\",\"logo\":{\"@type\":\"ImageObject\",\"inLanguage\":\"pt-BR\",\"@id\":\"https:\/\/radio.ufpa.br\/#\/schema\/logo\/image\/\",\"url\":\"https:\/\/i0.wp.com\/radio.ufpa.br\/wp-content\/uploads\/2025\/12\/images-removebg-preview.png?fit=417%2C121&ssl=1\",\"contentUrl\":\"https:\/\/i0.wp.com\/radio.ufpa.br\/wp-content\/uploads\/2025\/12\/images-removebg-preview.png?fit=417%2C121&ssl=1\",\"width\":417,\"height\":121,\"caption\":\"UNIVERSIDADE FEDERAL DO PAR\u00c1-R\u00c1DIO WEB UFPA\"},\"image\":{\"@id\":\"https:\/\/radio.ufpa.br\/#\/schema\/logo\/image\/\"},\"sameAs\":[\"https:\/\/www.facebook.com\/radiowebufpa\",\"https:\/\/x.com\/radiowebufpa\",\"https:\/\/www.instagram.com\/radiowebufpa\/\",\"https:\/\/www.youtube.com\/user\/RadioWebUFP4\"]},{\"@type\":\"Person\",\"@id\":\"https:\/\/radio.ufpa.br\/#\/schema\/person\/f3f139516982741ca0831359933ac096\",\"name\":\"Fabr\u00edcio Queiroz\",\"image\":{\"@type\":\"ImageObject\",\"inLanguage\":\"pt-BR\",\"@id\":\"https:\/\/radio.ufpa.br\/#\/schema\/person\/image\/\",\"url\":\"https:\/\/secure.gravatar.com\/avatar\/16286edb2cee888d704ce74385081b7f?s=96&d=mm&r=g\",\"contentUrl\":\"https:\/\/secure.gravatar.com\/avatar\/16286edb2cee888d704ce74385081b7f?s=96&d=mm&r=g\",\"caption\":\"Fabr\u00edcio Queiroz\"},\"description\":\"Editor e Jornalista respons\u00e1vel\",\"url\":\"https:\/\/radio.ufpa.br\/index.php\/author\/fabricio\/\"}]}<\/script>\n<!-- \/ Yoast SEO plugin. -->","yoast_head_json":{"title":"Prostitui\u00e7\u00e3o trabalho e sa\u00fade - Radio Web UFPA","robots":{"index":"index","follow":"follow","max-snippet":"max-snippet:-1","max-image-preview":"max-image-preview:large","max-video-preview":"max-video-preview:-1"},"canonical":"https:\/\/radio.ufpa.br\/index.php\/universidade-multicampi\/prostituicao-trabalho-e-saude\/","og_locale":"pt_BR","og_type":"article","og_title":"Prostitui\u00e7\u00e3o trabalho e sa\u00fade - Radio Web UFPA","og_url":"https:\/\/radio.ufpa.br\/index.php\/universidade-multicampi\/prostituicao-trabalho-e-saude\/","og_site_name":"Radio Web UFPA","article_publisher":"https:\/\/www.facebook.com\/radiowebufpa","article_published_time":"2015-05-26T15:05:28+00:00","article_modified_time":"2017-07-26T15:06:25+00:00","og_image":[{"url":"http:\/\/radio.ufpa.br\/wp-content\/uploads\/2020\/04\/radiowebufpa.jpg","type":"","width":"","height":""}],"author":"Fabr\u00edcio Queiroz","twitter_card":"summary_large_image","twitter_creator":"@radiowebufpa","twitter_site":"@radiowebufpa","twitter_misc":{"Escrito por":"Fabr\u00edcio Queiroz"},"schema":{"@context":"https:\/\/schema.org","@graph":[{"@type":"Article","@id":"https:\/\/radio.ufpa.br\/index.php\/universidade-multicampi\/prostituicao-trabalho-e-saude\/#article","isPartOf":{"@id":"https:\/\/radio.ufpa.br\/index.php\/universidade-multicampi\/prostituicao-trabalho-e-saude\/"},"author":{"name":"Fabr\u00edcio Queiroz","@id":"https:\/\/radio.ufpa.br\/#\/schema\/person\/f3f139516982741ca0831359933ac096"},"headline":"Prostitui\u00e7\u00e3o trabalho e sa\u00fade","datePublished":"2015-05-26T15:05:28+00:00","dateModified":"2017-07-26T15:06:25+00:00","mainEntityOfPage":{"@id":"https:\/\/radio.ufpa.br\/index.php\/universidade-multicampi\/prostituicao-trabalho-e-saude\/"},"wordCount":8,"commentCount":0,"publisher":{"@id":"https:\/\/radio.ufpa.br\/#organization"},"articleSection":["Universidade Multicampi"],"inLanguage":"pt-BR","potentialAction":[{"@type":"CommentAction","name":"Comment","target":["https:\/\/radio.ufpa.br\/index.php\/universidade-multicampi\/prostituicao-trabalho-e-saude\/#respond"]}]},{"@type":"WebPage","@id":"https:\/\/radio.ufpa.br\/index.php\/universidade-multicampi\/prostituicao-trabalho-e-saude\/","url":"https:\/\/radio.ufpa.br\/index.php\/universidade-multicampi\/prostituicao-trabalho-e-saude\/","name":"Prostitui\u00e7\u00e3o trabalho e sa\u00fade - Radio Web UFPA","isPartOf":{"@id":"https:\/\/radio.ufpa.br\/#website"},"datePublished":"2015-05-26T15:05:28+00:00","dateModified":"2017-07-26T15:06:25+00:00","breadcrumb":{"@id":"https:\/\/radio.ufpa.br\/index.php\/universidade-multicampi\/prostituicao-trabalho-e-saude\/#breadcrumb"},"inLanguage":"pt-BR","potentialAction":[{"@type":"ReadAction","target":["https:\/\/radio.ufpa.br\/index.php\/universidade-multicampi\/prostituicao-trabalho-e-saude\/"]}]},{"@type":"BreadcrumbList","@id":"https:\/\/radio.ufpa.br\/index.php\/universidade-multicampi\/prostituicao-trabalho-e-saude\/#breadcrumb","itemListElement":[{"@type":"ListItem","position":1,"name":"In\u00edcio","item":"https:\/\/radio.ufpa.br\/"},{"@type":"ListItem","position":2,"name":"Prostitui\u00e7\u00e3o trabalho e sa\u00fade"}]},{"@type":"WebSite","@id":"https:\/\/radio.ufpa.br\/#website","url":"https:\/\/radio.ufpa.br\/","name":"Radio Web UFPA","description":"Divulgando o conhecimento","publisher":{"@id":"https:\/\/radio.ufpa.br\/#organization"},"potentialAction":[{"@type":"SearchAction","target":{"@type":"EntryPoint","urlTemplate":"https:\/\/radio.ufpa.br\/?s={search_term_string}"},"query-input":{"@type":"PropertyValueSpecification","valueRequired":true,"valueName":"search_term_string"}}],"inLanguage":"pt-BR"},{"@type":"Organization","@id":"https:\/\/radio.ufpa.br\/#organization","name":"UNIVERSIDADE FEDERAL DO PAR\u00c1-R\u00c1DIO WEB UFPA","url":"https:\/\/radio.ufpa.br\/","logo":{"@type":"ImageObject","inLanguage":"pt-BR","@id":"https:\/\/radio.ufpa.br\/#\/schema\/logo\/image\/","url":"https:\/\/i0.wp.com\/radio.ufpa.br\/wp-content\/uploads\/2025\/12\/images-removebg-preview.png?fit=417%2C121&ssl=1","contentUrl":"https:\/\/i0.wp.com\/radio.ufpa.br\/wp-content\/uploads\/2025\/12\/images-removebg-preview.png?fit=417%2C121&ssl=1","width":417,"height":121,"caption":"UNIVERSIDADE FEDERAL DO PAR\u00c1-R\u00c1DIO WEB UFPA"},"image":{"@id":"https:\/\/radio.ufpa.br\/#\/schema\/logo\/image\/"},"sameAs":["https:\/\/www.facebook.com\/radiowebufpa","https:\/\/x.com\/radiowebufpa","https:\/\/www.instagram.com\/radiowebufpa\/","https:\/\/www.youtube.com\/user\/RadioWebUFP4"]},{"@type":"Person","@id":"https:\/\/radio.ufpa.br\/#\/schema\/person\/f3f139516982741ca0831359933ac096","name":"Fabr\u00edcio Queiroz","image":{"@type":"ImageObject","inLanguage":"pt-BR","@id":"https:\/\/radio.ufpa.br\/#\/schema\/person\/image\/","url":"https:\/\/secure.gravatar.com\/avatar\/16286edb2cee888d704ce74385081b7f?s=96&d=mm&r=g","contentUrl":"https:\/\/secure.gravatar.com\/avatar\/16286edb2cee888d704ce74385081b7f?s=96&d=mm&r=g","caption":"Fabr\u00edcio Queiroz"},"description":"Editor e Jornalista respons\u00e1vel","url":"https:\/\/radio.ufpa.br\/index.php\/author\/fabricio\/"}]}},"jetpack_publicize_connections":[],"jetpack_featured_media_url":"","jetpack_shortlink":"https:\/\/wp.me\/p8TJeA-fn","jetpack_likes_enabled":true,"jetpack-related-posts":[],"jetpack_sharing_enabled":true,"_links":{"self":[{"href":"https:\/\/radio.ufpa.br\/index.php\/wp-json\/wp\/v2\/posts\/953","targetHints":{"allow":["GET"]}}],"collection":[{"href":"https:\/\/radio.ufpa.br\/index.php\/wp-json\/wp\/v2\/posts"}],"about":[{"href":"https:\/\/radio.ufpa.br\/index.php\/wp-json\/wp\/v2\/types\/post"}],"author":[{"embeddable":true,"href":"https:\/\/radio.ufpa.br\/index.php\/wp-json\/wp\/v2\/users\/2"}],"replies":[{"embeddable":true,"href":"https:\/\/radio.ufpa.br\/index.php\/wp-json\/wp\/v2\/comments?post=953"}],"version-history":[{"count":2,"href":"https:\/\/radio.ufpa.br\/index.php\/wp-json\/wp\/v2\/posts\/953\/revisions"}],"predecessor-version":[{"id":955,"href":"https:\/\/radio.ufpa.br\/index.php\/wp-json\/wp\/v2\/posts\/953\/revisions\/955"}],"wp:attachment":[{"href":"https:\/\/radio.ufpa.br\/index.php\/wp-json\/wp\/v2\/media?parent=953"}],"wp:term":[{"taxonomy":"category","embeddable":true,"href":"https:\/\/radio.ufpa.br\/index.php\/wp-json\/wp\/v2\/categories?post=953"},{"taxonomy":"post_tag","embeddable":true,"href":"https:\/\/radio.ufpa.br\/index.php\/wp-json\/wp\/v2\/tags?post=953"}],"curies":[{"name":"wp","href":"https:\/\/api.w.org\/{rel}","templated":true}]}}